{"id":83114,"date":"2022-01-26T18:30:17","date_gmt":"2022-01-26T17:30:17","guid":{"rendered":"https:\/\/www.copealcoy.es\/?p=83114"},"modified":"2022-01-26T19:09:28","modified_gmt":"2022-01-26T18:09:28","slug":"el-pp-denuncia-que-conselleria-no-autorizo-las-obras-de-varias-calles-del-centro","status":"publish","type":"post","link":"https:\/\/www.copealcoy.es\/es\/el-pp-denuncia-que-conselleria-no-autorizo-las-obras-de-varias-calles-del-centro\/","title":{"rendered":"El PP denuncia que Conselleria no autoriz\u00f3 las obras de varias calles del Centro"},"content":{"rendered":"<p style=\"text-align: justify;\">El Partido Popular de Alcoy ha puesto sobre la mesa que el Gobierno Municipal del PSOE ha actuado de manera ilegal a la hora de ejecutar las obras para mejorar la Plaza Ram\u00f3n y Cajal, la Placeta de La Creu Roja y la calle Sant Francesc as\u00ed como v\u00edas cercanas. Desde el PP recuerdan que el hecho de que el Centro sea BIC implica que cualquier obra que se realice en el mismo tiene que adecuarse a la Ley de Patrimonio as\u00ed como contar con el oportuno permiso de la Conselleria de Cultura.<\/p>\n<p style=\"text-align: justify;\">Los populares destacan que, tras las consultas realizadas por su Grupo Municipal, pudieron constatar que Cultura no ten\u00eda ninguna documentaci\u00f3n sobre el proyecto alcoyano y se\u00f1alan que tras ello el organismo auton\u00f3mico requiri\u00f3 al Consistorio todos los detalles del mismo sin obtener respuesta alguna. Adem\u00e1s afirman que el Ejecutivo de Franc\u00e9s solo ha justificado que las obras pod\u00edan desarrollarse con un informe de la arque\u00f3loga municipal que tan solo dec\u00eda que no hab\u00eda trascendencia alguna arqueol\u00f3gica en el proyecto &#8220;el Gobierno est\u00e1 dando una imagen horrible ante todos los propietarios y vecinos que, a la hora de hacer alguna actuaci\u00f3n en el Centro, si que tienen que pedir todo este tipo de autorizaciones. Lamentamos que con estas acciones el Ayuntamiento est\u00e9 arrasando la zona sin garantizar su m\u00e1xima preservaci\u00f3n y conservaci\u00f3n&#8221;, ha afirmado el portavoz popular: Quique Ruiz.<\/p>\n<p style=\"text-align: justify;\">El Partido Popular de Alcoy ha pedido al Partido Socialista explicaciones por esta cuesti\u00f3n y ha instado al Gobierno a presentar todo lo que le ha requerido Cultura. Por \u00faltimo el principal partido de la oposici\u00f3n advierte que si la informaci\u00f3n que presente el Consistorio no se ajusta a la legislaci\u00f3n, en cumplimiento de la misma, se tendr\u00eda que volver al estado original los puntos del Centro en los que se ha intervenido.<\/p>\n","protected":false},"excerpt":{"rendered":"<p>El Partido Popular de Alcoy ha puesto sobre la mesa que el Gobierno Municipal del PSOE ha actuado de manera&#8230;<\/p>\n","protected":false},"author":1,"featured_media":83115,"comment_status":"open","ping_status":"open","sticky":false,"template":"","format":"standard","meta":{"footnotes":""},"categories":[97,75,79],"tags":[3954,1295,295,561,1461,145,448],"class_list":["post-83114","post","type-post","status-publish","format-standard","has-post-thumbnail","hentry","category-alcoy","category-noticias","category-politicayeconomia","tag-autorizacion","tag-calles","tag-centro","tag-conselleria","tag-denuncia","tag-obras","tag-partido-popular"],"yoast_head":"<!-- This site is optimized with the Yoast SEO plugin v27.3 - https:\/\/yoast.com\/product\/yoast-seo-wordpress\/ -->\n<title>El PP denuncia que Conselleria no autoriz\u00f3 las obras de varias calles del Centro - COPE Alcoy<\/title>\n<meta name=\"robots\" content=\"index, follow, max-snippet:-1, max-image-preview:large, max-video-preview:-1\" \/>\n<link rel=\"canonical\" href=\"https:\/\/www.copealcoy.es\/es\/el-pp-denuncia-que-conselleria-no-autorizo-las-obras-de-varias-calles-del-centro\/\" \/>\n<meta property=\"og:locale\" content=\"es_ES\" \/>\n<meta property=\"og:type\" content=\"article\" \/>\n<meta property=\"og:title\" content=\"El PP denuncia que Conselleria no autoriz\u00f3 las obras de varias calles del Centro - COPE Alcoy\" \/>\n<meta property=\"og:description\" content=\"El Partido Popular de Alcoy ha puesto sobre la mesa que el Gobierno Municipal del PSOE ha actuado de manera...\" \/>\n<meta property=\"og:url\" content=\"https:\/\/www.copealcoy.es\/es\/el-pp-denuncia-que-conselleria-no-autorizo-las-obras-de-varias-calles-del-centro\/\" \/>\n<meta property=\"og:site_name\" content=\"COPE Alcoy\" \/>\n<meta property=\"article:published_time\" content=\"2022-01-26T17:30:17+00:00\" \/>\n<meta property=\"article:modified_time\" content=\"2022-01-26T18:09:28+00:00\" \/>\n<meta property=\"og:image\" content=\"https:\/\/www.copealcoy.es\/wp-content\/uploads\/2022\/01\/unnamed-22-scaled.jpg\" \/>\n\t<meta property=\"og:image:width\" content=\"2560\" \/>\n\t<meta property=\"og:image:height\" content=\"1920\" \/>\n\t<meta property=\"og:image:type\" content=\"image\/jpeg\" \/>\n<meta name=\"author\" content=\"Cope Alcoy\" \/>\n<meta name=\"twitter:label1\" content=\"Escrito por\" \/>\n\t<meta name=\"twitter:data1\" content=\"Cope Alcoy\" \/>\n\t<meta name=\"twitter:label2\" content=\"Tiempo de lectura\" \/>\n\t<meta name=\"twitter:data2\" content=\"2 minutos\" \/>\n<script type=\"application\/ld+json\" class=\"yoast-schema-graph\">{\"@context\":\"https:\\\/\\\/schema.org\",\"@graph\":[{\"@type\":\"Article\",\"@id\":\"https:\\\/\\\/www.copealcoy.es\\\/es\\\/el-pp-denuncia-que-conselleria-no-autorizo-las-obras-de-varias-calles-del-centro\\\/#article\",\"isPartOf\":{\"@id\":\"https:\\\/\\\/www.copealcoy.es\\\/es\\\/el-pp-denuncia-que-conselleria-no-autorizo-las-obras-de-varias-calles-del-centro\\\/\"},\"author\":{\"name\":\"Cope Alcoy\",\"@id\":\"https:\\\/\\\/www.copealcoy.es\\\/es\\\/#\\\/schema\\\/person\\\/e777c87fa024e57d40170af9df39882c\"},\"headline\":\"El PP denuncia que Conselleria no autoriz\u00f3 las obras de varias calles del Centro\",\"datePublished\":\"2022-01-26T17:30:17+00:00\",\"dateModified\":\"2022-01-26T18:09:28+00:00\",\"mainEntityOfPage\":{\"@id\":\"https:\\\/\\\/www.copealcoy.es\\\/es\\\/el-pp-denuncia-que-conselleria-no-autorizo-las-obras-de-varias-calles-del-centro\\\/\"},\"wordCount\":340,\"commentCount\":0,\"image\":{\"@id\":\"https:\\\/\\\/www.copealcoy.es\\\/es\\\/el-pp-denuncia-que-conselleria-no-autorizo-las-obras-de-varias-calles-del-centro\\\/#primaryimage\"},\"thumbnailUrl\":\"https:\\\/\\\/www.copealcoy.es\\\/wp-content\\\/uploads\\\/2022\\\/01\\\/unnamed-22-scaled.jpg\",\"keywords\":[\"autorizaci\u00f3n\",\"calles\",\"Centro\",\"Conseller\u00eda\",\"Denuncia\",\"Obras\",\"Partido Popular\"],\"articleSection\":[\"Alcoy\",\"Noticias\",\"Pol\u00edtica y Econom\u00eda\"],\"inLanguage\":\"es\"},{\"@type\":\"WebPage\",\"@id\":\"https:\\\/\\\/www.copealcoy.es\\\/es\\\/el-pp-denuncia-que-conselleria-no-autorizo-las-obras-de-varias-calles-del-centro\\\/\",\"url\":\"https:\\\/\\\/www.copealcoy.es\\\/es\\\/el-pp-denuncia-que-conselleria-no-autorizo-las-obras-de-varias-calles-del-centro\\\/\",\"name\":\"El PP denuncia que Conselleria no autoriz\u00f3 las obras de varias calles del Centro - COPE Alcoy\",\"isPartOf\":{\"@id\":\"https:\\\/\\\/www.copealcoy.es\\\/es\\\/#website\"},\"primaryImageOfPage\":{\"@id\":\"https:\\\/\\\/www.copealcoy.es\\\/es\\\/el-pp-denuncia-que-conselleria-no-autorizo-las-obras-de-varias-calles-del-centro\\\/#primaryimage\"},\"image\":{\"@id\":\"https:\\\/\\\/www.copealcoy.es\\\/es\\\/el-pp-denuncia-que-conselleria-no-autorizo-las-obras-de-varias-calles-del-centro\\\/#primaryimage\"},\"thumbnailUrl\":\"https:\\\/\\\/www.copealcoy.es\\\/wp-content\\\/uploads\\\/2022\\\/01\\\/unnamed-22-scaled.jpg\",\"datePublished\":\"2022-01-26T17:30:17+00:00\",\"dateModified\":\"2022-01-26T18:09:28+00:00\",\"author\":{\"@id\":\"https:\\\/\\\/www.copealcoy.es\\\/es\\\/#\\\/schema\\\/person\\\/e777c87fa024e57d40170af9df39882c\"},\"breadcrumb\":{\"@id\":\"https:\\\/\\\/www.copealcoy.es\\\/es\\\/el-pp-denuncia-que-conselleria-no-autorizo-las-obras-de-varias-calles-del-centro\\\/#breadcrumb\"},\"inLanguage\":\"es\",\"potentialAction\":[{\"@type\":\"ReadAction\",\"target\":[\"https:\\\/\\\/www.copealcoy.es\\\/es\\\/el-pp-denuncia-que-conselleria-no-autorizo-las-obras-de-varias-calles-del-centro\\\/\"]}]},{\"@type\":\"ImageObject\",\"inLanguage\":\"es\",\"@id\":\"https:\\\/\\\/www.copealcoy.es\\\/es\\\/el-pp-denuncia-que-conselleria-no-autorizo-las-obras-de-varias-calles-del-centro\\\/#primaryimage\",\"url\":\"https:\\\/\\\/www.copealcoy.es\\\/wp-content\\\/uploads\\\/2022\\\/01\\\/unnamed-22-scaled.jpg\",\"contentUrl\":\"https:\\\/\\\/www.copealcoy.es\\\/wp-content\\\/uploads\\\/2022\\\/01\\\/unnamed-22-scaled.jpg\",\"width\":2560,\"height\":1920},{\"@type\":\"BreadcrumbList\",\"@id\":\"https:\\\/\\\/www.copealcoy.es\\\/es\\\/el-pp-denuncia-que-conselleria-no-autorizo-las-obras-de-varias-calles-del-centro\\\/#breadcrumb\",\"itemListElement\":[{\"@type\":\"ListItem\",\"position\":1,\"name\":\"Portada\",\"item\":\"https:\\\/\\\/www.copealcoy.es\\\/es\\\/\"},{\"@type\":\"ListItem\",\"position\":2,\"name\":\"El PP denuncia que Conselleria no autoriz\u00f3 las obras de varias calles del Centro\"}]},{\"@type\":\"WebSite\",\"@id\":\"https:\\\/\\\/www.copealcoy.es\\\/es\\\/#website\",\"url\":\"https:\\\/\\\/www.copealcoy.es\\\/es\\\/\",\"name\":\"COPE Alcoy\",\"description\":\"Emisora COPE de radio local con emisi\u00f3n online. Pont de Sant Jordi 8-10 03803 Alcoy\",\"potentialAction\":[{\"@type\":\"SearchAction\",\"target\":{\"@type\":\"EntryPoint\",\"urlTemplate\":\"https:\\\/\\\/www.copealcoy.es\\\/es\\\/?s={search_term_string}\"},\"query-input\":{\"@type\":\"PropertyValueSpecification\",\"valueRequired\":true,\"valueName\":\"search_term_string\"}}],\"inLanguage\":\"es\"},{\"@type\":\"Person\",\"@id\":\"https:\\\/\\\/www.copealcoy.es\\\/es\\\/#\\\/schema\\\/person\\\/e777c87fa024e57d40170af9df39882c\",\"name\":\"Cope Alcoy\",\"image\":{\"@type\":\"ImageObject\",\"inLanguage\":\"es\",\"@id\":\"https:\\\/\\\/secure.gravatar.com\\\/avatar\\\/bb65d0283347e303893ba14f0692005417c1e0e690a325a4c5d8bb2b3943ee14?s=96&d=mm&r=g\",\"url\":\"https:\\\/\\\/secure.gravatar.com\\\/avatar\\\/bb65d0283347e303893ba14f0692005417c1e0e690a325a4c5d8bb2b3943ee14?s=96&d=mm&r=g\",\"contentUrl\":\"https:\\\/\\\/secure.gravatar.com\\\/avatar\\\/bb65d0283347e303893ba14f0692005417c1e0e690a325a4c5d8bb2b3943ee14?s=96&d=mm&r=g\",\"caption\":\"Cope Alcoy\"}}]}<\/script>\n<!-- \/ Yoast SEO plugin. -->","yoast_head_json":{"title":"El PP denuncia que Conselleria no autoriz\u00f3 las obras de varias calles del Centro - COPE Alcoy","robots":{"index":"index","follow":"follow","max-snippet":"max-snippet:-1","max-image-preview":"max-image-preview:large","max-video-preview":"max-video-preview:-1"},"canonical":"https:\/\/www.copealcoy.es\/es\/el-pp-denuncia-que-conselleria-no-autorizo-las-obras-de-varias-calles-del-centro\/","og_locale":"es_ES","og_type":"article","og_title":"El PP denuncia que Conselleria no autoriz\u00f3 las obras de varias calles del Centro - COPE Alcoy","og_description":"El Partido Popular de Alcoy ha puesto sobre la mesa que el Gobierno Municipal del PSOE ha actuado de manera...","og_url":"https:\/\/www.copealcoy.es\/es\/el-pp-denuncia-que-conselleria-no-autorizo-las-obras-de-varias-calles-del-centro\/","og_site_name":"COPE Alcoy","article_published_time":"2022-01-26T17:30:17+00:00","article_modified_time":"2022-01-26T18:09:28+00:00","og_image":[{"width":2560,"height":1920,"url":"https:\/\/www.copealcoy.es\/wp-content\/uploads\/2022\/01\/unnamed-22-scaled.jpg","type":"image\/jpeg"}],"author":"Cope Alcoy","twitter_misc":{"Escrito por":"Cope Alcoy","Tiempo de lectura":"2 minutos"},"schema":{"@context":"https:\/\/schema.org","@graph":[{"@type":"Article","@id":"https:\/\/www.copealcoy.es\/es\/el-pp-denuncia-que-conselleria-no-autorizo-las-obras-de-varias-calles-del-centro\/#article","isPartOf":{"@id":"https:\/\/www.copealcoy.es\/es\/el-pp-denuncia-que-conselleria-no-autorizo-las-obras-de-varias-calles-del-centro\/"},"author":{"name":"Cope Alcoy","@id":"https:\/\/www.copealcoy.es\/es\/#\/schema\/person\/e777c87fa024e57d40170af9df39882c"},"headline":"El PP denuncia que Conselleria no autoriz\u00f3 las obras de varias calles del Centro","datePublished":"2022-01-26T17:30:17+00:00","dateModified":"2022-01-26T18:09:28+00:00","mainEntityOfPage":{"@id":"https:\/\/www.copealcoy.es\/es\/el-pp-denuncia-que-conselleria-no-autorizo-las-obras-de-varias-calles-del-centro\/"},"wordCount":340,"commentCount":0,"image":{"@id":"https:\/\/www.copealcoy.es\/es\/el-pp-denuncia-que-conselleria-no-autorizo-las-obras-de-varias-calles-del-centro\/#primaryimage"},"thumbnailUrl":"https:\/\/www.copealcoy.es\/wp-content\/uploads\/2022\/01\/unnamed-22-scaled.jpg","keywords":["autorizaci\u00f3n","calles","Centro","Conseller\u00eda","Denuncia","Obras","Partido Popular"],"articleSection":["Alcoy","Noticias","Pol\u00edtica y Econom\u00eda"],"inLanguage":"es"},{"@type":"WebPage","@id":"https:\/\/www.copealcoy.es\/es\/el-pp-denuncia-que-conselleria-no-autorizo-las-obras-de-varias-calles-del-centro\/","url":"https:\/\/www.copealcoy.es\/es\/el-pp-denuncia-que-conselleria-no-autorizo-las-obras-de-varias-calles-del-centro\/","name":"El PP denuncia que Conselleria no autoriz\u00f3 las obras de varias calles del Centro - COPE Alcoy","isPartOf":{"@id":"https:\/\/www.copealcoy.es\/es\/#website"},"primaryImageOfPage":{"@id":"https:\/\/www.copealcoy.es\/es\/el-pp-denuncia-que-conselleria-no-autorizo-las-obras-de-varias-calles-del-centro\/#primaryimage"},"image":{"@id":"https:\/\/www.copealcoy.es\/es\/el-pp-denuncia-que-conselleria-no-autorizo-las-obras-de-varias-calles-del-centro\/#primaryimage"},"thumbnailUrl":"https:\/\/www.copealcoy.es\/wp-content\/uploads\/2022\/01\/unnamed-22-scaled.jpg","datePublished":"2022-01-26T17:30:17+00:00","dateModified":"2022-01-26T18:09:28+00:00","author":{"@id":"https:\/\/www.copealcoy.es\/es\/#\/schema\/person\/e777c87fa024e57d40170af9df39882c"},"breadcrumb":{"@id":"https:\/\/www.copealcoy.es\/es\/el-pp-denuncia-que-conselleria-no-autorizo-las-obras-de-varias-calles-del-centro\/#breadcrumb"},"inLanguage":"es","potentialAction":[{"@type":"ReadAction","target":["https:\/\/www.copealcoy.es\/es\/el-pp-denuncia-que-conselleria-no-autorizo-las-obras-de-varias-calles-del-centro\/"]}]},{"@type":"ImageObject","inLanguage":"es","@id":"https:\/\/www.copealcoy.es\/es\/el-pp-denuncia-que-conselleria-no-autorizo-las-obras-de-varias-calles-del-centro\/#primaryimage","url":"https:\/\/www.copealcoy.es\/wp-content\/uploads\/2022\/01\/unnamed-22-scaled.jpg","contentUrl":"https:\/\/www.copealcoy.es\/wp-content\/uploads\/2022\/01\/unnamed-22-scaled.jpg","width":2560,"height":1920},{"@type":"BreadcrumbList","@id":"https:\/\/www.copealcoy.es\/es\/el-pp-denuncia-que-conselleria-no-autorizo-las-obras-de-varias-calles-del-centro\/#breadcrumb","itemListElement":[{"@type":"ListItem","position":1,"name":"Portada","item":"https:\/\/www.copealcoy.es\/es\/"},{"@type":"ListItem","position":2,"name":"El PP denuncia que Conselleria no autoriz\u00f3 las obras de varias calles del Centro"}]},{"@type":"WebSite","@id":"https:\/\/www.copealcoy.es\/es\/#website","url":"https:\/\/www.copealcoy.es\/es\/","name":"COPE Alcoy","description":"Emisora COPE de radio local con emisi\u00f3n online. Pont de Sant Jordi 8-10 03803 Alcoy","potentialAction":[{"@type":"SearchAction","target":{"@type":"EntryPoint","urlTemplate":"https:\/\/www.copealcoy.es\/es\/?s={search_term_string}"},"query-input":{"@type":"PropertyValueSpecification","valueRequired":true,"valueName":"search_term_string"}}],"inLanguage":"es"},{"@type":"Person","@id":"https:\/\/www.copealcoy.es\/es\/#\/schema\/person\/e777c87fa024e57d40170af9df39882c","name":"Cope Alcoy","image":{"@type":"ImageObject","inLanguage":"es","@id":"https:\/\/secure.gravatar.com\/avatar\/bb65d0283347e303893ba14f0692005417c1e0e690a325a4c5d8bb2b3943ee14?s=96&d=mm&r=g","url":"https:\/\/secure.gravatar.com\/avatar\/bb65d0283347e303893ba14f0692005417c1e0e690a325a4c5d8bb2b3943ee14?s=96&d=mm&r=g","contentUrl":"https:\/\/secure.gravatar.com\/avatar\/bb65d0283347e303893ba14f0692005417c1e0e690a325a4c5d8bb2b3943ee14?s=96&d=mm&r=g","caption":"Cope Alcoy"}}]}},"_links":{"self":[{"href":"https:\/\/www.copealcoy.es\/es\/wp-json\/wp\/v2\/posts\/83114","targetHints":{"allow":["GET"]}}],"collection":[{"href":"https:\/\/www.copealcoy.es\/es\/wp-json\/wp\/v2\/posts"}],"about":[{"href":"https:\/\/www.copealcoy.es\/es\/wp-json\/wp\/v2\/types\/post"}],"author":[{"embeddable":true,"href":"https:\/\/www.copealcoy.es\/es\/wp-json\/wp\/v2\/users\/1"}],"replies":[{"embeddable":true,"href":"https:\/\/www.copealcoy.es\/es\/wp-json\/wp\/v2\/comments?post=83114"}],"version-history":[{"count":0,"href":"https:\/\/www.copealcoy.es\/es\/wp-json\/wp\/v2\/posts\/83114\/revisions"}],"wp:featuredmedia":[{"embeddable":true,"href":"https:\/\/www.copealcoy.es\/es\/wp-json\/wp\/v2\/media\/83115"}],"wp:attachment":[{"href":"https:\/\/www.copealcoy.es\/es\/wp-json\/wp\/v2\/media?parent=83114"}],"wp:term":[{"taxonomy":"category","embeddable":true,"href":"https:\/\/www.copealcoy.es\/es\/wp-json\/wp\/v2\/categories?post=83114"},{"taxonomy":"post_tag","embeddable":true,"href":"https:\/\/www.copealcoy.es\/es\/wp-json\/wp\/v2\/tags?post=83114"}],"curies":[{"name":"wp","href":"https:\/\/api.w.org\/{rel}","templated":true}]}}