{"id":83080,"date":"2022-01-26T11:46:08","date_gmt":"2022-01-26T10:46:08","guid":{"rendered":"https:\/\/www.copealcoy.es\/?p=83080"},"modified":"2022-01-26T11:52:46","modified_gmt":"2022-01-26T10:52:46","slug":"cual-es-la-mejor-mascarilla-para-hacer-frente-a-omicron","status":"publish","type":"post","link":"https:\/\/www.copealcoy.es\/es\/cual-es-la-mejor-mascarilla-para-hacer-frente-a-omicron\/","title":{"rendered":"\u00bfCu\u00e1l es la mejor mascarilla para hacer frente a \u00f3micron?"},"content":{"rendered":"<p style=\"text-align: justify;\">Las mascarillas <strong>es una de las mejores formas de protegernos a nosotros mismos<\/strong> (y a los dem\u00e1s) contra la Covid-19. Sin embargo, con la aparici\u00f3n de la<strong>\u00a0variante \u00f3micron,<\/strong>\u00a0algunos investigadores aconsejan <strong>utilizar un tipo determinado de mascarillas<\/strong> ante su elevada transmisibilidad.<\/p>\n<p style=\"text-align: justify;\">El doctor Jeremy Biggs de <strong><span style=\"color: #0000ff;\">la\u00a0Universidad de Salud de Utah<\/span><\/strong>\u00a0recoge en su \u00faltima investigaci\u00f3n que las mascarillas de tela, por ejemplo, protegen aunque no lo suficiente. De hecho, aconseja el uso de la mascarilla quir\u00fargica de tres capas y aquellas que tienen mayor nivel de filtraci\u00f3n para luchar contra esta variante.\u00a0<strong>Suelen ser un poco m\u00e1s ajustadas que una mascarilla quir\u00fargica y el material tambi\u00e9n filtra una mayor cantidad de part\u00edculas,\u00a0<\/strong>lo que provoca que se filtre mejor el aire que pasa a trav\u00e9s del material y no alrededor de la mascarilla.<\/p>\n<p style=\"text-align: justify;\">Los <strong>Centros para el Control y la Prevenci\u00f3n de Enfermedades (CDC) de Estados Unidos<\/strong> han actualizado recientemente sus indicaciones con respecto al uso de las mascarillas para que confieran un mayor grado de protecci\u00f3n.<em>&#8220;Las mascarillas de tela confieren una menor protecci\u00f3n. y las de tejido fino en capas dan m\u00e1s protecci\u00f3n&#8221;<\/em><\/p>\n<p style=\"text-align: justify;\">Adem\u00e1s, han pedido que la ciudadan\u00eda <strong>elija mascarillas<\/strong> que\u00a0<em>&#8220;tengan dos o m\u00e1s capas de tela lavable y respirable, le cubran totalmente la nariz, la boca y el ment\u00f3n y se ajusten con precisi\u00f3n a los lados de la cara, sin huecos&#8221;.<\/em> Del mismo modo, no aconsejan aquellas que &#8220;<em>est\u00e1n hechas de una tela que dificulta la respiraci\u00f3n, como vinilo. Tengan v\u00e1lvulas de exhalaci\u00f3n y ventilaci\u00f3n que permitan el paso de part\u00edculas del virus<\/em>&#8220;, puede leerse en su\u00a0<strong><span style=\"color: #0000ff;\"><a style=\"color: #0000ff;\" href=\"https:\/\/espanol.cdc.gov\/coronavirus\/2019-ncov\/prevent-getting-sick\/about-face-coverings.html\">web oficial<\/a>.<\/span><\/strong><\/p>\n<p style=\"text-align: justify;\">Xavier Querol, profesor de Investigaci\u00f3n del\u00a0<strong><span style=\"color: #0000ff;\"><a style=\"color: #0000ff;\" href=\"https:\/\/www.csic.es\/es\">CSIC<\/a>\u00a0<\/span><\/strong>en el Instituto de Diagn\u00f3stico Ambiental y Estudios del Agua, ha explicado a El Pa\u00eds que &#8220;<em>las FFP2 y FFP3 filtran mejor las part\u00edculas, se adaptan ergon\u00f3micamente y cierran herm\u00e9ticamente la parte respiratoria, de forma que evitan que respiremos aerosoles y los emitamos. Las quir\u00fargicas y gran parte de los aerosoles que emitimos se puedan detener, pero hay una parte del aire que se escapa y tambi\u00e9n puede entrar<\/em>&#8220;.<\/p>\n<p style=\"text-align: justify;\">Estas premisas que <strong>mantiene este experto espa\u00f1ol,<\/strong> el CDC y el facultativo de la Universidad de Utah tambi\u00e9n las comparte un especialista en aerosoles de la\u00a0<strong><span style=\"color: #0000ff;\"><a style=\"color: #0000ff;\" href=\"https:\/\/www.colorado.edu\/\">Universidad de Colorado<\/a><\/span><\/strong>. Jos\u00e9 Luis Jim\u00e9nez ha indicado que\u00a0<em>&#8220;la transmisi\u00f3n por el aire es la manera m\u00e1s importante de infecci\u00f3n y cuando una enfermedad la respiras, necesitas un filtro de protecci\u00f3n respiratoria. Las mascarillas quir\u00fargicas, en cambio, ni siquiera filtran y no se ajustan. La mascarilla te tiene que dejar una marca en la cara si la llevas bien puesta&#8221;<\/em>.<\/p>\n<p style=\"text-align: justify;\">Ante las conclusiones que han alcanzado expertos nacionales e internacionales s<strong>obre la mascarilla m\u00e1s adecuada contra la Covid-19 (y \u00f3micron)<\/strong>, algunas autonom\u00edas espa\u00f1olas han decidido tomar medidas al respecto para reforzar el uso de algunas de ellas, <strong>como la FFP2, que tiene una mayor eficacia de filtraci\u00f3n y se puede usar durante m\u00e1s horas<\/strong>.<\/p>\n<p style=\"text-align: justify;\">Por tanto, expertos y dirigentes parecen tener muy claro que las FFP2, FFP3 y\u00a0<strong>aquellas que tienen mayor capacidad de filtraci\u00f3n (y capas) son las id\u00f3neas para luchar contra la Covid-19 y la expansi\u00f3n de la variante \u00f3micron<\/strong>.<\/p>\n","protected":false},"excerpt":{"rendered":"<p>Las mascarillas es una de las mejores formas de protegernos a nosotros mismos (y a los dem\u00e1s) contra la Covid-19&#8230;.<\/p>\n","protected":false},"author":1,"featured_media":61289,"comment_status":"open","ping_status":"open","sticky":false,"template":"","format":"standard","meta":{"footnotes":""},"categories":[6909,98,75],"tags":[7281,12357,7341,7477],"class_list":["post-83080","post","type-post","status-publish","format-standard","has-post-thumbnail","hentry","category-actualidad","category-comarcas","category-noticias","tag-coronavirus","tag-covid-19-omicron","tag-mascarillas","tag-pandemia"],"yoast_head":"<!-- This site is optimized with the Yoast SEO plugin v27.3 - https:\/\/yoast.com\/product\/yoast-seo-wordpress\/ -->\n<title>\u00bfCu\u00e1l es la mejor mascarilla para hacer frente a \u00f3micron? - COPE Alcoy<\/title>\n<meta name=\"robots\" content=\"index, follow, max-snippet:-1, max-image-preview:large, max-video-preview:-1\" \/>\n<link rel=\"canonical\" href=\"https:\/\/www.copealcoy.es\/es\/cual-es-la-mejor-mascarilla-para-hacer-frente-a-omicron\/\" \/>\n<meta property=\"og:locale\" content=\"es_ES\" \/>\n<meta property=\"og:type\" content=\"article\" \/>\n<meta property=\"og:title\" content=\"\u00bfCu\u00e1l es la mejor mascarilla para hacer frente a \u00f3micron? - COPE Alcoy\" \/>\n<meta property=\"og:description\" content=\"Las mascarillas es una de las mejores formas de protegernos a nosotros mismos (y a los dem\u00e1s) contra la Covid-19....\" \/>\n<meta property=\"og:url\" content=\"https:\/\/www.copealcoy.es\/es\/cual-es-la-mejor-mascarilla-para-hacer-frente-a-omicron\/\" \/>\n<meta property=\"og:site_name\" content=\"COPE Alcoy\" \/>\n<meta property=\"article:published_time\" content=\"2022-01-26T10:46:08+00:00\" \/>\n<meta property=\"article:modified_time\" content=\"2022-01-26T10:52:46+00:00\" \/>\n<meta property=\"og:image\" content=\"https:\/\/www.copealcoy.es\/wp-content\/uploads\/2020\/03\/mascarillas-1.jpg\" \/>\n\t<meta property=\"og:image:width\" content=\"690\" \/>\n\t<meta property=\"og:image:height\" content=\"309\" \/>\n\t<meta property=\"og:image:type\" content=\"image\/jpeg\" \/>\n<meta name=\"author\" content=\"Cope Alcoy\" \/>\n<meta name=\"twitter:label1\" content=\"Escrito por\" \/>\n\t<meta name=\"twitter:data1\" content=\"Cope Alcoy\" \/>\n\t<meta name=\"twitter:label2\" content=\"Tiempo de lectura\" \/>\n\t<meta name=\"twitter:data2\" content=\"3 minutos\" \/>\n<script type=\"application\/ld+json\" class=\"yoast-schema-graph\">{\"@context\":\"https:\\\/\\\/schema.org\",\"@graph\":[{\"@type\":\"Article\",\"@id\":\"https:\\\/\\\/www.copealcoy.es\\\/es\\\/cual-es-la-mejor-mascarilla-para-hacer-frente-a-omicron\\\/#article\",\"isPartOf\":{\"@id\":\"https:\\\/\\\/www.copealcoy.es\\\/es\\\/cual-es-la-mejor-mascarilla-para-hacer-frente-a-omicron\\\/\"},\"author\":{\"name\":\"Cope Alcoy\",\"@id\":\"https:\\\/\\\/www.copealcoy.es\\\/es\\\/#\\\/schema\\\/person\\\/e777c87fa024e57d40170af9df39882c\"},\"headline\":\"\u00bfCu\u00e1l es la mejor mascarilla para hacer frente a \u00f3micron?\",\"datePublished\":\"2022-01-26T10:46:08+00:00\",\"dateModified\":\"2022-01-26T10:52:46+00:00\",\"mainEntityOfPage\":{\"@id\":\"https:\\\/\\\/www.copealcoy.es\\\/es\\\/cual-es-la-mejor-mascarilla-para-hacer-frente-a-omicron\\\/\"},\"wordCount\":584,\"commentCount\":0,\"image\":{\"@id\":\"https:\\\/\\\/www.copealcoy.es\\\/es\\\/cual-es-la-mejor-mascarilla-para-hacer-frente-a-omicron\\\/#primaryimage\"},\"thumbnailUrl\":\"https:\\\/\\\/www.copealcoy.es\\\/wp-content\\\/uploads\\\/2020\\\/03\\\/mascarillas-1.jpg\",\"keywords\":[\"Coronavirus\",\"Covid-19. \u00d3micron\",\"mascarillas\",\"pandemia\"],\"articleSection\":[\"Actualidad\",\"Comarcas\",\"Noticias\"],\"inLanguage\":\"es\"},{\"@type\":\"WebPage\",\"@id\":\"https:\\\/\\\/www.copealcoy.es\\\/es\\\/cual-es-la-mejor-mascarilla-para-hacer-frente-a-omicron\\\/\",\"url\":\"https:\\\/\\\/www.copealcoy.es\\\/es\\\/cual-es-la-mejor-mascarilla-para-hacer-frente-a-omicron\\\/\",\"name\":\"\u00bfCu\u00e1l es la mejor mascarilla para hacer frente a \u00f3micron? - COPE Alcoy\",\"isPartOf\":{\"@id\":\"https:\\\/\\\/www.copealcoy.es\\\/es\\\/#website\"},\"primaryImageOfPage\":{\"@id\":\"https:\\\/\\\/www.copealcoy.es\\\/es\\\/cual-es-la-mejor-mascarilla-para-hacer-frente-a-omicron\\\/#primaryimage\"},\"image\":{\"@id\":\"https:\\\/\\\/www.copealcoy.es\\\/es\\\/cual-es-la-mejor-mascarilla-para-hacer-frente-a-omicron\\\/#primaryimage\"},\"thumbnailUrl\":\"https:\\\/\\\/www.copealcoy.es\\\/wp-content\\\/uploads\\\/2020\\\/03\\\/mascarillas-1.jpg\",\"datePublished\":\"2022-01-26T10:46:08+00:00\",\"dateModified\":\"2022-01-26T10:52:46+00:00\",\"author\":{\"@id\":\"https:\\\/\\\/www.copealcoy.es\\\/es\\\/#\\\/schema\\\/person\\\/e777c87fa024e57d40170af9df39882c\"},\"breadcrumb\":{\"@id\":\"https:\\\/\\\/www.copealcoy.es\\\/es\\\/cual-es-la-mejor-mascarilla-para-hacer-frente-a-omicron\\\/#breadcrumb\"},\"inLanguage\":\"es\",\"potentialAction\":[{\"@type\":\"ReadAction\",\"target\":[\"https:\\\/\\\/www.copealcoy.es\\\/es\\\/cual-es-la-mejor-mascarilla-para-hacer-frente-a-omicron\\\/\"]}]},{\"@type\":\"ImageObject\",\"inLanguage\":\"es\",\"@id\":\"https:\\\/\\\/www.copealcoy.es\\\/es\\\/cual-es-la-mejor-mascarilla-para-hacer-frente-a-omicron\\\/#primaryimage\",\"url\":\"https:\\\/\\\/www.copealcoy.es\\\/wp-content\\\/uploads\\\/2020\\\/03\\\/mascarillas-1.jpg\",\"contentUrl\":\"https:\\\/\\\/www.copealcoy.es\\\/wp-content\\\/uploads\\\/2020\\\/03\\\/mascarillas-1.jpg\",\"width\":690,\"height\":309},{\"@type\":\"BreadcrumbList\",\"@id\":\"https:\\\/\\\/www.copealcoy.es\\\/es\\\/cual-es-la-mejor-mascarilla-para-hacer-frente-a-omicron\\\/#breadcrumb\",\"itemListElement\":[{\"@type\":\"ListItem\",\"position\":1,\"name\":\"Portada\",\"item\":\"https:\\\/\\\/www.copealcoy.es\\\/es\\\/\"},{\"@type\":\"ListItem\",\"position\":2,\"name\":\"\u00bfCu\u00e1l es la mejor mascarilla para hacer frente a \u00f3micron?\"}]},{\"@type\":\"WebSite\",\"@id\":\"https:\\\/\\\/www.copealcoy.es\\\/es\\\/#website\",\"url\":\"https:\\\/\\\/www.copealcoy.es\\\/es\\\/\",\"name\":\"COPE Alcoy\",\"description\":\"Emisora COPE de radio local con emisi\u00f3n online. Pont de Sant Jordi 8-10 03803 Alcoy\",\"potentialAction\":[{\"@type\":\"SearchAction\",\"target\":{\"@type\":\"EntryPoint\",\"urlTemplate\":\"https:\\\/\\\/www.copealcoy.es\\\/es\\\/?s={search_term_string}\"},\"query-input\":{\"@type\":\"PropertyValueSpecification\",\"valueRequired\":true,\"valueName\":\"search_term_string\"}}],\"inLanguage\":\"es\"},{\"@type\":\"Person\",\"@id\":\"https:\\\/\\\/www.copealcoy.es\\\/es\\\/#\\\/schema\\\/person\\\/e777c87fa024e57d40170af9df39882c\",\"name\":\"Cope Alcoy\",\"image\":{\"@type\":\"ImageObject\",\"inLanguage\":\"es\",\"@id\":\"https:\\\/\\\/secure.gravatar.com\\\/avatar\\\/bb65d0283347e303893ba14f0692005417c1e0e690a325a4c5d8bb2b3943ee14?s=96&d=mm&r=g\",\"url\":\"https:\\\/\\\/secure.gravatar.com\\\/avatar\\\/bb65d0283347e303893ba14f0692005417c1e0e690a325a4c5d8bb2b3943ee14?s=96&d=mm&r=g\",\"contentUrl\":\"https:\\\/\\\/secure.gravatar.com\\\/avatar\\\/bb65d0283347e303893ba14f0692005417c1e0e690a325a4c5d8bb2b3943ee14?s=96&d=mm&r=g\",\"caption\":\"Cope Alcoy\"}}]}<\/script>\n<!-- \/ Yoast SEO plugin. -->","yoast_head_json":{"title":"\u00bfCu\u00e1l es la mejor mascarilla para hacer frente a \u00f3micron? - COPE Alcoy","robots":{"index":"index","follow":"follow","max-snippet":"max-snippet:-1","max-image-preview":"max-image-preview:large","max-video-preview":"max-video-preview:-1"},"canonical":"https:\/\/www.copealcoy.es\/es\/cual-es-la-mejor-mascarilla-para-hacer-frente-a-omicron\/","og_locale":"es_ES","og_type":"article","og_title":"\u00bfCu\u00e1l es la mejor mascarilla para hacer frente a \u00f3micron? - COPE Alcoy","og_description":"Las mascarillas es una de las mejores formas de protegernos a nosotros mismos (y a los dem\u00e1s) contra la Covid-19....","og_url":"https:\/\/www.copealcoy.es\/es\/cual-es-la-mejor-mascarilla-para-hacer-frente-a-omicron\/","og_site_name":"COPE Alcoy","article_published_time":"2022-01-26T10:46:08+00:00","article_modified_time":"2022-01-26T10:52:46+00:00","og_image":[{"width":690,"height":309,"url":"https:\/\/www.copealcoy.es\/wp-content\/uploads\/2020\/03\/mascarillas-1.jpg","type":"image\/jpeg"}],"author":"Cope Alcoy","twitter_misc":{"Escrito por":"Cope Alcoy","Tiempo de lectura":"3 minutos"},"schema":{"@context":"https:\/\/schema.org","@graph":[{"@type":"Article","@id":"https:\/\/www.copealcoy.es\/es\/cual-es-la-mejor-mascarilla-para-hacer-frente-a-omicron\/#article","isPartOf":{"@id":"https:\/\/www.copealcoy.es\/es\/cual-es-la-mejor-mascarilla-para-hacer-frente-a-omicron\/"},"author":{"name":"Cope Alcoy","@id":"https:\/\/www.copealcoy.es\/es\/#\/schema\/person\/e777c87fa024e57d40170af9df39882c"},"headline":"\u00bfCu\u00e1l es la mejor mascarilla para hacer frente a \u00f3micron?","datePublished":"2022-01-26T10:46:08+00:00","dateModified":"2022-01-26T10:52:46+00:00","mainEntityOfPage":{"@id":"https:\/\/www.copealcoy.es\/es\/cual-es-la-mejor-mascarilla-para-hacer-frente-a-omicron\/"},"wordCount":584,"commentCount":0,"image":{"@id":"https:\/\/www.copealcoy.es\/es\/cual-es-la-mejor-mascarilla-para-hacer-frente-a-omicron\/#primaryimage"},"thumbnailUrl":"https:\/\/www.copealcoy.es\/wp-content\/uploads\/2020\/03\/mascarillas-1.jpg","keywords":["Coronavirus","Covid-19. \u00d3micron","mascarillas","pandemia"],"articleSection":["Actualidad","Comarcas","Noticias"],"inLanguage":"es"},{"@type":"WebPage","@id":"https:\/\/www.copealcoy.es\/es\/cual-es-la-mejor-mascarilla-para-hacer-frente-a-omicron\/","url":"https:\/\/www.copealcoy.es\/es\/cual-es-la-mejor-mascarilla-para-hacer-frente-a-omicron\/","name":"\u00bfCu\u00e1l es la mejor mascarilla para hacer frente a \u00f3micron? - COPE Alcoy","isPartOf":{"@id":"https:\/\/www.copealcoy.es\/es\/#website"},"primaryImageOfPage":{"@id":"https:\/\/www.copealcoy.es\/es\/cual-es-la-mejor-mascarilla-para-hacer-frente-a-omicron\/#primaryimage"},"image":{"@id":"https:\/\/www.copealcoy.es\/es\/cual-es-la-mejor-mascarilla-para-hacer-frente-a-omicron\/#primaryimage"},"thumbnailUrl":"https:\/\/www.copealcoy.es\/wp-content\/uploads\/2020\/03\/mascarillas-1.jpg","datePublished":"2022-01-26T10:46:08+00:00","dateModified":"2022-01-26T10:52:46+00:00","author":{"@id":"https:\/\/www.copealcoy.es\/es\/#\/schema\/person\/e777c87fa024e57d40170af9df39882c"},"breadcrumb":{"@id":"https:\/\/www.copealcoy.es\/es\/cual-es-la-mejor-mascarilla-para-hacer-frente-a-omicron\/#breadcrumb"},"inLanguage":"es","potentialAction":[{"@type":"ReadAction","target":["https:\/\/www.copealcoy.es\/es\/cual-es-la-mejor-mascarilla-para-hacer-frente-a-omicron\/"]}]},{"@type":"ImageObject","inLanguage":"es","@id":"https:\/\/www.copealcoy.es\/es\/cual-es-la-mejor-mascarilla-para-hacer-frente-a-omicron\/#primaryimage","url":"https:\/\/www.copealcoy.es\/wp-content\/uploads\/2020\/03\/mascarillas-1.jpg","contentUrl":"https:\/\/www.copealcoy.es\/wp-content\/uploads\/2020\/03\/mascarillas-1.jpg","width":690,"height":309},{"@type":"BreadcrumbList","@id":"https:\/\/www.copealcoy.es\/es\/cual-es-la-mejor-mascarilla-para-hacer-frente-a-omicron\/#breadcrumb","itemListElement":[{"@type":"ListItem","position":1,"name":"Portada","item":"https:\/\/www.copealcoy.es\/es\/"},{"@type":"ListItem","position":2,"name":"\u00bfCu\u00e1l es la mejor mascarilla para hacer frente a \u00f3micron?"}]},{"@type":"WebSite","@id":"https:\/\/www.copealcoy.es\/es\/#website","url":"https:\/\/www.copealcoy.es\/es\/","name":"COPE Alcoy","description":"Emisora COPE de radio local con emisi\u00f3n online. Pont de Sant Jordi 8-10 03803 Alcoy","potentialAction":[{"@type":"SearchAction","target":{"@type":"EntryPoint","urlTemplate":"https:\/\/www.copealcoy.es\/es\/?s={search_term_string}"},"query-input":{"@type":"PropertyValueSpecification","valueRequired":true,"valueName":"search_term_string"}}],"inLanguage":"es"},{"@type":"Person","@id":"https:\/\/www.copealcoy.es\/es\/#\/schema\/person\/e777c87fa024e57d40170af9df39882c","name":"Cope Alcoy","image":{"@type":"ImageObject","inLanguage":"es","@id":"https:\/\/secure.gravatar.com\/avatar\/bb65d0283347e303893ba14f0692005417c1e0e690a325a4c5d8bb2b3943ee14?s=96&d=mm&r=g","url":"https:\/\/secure.gravatar.com\/avatar\/bb65d0283347e303893ba14f0692005417c1e0e690a325a4c5d8bb2b3943ee14?s=96&d=mm&r=g","contentUrl":"https:\/\/secure.gravatar.com\/avatar\/bb65d0283347e303893ba14f0692005417c1e0e690a325a4c5d8bb2b3943ee14?s=96&d=mm&r=g","caption":"Cope Alcoy"}}]}},"_links":{"self":[{"href":"https:\/\/www.copealcoy.es\/es\/wp-json\/wp\/v2\/posts\/83080","targetHints":{"allow":["GET"]}}],"collection":[{"href":"https:\/\/www.copealcoy.es\/es\/wp-json\/wp\/v2\/posts"}],"about":[{"href":"https:\/\/www.copealcoy.es\/es\/wp-json\/wp\/v2\/types\/post"}],"author":[{"embeddable":true,"href":"https:\/\/www.copealcoy.es\/es\/wp-json\/wp\/v2\/users\/1"}],"replies":[{"embeddable":true,"href":"https:\/\/www.copealcoy.es\/es\/wp-json\/wp\/v2\/comments?post=83080"}],"version-history":[{"count":0,"href":"https:\/\/www.copealcoy.es\/es\/wp-json\/wp\/v2\/posts\/83080\/revisions"}],"wp:featuredmedia":[{"embeddable":true,"href":"https:\/\/www.copealcoy.es\/es\/wp-json\/wp\/v2\/media\/61289"}],"wp:attachment":[{"href":"https:\/\/www.copealcoy.es\/es\/wp-json\/wp\/v2\/media?parent=83080"}],"wp:term":[{"taxonomy":"category","embeddable":true,"href":"https:\/\/www.copealcoy.es\/es\/wp-json\/wp\/v2\/categories?post=83080"},{"taxonomy":"post_tag","embeddable":true,"href":"https:\/\/www.copealcoy.es\/es\/wp-json\/wp\/v2\/tags?post=83080"}],"curies":[{"name":"wp","href":"https:\/\/api.w.org\/{rel}","templated":true}]}}