{"id":83070,"date":"2022-01-26T09:54:52","date_gmt":"2022-01-26T08:54:52","guid":{"rendered":"https:\/\/www.copealcoy.es\/?p=83070"},"modified":"2022-01-26T11:38:49","modified_gmt":"2022-01-26T10:38:49","slug":"arranquen-les-obres-del-barri-de-sant-pancrac","status":"publish","type":"post","link":"https:\/\/www.copealcoy.es\/es\/arranquen-les-obres-del-barri-de-sant-pancrac\/","title":{"rendered":"Arranquen les obres del barri de Sant Pancra\u00e7"},"content":{"rendered":"<p style=\"text-align: justify;\">L&#8217;Ajuntament\u00a0d&#8217;Alcoi <strong>ha comunicat l&#8217;inici de les obres del barri de Sant Pancra\u00e7<\/strong>. El projecte <strong>fou adjudicat a\u00a0<span class=\"hiddenSpellError\">Asfaltos<\/span>\u00a0<span class=\"hiddenSpellError\">Elche<\/span>\u00a0S.<span class=\"hiddenGrammarError\">L<\/span>\u00a0<\/strong>i el <strong>cost final<\/strong> ser\u00e0 de 133.100 euros.<\/p>\n<p style=\"text-align: justify;\">Aquesta actuaci\u00f3 consisteix en <strong>la renovaci\u00f3 del paviment<\/strong> de les cal\u00e7ades. Tamb\u00e9 es contempla<strong> la reparaci\u00f3 de vorades i voreres<\/strong> del carrer i carrer\u00f3 de Sant Pancra\u00e7, carrer\u00a0<span class=\"hiddenSpellError\">Do\u00f1a<\/span>\u00a0<span class=\"hiddenSpellError\">Amalia<\/span>\u00a0des de les interseccions\u00a0<span class=\"hiddenSpellError\">de El<\/span>\u00a0Cam\u00ed i carrer dels Maulets i el tram del carrer Doctor Guerau definit entre els carrers\u00a0<span class=\"hiddenSpellError\">Do\u00f1a<\/span>\u00a0<span class=\"hiddenSpellError\">Amalia<\/span>\u00a0i Maulets. Per altre costat <strong>es dur\u00e0 a terme la reparaci\u00f3 d&#8217;un tram de clavegueram amb problemes d&#8217;obstrucci\u00f3<\/strong> i <strong>la millora de la xarxa d&#8217;enllumenat p\u00fablic del carrer i carrer\u00f3 de Sant Pancra\u00e7<\/strong>. En paral\u00b7lel.\u00a0<span class=\"hiddenGrammarError\">i<\/span>\u00a0per part dels serveis municipals, s&#8217;iniciaran altres treballs complementaris com <strong>la instal\u00b7laci\u00f3 d&#8217;il\u00b7luminaci\u00f3 led i la instal\u00b7laci\u00f3 d&#8217;un nou sem\u00e0for a la demanda en la\u00a0<span class=\"hiddenSpellError\">Beniata<\/span><\/strong>, que facilite l&#8217;acc\u00e9s per als vianants dels ve\u00efns al barri de Santa Rosa. En total es calcula que <strong>s&#8217;invertiran al voltant d&#8217;uns 200.000 euros en eixa zona de la ciutat<\/strong> &#8220;<em>una vegada es culmine aquesta primera intervenci\u00f3, el Govern Municipal t\u00e9 previst escometre altres actuacions en aquest barri, entre les quals destaca la soluci\u00f3 a problemes de tr\u00e0nsit que existeix en determinats carrers<\/em>&#8220;, afirma el regidor d&#8217;Obres i Serveis; <strong>Jordi Mart\u00ednez<\/strong>.<\/p>\n<p style=\"text-align: justify;\">Les obres <strong>tenen un termini d&#8217;execuci\u00f3 de tres mesos<\/strong>. Fins al 4 de febrer <strong>es tallar\u00e0 un xicotet tram al tr\u00e0nsit<\/strong>, concretament el conegut com el carrer\u00f3 de Sant Pancra\u00e7.<\/p>\n","protected":false},"excerpt":{"rendered":"<p>L&#8217;Ajuntament\u00a0d&#8217;Alcoi ha comunicat l&#8217;inici de les obres del barri de Sant Pancra\u00e7. El projecte fou adjudicat a\u00a0Asfaltos\u00a0Elche\u00a0S.L\u00a0i el cost final&#8230;<\/p>\n","protected":false},"author":1,"featured_media":83071,"comment_status":"open","ping_status":"open","sticky":false,"template":"","format":"standard","meta":{"footnotes":""},"categories":[97,75,79,125],"tags":[160,12354,927,7770,9259],"class_list":["post-83070","post","type-post","status-publish","format-standard","has-post-thumbnail","hentry","category-alcoy","category-noticias","category-politicayeconomia","category-portada","tag-alcoi","tag-barri","tag-jordi-martinez","tag-obres","tag-sant-pancrac"],"yoast_head":"<!-- This site is optimized with the Yoast SEO plugin v27.3 - https:\/\/yoast.com\/product\/yoast-seo-wordpress\/ -->\n<title>Arranquen les obres del barri de Sant Pancra\u00e7 - COPE Alcoy<\/title>\n<meta name=\"robots\" content=\"index, follow, max-snippet:-1, max-image-preview:large, max-video-preview:-1\" \/>\n<link rel=\"canonical\" href=\"https:\/\/www.copealcoy.es\/es\/arranquen-les-obres-del-barri-de-sant-pancrac\/\" \/>\n<meta property=\"og:locale\" content=\"es_ES\" \/>\n<meta property=\"og:type\" content=\"article\" \/>\n<meta property=\"og:title\" content=\"Arranquen les obres del barri de Sant Pancra\u00e7 - COPE Alcoy\" \/>\n<meta property=\"og:description\" content=\"L&#8217;Ajuntament\u00a0d&#8217;Alcoi ha comunicat l&#8217;inici de les obres del barri de Sant Pancra\u00e7. El projecte fou adjudicat a\u00a0Asfaltos\u00a0Elche\u00a0S.L\u00a0i el cost final...\" \/>\n<meta property=\"og:url\" content=\"https:\/\/www.copealcoy.es\/es\/arranquen-les-obres-del-barri-de-sant-pancrac\/\" \/>\n<meta property=\"og:site_name\" content=\"COPE Alcoy\" \/>\n<meta property=\"article:published_time\" content=\"2022-01-26T08:54:52+00:00\" \/>\n<meta property=\"article:modified_time\" content=\"2022-01-26T10:38:49+00:00\" \/>\n<meta property=\"og:image\" content=\"https:\/\/www.copealcoy.es\/wp-content\/uploads\/2022\/01\/272191373_7618388064853978_3175939248609133989_n-e1643184887535.jpg\" \/>\n\t<meta property=\"og:image:width\" content=\"640\" \/>\n\t<meta property=\"og:image:height\" content=\"376\" \/>\n\t<meta property=\"og:image:type\" content=\"image\/jpeg\" \/>\n<meta name=\"author\" content=\"Cope Alcoy\" \/>\n<meta name=\"twitter:label1\" content=\"Escrito por\" \/>\n\t<meta name=\"twitter:data1\" content=\"Cope Alcoy\" \/>\n\t<meta name=\"twitter:label2\" content=\"Tiempo de lectura\" \/>\n\t<meta name=\"twitter:data2\" content=\"2 minutos\" \/>\n<script type=\"application\/ld+json\" class=\"yoast-schema-graph\">{\"@context\":\"https:\\\/\\\/schema.org\",\"@graph\":[{\"@type\":\"Article\",\"@id\":\"https:\\\/\\\/www.copealcoy.es\\\/es\\\/arranquen-les-obres-del-barri-de-sant-pancrac\\\/#article\",\"isPartOf\":{\"@id\":\"https:\\\/\\\/www.copealcoy.es\\\/es\\\/arranquen-les-obres-del-barri-de-sant-pancrac\\\/\"},\"author\":{\"name\":\"Cope Alcoy\",\"@id\":\"https:\\\/\\\/www.copealcoy.es\\\/es\\\/#\\\/schema\\\/person\\\/e777c87fa024e57d40170af9df39882c\"},\"headline\":\"Arranquen les obres del barri de Sant Pancra\u00e7\",\"datePublished\":\"2022-01-26T08:54:52+00:00\",\"dateModified\":\"2022-01-26T10:38:49+00:00\",\"mainEntityOfPage\":{\"@id\":\"https:\\\/\\\/www.copealcoy.es\\\/es\\\/arranquen-les-obres-del-barri-de-sant-pancrac\\\/\"},\"wordCount\":280,\"commentCount\":0,\"image\":{\"@id\":\"https:\\\/\\\/www.copealcoy.es\\\/es\\\/arranquen-les-obres-del-barri-de-sant-pancrac\\\/#primaryimage\"},\"thumbnailUrl\":\"https:\\\/\\\/www.copealcoy.es\\\/wp-content\\\/uploads\\\/2022\\\/01\\\/272191373_7618388064853978_3175939248609133989_n-e1643184887535.jpg\",\"keywords\":[\"Alcoi\",\"barri\",\"Jordi Mart\u00ednez\",\"obres\",\"Sant Pancra\u00e7\"],\"articleSection\":[\"Alcoy\",\"Noticias\",\"Pol\u00edtica y Econom\u00eda\",\"Portada\"],\"inLanguage\":\"es\"},{\"@type\":\"WebPage\",\"@id\":\"https:\\\/\\\/www.copealcoy.es\\\/es\\\/arranquen-les-obres-del-barri-de-sant-pancrac\\\/\",\"url\":\"https:\\\/\\\/www.copealcoy.es\\\/es\\\/arranquen-les-obres-del-barri-de-sant-pancrac\\\/\",\"name\":\"Arranquen les obres del barri de Sant Pancra\u00e7 - COPE Alcoy\",\"isPartOf\":{\"@id\":\"https:\\\/\\\/www.copealcoy.es\\\/es\\\/#website\"},\"primaryImageOfPage\":{\"@id\":\"https:\\\/\\\/www.copealcoy.es\\\/es\\\/arranquen-les-obres-del-barri-de-sant-pancrac\\\/#primaryimage\"},\"image\":{\"@id\":\"https:\\\/\\\/www.copealcoy.es\\\/es\\\/arranquen-les-obres-del-barri-de-sant-pancrac\\\/#primaryimage\"},\"thumbnailUrl\":\"https:\\\/\\\/www.copealcoy.es\\\/wp-content\\\/uploads\\\/2022\\\/01\\\/272191373_7618388064853978_3175939248609133989_n-e1643184887535.jpg\",\"datePublished\":\"2022-01-26T08:54:52+00:00\",\"dateModified\":\"2022-01-26T10:38:49+00:00\",\"author\":{\"@id\":\"https:\\\/\\\/www.copealcoy.es\\\/es\\\/#\\\/schema\\\/person\\\/e777c87fa024e57d40170af9df39882c\"},\"breadcrumb\":{\"@id\":\"https:\\\/\\\/www.copealcoy.es\\\/es\\\/arranquen-les-obres-del-barri-de-sant-pancrac\\\/#breadcrumb\"},\"inLanguage\":\"es\",\"potentialAction\":[{\"@type\":\"ReadAction\",\"target\":[\"https:\\\/\\\/www.copealcoy.es\\\/es\\\/arranquen-les-obres-del-barri-de-sant-pancrac\\\/\"]}]},{\"@type\":\"ImageObject\",\"inLanguage\":\"es\",\"@id\":\"https:\\\/\\\/www.copealcoy.es\\\/es\\\/arranquen-les-obres-del-barri-de-sant-pancrac\\\/#primaryimage\",\"url\":\"https:\\\/\\\/www.copealcoy.es\\\/wp-content\\\/uploads\\\/2022\\\/01\\\/272191373_7618388064853978_3175939248609133989_n-e1643184887535.jpg\",\"contentUrl\":\"https:\\\/\\\/www.copealcoy.es\\\/wp-content\\\/uploads\\\/2022\\\/01\\\/272191373_7618388064853978_3175939248609133989_n-e1643184887535.jpg\",\"width\":640,\"height\":376},{\"@type\":\"BreadcrumbList\",\"@id\":\"https:\\\/\\\/www.copealcoy.es\\\/es\\\/arranquen-les-obres-del-barri-de-sant-pancrac\\\/#breadcrumb\",\"itemListElement\":[{\"@type\":\"ListItem\",\"position\":1,\"name\":\"Portada\",\"item\":\"https:\\\/\\\/www.copealcoy.es\\\/es\\\/\"},{\"@type\":\"ListItem\",\"position\":2,\"name\":\"Arranquen les obres del barri de Sant Pancra\u00e7\"}]},{\"@type\":\"WebSite\",\"@id\":\"https:\\\/\\\/www.copealcoy.es\\\/es\\\/#website\",\"url\":\"https:\\\/\\\/www.copealcoy.es\\\/es\\\/\",\"name\":\"COPE Alcoy\",\"description\":\"Emisora COPE de radio local con emisi\u00f3n online. Pont de Sant Jordi 8-10 03803 Alcoy\",\"potentialAction\":[{\"@type\":\"SearchAction\",\"target\":{\"@type\":\"EntryPoint\",\"urlTemplate\":\"https:\\\/\\\/www.copealcoy.es\\\/es\\\/?s={search_term_string}\"},\"query-input\":{\"@type\":\"PropertyValueSpecification\",\"valueRequired\":true,\"valueName\":\"search_term_string\"}}],\"inLanguage\":\"es\"},{\"@type\":\"Person\",\"@id\":\"https:\\\/\\\/www.copealcoy.es\\\/es\\\/#\\\/schema\\\/person\\\/e777c87fa024e57d40170af9df39882c\",\"name\":\"Cope Alcoy\",\"image\":{\"@type\":\"ImageObject\",\"inLanguage\":\"es\",\"@id\":\"https:\\\/\\\/secure.gravatar.com\\\/avatar\\\/bb65d0283347e303893ba14f0692005417c1e0e690a325a4c5d8bb2b3943ee14?s=96&d=mm&r=g\",\"url\":\"https:\\\/\\\/secure.gravatar.com\\\/avatar\\\/bb65d0283347e303893ba14f0692005417c1e0e690a325a4c5d8bb2b3943ee14?s=96&d=mm&r=g\",\"contentUrl\":\"https:\\\/\\\/secure.gravatar.com\\\/avatar\\\/bb65d0283347e303893ba14f0692005417c1e0e690a325a4c5d8bb2b3943ee14?s=96&d=mm&r=g\",\"caption\":\"Cope Alcoy\"}}]}<\/script>\n<!-- \/ Yoast SEO plugin. -->","yoast_head_json":{"title":"Arranquen les obres del barri de Sant Pancra\u00e7 - COPE Alcoy","robots":{"index":"index","follow":"follow","max-snippet":"max-snippet:-1","max-image-preview":"max-image-preview:large","max-video-preview":"max-video-preview:-1"},"canonical":"https:\/\/www.copealcoy.es\/es\/arranquen-les-obres-del-barri-de-sant-pancrac\/","og_locale":"es_ES","og_type":"article","og_title":"Arranquen les obres del barri de Sant Pancra\u00e7 - COPE Alcoy","og_description":"L&#8217;Ajuntament\u00a0d&#8217;Alcoi ha comunicat l&#8217;inici de les obres del barri de Sant Pancra\u00e7. El projecte fou adjudicat a\u00a0Asfaltos\u00a0Elche\u00a0S.L\u00a0i el cost final...","og_url":"https:\/\/www.copealcoy.es\/es\/arranquen-les-obres-del-barri-de-sant-pancrac\/","og_site_name":"COPE Alcoy","article_published_time":"2022-01-26T08:54:52+00:00","article_modified_time":"2022-01-26T10:38:49+00:00","og_image":[{"width":640,"height":376,"url":"https:\/\/www.copealcoy.es\/wp-content\/uploads\/2022\/01\/272191373_7618388064853978_3175939248609133989_n-e1643184887535.jpg","type":"image\/jpeg"}],"author":"Cope Alcoy","twitter_misc":{"Escrito por":"Cope Alcoy","Tiempo de lectura":"2 minutos"},"schema":{"@context":"https:\/\/schema.org","@graph":[{"@type":"Article","@id":"https:\/\/www.copealcoy.es\/es\/arranquen-les-obres-del-barri-de-sant-pancrac\/#article","isPartOf":{"@id":"https:\/\/www.copealcoy.es\/es\/arranquen-les-obres-del-barri-de-sant-pancrac\/"},"author":{"name":"Cope Alcoy","@id":"https:\/\/www.copealcoy.es\/es\/#\/schema\/person\/e777c87fa024e57d40170af9df39882c"},"headline":"Arranquen les obres del barri de Sant Pancra\u00e7","datePublished":"2022-01-26T08:54:52+00:00","dateModified":"2022-01-26T10:38:49+00:00","mainEntityOfPage":{"@id":"https:\/\/www.copealcoy.es\/es\/arranquen-les-obres-del-barri-de-sant-pancrac\/"},"wordCount":280,"commentCount":0,"image":{"@id":"https:\/\/www.copealcoy.es\/es\/arranquen-les-obres-del-barri-de-sant-pancrac\/#primaryimage"},"thumbnailUrl":"https:\/\/www.copealcoy.es\/wp-content\/uploads\/2022\/01\/272191373_7618388064853978_3175939248609133989_n-e1643184887535.jpg","keywords":["Alcoi","barri","Jordi Mart\u00ednez","obres","Sant Pancra\u00e7"],"articleSection":["Alcoy","Noticias","Pol\u00edtica y Econom\u00eda","Portada"],"inLanguage":"es"},{"@type":"WebPage","@id":"https:\/\/www.copealcoy.es\/es\/arranquen-les-obres-del-barri-de-sant-pancrac\/","url":"https:\/\/www.copealcoy.es\/es\/arranquen-les-obres-del-barri-de-sant-pancrac\/","name":"Arranquen les obres del barri de Sant Pancra\u00e7 - COPE Alcoy","isPartOf":{"@id":"https:\/\/www.copealcoy.es\/es\/#website"},"primaryImageOfPage":{"@id":"https:\/\/www.copealcoy.es\/es\/arranquen-les-obres-del-barri-de-sant-pancrac\/#primaryimage"},"image":{"@id":"https:\/\/www.copealcoy.es\/es\/arranquen-les-obres-del-barri-de-sant-pancrac\/#primaryimage"},"thumbnailUrl":"https:\/\/www.copealcoy.es\/wp-content\/uploads\/2022\/01\/272191373_7618388064853978_3175939248609133989_n-e1643184887535.jpg","datePublished":"2022-01-26T08:54:52+00:00","dateModified":"2022-01-26T10:38:49+00:00","author":{"@id":"https:\/\/www.copealcoy.es\/es\/#\/schema\/person\/e777c87fa024e57d40170af9df39882c"},"breadcrumb":{"@id":"https:\/\/www.copealcoy.es\/es\/arranquen-les-obres-del-barri-de-sant-pancrac\/#breadcrumb"},"inLanguage":"es","potentialAction":[{"@type":"ReadAction","target":["https:\/\/www.copealcoy.es\/es\/arranquen-les-obres-del-barri-de-sant-pancrac\/"]}]},{"@type":"ImageObject","inLanguage":"es","@id":"https:\/\/www.copealcoy.es\/es\/arranquen-les-obres-del-barri-de-sant-pancrac\/#primaryimage","url":"https:\/\/www.copealcoy.es\/wp-content\/uploads\/2022\/01\/272191373_7618388064853978_3175939248609133989_n-e1643184887535.jpg","contentUrl":"https:\/\/www.copealcoy.es\/wp-content\/uploads\/2022\/01\/272191373_7618388064853978_3175939248609133989_n-e1643184887535.jpg","width":640,"height":376},{"@type":"BreadcrumbList","@id":"https:\/\/www.copealcoy.es\/es\/arranquen-les-obres-del-barri-de-sant-pancrac\/#breadcrumb","itemListElement":[{"@type":"ListItem","position":1,"name":"Portada","item":"https:\/\/www.copealcoy.es\/es\/"},{"@type":"ListItem","position":2,"name":"Arranquen les obres del barri de Sant Pancra\u00e7"}]},{"@type":"WebSite","@id":"https:\/\/www.copealcoy.es\/es\/#website","url":"https:\/\/www.copealcoy.es\/es\/","name":"COPE Alcoy","description":"Emisora COPE de radio local con emisi\u00f3n online. Pont de Sant Jordi 8-10 03803 Alcoy","potentialAction":[{"@type":"SearchAction","target":{"@type":"EntryPoint","urlTemplate":"https:\/\/www.copealcoy.es\/es\/?s={search_term_string}"},"query-input":{"@type":"PropertyValueSpecification","valueRequired":true,"valueName":"search_term_string"}}],"inLanguage":"es"},{"@type":"Person","@id":"https:\/\/www.copealcoy.es\/es\/#\/schema\/person\/e777c87fa024e57d40170af9df39882c","name":"Cope Alcoy","image":{"@type":"ImageObject","inLanguage":"es","@id":"https:\/\/secure.gravatar.com\/avatar\/bb65d0283347e303893ba14f0692005417c1e0e690a325a4c5d8bb2b3943ee14?s=96&d=mm&r=g","url":"https:\/\/secure.gravatar.com\/avatar\/bb65d0283347e303893ba14f0692005417c1e0e690a325a4c5d8bb2b3943ee14?s=96&d=mm&r=g","contentUrl":"https:\/\/secure.gravatar.com\/avatar\/bb65d0283347e303893ba14f0692005417c1e0e690a325a4c5d8bb2b3943ee14?s=96&d=mm&r=g","caption":"Cope Alcoy"}}]}},"_links":{"self":[{"href":"https:\/\/www.copealcoy.es\/es\/wp-json\/wp\/v2\/posts\/83070","targetHints":{"allow":["GET"]}}],"collection":[{"href":"https:\/\/www.copealcoy.es\/es\/wp-json\/wp\/v2\/posts"}],"about":[{"href":"https:\/\/www.copealcoy.es\/es\/wp-json\/wp\/v2\/types\/post"}],"author":[{"embeddable":true,"href":"https:\/\/www.copealcoy.es\/es\/wp-json\/wp\/v2\/users\/1"}],"replies":[{"embeddable":true,"href":"https:\/\/www.copealcoy.es\/es\/wp-json\/wp\/v2\/comments?post=83070"}],"version-history":[{"count":0,"href":"https:\/\/www.copealcoy.es\/es\/wp-json\/wp\/v2\/posts\/83070\/revisions"}],"wp:featuredmedia":[{"embeddable":true,"href":"https:\/\/www.copealcoy.es\/es\/wp-json\/wp\/v2\/media\/83071"}],"wp:attachment":[{"href":"https:\/\/www.copealcoy.es\/es\/wp-json\/wp\/v2\/media?parent=83070"}],"wp:term":[{"taxonomy":"category","embeddable":true,"href":"https:\/\/www.copealcoy.es\/es\/wp-json\/wp\/v2\/categories?post=83070"},{"taxonomy":"post_tag","embeddable":true,"href":"https:\/\/www.copealcoy.es\/es\/wp-json\/wp\/v2\/tags?post=83070"}],"curies":[{"name":"wp","href":"https:\/\/api.w.org\/{rel}","templated":true}]}}