{"id":83061,"date":"2022-01-25T15:47:44","date_gmt":"2022-01-25T14:47:44","guid":{"rendered":"https:\/\/www.copealcoy.es\/?p=83061"},"modified":"2022-01-25T16:09:04","modified_gmt":"2022-01-25T15:09:04","slug":"fundacion-mutua-levante-arranca-2022-amb-una-ampla-activitat-cultural","status":"publish","type":"post","link":"https:\/\/www.copealcoy.es\/es\/fundacion-mutua-levante-arranca-2022-amb-una-ampla-activitat-cultural\/","title":{"rendered":"Fundaci\u00f3n Mutua Levante arranca 2022 amb una ampla activitat cultural"},"content":{"rendered":"<p style=\"text-align: justify;\">La <strong>Sala de la Fundaci\u00f3\u00a0<span class=\"hiddenSpellError\">Mutua<\/span>\u00a0de\u00a0<span class=\"hiddenSpellError\">Levante<\/span>\u00a0d&#8217;Alcoi<\/strong> ha comen\u00e7at el 2022 amb <strong>una completa oferta d&#8217;activitats<\/strong> que estan tenint lloc al llarg de tot aquest mes de gener. A aquestes propostes, <strong>se sumen tamb\u00e9 diferents iniciatives portades a terme per la Fundaci\u00f3 en mat\u00e8ria social<\/strong> com <strong>la renovaci\u00f3 del conveni amb SOLC<\/strong>. Amb aquest acord,\u00a0<strong><span class=\"hiddenSpellError\">Mutua<\/span>\u00a0<span class=\"hiddenSpellError\">Levante<\/span>\u00a0<span class=\"hiddenSpellError\">col-labora<\/span>\u00a0directament amb la Setmana Cultural de l&#8217;Associaci\u00f3 Comarcal d&#8217;Ajuda en el Tractament del C\u00e0ncer<\/strong> i promou <strong>una nova edici\u00f3 del Concurs de Relats Breus<\/strong> del qual <a href=\"https:\/\/www.asociacionsolc.com\/2022\/01\/12\/iv-edicion-concurso-de-relatos-cortos-tu-historia-nos-da-vida-hasta-el-31-de-mayo\/\"><strong><span style=\"color: #0000ff;\">pots consultar ac\u00ed<\/span><\/strong><\/a> tota la informaci\u00f3.<\/p>\n<p style=\"text-align: justify;\">En mat\u00e8ria cultural, l<strong>a Fundaci\u00f3\u00a0<span class=\"hiddenSpellError\">Mutua<\/span>\u00a0de\u00a0<span class=\"hiddenSpellError\">Levante<\/span>\u00a0ha organitzat amb el\u00a0<span class=\"hiddenSpellError\">CAEHA<\/span>\u00a0unes jornades sobre mem\u00f2ria familiar<\/strong>. En concret <strong>seran quatre<\/strong> i porten per t\u00edtol \u201cLa mem\u00f2ria viscuda. Investigaci\u00f3 hist\u00f2rica a partir dels records familiars\u201d. La primera t\u00e9 lloc aquest dimecres 26 de gener i en ella Rafa Segura i Elisa\u00a0<span class=\"hiddenSpellError\">Beneyto<\/span>\u00a0orientaran sobre com rastrejar persones desaparegudes en la Guerra Civil, l&#8217;1 de febrer \u00c0ngel\u00a0<span class=\"hiddenSpellError\">Beneito<\/span>\u00a0tractar\u00e0 de t\u00e8cniques d\u2019investigaci\u00f3 amb fonts orals, el 3 de febrer Josep Llu\u00eds Santonja explicar\u00e0 com treballar amb\u00a0<span class=\"hiddenSpellError\">BIVIA<\/span>\u00a0(portal del patrimoni documental d\u2019Alcoi) i el 16 de febrer Elisa\u00a0<span class=\"hiddenSpellError\">Beneyto<\/span>\u00a0i Llu\u00eds Vidal faran una introducci\u00f3 a la genealogia, amb consells per a elaborar-se l\u2019arbre familiar. Per assistir-hi <strong>cal avisar al correu<\/strong> info@fundacionmutualevante.org, per tal de controlar l\u2019aforament.<\/p>\n<p style=\"text-align: justify;\">Respecte a<strong> les exposicions<\/strong>, <strong>podrem veure les mostres<\/strong> &#8220;Al voltant\u00a0<span class=\"hiddenGrammarError\">dels borja<\/span>&#8221; d&#8217;<span class=\"hiddenSpellError\">Orfeo<\/span>\u00a0Soler (entre el 21 de gener i el 29 d&#8217;abril), &#8220;<span class=\"hiddenSpellError\">Gritos<\/span>&#8221; de\u00a0<span class=\"hiddenSpellError\">Leandro<\/span>\u00a0Terol (entre el 20 de gener i el 25 de febrer) i &#8220;Filant intangibles&#8221; d&#8217;Anna Jord\u00e0 ubicada en la Sala B (entre el 12 de gener i el 25 de febrer). Tot a\u00e7\u00f2 <strong>es completa amb altres iniciatives en vigor als diferents espais de la Fundaci\u00f3\u00a0<span class=\"hiddenSpellError\">Mutua<\/span>\u00a0de\u00a0<span class=\"hiddenSpellError\">Levante<\/span><\/strong>\u00a0que <a href=\"https:\/\/fundacionmutualevante.org\/sala-de-exposiciones\/\"><strong><span style=\"color: #0000ff;\">pots consultar ac\u00ed<\/span><\/strong><\/a>.<\/p>\n<p style=\"text-align: justify;\">Tots els detalls de la programaci\u00f3 cultural d&#8217;aquest mes de gener ens els han contat <strong>Pep Jord\u00e0<\/strong> (<span class=\"hiddenSpellError\">Patrono<\/span>\u00a0de la Fundaci\u00f3\u00a0<span class=\"hiddenSpellError\">Mutua<\/span>\u00a0de\u00a0<span class=\"hiddenSpellError\">Levante<\/span>) i\u00a0<strong><span class=\"hiddenSpellError\">Nando<\/span>\u00a0<span class=\"hiddenSpellError\">Moncho<\/span><\/strong>\u00a0(Responsable de la Sala Cultural). Ac\u00ed <strong>tens l&#8217;entrevista completa<\/strong>:<\/p>\n<p><iframe loading=\"lazy\" title=\"Mediod\u00eda Cope Alcoy Viernes 21 De Enero De 2022 (13:20h)\" width=\"100%\" height=\"120\" src=\"https:\/\/www.mixcloud.com\/widget\/iframe\/?feed=https%3A%2F%2Fwww.mixcloud.com%2FCOPEAlcoy%2Fmediod%25C3%25ADa-cope-alcoy-viernes-21-de-enero-de-2022-1320h%2F&amp;hide_cover=1\" frameborder=\"0\"><\/iframe><\/p>\n","protected":false},"excerpt":{"rendered":"<p>La Sala de la Fundaci\u00f3\u00a0Mutua\u00a0de\u00a0Levante\u00a0d&#8217;Alcoi ha comen\u00e7at el 2022 amb una completa oferta d&#8217;activitats que estan tenint lloc al llarg&#8230;<\/p>\n","protected":false},"author":1,"featured_media":83062,"comment_status":"open","ping_status":"open","sticky":false,"template":"","format":"standard","meta":{"footnotes":""},"categories":[97,78,75],"tags":[10222,160,11757,1743,12175],"class_list":["post-83061","post","type-post","status-publish","format-standard","has-post-thumbnail","hentry","category-alcoy","category-fiestaycultura","category-noticias","tag-activitats-culturals","tag-alcoi","tag-fundacio-mutua-de-levante","tag-fundacion","tag-sala-cultural"],"yoast_head":"<!-- This site is optimized with the Yoast SEO plugin v27.3 - https:\/\/yoast.com\/product\/yoast-seo-wordpress\/ -->\n<title>Fundaci\u00f3n Mutua Levante arranca 2022 amb una ampla activitat cultural - COPE Alcoy<\/title>\n<meta name=\"robots\" content=\"index, follow, max-snippet:-1, max-image-preview:large, max-video-preview:-1\" \/>\n<link rel=\"canonical\" href=\"https:\/\/www.copealcoy.es\/es\/fundacion-mutua-levante-arranca-2022-amb-una-ampla-activitat-cultural\/\" \/>\n<meta property=\"og:locale\" content=\"es_ES\" \/>\n<meta property=\"og:type\" content=\"article\" \/>\n<meta property=\"og:title\" content=\"Fundaci\u00f3n Mutua Levante arranca 2022 amb una ampla activitat cultural - COPE Alcoy\" \/>\n<meta property=\"og:description\" content=\"La Sala de la Fundaci\u00f3\u00a0Mutua\u00a0de\u00a0Levante\u00a0d&#8217;Alcoi ha comen\u00e7at el 2022 amb una completa oferta d&#8217;activitats que estan tenint lloc al llarg...\" \/>\n<meta property=\"og:url\" content=\"https:\/\/www.copealcoy.es\/es\/fundacion-mutua-levante-arranca-2022-amb-una-ampla-activitat-cultural\/\" \/>\n<meta property=\"og:site_name\" content=\"COPE Alcoy\" \/>\n<meta property=\"article:published_time\" content=\"2022-01-25T14:47:44+00:00\" \/>\n<meta property=\"article:modified_time\" content=\"2022-01-25T15:09:04+00:00\" \/>\n<meta property=\"og:image\" content=\"https:\/\/www.copealcoy.es\/wp-content\/uploads\/2022\/01\/unnamed-20-scaled-e1643123336439.jpg\" \/>\n\t<meta property=\"og:image:width\" content=\"840\" \/>\n\t<meta property=\"og:image:height\" content=\"557\" \/>\n\t<meta property=\"og:image:type\" content=\"image\/jpeg\" \/>\n<meta name=\"author\" content=\"Cope Alcoy\" \/>\n<meta name=\"twitter:label1\" content=\"Escrito por\" \/>\n\t<meta name=\"twitter:data1\" content=\"Cope Alcoy\" \/>\n\t<meta name=\"twitter:label2\" content=\"Tiempo de lectura\" \/>\n\t<meta name=\"twitter:data2\" content=\"2 minutos\" \/>\n<script type=\"application\/ld+json\" class=\"yoast-schema-graph\">{\"@context\":\"https:\\\/\\\/schema.org\",\"@graph\":[{\"@type\":\"Article\",\"@id\":\"https:\\\/\\\/www.copealcoy.es\\\/es\\\/fundacion-mutua-levante-arranca-2022-amb-una-ampla-activitat-cultural\\\/#article\",\"isPartOf\":{\"@id\":\"https:\\\/\\\/www.copealcoy.es\\\/es\\\/fundacion-mutua-levante-arranca-2022-amb-una-ampla-activitat-cultural\\\/\"},\"author\":{\"name\":\"Cope Alcoy\",\"@id\":\"https:\\\/\\\/www.copealcoy.es\\\/es\\\/#\\\/schema\\\/person\\\/e777c87fa024e57d40170af9df39882c\"},\"headline\":\"Fundaci\u00f3n Mutua Levante arranca 2022 amb una ampla activitat cultural\",\"datePublished\":\"2022-01-25T14:47:44+00:00\",\"dateModified\":\"2022-01-25T15:09:04+00:00\",\"mainEntityOfPage\":{\"@id\":\"https:\\\/\\\/www.copealcoy.es\\\/es\\\/fundacion-mutua-levante-arranca-2022-amb-una-ampla-activitat-cultural\\\/\"},\"wordCount\":370,\"commentCount\":0,\"image\":{\"@id\":\"https:\\\/\\\/www.copealcoy.es\\\/es\\\/fundacion-mutua-levante-arranca-2022-amb-una-ampla-activitat-cultural\\\/#primaryimage\"},\"thumbnailUrl\":\"https:\\\/\\\/www.copealcoy.es\\\/wp-content\\\/uploads\\\/2022\\\/01\\\/unnamed-20-scaled-e1643123336439.jpg\",\"keywords\":[\"activitats culturals\",\"Alcoi\",\"Fundaci\u00f3 Mutua de Levante\",\"Fundaci\u00f3n\",\"sala cultural\"],\"articleSection\":[\"Alcoy\",\"Fiesta y Cultura\",\"Noticias\"],\"inLanguage\":\"es\"},{\"@type\":\"WebPage\",\"@id\":\"https:\\\/\\\/www.copealcoy.es\\\/es\\\/fundacion-mutua-levante-arranca-2022-amb-una-ampla-activitat-cultural\\\/\",\"url\":\"https:\\\/\\\/www.copealcoy.es\\\/es\\\/fundacion-mutua-levante-arranca-2022-amb-una-ampla-activitat-cultural\\\/\",\"name\":\"Fundaci\u00f3n Mutua Levante arranca 2022 amb una ampla activitat cultural - COPE Alcoy\",\"isPartOf\":{\"@id\":\"https:\\\/\\\/www.copealcoy.es\\\/es\\\/#website\"},\"primaryImageOfPage\":{\"@id\":\"https:\\\/\\\/www.copealcoy.es\\\/es\\\/fundacion-mutua-levante-arranca-2022-amb-una-ampla-activitat-cultural\\\/#primaryimage\"},\"image\":{\"@id\":\"https:\\\/\\\/www.copealcoy.es\\\/es\\\/fundacion-mutua-levante-arranca-2022-amb-una-ampla-activitat-cultural\\\/#primaryimage\"},\"thumbnailUrl\":\"https:\\\/\\\/www.copealcoy.es\\\/wp-content\\\/uploads\\\/2022\\\/01\\\/unnamed-20-scaled-e1643123336439.jpg\",\"datePublished\":\"2022-01-25T14:47:44+00:00\",\"dateModified\":\"2022-01-25T15:09:04+00:00\",\"author\":{\"@id\":\"https:\\\/\\\/www.copealcoy.es\\\/es\\\/#\\\/schema\\\/person\\\/e777c87fa024e57d40170af9df39882c\"},\"breadcrumb\":{\"@id\":\"https:\\\/\\\/www.copealcoy.es\\\/es\\\/fundacion-mutua-levante-arranca-2022-amb-una-ampla-activitat-cultural\\\/#breadcrumb\"},\"inLanguage\":\"es\",\"potentialAction\":[{\"@type\":\"ReadAction\",\"target\":[\"https:\\\/\\\/www.copealcoy.es\\\/es\\\/fundacion-mutua-levante-arranca-2022-amb-una-ampla-activitat-cultural\\\/\"]}]},{\"@type\":\"ImageObject\",\"inLanguage\":\"es\",\"@id\":\"https:\\\/\\\/www.copealcoy.es\\\/es\\\/fundacion-mutua-levante-arranca-2022-amb-una-ampla-activitat-cultural\\\/#primaryimage\",\"url\":\"https:\\\/\\\/www.copealcoy.es\\\/wp-content\\\/uploads\\\/2022\\\/01\\\/unnamed-20-scaled-e1643123336439.jpg\",\"contentUrl\":\"https:\\\/\\\/www.copealcoy.es\\\/wp-content\\\/uploads\\\/2022\\\/01\\\/unnamed-20-scaled-e1643123336439.jpg\",\"width\":840,\"height\":557},{\"@type\":\"BreadcrumbList\",\"@id\":\"https:\\\/\\\/www.copealcoy.es\\\/es\\\/fundacion-mutua-levante-arranca-2022-amb-una-ampla-activitat-cultural\\\/#breadcrumb\",\"itemListElement\":[{\"@type\":\"ListItem\",\"position\":1,\"name\":\"Portada\",\"item\":\"https:\\\/\\\/www.copealcoy.es\\\/es\\\/\"},{\"@type\":\"ListItem\",\"position\":2,\"name\":\"Fundaci\u00f3n Mutua Levante arranca 2022 amb una ampla activitat cultural\"}]},{\"@type\":\"WebSite\",\"@id\":\"https:\\\/\\\/www.copealcoy.es\\\/es\\\/#website\",\"url\":\"https:\\\/\\\/www.copealcoy.es\\\/es\\\/\",\"name\":\"COPE Alcoy\",\"description\":\"Emisora COPE de radio local con emisi\u00f3n online. Pont de Sant Jordi 8-10 03803 Alcoy\",\"potentialAction\":[{\"@type\":\"SearchAction\",\"target\":{\"@type\":\"EntryPoint\",\"urlTemplate\":\"https:\\\/\\\/www.copealcoy.es\\\/es\\\/?s={search_term_string}\"},\"query-input\":{\"@type\":\"PropertyValueSpecification\",\"valueRequired\":true,\"valueName\":\"search_term_string\"}}],\"inLanguage\":\"es\"},{\"@type\":\"Person\",\"@id\":\"https:\\\/\\\/www.copealcoy.es\\\/es\\\/#\\\/schema\\\/person\\\/e777c87fa024e57d40170af9df39882c\",\"name\":\"Cope Alcoy\",\"image\":{\"@type\":\"ImageObject\",\"inLanguage\":\"es\",\"@id\":\"https:\\\/\\\/secure.gravatar.com\\\/avatar\\\/bb65d0283347e303893ba14f0692005417c1e0e690a325a4c5d8bb2b3943ee14?s=96&d=mm&r=g\",\"url\":\"https:\\\/\\\/secure.gravatar.com\\\/avatar\\\/bb65d0283347e303893ba14f0692005417c1e0e690a325a4c5d8bb2b3943ee14?s=96&d=mm&r=g\",\"contentUrl\":\"https:\\\/\\\/secure.gravatar.com\\\/avatar\\\/bb65d0283347e303893ba14f0692005417c1e0e690a325a4c5d8bb2b3943ee14?s=96&d=mm&r=g\",\"caption\":\"Cope Alcoy\"}}]}<\/script>\n<!-- \/ Yoast SEO plugin. -->","yoast_head_json":{"title":"Fundaci\u00f3n Mutua Levante arranca 2022 amb una ampla activitat cultural - COPE Alcoy","robots":{"index":"index","follow":"follow","max-snippet":"max-snippet:-1","max-image-preview":"max-image-preview:large","max-video-preview":"max-video-preview:-1"},"canonical":"https:\/\/www.copealcoy.es\/es\/fundacion-mutua-levante-arranca-2022-amb-una-ampla-activitat-cultural\/","og_locale":"es_ES","og_type":"article","og_title":"Fundaci\u00f3n Mutua Levante arranca 2022 amb una ampla activitat cultural - COPE Alcoy","og_description":"La Sala de la Fundaci\u00f3\u00a0Mutua\u00a0de\u00a0Levante\u00a0d&#8217;Alcoi ha comen\u00e7at el 2022 amb una completa oferta d&#8217;activitats que estan tenint lloc al llarg...","og_url":"https:\/\/www.copealcoy.es\/es\/fundacion-mutua-levante-arranca-2022-amb-una-ampla-activitat-cultural\/","og_site_name":"COPE Alcoy","article_published_time":"2022-01-25T14:47:44+00:00","article_modified_time":"2022-01-25T15:09:04+00:00","og_image":[{"width":840,"height":557,"url":"https:\/\/www.copealcoy.es\/wp-content\/uploads\/2022\/01\/unnamed-20-scaled-e1643123336439.jpg","type":"image\/jpeg"}],"author":"Cope Alcoy","twitter_misc":{"Escrito por":"Cope Alcoy","Tiempo de lectura":"2 minutos"},"schema":{"@context":"https:\/\/schema.org","@graph":[{"@type":"Article","@id":"https:\/\/www.copealcoy.es\/es\/fundacion-mutua-levante-arranca-2022-amb-una-ampla-activitat-cultural\/#article","isPartOf":{"@id":"https:\/\/www.copealcoy.es\/es\/fundacion-mutua-levante-arranca-2022-amb-una-ampla-activitat-cultural\/"},"author":{"name":"Cope Alcoy","@id":"https:\/\/www.copealcoy.es\/es\/#\/schema\/person\/e777c87fa024e57d40170af9df39882c"},"headline":"Fundaci\u00f3n Mutua Levante arranca 2022 amb una ampla activitat cultural","datePublished":"2022-01-25T14:47:44+00:00","dateModified":"2022-01-25T15:09:04+00:00","mainEntityOfPage":{"@id":"https:\/\/www.copealcoy.es\/es\/fundacion-mutua-levante-arranca-2022-amb-una-ampla-activitat-cultural\/"},"wordCount":370,"commentCount":0,"image":{"@id":"https:\/\/www.copealcoy.es\/es\/fundacion-mutua-levante-arranca-2022-amb-una-ampla-activitat-cultural\/#primaryimage"},"thumbnailUrl":"https:\/\/www.copealcoy.es\/wp-content\/uploads\/2022\/01\/unnamed-20-scaled-e1643123336439.jpg","keywords":["activitats culturals","Alcoi","Fundaci\u00f3 Mutua de Levante","Fundaci\u00f3n","sala cultural"],"articleSection":["Alcoy","Fiesta y Cultura","Noticias"],"inLanguage":"es"},{"@type":"WebPage","@id":"https:\/\/www.copealcoy.es\/es\/fundacion-mutua-levante-arranca-2022-amb-una-ampla-activitat-cultural\/","url":"https:\/\/www.copealcoy.es\/es\/fundacion-mutua-levante-arranca-2022-amb-una-ampla-activitat-cultural\/","name":"Fundaci\u00f3n Mutua Levante arranca 2022 amb una ampla activitat cultural - COPE Alcoy","isPartOf":{"@id":"https:\/\/www.copealcoy.es\/es\/#website"},"primaryImageOfPage":{"@id":"https:\/\/www.copealcoy.es\/es\/fundacion-mutua-levante-arranca-2022-amb-una-ampla-activitat-cultural\/#primaryimage"},"image":{"@id":"https:\/\/www.copealcoy.es\/es\/fundacion-mutua-levante-arranca-2022-amb-una-ampla-activitat-cultural\/#primaryimage"},"thumbnailUrl":"https:\/\/www.copealcoy.es\/wp-content\/uploads\/2022\/01\/unnamed-20-scaled-e1643123336439.jpg","datePublished":"2022-01-25T14:47:44+00:00","dateModified":"2022-01-25T15:09:04+00:00","author":{"@id":"https:\/\/www.copealcoy.es\/es\/#\/schema\/person\/e777c87fa024e57d40170af9df39882c"},"breadcrumb":{"@id":"https:\/\/www.copealcoy.es\/es\/fundacion-mutua-levante-arranca-2022-amb-una-ampla-activitat-cultural\/#breadcrumb"},"inLanguage":"es","potentialAction":[{"@type":"ReadAction","target":["https:\/\/www.copealcoy.es\/es\/fundacion-mutua-levante-arranca-2022-amb-una-ampla-activitat-cultural\/"]}]},{"@type":"ImageObject","inLanguage":"es","@id":"https:\/\/www.copealcoy.es\/es\/fundacion-mutua-levante-arranca-2022-amb-una-ampla-activitat-cultural\/#primaryimage","url":"https:\/\/www.copealcoy.es\/wp-content\/uploads\/2022\/01\/unnamed-20-scaled-e1643123336439.jpg","contentUrl":"https:\/\/www.copealcoy.es\/wp-content\/uploads\/2022\/01\/unnamed-20-scaled-e1643123336439.jpg","width":840,"height":557},{"@type":"BreadcrumbList","@id":"https:\/\/www.copealcoy.es\/es\/fundacion-mutua-levante-arranca-2022-amb-una-ampla-activitat-cultural\/#breadcrumb","itemListElement":[{"@type":"ListItem","position":1,"name":"Portada","item":"https:\/\/www.copealcoy.es\/es\/"},{"@type":"ListItem","position":2,"name":"Fundaci\u00f3n Mutua Levante arranca 2022 amb una ampla activitat cultural"}]},{"@type":"WebSite","@id":"https:\/\/www.copealcoy.es\/es\/#website","url":"https:\/\/www.copealcoy.es\/es\/","name":"COPE Alcoy","description":"Emisora COPE de radio local con emisi\u00f3n online. Pont de Sant Jordi 8-10 03803 Alcoy","potentialAction":[{"@type":"SearchAction","target":{"@type":"EntryPoint","urlTemplate":"https:\/\/www.copealcoy.es\/es\/?s={search_term_string}"},"query-input":{"@type":"PropertyValueSpecification","valueRequired":true,"valueName":"search_term_string"}}],"inLanguage":"es"},{"@type":"Person","@id":"https:\/\/www.copealcoy.es\/es\/#\/schema\/person\/e777c87fa024e57d40170af9df39882c","name":"Cope Alcoy","image":{"@type":"ImageObject","inLanguage":"es","@id":"https:\/\/secure.gravatar.com\/avatar\/bb65d0283347e303893ba14f0692005417c1e0e690a325a4c5d8bb2b3943ee14?s=96&d=mm&r=g","url":"https:\/\/secure.gravatar.com\/avatar\/bb65d0283347e303893ba14f0692005417c1e0e690a325a4c5d8bb2b3943ee14?s=96&d=mm&r=g","contentUrl":"https:\/\/secure.gravatar.com\/avatar\/bb65d0283347e303893ba14f0692005417c1e0e690a325a4c5d8bb2b3943ee14?s=96&d=mm&r=g","caption":"Cope Alcoy"}}]}},"_links":{"self":[{"href":"https:\/\/www.copealcoy.es\/es\/wp-json\/wp\/v2\/posts\/83061","targetHints":{"allow":["GET"]}}],"collection":[{"href":"https:\/\/www.copealcoy.es\/es\/wp-json\/wp\/v2\/posts"}],"about":[{"href":"https:\/\/www.copealcoy.es\/es\/wp-json\/wp\/v2\/types\/post"}],"author":[{"embeddable":true,"href":"https:\/\/www.copealcoy.es\/es\/wp-json\/wp\/v2\/users\/1"}],"replies":[{"embeddable":true,"href":"https:\/\/www.copealcoy.es\/es\/wp-json\/wp\/v2\/comments?post=83061"}],"version-history":[{"count":0,"href":"https:\/\/www.copealcoy.es\/es\/wp-json\/wp\/v2\/posts\/83061\/revisions"}],"wp:featuredmedia":[{"embeddable":true,"href":"https:\/\/www.copealcoy.es\/es\/wp-json\/wp\/v2\/media\/83062"}],"wp:attachment":[{"href":"https:\/\/www.copealcoy.es\/es\/wp-json\/wp\/v2\/media?parent=83061"}],"wp:term":[{"taxonomy":"category","embeddable":true,"href":"https:\/\/www.copealcoy.es\/es\/wp-json\/wp\/v2\/categories?post=83061"},{"taxonomy":"post_tag","embeddable":true,"href":"https:\/\/www.copealcoy.es\/es\/wp-json\/wp\/v2\/tags?post=83061"}],"curies":[{"name":"wp","href":"https:\/\/api.w.org\/{rel}","templated":true}]}}