{"id":83002,"date":"2022-01-24T19:39:06","date_gmt":"2022-01-24T18:39:06","guid":{"rendered":"https:\/\/www.copealcoy.es\/?p=83002"},"modified":"2022-01-24T19:57:04","modified_gmt":"2022-01-24T18:57:04","slug":"compromis-pone-sus-condiciones-para-aprobar-el-presupuesto-de-alcoy","status":"publish","type":"post","link":"https:\/\/www.copealcoy.es\/es\/compromis-pone-sus-condiciones-para-aprobar-el-presupuesto-de-alcoy\/","title":{"rendered":"Comprom\u00eds pone sus condiciones para aprobar el Presupuesto de Alcoy"},"content":{"rendered":"<p style=\"text-align: justify;\">El <strong>Grupo Municipal de Comprom\u00eds<\/strong> ha dado a conocer este lunes <strong>las propuestas que ha trabajado para que sean incluidas en los Presupuestos Locales<\/strong> de nuestra ciudad. Son <strong>un total de 13 las iniciativas planteadas<\/strong> y desde la agrupaci\u00f3n pol\u00edtica conf\u00edan que <strong>el Gobierno Local del PSOE apruebe la mayor\u00eda de ellas<\/strong>.<\/p>\n<p style=\"text-align: justify;\">Desde Comprom\u00eds plantean <strong>que se promueva el alquiler social a trav\u00e9s del Plan Rehabita II<\/strong>, una iniciativa que favorec\u00eda el acceso a la vivienda para los colectivos m\u00e1s vulnerables. Tambi\u00e9n defienden acciones para <strong>promover la eficiencia energ\u00e9tica<\/strong>, la <strong>promoci\u00f3n del valenciano<\/strong>, la <strong>creaci\u00f3n de una red vecinal<\/strong> para combatir la soledad, <strong>incrementar la partida del banco de alimentos<\/strong>, <strong>mayor transparencia<\/strong> en la web municipal, <strong>itinerarios de aprendizaje<\/strong> para la poblaci\u00f3n adulta o <strong>auditorias vecinales<\/strong> para que se garantice el cumplimiento de los compromisos adquiridos por el Consistorio. A todo ello se le suma <strong>el incremento de la plantilla en el Departamento de Sanidad<\/strong> o en<strong> la Unidad de Prevenci\u00f3n de Conductas Adictivas<\/strong> as\u00ed como <strong>la creaci\u00f3n del &#8216;Espai Petit&#8217;<\/strong> de cara a promover la creaci\u00f3n de los m\u00e1s j\u00f3venes &#8220;<em>son propuestas que hemos trabajado para que puedan entrar y nuestro convencimiento es que sean aceptadas. Ahora nos faltan saber las previsiones econ\u00f3micas del Gobierno Municipal del PSOE para saber si la situaci\u00f3n financiera de la ciudad permite que puedan ser ejecutadas. Comprom\u00eds tiene un proyecto claro de ciudad<\/em>&#8220;, han afirmado <strong>M\u00e0rius Ivorra y Elisa Guillem<\/strong>, Portavoz y edil de Comprom\u00eds; respectivamente.<\/p>\n<p style=\"text-align: justify;\">A todo lo mencionado anteriormente se le a\u00f1ade tambi\u00e9n la opci\u00f3n de <strong>reforzar las actividades del &#8216;Estiu Festiu&#8217;<\/strong>. De esta forma se quiere que <strong>la oferta cultural del verano sea m\u00e1s amplia<\/strong> para as\u00ed llegar a todos los barrios durante los meses estivales.<\/p>\n","protected":false},"excerpt":{"rendered":"<p>El Grupo Municipal de Comprom\u00eds ha dado a conocer este lunes las propuestas que ha trabajado para que sean incluidas&#8230;<\/p>\n","protected":false},"author":1,"featured_media":83003,"comment_status":"open","ping_status":"open","sticky":false,"template":"","format":"standard","meta":{"footnotes":""},"categories":[97,75,79],"tags":[160,152,7432,2008,1572],"class_list":["post-83002","post","type-post","status-publish","format-standard","has-post-thumbnail","hentry","category-alcoy","category-noticias","category-politicayeconomia","tag-alcoi","tag-compromis","tag-elisa-guillem","tag-marius-ivorra","tag-presupuestos-municipales"],"yoast_head":"<!-- This site is optimized with the Yoast SEO plugin v27.3 - https:\/\/yoast.com\/product\/yoast-seo-wordpress\/ -->\n<title>Comprom\u00eds pone sus condiciones para aprobar el Presupuesto de Alcoy - COPE Alcoy<\/title>\n<meta name=\"robots\" content=\"index, follow, max-snippet:-1, max-image-preview:large, max-video-preview:-1\" \/>\n<link rel=\"canonical\" href=\"https:\/\/www.copealcoy.es\/es\/compromis-pone-sus-condiciones-para-aprobar-el-presupuesto-de-alcoy\/\" \/>\n<meta property=\"og:locale\" content=\"es_ES\" \/>\n<meta property=\"og:type\" content=\"article\" \/>\n<meta property=\"og:title\" content=\"Comprom\u00eds pone sus condiciones para aprobar el Presupuesto de Alcoy - COPE Alcoy\" \/>\n<meta property=\"og:description\" content=\"El Grupo Municipal de Comprom\u00eds ha dado a conocer este lunes las propuestas que ha trabajado para que sean incluidas...\" \/>\n<meta property=\"og:url\" content=\"https:\/\/www.copealcoy.es\/es\/compromis-pone-sus-condiciones-para-aprobar-el-presupuesto-de-alcoy\/\" \/>\n<meta property=\"og:site_name\" content=\"COPE Alcoy\" \/>\n<meta property=\"article:published_time\" content=\"2022-01-24T18:39:06+00:00\" \/>\n<meta property=\"article:modified_time\" content=\"2022-01-24T18:57:04+00:00\" \/>\n<meta property=\"og:image\" content=\"https:\/\/www.copealcoy.es\/wp-content\/uploads\/2022\/01\/272372876_258850316372327_1190609840366556745_n-e1643049481137.jpg\" \/>\n\t<meta property=\"og:image:width\" content=\"1930\" \/>\n\t<meta property=\"og:image:height\" content=\"1172\" \/>\n\t<meta property=\"og:image:type\" content=\"image\/jpeg\" \/>\n<meta name=\"author\" content=\"Cope Alcoy\" \/>\n<meta name=\"twitter:label1\" content=\"Escrito por\" \/>\n\t<meta name=\"twitter:data1\" content=\"Cope Alcoy\" \/>\n\t<meta name=\"twitter:label2\" content=\"Tiempo de lectura\" \/>\n\t<meta name=\"twitter:data2\" content=\"2 minutos\" \/>\n<script type=\"application\/ld+json\" class=\"yoast-schema-graph\">{\"@context\":\"https:\\\/\\\/schema.org\",\"@graph\":[{\"@type\":\"Article\",\"@id\":\"https:\\\/\\\/www.copealcoy.es\\\/es\\\/compromis-pone-sus-condiciones-para-aprobar-el-presupuesto-de-alcoy\\\/#article\",\"isPartOf\":{\"@id\":\"https:\\\/\\\/www.copealcoy.es\\\/es\\\/compromis-pone-sus-condiciones-para-aprobar-el-presupuesto-de-alcoy\\\/\"},\"author\":{\"name\":\"Cope Alcoy\",\"@id\":\"https:\\\/\\\/www.copealcoy.es\\\/es\\\/#\\\/schema\\\/person\\\/e777c87fa024e57d40170af9df39882c\"},\"headline\":\"Comprom\u00eds pone sus condiciones para aprobar el Presupuesto de Alcoy\",\"datePublished\":\"2022-01-24T18:39:06+00:00\",\"dateModified\":\"2022-01-24T18:57:04+00:00\",\"mainEntityOfPage\":{\"@id\":\"https:\\\/\\\/www.copealcoy.es\\\/es\\\/compromis-pone-sus-condiciones-para-aprobar-el-presupuesto-de-alcoy\\\/\"},\"wordCount\":324,\"commentCount\":0,\"image\":{\"@id\":\"https:\\\/\\\/www.copealcoy.es\\\/es\\\/compromis-pone-sus-condiciones-para-aprobar-el-presupuesto-de-alcoy\\\/#primaryimage\"},\"thumbnailUrl\":\"https:\\\/\\\/www.copealcoy.es\\\/wp-content\\\/uploads\\\/2022\\\/01\\\/272372876_258850316372327_1190609840366556745_n-e1643049481137.jpg\",\"keywords\":[\"Alcoi\",\"Comprom\u00eds\",\"Elisa Guillem\",\"M\u00e0rius Ivorra\",\"Presupuestos Municipales\"],\"articleSection\":[\"Alcoy\",\"Noticias\",\"Pol\u00edtica y Econom\u00eda\"],\"inLanguage\":\"es\"},{\"@type\":\"WebPage\",\"@id\":\"https:\\\/\\\/www.copealcoy.es\\\/es\\\/compromis-pone-sus-condiciones-para-aprobar-el-presupuesto-de-alcoy\\\/\",\"url\":\"https:\\\/\\\/www.copealcoy.es\\\/es\\\/compromis-pone-sus-condiciones-para-aprobar-el-presupuesto-de-alcoy\\\/\",\"name\":\"Comprom\u00eds pone sus condiciones para aprobar el Presupuesto de Alcoy - COPE Alcoy\",\"isPartOf\":{\"@id\":\"https:\\\/\\\/www.copealcoy.es\\\/es\\\/#website\"},\"primaryImageOfPage\":{\"@id\":\"https:\\\/\\\/www.copealcoy.es\\\/es\\\/compromis-pone-sus-condiciones-para-aprobar-el-presupuesto-de-alcoy\\\/#primaryimage\"},\"image\":{\"@id\":\"https:\\\/\\\/www.copealcoy.es\\\/es\\\/compromis-pone-sus-condiciones-para-aprobar-el-presupuesto-de-alcoy\\\/#primaryimage\"},\"thumbnailUrl\":\"https:\\\/\\\/www.copealcoy.es\\\/wp-content\\\/uploads\\\/2022\\\/01\\\/272372876_258850316372327_1190609840366556745_n-e1643049481137.jpg\",\"datePublished\":\"2022-01-24T18:39:06+00:00\",\"dateModified\":\"2022-01-24T18:57:04+00:00\",\"author\":{\"@id\":\"https:\\\/\\\/www.copealcoy.es\\\/es\\\/#\\\/schema\\\/person\\\/e777c87fa024e57d40170af9df39882c\"},\"breadcrumb\":{\"@id\":\"https:\\\/\\\/www.copealcoy.es\\\/es\\\/compromis-pone-sus-condiciones-para-aprobar-el-presupuesto-de-alcoy\\\/#breadcrumb\"},\"inLanguage\":\"es\",\"potentialAction\":[{\"@type\":\"ReadAction\",\"target\":[\"https:\\\/\\\/www.copealcoy.es\\\/es\\\/compromis-pone-sus-condiciones-para-aprobar-el-presupuesto-de-alcoy\\\/\"]}]},{\"@type\":\"ImageObject\",\"inLanguage\":\"es\",\"@id\":\"https:\\\/\\\/www.copealcoy.es\\\/es\\\/compromis-pone-sus-condiciones-para-aprobar-el-presupuesto-de-alcoy\\\/#primaryimage\",\"url\":\"https:\\\/\\\/www.copealcoy.es\\\/wp-content\\\/uploads\\\/2022\\\/01\\\/272372876_258850316372327_1190609840366556745_n-e1643049481137.jpg\",\"contentUrl\":\"https:\\\/\\\/www.copealcoy.es\\\/wp-content\\\/uploads\\\/2022\\\/01\\\/272372876_258850316372327_1190609840366556745_n-e1643049481137.jpg\",\"width\":1930,\"height\":1172},{\"@type\":\"BreadcrumbList\",\"@id\":\"https:\\\/\\\/www.copealcoy.es\\\/es\\\/compromis-pone-sus-condiciones-para-aprobar-el-presupuesto-de-alcoy\\\/#breadcrumb\",\"itemListElement\":[{\"@type\":\"ListItem\",\"position\":1,\"name\":\"Portada\",\"item\":\"https:\\\/\\\/www.copealcoy.es\\\/es\\\/\"},{\"@type\":\"ListItem\",\"position\":2,\"name\":\"Comprom\u00eds pone sus condiciones para aprobar el Presupuesto de Alcoy\"}]},{\"@type\":\"WebSite\",\"@id\":\"https:\\\/\\\/www.copealcoy.es\\\/es\\\/#website\",\"url\":\"https:\\\/\\\/www.copealcoy.es\\\/es\\\/\",\"name\":\"COPE Alcoy\",\"description\":\"Emisora COPE de radio local con emisi\u00f3n online. Pont de Sant Jordi 8-10 03803 Alcoy\",\"potentialAction\":[{\"@type\":\"SearchAction\",\"target\":{\"@type\":\"EntryPoint\",\"urlTemplate\":\"https:\\\/\\\/www.copealcoy.es\\\/es\\\/?s={search_term_string}\"},\"query-input\":{\"@type\":\"PropertyValueSpecification\",\"valueRequired\":true,\"valueName\":\"search_term_string\"}}],\"inLanguage\":\"es\"},{\"@type\":\"Person\",\"@id\":\"https:\\\/\\\/www.copealcoy.es\\\/es\\\/#\\\/schema\\\/person\\\/e777c87fa024e57d40170af9df39882c\",\"name\":\"Cope Alcoy\",\"image\":{\"@type\":\"ImageObject\",\"inLanguage\":\"es\",\"@id\":\"https:\\\/\\\/secure.gravatar.com\\\/avatar\\\/bb65d0283347e303893ba14f0692005417c1e0e690a325a4c5d8bb2b3943ee14?s=96&d=mm&r=g\",\"url\":\"https:\\\/\\\/secure.gravatar.com\\\/avatar\\\/bb65d0283347e303893ba14f0692005417c1e0e690a325a4c5d8bb2b3943ee14?s=96&d=mm&r=g\",\"contentUrl\":\"https:\\\/\\\/secure.gravatar.com\\\/avatar\\\/bb65d0283347e303893ba14f0692005417c1e0e690a325a4c5d8bb2b3943ee14?s=96&d=mm&r=g\",\"caption\":\"Cope Alcoy\"}}]}<\/script>\n<!-- \/ Yoast SEO plugin. -->","yoast_head_json":{"title":"Comprom\u00eds pone sus condiciones para aprobar el Presupuesto de Alcoy - COPE Alcoy","robots":{"index":"index","follow":"follow","max-snippet":"max-snippet:-1","max-image-preview":"max-image-preview:large","max-video-preview":"max-video-preview:-1"},"canonical":"https:\/\/www.copealcoy.es\/es\/compromis-pone-sus-condiciones-para-aprobar-el-presupuesto-de-alcoy\/","og_locale":"es_ES","og_type":"article","og_title":"Comprom\u00eds pone sus condiciones para aprobar el Presupuesto de Alcoy - COPE Alcoy","og_description":"El Grupo Municipal de Comprom\u00eds ha dado a conocer este lunes las propuestas que ha trabajado para que sean incluidas...","og_url":"https:\/\/www.copealcoy.es\/es\/compromis-pone-sus-condiciones-para-aprobar-el-presupuesto-de-alcoy\/","og_site_name":"COPE Alcoy","article_published_time":"2022-01-24T18:39:06+00:00","article_modified_time":"2022-01-24T18:57:04+00:00","og_image":[{"width":1930,"height":1172,"url":"https:\/\/www.copealcoy.es\/wp-content\/uploads\/2022\/01\/272372876_258850316372327_1190609840366556745_n-e1643049481137.jpg","type":"image\/jpeg"}],"author":"Cope Alcoy","twitter_misc":{"Escrito por":"Cope Alcoy","Tiempo de lectura":"2 minutos"},"schema":{"@context":"https:\/\/schema.org","@graph":[{"@type":"Article","@id":"https:\/\/www.copealcoy.es\/es\/compromis-pone-sus-condiciones-para-aprobar-el-presupuesto-de-alcoy\/#article","isPartOf":{"@id":"https:\/\/www.copealcoy.es\/es\/compromis-pone-sus-condiciones-para-aprobar-el-presupuesto-de-alcoy\/"},"author":{"name":"Cope Alcoy","@id":"https:\/\/www.copealcoy.es\/es\/#\/schema\/person\/e777c87fa024e57d40170af9df39882c"},"headline":"Comprom\u00eds pone sus condiciones para aprobar el Presupuesto de Alcoy","datePublished":"2022-01-24T18:39:06+00:00","dateModified":"2022-01-24T18:57:04+00:00","mainEntityOfPage":{"@id":"https:\/\/www.copealcoy.es\/es\/compromis-pone-sus-condiciones-para-aprobar-el-presupuesto-de-alcoy\/"},"wordCount":324,"commentCount":0,"image":{"@id":"https:\/\/www.copealcoy.es\/es\/compromis-pone-sus-condiciones-para-aprobar-el-presupuesto-de-alcoy\/#primaryimage"},"thumbnailUrl":"https:\/\/www.copealcoy.es\/wp-content\/uploads\/2022\/01\/272372876_258850316372327_1190609840366556745_n-e1643049481137.jpg","keywords":["Alcoi","Comprom\u00eds","Elisa Guillem","M\u00e0rius Ivorra","Presupuestos Municipales"],"articleSection":["Alcoy","Noticias","Pol\u00edtica y Econom\u00eda"],"inLanguage":"es"},{"@type":"WebPage","@id":"https:\/\/www.copealcoy.es\/es\/compromis-pone-sus-condiciones-para-aprobar-el-presupuesto-de-alcoy\/","url":"https:\/\/www.copealcoy.es\/es\/compromis-pone-sus-condiciones-para-aprobar-el-presupuesto-de-alcoy\/","name":"Comprom\u00eds pone sus condiciones para aprobar el Presupuesto de Alcoy - COPE Alcoy","isPartOf":{"@id":"https:\/\/www.copealcoy.es\/es\/#website"},"primaryImageOfPage":{"@id":"https:\/\/www.copealcoy.es\/es\/compromis-pone-sus-condiciones-para-aprobar-el-presupuesto-de-alcoy\/#primaryimage"},"image":{"@id":"https:\/\/www.copealcoy.es\/es\/compromis-pone-sus-condiciones-para-aprobar-el-presupuesto-de-alcoy\/#primaryimage"},"thumbnailUrl":"https:\/\/www.copealcoy.es\/wp-content\/uploads\/2022\/01\/272372876_258850316372327_1190609840366556745_n-e1643049481137.jpg","datePublished":"2022-01-24T18:39:06+00:00","dateModified":"2022-01-24T18:57:04+00:00","author":{"@id":"https:\/\/www.copealcoy.es\/es\/#\/schema\/person\/e777c87fa024e57d40170af9df39882c"},"breadcrumb":{"@id":"https:\/\/www.copealcoy.es\/es\/compromis-pone-sus-condiciones-para-aprobar-el-presupuesto-de-alcoy\/#breadcrumb"},"inLanguage":"es","potentialAction":[{"@type":"ReadAction","target":["https:\/\/www.copealcoy.es\/es\/compromis-pone-sus-condiciones-para-aprobar-el-presupuesto-de-alcoy\/"]}]},{"@type":"ImageObject","inLanguage":"es","@id":"https:\/\/www.copealcoy.es\/es\/compromis-pone-sus-condiciones-para-aprobar-el-presupuesto-de-alcoy\/#primaryimage","url":"https:\/\/www.copealcoy.es\/wp-content\/uploads\/2022\/01\/272372876_258850316372327_1190609840366556745_n-e1643049481137.jpg","contentUrl":"https:\/\/www.copealcoy.es\/wp-content\/uploads\/2022\/01\/272372876_258850316372327_1190609840366556745_n-e1643049481137.jpg","width":1930,"height":1172},{"@type":"BreadcrumbList","@id":"https:\/\/www.copealcoy.es\/es\/compromis-pone-sus-condiciones-para-aprobar-el-presupuesto-de-alcoy\/#breadcrumb","itemListElement":[{"@type":"ListItem","position":1,"name":"Portada","item":"https:\/\/www.copealcoy.es\/es\/"},{"@type":"ListItem","position":2,"name":"Comprom\u00eds pone sus condiciones para aprobar el Presupuesto de Alcoy"}]},{"@type":"WebSite","@id":"https:\/\/www.copealcoy.es\/es\/#website","url":"https:\/\/www.copealcoy.es\/es\/","name":"COPE Alcoy","description":"Emisora COPE de radio local con emisi\u00f3n online. Pont de Sant Jordi 8-10 03803 Alcoy","potentialAction":[{"@type":"SearchAction","target":{"@type":"EntryPoint","urlTemplate":"https:\/\/www.copealcoy.es\/es\/?s={search_term_string}"},"query-input":{"@type":"PropertyValueSpecification","valueRequired":true,"valueName":"search_term_string"}}],"inLanguage":"es"},{"@type":"Person","@id":"https:\/\/www.copealcoy.es\/es\/#\/schema\/person\/e777c87fa024e57d40170af9df39882c","name":"Cope Alcoy","image":{"@type":"ImageObject","inLanguage":"es","@id":"https:\/\/secure.gravatar.com\/avatar\/bb65d0283347e303893ba14f0692005417c1e0e690a325a4c5d8bb2b3943ee14?s=96&d=mm&r=g","url":"https:\/\/secure.gravatar.com\/avatar\/bb65d0283347e303893ba14f0692005417c1e0e690a325a4c5d8bb2b3943ee14?s=96&d=mm&r=g","contentUrl":"https:\/\/secure.gravatar.com\/avatar\/bb65d0283347e303893ba14f0692005417c1e0e690a325a4c5d8bb2b3943ee14?s=96&d=mm&r=g","caption":"Cope Alcoy"}}]}},"_links":{"self":[{"href":"https:\/\/www.copealcoy.es\/es\/wp-json\/wp\/v2\/posts\/83002","targetHints":{"allow":["GET"]}}],"collection":[{"href":"https:\/\/www.copealcoy.es\/es\/wp-json\/wp\/v2\/posts"}],"about":[{"href":"https:\/\/www.copealcoy.es\/es\/wp-json\/wp\/v2\/types\/post"}],"author":[{"embeddable":true,"href":"https:\/\/www.copealcoy.es\/es\/wp-json\/wp\/v2\/users\/1"}],"replies":[{"embeddable":true,"href":"https:\/\/www.copealcoy.es\/es\/wp-json\/wp\/v2\/comments?post=83002"}],"version-history":[{"count":0,"href":"https:\/\/www.copealcoy.es\/es\/wp-json\/wp\/v2\/posts\/83002\/revisions"}],"wp:featuredmedia":[{"embeddable":true,"href":"https:\/\/www.copealcoy.es\/es\/wp-json\/wp\/v2\/media\/83003"}],"wp:attachment":[{"href":"https:\/\/www.copealcoy.es\/es\/wp-json\/wp\/v2\/media?parent=83002"}],"wp:term":[{"taxonomy":"category","embeddable":true,"href":"https:\/\/www.copealcoy.es\/es\/wp-json\/wp\/v2\/categories?post=83002"},{"taxonomy":"post_tag","embeddable":true,"href":"https:\/\/www.copealcoy.es\/es\/wp-json\/wp\/v2\/tags?post=83002"}],"curies":[{"name":"wp","href":"https:\/\/api.w.org\/{rel}","templated":true}]}}