{"id":82958,"date":"2022-01-24T08:00:54","date_gmt":"2022-01-24T07:00:54","guid":{"rendered":"https:\/\/www.copealcoy.es\/?p=82958"},"modified":"2022-01-24T08:03:21","modified_gmt":"2022-01-24T07:03:21","slug":"la-generalitat-decide-esta-semana-si-amplia-el-pasaporte-covid","status":"publish","type":"post","link":"https:\/\/www.copealcoy.es\/es\/la-generalitat-decide-esta-semana-si-amplia-el-pasaporte-covid\/","title":{"rendered":"La Generalitat decide esta semana si amplia el pasaporte Covid"},"content":{"rendered":"<p style=\"text-align: justify;\">El President de la Generalitat Valenciana,<strong> Ximo Puig<\/strong>,\u00a0aseguraba hace unos d\u00edas que\u00a0<strong>todav\u00eda no tiene tomada una decisi\u00f3n sobre si mantendr\u00e1 o no la obligaci\u00f3n del pasaporte Covid <\/strong>para acceder a locales de ocio y de restauraci\u00f3n.<\/p>\n<p style=\"text-align: justify;\">Algunas comunidades aut\u00f3nomas como <strong>Cantabria o Catalu\u00f1a<\/strong> ya han anunciado o eliminado esta medida pero en la Comunitat Valenciana <strong>el Gobierno Auton\u00f3mico insiste<\/strong> en el alcance positivo que ha tenido para por un lado aumentar el porcentaje de vacunados y por otro para la econom\u00eda ya que esta medida ha permitido no tomar medidas m\u00e1s dr\u00e1sticas como el cierre de locales o la limitaci\u00f3n de horarios.<\/p>\n<p style=\"text-align: justify;\">A\u00fan as\u00ed,\u00a0<strong>desde el ejecutivo de Puig insisten en que todav\u00eda es pronto para tomar una decisi\u00f3n puesto que la medida est\u00e1 en vigor hasta el pr\u00f3ximo 31 de enero<\/strong>\u00a0y por tanto prefieren esperar unos d\u00edas m\u00e1s para ver si los contagios comienzan a bajar.<\/p>\n<p style=\"text-align: justify;\">El Presidente Puig aseguraba que la tendencia era que en\u00a0<strong>la pr\u00f3xima semana la curva de contagios comenzar\u00eda a bajar\u00a0<\/strong>pero lo cierto es que la Comunitat ha cerrado la semana con mayor registro de contagios en toda la pandemia.<\/p>\n<p style=\"text-align: justify;\">A\u00fan as\u00ed est\u00e1 previsto que\u00a0<strong>esta semana se re\u00fana la Comisi\u00f3n Interdepartamental\u00a0<\/strong>para analizar la situaci\u00f3n de la pandemia y decidir entonces si prorrogar o no la medida del pasaporte de vacunaci\u00f3n para acceder a los establecimientos.<\/p>\n<p style=\"text-align: justify;\">El Consell quiere\u00a0<strong>afinar su decisi\u00f3n a la evoluci\u00f3n de los contagios, si bien es cierto que pese al elevado n\u00famero de positivos, esta sexta ola no est\u00e1 ejerciendo presi\u00f3n hospitalaria importante,<\/strong>\u00a0por tanto lo m\u00e1s probable es que la Comisi\u00f3n se re\u00fana a finales de semana y as\u00ed ganar tiempo para ver si el volumen de contagios comienza a descender.<\/p>\n<p style=\"text-align: justify;\">Si finalmente el Gobierno valenciano opta por prorrogar la medida,\u00a0<strong>deber\u00eda contar de nuevo con el aval del Tribunal Superior de Justicia Valenciano<\/strong>.<\/p>\n","protected":false},"excerpt":{"rendered":"<p>El President de la Generalitat Valenciana, Ximo Puig,\u00a0aseguraba hace unos d\u00edas que\u00a0todav\u00eda no tiene tomada una decisi\u00f3n sobre si mantendr\u00e1&#8230;<\/p>\n","protected":false},"author":1,"featured_media":80306,"comment_status":"open","ping_status":"open","sticky":false,"template":"","format":"standard","meta":{"footnotes":""},"categories":[6909,75,79,125],"tags":[1338,7281,12339,994,12146],"class_list":["post-82958","post","type-post","status-publish","format-standard","has-post-thumbnail","hentry","category-actualidad","category-noticias","category-politicayeconomia","category-portada","tag-ampliacion","tag-coronavirus","tag-decision","tag-generalitat-valenciana","tag-pasaporte-covid"],"yoast_head":"<!-- This site is optimized with the Yoast SEO plugin v27.3 - https:\/\/yoast.com\/product\/yoast-seo-wordpress\/ -->\n<title>La Generalitat decide esta semana si amplia el pasaporte Covid - COPE Alcoy<\/title>\n<meta name=\"robots\" content=\"index, follow, max-snippet:-1, max-image-preview:large, max-video-preview:-1\" \/>\n<link rel=\"canonical\" href=\"https:\/\/www.copealcoy.es\/es\/la-generalitat-decide-esta-semana-si-amplia-el-pasaporte-covid\/\" \/>\n<meta property=\"og:locale\" content=\"es_ES\" \/>\n<meta property=\"og:type\" content=\"article\" \/>\n<meta property=\"og:title\" content=\"La Generalitat decide esta semana si amplia el pasaporte Covid - COPE Alcoy\" \/>\n<meta property=\"og:description\" content=\"El President de la Generalitat Valenciana, Ximo Puig,\u00a0aseguraba hace unos d\u00edas que\u00a0todav\u00eda no tiene tomada una decisi\u00f3n sobre si mantendr\u00e1...\" \/>\n<meta property=\"og:url\" content=\"https:\/\/www.copealcoy.es\/es\/la-generalitat-decide-esta-semana-si-amplia-el-pasaporte-covid\/\" \/>\n<meta property=\"og:site_name\" content=\"COPE Alcoy\" \/>\n<meta property=\"article:published_time\" content=\"2022-01-24T07:00:54+00:00\" \/>\n<meta property=\"article:modified_time\" content=\"2022-01-24T07:03:21+00:00\" \/>\n<meta property=\"og:image\" content=\"https:\/\/www.copealcoy.es\/wp-content\/uploads\/2021\/11\/1624434925355.jpg\" \/>\n\t<meta property=\"og:image:width\" content=\"976\" \/>\n\t<meta property=\"og:image:height\" content=\"526\" \/>\n\t<meta property=\"og:image:type\" content=\"image\/jpeg\" \/>\n<meta name=\"author\" content=\"Cope Alcoy\" \/>\n<meta name=\"twitter:label1\" content=\"Escrito por\" \/>\n\t<meta name=\"twitter:data1\" content=\"Cope Alcoy\" \/>\n\t<meta name=\"twitter:label2\" content=\"Tiempo de lectura\" \/>\n\t<meta name=\"twitter:data2\" content=\"2 minutos\" \/>\n<script type=\"application\/ld+json\" class=\"yoast-schema-graph\">{\"@context\":\"https:\\\/\\\/schema.org\",\"@graph\":[{\"@type\":\"Article\",\"@id\":\"https:\\\/\\\/www.copealcoy.es\\\/es\\\/la-generalitat-decide-esta-semana-si-amplia-el-pasaporte-covid\\\/#article\",\"isPartOf\":{\"@id\":\"https:\\\/\\\/www.copealcoy.es\\\/es\\\/la-generalitat-decide-esta-semana-si-amplia-el-pasaporte-covid\\\/\"},\"author\":{\"name\":\"Cope Alcoy\",\"@id\":\"https:\\\/\\\/www.copealcoy.es\\\/es\\\/#\\\/schema\\\/person\\\/e777c87fa024e57d40170af9df39882c\"},\"headline\":\"La Generalitat decide esta semana si amplia el pasaporte Covid\",\"datePublished\":\"2022-01-24T07:00:54+00:00\",\"dateModified\":\"2022-01-24T07:03:21+00:00\",\"mainEntityOfPage\":{\"@id\":\"https:\\\/\\\/www.copealcoy.es\\\/es\\\/la-generalitat-decide-esta-semana-si-amplia-el-pasaporte-covid\\\/\"},\"wordCount\":353,\"commentCount\":0,\"image\":{\"@id\":\"https:\\\/\\\/www.copealcoy.es\\\/es\\\/la-generalitat-decide-esta-semana-si-amplia-el-pasaporte-covid\\\/#primaryimage\"},\"thumbnailUrl\":\"https:\\\/\\\/www.copealcoy.es\\\/wp-content\\\/uploads\\\/2021\\\/11\\\/1624434925355.jpg\",\"keywords\":[\"ampliaci\u00f3n\",\"Coronavirus\",\"decisi\u00f3n\",\"Generalitat Valenciana\",\"pasaporte Covid\"],\"articleSection\":[\"Actualidad\",\"Noticias\",\"Pol\u00edtica y Econom\u00eda\",\"Portada\"],\"inLanguage\":\"es\"},{\"@type\":\"WebPage\",\"@id\":\"https:\\\/\\\/www.copealcoy.es\\\/es\\\/la-generalitat-decide-esta-semana-si-amplia-el-pasaporte-covid\\\/\",\"url\":\"https:\\\/\\\/www.copealcoy.es\\\/es\\\/la-generalitat-decide-esta-semana-si-amplia-el-pasaporte-covid\\\/\",\"name\":\"La Generalitat decide esta semana si amplia el pasaporte Covid - COPE Alcoy\",\"isPartOf\":{\"@id\":\"https:\\\/\\\/www.copealcoy.es\\\/es\\\/#website\"},\"primaryImageOfPage\":{\"@id\":\"https:\\\/\\\/www.copealcoy.es\\\/es\\\/la-generalitat-decide-esta-semana-si-amplia-el-pasaporte-covid\\\/#primaryimage\"},\"image\":{\"@id\":\"https:\\\/\\\/www.copealcoy.es\\\/es\\\/la-generalitat-decide-esta-semana-si-amplia-el-pasaporte-covid\\\/#primaryimage\"},\"thumbnailUrl\":\"https:\\\/\\\/www.copealcoy.es\\\/wp-content\\\/uploads\\\/2021\\\/11\\\/1624434925355.jpg\",\"datePublished\":\"2022-01-24T07:00:54+00:00\",\"dateModified\":\"2022-01-24T07:03:21+00:00\",\"author\":{\"@id\":\"https:\\\/\\\/www.copealcoy.es\\\/es\\\/#\\\/schema\\\/person\\\/e777c87fa024e57d40170af9df39882c\"},\"breadcrumb\":{\"@id\":\"https:\\\/\\\/www.copealcoy.es\\\/es\\\/la-generalitat-decide-esta-semana-si-amplia-el-pasaporte-covid\\\/#breadcrumb\"},\"inLanguage\":\"es\",\"potentialAction\":[{\"@type\":\"ReadAction\",\"target\":[\"https:\\\/\\\/www.copealcoy.es\\\/es\\\/la-generalitat-decide-esta-semana-si-amplia-el-pasaporte-covid\\\/\"]}]},{\"@type\":\"ImageObject\",\"inLanguage\":\"es\",\"@id\":\"https:\\\/\\\/www.copealcoy.es\\\/es\\\/la-generalitat-decide-esta-semana-si-amplia-el-pasaporte-covid\\\/#primaryimage\",\"url\":\"https:\\\/\\\/www.copealcoy.es\\\/wp-content\\\/uploads\\\/2021\\\/11\\\/1624434925355.jpg\",\"contentUrl\":\"https:\\\/\\\/www.copealcoy.es\\\/wp-content\\\/uploads\\\/2021\\\/11\\\/1624434925355.jpg\",\"width\":976,\"height\":526},{\"@type\":\"BreadcrumbList\",\"@id\":\"https:\\\/\\\/www.copealcoy.es\\\/es\\\/la-generalitat-decide-esta-semana-si-amplia-el-pasaporte-covid\\\/#breadcrumb\",\"itemListElement\":[{\"@type\":\"ListItem\",\"position\":1,\"name\":\"Portada\",\"item\":\"https:\\\/\\\/www.copealcoy.es\\\/es\\\/\"},{\"@type\":\"ListItem\",\"position\":2,\"name\":\"La Generalitat decide esta semana si amplia el pasaporte Covid\"}]},{\"@type\":\"WebSite\",\"@id\":\"https:\\\/\\\/www.copealcoy.es\\\/es\\\/#website\",\"url\":\"https:\\\/\\\/www.copealcoy.es\\\/es\\\/\",\"name\":\"COPE Alcoy\",\"description\":\"Emisora COPE de radio local con emisi\u00f3n online. Pont de Sant Jordi 8-10 03803 Alcoy\",\"potentialAction\":[{\"@type\":\"SearchAction\",\"target\":{\"@type\":\"EntryPoint\",\"urlTemplate\":\"https:\\\/\\\/www.copealcoy.es\\\/es\\\/?s={search_term_string}\"},\"query-input\":{\"@type\":\"PropertyValueSpecification\",\"valueRequired\":true,\"valueName\":\"search_term_string\"}}],\"inLanguage\":\"es\"},{\"@type\":\"Person\",\"@id\":\"https:\\\/\\\/www.copealcoy.es\\\/es\\\/#\\\/schema\\\/person\\\/e777c87fa024e57d40170af9df39882c\",\"name\":\"Cope Alcoy\",\"image\":{\"@type\":\"ImageObject\",\"inLanguage\":\"es\",\"@id\":\"https:\\\/\\\/secure.gravatar.com\\\/avatar\\\/bb65d0283347e303893ba14f0692005417c1e0e690a325a4c5d8bb2b3943ee14?s=96&d=mm&r=g\",\"url\":\"https:\\\/\\\/secure.gravatar.com\\\/avatar\\\/bb65d0283347e303893ba14f0692005417c1e0e690a325a4c5d8bb2b3943ee14?s=96&d=mm&r=g\",\"contentUrl\":\"https:\\\/\\\/secure.gravatar.com\\\/avatar\\\/bb65d0283347e303893ba14f0692005417c1e0e690a325a4c5d8bb2b3943ee14?s=96&d=mm&r=g\",\"caption\":\"Cope Alcoy\"}}]}<\/script>\n<!-- \/ Yoast SEO plugin. -->","yoast_head_json":{"title":"La Generalitat decide esta semana si amplia el pasaporte Covid - COPE Alcoy","robots":{"index":"index","follow":"follow","max-snippet":"max-snippet:-1","max-image-preview":"max-image-preview:large","max-video-preview":"max-video-preview:-1"},"canonical":"https:\/\/www.copealcoy.es\/es\/la-generalitat-decide-esta-semana-si-amplia-el-pasaporte-covid\/","og_locale":"es_ES","og_type":"article","og_title":"La Generalitat decide esta semana si amplia el pasaporte Covid - COPE Alcoy","og_description":"El President de la Generalitat Valenciana, Ximo Puig,\u00a0aseguraba hace unos d\u00edas que\u00a0todav\u00eda no tiene tomada una decisi\u00f3n sobre si mantendr\u00e1...","og_url":"https:\/\/www.copealcoy.es\/es\/la-generalitat-decide-esta-semana-si-amplia-el-pasaporte-covid\/","og_site_name":"COPE Alcoy","article_published_time":"2022-01-24T07:00:54+00:00","article_modified_time":"2022-01-24T07:03:21+00:00","og_image":[{"width":976,"height":526,"url":"https:\/\/www.copealcoy.es\/wp-content\/uploads\/2021\/11\/1624434925355.jpg","type":"image\/jpeg"}],"author":"Cope Alcoy","twitter_misc":{"Escrito por":"Cope Alcoy","Tiempo de lectura":"2 minutos"},"schema":{"@context":"https:\/\/schema.org","@graph":[{"@type":"Article","@id":"https:\/\/www.copealcoy.es\/es\/la-generalitat-decide-esta-semana-si-amplia-el-pasaporte-covid\/#article","isPartOf":{"@id":"https:\/\/www.copealcoy.es\/es\/la-generalitat-decide-esta-semana-si-amplia-el-pasaporte-covid\/"},"author":{"name":"Cope Alcoy","@id":"https:\/\/www.copealcoy.es\/es\/#\/schema\/person\/e777c87fa024e57d40170af9df39882c"},"headline":"La Generalitat decide esta semana si amplia el pasaporte Covid","datePublished":"2022-01-24T07:00:54+00:00","dateModified":"2022-01-24T07:03:21+00:00","mainEntityOfPage":{"@id":"https:\/\/www.copealcoy.es\/es\/la-generalitat-decide-esta-semana-si-amplia-el-pasaporte-covid\/"},"wordCount":353,"commentCount":0,"image":{"@id":"https:\/\/www.copealcoy.es\/es\/la-generalitat-decide-esta-semana-si-amplia-el-pasaporte-covid\/#primaryimage"},"thumbnailUrl":"https:\/\/www.copealcoy.es\/wp-content\/uploads\/2021\/11\/1624434925355.jpg","keywords":["ampliaci\u00f3n","Coronavirus","decisi\u00f3n","Generalitat Valenciana","pasaporte Covid"],"articleSection":["Actualidad","Noticias","Pol\u00edtica y Econom\u00eda","Portada"],"inLanguage":"es"},{"@type":"WebPage","@id":"https:\/\/www.copealcoy.es\/es\/la-generalitat-decide-esta-semana-si-amplia-el-pasaporte-covid\/","url":"https:\/\/www.copealcoy.es\/es\/la-generalitat-decide-esta-semana-si-amplia-el-pasaporte-covid\/","name":"La Generalitat decide esta semana si amplia el pasaporte Covid - COPE Alcoy","isPartOf":{"@id":"https:\/\/www.copealcoy.es\/es\/#website"},"primaryImageOfPage":{"@id":"https:\/\/www.copealcoy.es\/es\/la-generalitat-decide-esta-semana-si-amplia-el-pasaporte-covid\/#primaryimage"},"image":{"@id":"https:\/\/www.copealcoy.es\/es\/la-generalitat-decide-esta-semana-si-amplia-el-pasaporte-covid\/#primaryimage"},"thumbnailUrl":"https:\/\/www.copealcoy.es\/wp-content\/uploads\/2021\/11\/1624434925355.jpg","datePublished":"2022-01-24T07:00:54+00:00","dateModified":"2022-01-24T07:03:21+00:00","author":{"@id":"https:\/\/www.copealcoy.es\/es\/#\/schema\/person\/e777c87fa024e57d40170af9df39882c"},"breadcrumb":{"@id":"https:\/\/www.copealcoy.es\/es\/la-generalitat-decide-esta-semana-si-amplia-el-pasaporte-covid\/#breadcrumb"},"inLanguage":"es","potentialAction":[{"@type":"ReadAction","target":["https:\/\/www.copealcoy.es\/es\/la-generalitat-decide-esta-semana-si-amplia-el-pasaporte-covid\/"]}]},{"@type":"ImageObject","inLanguage":"es","@id":"https:\/\/www.copealcoy.es\/es\/la-generalitat-decide-esta-semana-si-amplia-el-pasaporte-covid\/#primaryimage","url":"https:\/\/www.copealcoy.es\/wp-content\/uploads\/2021\/11\/1624434925355.jpg","contentUrl":"https:\/\/www.copealcoy.es\/wp-content\/uploads\/2021\/11\/1624434925355.jpg","width":976,"height":526},{"@type":"BreadcrumbList","@id":"https:\/\/www.copealcoy.es\/es\/la-generalitat-decide-esta-semana-si-amplia-el-pasaporte-covid\/#breadcrumb","itemListElement":[{"@type":"ListItem","position":1,"name":"Portada","item":"https:\/\/www.copealcoy.es\/es\/"},{"@type":"ListItem","position":2,"name":"La Generalitat decide esta semana si amplia el pasaporte Covid"}]},{"@type":"WebSite","@id":"https:\/\/www.copealcoy.es\/es\/#website","url":"https:\/\/www.copealcoy.es\/es\/","name":"COPE Alcoy","description":"Emisora COPE de radio local con emisi\u00f3n online. Pont de Sant Jordi 8-10 03803 Alcoy","potentialAction":[{"@type":"SearchAction","target":{"@type":"EntryPoint","urlTemplate":"https:\/\/www.copealcoy.es\/es\/?s={search_term_string}"},"query-input":{"@type":"PropertyValueSpecification","valueRequired":true,"valueName":"search_term_string"}}],"inLanguage":"es"},{"@type":"Person","@id":"https:\/\/www.copealcoy.es\/es\/#\/schema\/person\/e777c87fa024e57d40170af9df39882c","name":"Cope Alcoy","image":{"@type":"ImageObject","inLanguage":"es","@id":"https:\/\/secure.gravatar.com\/avatar\/bb65d0283347e303893ba14f0692005417c1e0e690a325a4c5d8bb2b3943ee14?s=96&d=mm&r=g","url":"https:\/\/secure.gravatar.com\/avatar\/bb65d0283347e303893ba14f0692005417c1e0e690a325a4c5d8bb2b3943ee14?s=96&d=mm&r=g","contentUrl":"https:\/\/secure.gravatar.com\/avatar\/bb65d0283347e303893ba14f0692005417c1e0e690a325a4c5d8bb2b3943ee14?s=96&d=mm&r=g","caption":"Cope Alcoy"}}]}},"_links":{"self":[{"href":"https:\/\/www.copealcoy.es\/es\/wp-json\/wp\/v2\/posts\/82958","targetHints":{"allow":["GET"]}}],"collection":[{"href":"https:\/\/www.copealcoy.es\/es\/wp-json\/wp\/v2\/posts"}],"about":[{"href":"https:\/\/www.copealcoy.es\/es\/wp-json\/wp\/v2\/types\/post"}],"author":[{"embeddable":true,"href":"https:\/\/www.copealcoy.es\/es\/wp-json\/wp\/v2\/users\/1"}],"replies":[{"embeddable":true,"href":"https:\/\/www.copealcoy.es\/es\/wp-json\/wp\/v2\/comments?post=82958"}],"version-history":[{"count":0,"href":"https:\/\/www.copealcoy.es\/es\/wp-json\/wp\/v2\/posts\/82958\/revisions"}],"wp:featuredmedia":[{"embeddable":true,"href":"https:\/\/www.copealcoy.es\/es\/wp-json\/wp\/v2\/media\/80306"}],"wp:attachment":[{"href":"https:\/\/www.copealcoy.es\/es\/wp-json\/wp\/v2\/media?parent=82958"}],"wp:term":[{"taxonomy":"category","embeddable":true,"href":"https:\/\/www.copealcoy.es\/es\/wp-json\/wp\/v2\/categories?post=82958"},{"taxonomy":"post_tag","embeddable":true,"href":"https:\/\/www.copealcoy.es\/es\/wp-json\/wp\/v2\/tags?post=82958"}],"curies":[{"name":"wp","href":"https:\/\/api.w.org\/{rel}","templated":true}]}}