{"id":82947,"date":"2022-01-24T12:00:14","date_gmt":"2022-01-24T11:00:14","guid":{"rendered":"https:\/\/www.copealcoy.es\/?p=82947"},"modified":"2022-01-23T17:22:49","modified_gmt":"2022-01-23T16:22:49","slug":"aquests-municipis-de-la-comarca-formen-part-de-la-ruta-99","status":"publish","type":"post","link":"https:\/\/www.copealcoy.es\/es\/aquests-municipis-de-la-comarca-formen-part-de-la-ruta-99\/","title":{"rendered":"Aquests municipis de la comarca formen part de la &#8216;Ruta 99&#8217;"},"content":{"rendered":"<p style=\"text-align: justify;\">La <strong>Generalitat Valenciana<\/strong> presentava fa uns dies <strong>la &#8216;Ruta 99&#8217;<\/strong>, un projecte de <strong>promoci\u00f3 tur\u00edstica<\/strong> amb el qual <strong><span class=\"hiddenSpellError\">\u00e9s<\/span>\u00a0pret\u00e9n donar visibilitat als 24 municipis de la Comunitat Valenciana de menys de 100 habitants<\/strong> que s&#8217;encontren ara mateix en <strong>risc alt de despoblaci\u00f3<\/strong>. Quatre d&#8217;aquestes localitats es troben a les nostres comarques de l&#8217;Alcoi\u00e0 i el Comtat i s\u00f3n <strong>Tollos, Famorca, Benimassot i Benillup<\/strong>.<\/p>\n<p style=\"text-align: justify;\">La iniciativa <strong>es desplega a trav\u00e9s de web <span style=\"color: #0000ff;\"><a style=\"color: #0000ff;\" href=\"https:\/\/www.ruta99.gva.es\/\">www.ruta99.gva.es<\/a><\/span><\/strong> on es detallen <strong>els valors i els atractius<\/strong> d&#8217;aquests municipis. En concret, es detalla<strong> la seua gastronomia, el seu patrimoni natural i hist\u00f2ric, les seues rutes senderistes, aix\u00ed com propostes d&#8217;on menjar i dormir<\/strong> que no solen formar part de les rutes tur\u00edstiques habituals. Aquesta &#8216;Ruta 99&#8217; <strong>disposa als viatgers d&#8217;una credencial<\/strong>, a l&#8217;estil del Cam\u00ed de Sant Jaume, que es pot segellar a cadascun d&#8217;aquests municipis. Per altre costat, <strong>es convida<\/strong> a rec\u00f3rrer el trajecte en grup, de manera individual, amb moto, amb bici o a peu. Finalment ofereix diferents recompenses, a manera simb\u00f2lica, per superar les diferents etapes.<\/p>\n<p style=\"text-align: justify;\">Per a la promoci\u00f3 de la ruta <strong>s&#8217;ha comptat amb la banda de rock valenciana, Bajoqueta Rock<\/strong>, que ha compost un tema espec\u00edfic. De la mateixa manera, <strong>la fot\u00f2grafa Marga Ferrer<\/strong> presenta la mostra &#8216;La Mirada Interior&#8217;, <strong>una exposici\u00f3 itinerant<\/strong> formada per fotografies de cadascuna d&#8217;aquestes poblacions que posa cara a l&#8217;interior de la Comunitat, a trav\u00e9s dels ve\u00efns que l&#8217;habiten.<\/p>\n","protected":false},"excerpt":{"rendered":"<p>La Generalitat Valenciana presentava fa uns dies la &#8216;Ruta 99&#8217;, un projecte de promoci\u00f3 tur\u00edstica amb el qual \u00e9s\u00a0pret\u00e9n donar&#8230;<\/p>\n","protected":false},"author":1,"featured_media":54456,"comment_status":"open","ping_status":"open","sticky":false,"template":"","format":"standard","meta":{"footnotes":""},"categories":[98,75],"tags":[12337,482,409,7077,237,9097,12338,7994],"class_list":["post-82947","post","type-post","status-publish","format-standard","has-post-thumbnail","hentry","category-comarcas","category-noticias","tag-ruta-99","tag-alcoia","tag-benillup","tag-benimassot","tag-comtat","tag-famorca","tag-pobles-de-linterior","tag-tollos"],"yoast_head":"<!-- This site is optimized with the Yoast SEO plugin v27.3 - https:\/\/yoast.com\/product\/yoast-seo-wordpress\/ -->\n<title>Aquests municipis de la comarca formen part de la &#039;Ruta 99&#039; - COPE Alcoy<\/title>\n<meta name=\"robots\" content=\"index, follow, max-snippet:-1, max-image-preview:large, max-video-preview:-1\" \/>\n<link rel=\"canonical\" href=\"https:\/\/www.copealcoy.es\/es\/aquests-municipis-de-la-comarca-formen-part-de-la-ruta-99\/\" \/>\n<meta property=\"og:locale\" content=\"es_ES\" \/>\n<meta property=\"og:type\" content=\"article\" \/>\n<meta property=\"og:title\" content=\"Aquests municipis de la comarca formen part de la &#039;Ruta 99&#039; - COPE Alcoy\" \/>\n<meta property=\"og:description\" content=\"La Generalitat Valenciana presentava fa uns dies la &#8216;Ruta 99&#8217;, un projecte de promoci\u00f3 tur\u00edstica amb el qual \u00e9s\u00a0pret\u00e9n donar...\" \/>\n<meta property=\"og:url\" content=\"https:\/\/www.copealcoy.es\/es\/aquests-municipis-de-la-comarca-formen-part-de-la-ruta-99\/\" \/>\n<meta property=\"og:site_name\" content=\"COPE Alcoy\" \/>\n<meta property=\"article:published_time\" content=\"2022-01-24T11:00:14+00:00\" \/>\n<meta property=\"og:image\" content=\"https:\/\/www.copealcoy.es\/wp-content\/uploads\/2019\/08\/benimassot1-1.jpg\" \/>\n\t<meta property=\"og:image:width\" content=\"800\" \/>\n\t<meta property=\"og:image:height\" content=\"533\" \/>\n\t<meta property=\"og:image:type\" content=\"image\/jpeg\" \/>\n<meta name=\"author\" content=\"Cope Alcoy\" \/>\n<meta name=\"twitter:label1\" content=\"Escrito por\" \/>\n\t<meta name=\"twitter:data1\" content=\"Cope Alcoy\" \/>\n\t<meta name=\"twitter:label2\" content=\"Tiempo de lectura\" \/>\n\t<meta name=\"twitter:data2\" content=\"2 minutos\" \/>\n<script type=\"application\/ld+json\" class=\"yoast-schema-graph\">{\"@context\":\"https:\\\/\\\/schema.org\",\"@graph\":[{\"@type\":\"Article\",\"@id\":\"https:\\\/\\\/www.copealcoy.es\\\/es\\\/aquests-municipis-de-la-comarca-formen-part-de-la-ruta-99\\\/#article\",\"isPartOf\":{\"@id\":\"https:\\\/\\\/www.copealcoy.es\\\/es\\\/aquests-municipis-de-la-comarca-formen-part-de-la-ruta-99\\\/\"},\"author\":{\"name\":\"Cope Alcoy\",\"@id\":\"https:\\\/\\\/www.copealcoy.es\\\/es\\\/#\\\/schema\\\/person\\\/e777c87fa024e57d40170af9df39882c\"},\"headline\":\"Aquests municipis de la comarca formen part de la &#8216;Ruta 99&#8217;\",\"datePublished\":\"2022-01-24T11:00:14+00:00\",\"mainEntityOfPage\":{\"@id\":\"https:\\\/\\\/www.copealcoy.es\\\/es\\\/aquests-municipis-de-la-comarca-formen-part-de-la-ruta-99\\\/\"},\"wordCount\":267,\"commentCount\":0,\"image\":{\"@id\":\"https:\\\/\\\/www.copealcoy.es\\\/es\\\/aquests-municipis-de-la-comarca-formen-part-de-la-ruta-99\\\/#primaryimage\"},\"thumbnailUrl\":\"https:\\\/\\\/www.copealcoy.es\\\/wp-content\\\/uploads\\\/2019\\\/08\\\/benimassot1-1.jpg\",\"keywords\":[\"'Ruta 99'\",\"Alcoi\u00e0\",\"Benillup\",\"Benimassot\",\"Comtat\",\"Famorca\",\"pobles de l'interior\",\"Tollos\"],\"articleSection\":[\"Comarcas\",\"Noticias\"],\"inLanguage\":\"es\"},{\"@type\":\"WebPage\",\"@id\":\"https:\\\/\\\/www.copealcoy.es\\\/es\\\/aquests-municipis-de-la-comarca-formen-part-de-la-ruta-99\\\/\",\"url\":\"https:\\\/\\\/www.copealcoy.es\\\/es\\\/aquests-municipis-de-la-comarca-formen-part-de-la-ruta-99\\\/\",\"name\":\"Aquests municipis de la comarca formen part de la 'Ruta 99' - COPE Alcoy\",\"isPartOf\":{\"@id\":\"https:\\\/\\\/www.copealcoy.es\\\/es\\\/#website\"},\"primaryImageOfPage\":{\"@id\":\"https:\\\/\\\/www.copealcoy.es\\\/es\\\/aquests-municipis-de-la-comarca-formen-part-de-la-ruta-99\\\/#primaryimage\"},\"image\":{\"@id\":\"https:\\\/\\\/www.copealcoy.es\\\/es\\\/aquests-municipis-de-la-comarca-formen-part-de-la-ruta-99\\\/#primaryimage\"},\"thumbnailUrl\":\"https:\\\/\\\/www.copealcoy.es\\\/wp-content\\\/uploads\\\/2019\\\/08\\\/benimassot1-1.jpg\",\"datePublished\":\"2022-01-24T11:00:14+00:00\",\"author\":{\"@id\":\"https:\\\/\\\/www.copealcoy.es\\\/es\\\/#\\\/schema\\\/person\\\/e777c87fa024e57d40170af9df39882c\"},\"breadcrumb\":{\"@id\":\"https:\\\/\\\/www.copealcoy.es\\\/es\\\/aquests-municipis-de-la-comarca-formen-part-de-la-ruta-99\\\/#breadcrumb\"},\"inLanguage\":\"es\",\"potentialAction\":[{\"@type\":\"ReadAction\",\"target\":[\"https:\\\/\\\/www.copealcoy.es\\\/es\\\/aquests-municipis-de-la-comarca-formen-part-de-la-ruta-99\\\/\"]}]},{\"@type\":\"ImageObject\",\"inLanguage\":\"es\",\"@id\":\"https:\\\/\\\/www.copealcoy.es\\\/es\\\/aquests-municipis-de-la-comarca-formen-part-de-la-ruta-99\\\/#primaryimage\",\"url\":\"https:\\\/\\\/www.copealcoy.es\\\/wp-content\\\/uploads\\\/2019\\\/08\\\/benimassot1-1.jpg\",\"contentUrl\":\"https:\\\/\\\/www.copealcoy.es\\\/wp-content\\\/uploads\\\/2019\\\/08\\\/benimassot1-1.jpg\",\"width\":800,\"height\":533},{\"@type\":\"BreadcrumbList\",\"@id\":\"https:\\\/\\\/www.copealcoy.es\\\/es\\\/aquests-municipis-de-la-comarca-formen-part-de-la-ruta-99\\\/#breadcrumb\",\"itemListElement\":[{\"@type\":\"ListItem\",\"position\":1,\"name\":\"Portada\",\"item\":\"https:\\\/\\\/www.copealcoy.es\\\/es\\\/\"},{\"@type\":\"ListItem\",\"position\":2,\"name\":\"Aquests municipis de la comarca formen part de la &#8216;Ruta 99&#8217;\"}]},{\"@type\":\"WebSite\",\"@id\":\"https:\\\/\\\/www.copealcoy.es\\\/es\\\/#website\",\"url\":\"https:\\\/\\\/www.copealcoy.es\\\/es\\\/\",\"name\":\"COPE Alcoy\",\"description\":\"Emisora COPE de radio local con emisi\u00f3n online. Pont de Sant Jordi 8-10 03803 Alcoy\",\"potentialAction\":[{\"@type\":\"SearchAction\",\"target\":{\"@type\":\"EntryPoint\",\"urlTemplate\":\"https:\\\/\\\/www.copealcoy.es\\\/es\\\/?s={search_term_string}\"},\"query-input\":{\"@type\":\"PropertyValueSpecification\",\"valueRequired\":true,\"valueName\":\"search_term_string\"}}],\"inLanguage\":\"es\"},{\"@type\":\"Person\",\"@id\":\"https:\\\/\\\/www.copealcoy.es\\\/es\\\/#\\\/schema\\\/person\\\/e777c87fa024e57d40170af9df39882c\",\"name\":\"Cope Alcoy\",\"image\":{\"@type\":\"ImageObject\",\"inLanguage\":\"es\",\"@id\":\"https:\\\/\\\/secure.gravatar.com\\\/avatar\\\/bb65d0283347e303893ba14f0692005417c1e0e690a325a4c5d8bb2b3943ee14?s=96&d=mm&r=g\",\"url\":\"https:\\\/\\\/secure.gravatar.com\\\/avatar\\\/bb65d0283347e303893ba14f0692005417c1e0e690a325a4c5d8bb2b3943ee14?s=96&d=mm&r=g\",\"contentUrl\":\"https:\\\/\\\/secure.gravatar.com\\\/avatar\\\/bb65d0283347e303893ba14f0692005417c1e0e690a325a4c5d8bb2b3943ee14?s=96&d=mm&r=g\",\"caption\":\"Cope Alcoy\"}}]}<\/script>\n<!-- \/ Yoast SEO plugin. -->","yoast_head_json":{"title":"Aquests municipis de la comarca formen part de la 'Ruta 99' - COPE Alcoy","robots":{"index":"index","follow":"follow","max-snippet":"max-snippet:-1","max-image-preview":"max-image-preview:large","max-video-preview":"max-video-preview:-1"},"canonical":"https:\/\/www.copealcoy.es\/es\/aquests-municipis-de-la-comarca-formen-part-de-la-ruta-99\/","og_locale":"es_ES","og_type":"article","og_title":"Aquests municipis de la comarca formen part de la 'Ruta 99' - COPE Alcoy","og_description":"La Generalitat Valenciana presentava fa uns dies la &#8216;Ruta 99&#8217;, un projecte de promoci\u00f3 tur\u00edstica amb el qual \u00e9s\u00a0pret\u00e9n donar...","og_url":"https:\/\/www.copealcoy.es\/es\/aquests-municipis-de-la-comarca-formen-part-de-la-ruta-99\/","og_site_name":"COPE Alcoy","article_published_time":"2022-01-24T11:00:14+00:00","og_image":[{"width":800,"height":533,"url":"https:\/\/www.copealcoy.es\/wp-content\/uploads\/2019\/08\/benimassot1-1.jpg","type":"image\/jpeg"}],"author":"Cope Alcoy","twitter_misc":{"Escrito por":"Cope Alcoy","Tiempo de lectura":"2 minutos"},"schema":{"@context":"https:\/\/schema.org","@graph":[{"@type":"Article","@id":"https:\/\/www.copealcoy.es\/es\/aquests-municipis-de-la-comarca-formen-part-de-la-ruta-99\/#article","isPartOf":{"@id":"https:\/\/www.copealcoy.es\/es\/aquests-municipis-de-la-comarca-formen-part-de-la-ruta-99\/"},"author":{"name":"Cope Alcoy","@id":"https:\/\/www.copealcoy.es\/es\/#\/schema\/person\/e777c87fa024e57d40170af9df39882c"},"headline":"Aquests municipis de la comarca formen part de la &#8216;Ruta 99&#8217;","datePublished":"2022-01-24T11:00:14+00:00","mainEntityOfPage":{"@id":"https:\/\/www.copealcoy.es\/es\/aquests-municipis-de-la-comarca-formen-part-de-la-ruta-99\/"},"wordCount":267,"commentCount":0,"image":{"@id":"https:\/\/www.copealcoy.es\/es\/aquests-municipis-de-la-comarca-formen-part-de-la-ruta-99\/#primaryimage"},"thumbnailUrl":"https:\/\/www.copealcoy.es\/wp-content\/uploads\/2019\/08\/benimassot1-1.jpg","keywords":["'Ruta 99'","Alcoi\u00e0","Benillup","Benimassot","Comtat","Famorca","pobles de l'interior","Tollos"],"articleSection":["Comarcas","Noticias"],"inLanguage":"es"},{"@type":"WebPage","@id":"https:\/\/www.copealcoy.es\/es\/aquests-municipis-de-la-comarca-formen-part-de-la-ruta-99\/","url":"https:\/\/www.copealcoy.es\/es\/aquests-municipis-de-la-comarca-formen-part-de-la-ruta-99\/","name":"Aquests municipis de la comarca formen part de la 'Ruta 99' - COPE Alcoy","isPartOf":{"@id":"https:\/\/www.copealcoy.es\/es\/#website"},"primaryImageOfPage":{"@id":"https:\/\/www.copealcoy.es\/es\/aquests-municipis-de-la-comarca-formen-part-de-la-ruta-99\/#primaryimage"},"image":{"@id":"https:\/\/www.copealcoy.es\/es\/aquests-municipis-de-la-comarca-formen-part-de-la-ruta-99\/#primaryimage"},"thumbnailUrl":"https:\/\/www.copealcoy.es\/wp-content\/uploads\/2019\/08\/benimassot1-1.jpg","datePublished":"2022-01-24T11:00:14+00:00","author":{"@id":"https:\/\/www.copealcoy.es\/es\/#\/schema\/person\/e777c87fa024e57d40170af9df39882c"},"breadcrumb":{"@id":"https:\/\/www.copealcoy.es\/es\/aquests-municipis-de-la-comarca-formen-part-de-la-ruta-99\/#breadcrumb"},"inLanguage":"es","potentialAction":[{"@type":"ReadAction","target":["https:\/\/www.copealcoy.es\/es\/aquests-municipis-de-la-comarca-formen-part-de-la-ruta-99\/"]}]},{"@type":"ImageObject","inLanguage":"es","@id":"https:\/\/www.copealcoy.es\/es\/aquests-municipis-de-la-comarca-formen-part-de-la-ruta-99\/#primaryimage","url":"https:\/\/www.copealcoy.es\/wp-content\/uploads\/2019\/08\/benimassot1-1.jpg","contentUrl":"https:\/\/www.copealcoy.es\/wp-content\/uploads\/2019\/08\/benimassot1-1.jpg","width":800,"height":533},{"@type":"BreadcrumbList","@id":"https:\/\/www.copealcoy.es\/es\/aquests-municipis-de-la-comarca-formen-part-de-la-ruta-99\/#breadcrumb","itemListElement":[{"@type":"ListItem","position":1,"name":"Portada","item":"https:\/\/www.copealcoy.es\/es\/"},{"@type":"ListItem","position":2,"name":"Aquests municipis de la comarca formen part de la &#8216;Ruta 99&#8217;"}]},{"@type":"WebSite","@id":"https:\/\/www.copealcoy.es\/es\/#website","url":"https:\/\/www.copealcoy.es\/es\/","name":"COPE Alcoy","description":"Emisora COPE de radio local con emisi\u00f3n online. Pont de Sant Jordi 8-10 03803 Alcoy","potentialAction":[{"@type":"SearchAction","target":{"@type":"EntryPoint","urlTemplate":"https:\/\/www.copealcoy.es\/es\/?s={search_term_string}"},"query-input":{"@type":"PropertyValueSpecification","valueRequired":true,"valueName":"search_term_string"}}],"inLanguage":"es"},{"@type":"Person","@id":"https:\/\/www.copealcoy.es\/es\/#\/schema\/person\/e777c87fa024e57d40170af9df39882c","name":"Cope Alcoy","image":{"@type":"ImageObject","inLanguage":"es","@id":"https:\/\/secure.gravatar.com\/avatar\/bb65d0283347e303893ba14f0692005417c1e0e690a325a4c5d8bb2b3943ee14?s=96&d=mm&r=g","url":"https:\/\/secure.gravatar.com\/avatar\/bb65d0283347e303893ba14f0692005417c1e0e690a325a4c5d8bb2b3943ee14?s=96&d=mm&r=g","contentUrl":"https:\/\/secure.gravatar.com\/avatar\/bb65d0283347e303893ba14f0692005417c1e0e690a325a4c5d8bb2b3943ee14?s=96&d=mm&r=g","caption":"Cope Alcoy"}}]}},"_links":{"self":[{"href":"https:\/\/www.copealcoy.es\/es\/wp-json\/wp\/v2\/posts\/82947","targetHints":{"allow":["GET"]}}],"collection":[{"href":"https:\/\/www.copealcoy.es\/es\/wp-json\/wp\/v2\/posts"}],"about":[{"href":"https:\/\/www.copealcoy.es\/es\/wp-json\/wp\/v2\/types\/post"}],"author":[{"embeddable":true,"href":"https:\/\/www.copealcoy.es\/es\/wp-json\/wp\/v2\/users\/1"}],"replies":[{"embeddable":true,"href":"https:\/\/www.copealcoy.es\/es\/wp-json\/wp\/v2\/comments?post=82947"}],"version-history":[{"count":0,"href":"https:\/\/www.copealcoy.es\/es\/wp-json\/wp\/v2\/posts\/82947\/revisions"}],"wp:featuredmedia":[{"embeddable":true,"href":"https:\/\/www.copealcoy.es\/es\/wp-json\/wp\/v2\/media\/54456"}],"wp:attachment":[{"href":"https:\/\/www.copealcoy.es\/es\/wp-json\/wp\/v2\/media?parent=82947"}],"wp:term":[{"taxonomy":"category","embeddable":true,"href":"https:\/\/www.copealcoy.es\/es\/wp-json\/wp\/v2\/categories?post=82947"},{"taxonomy":"post_tag","embeddable":true,"href":"https:\/\/www.copealcoy.es\/es\/wp-json\/wp\/v2\/tags?post=82947"}],"curies":[{"name":"wp","href":"https:\/\/api.w.org\/{rel}","templated":true}]}}