{"id":82861,"date":"2022-01-21T11:38:12","date_gmt":"2022-01-21T10:38:12","guid":{"rendered":"https:\/\/www.copealcoy.es\/?p=82861"},"modified":"2022-01-21T13:08:17","modified_gmt":"2022-01-21T12:08:17","slug":"estas-son-las-medidas-que-propone-el-pp-para-reactivar-el-comercio-de-alcoy","status":"publish","type":"post","link":"https:\/\/www.copealcoy.es\/es\/estas-son-las-medidas-que-propone-el-pp-para-reactivar-el-comercio-de-alcoy\/","title":{"rendered":"Estas son las medidas que propone el PP para reactivar el comercio de Alcoy"},"content":{"rendered":"<p style=\"text-align: justify;\">El Partido Popular ha propuesto una interesante medida para reactivar el comercio de Alcoy tras las duras consecuencias econ\u00f3micas a las que se ha tenido que enfrentarse el sector en los \u00faltimos tiempos debido a la crisis sanitaria del Coronavirus.\u00a0 Se trata del &#8216;Bono Alcoy&#8217;, una iniciativa que ya funciona con \u00e9xito en otros puntos de Espa\u00f1a y en la que los ciudadanos\u00a0\u00a0reciben bonos por un valor total de 100 euros aportados por el Ayuntamiento que completan aportando la misma cantidad.<\/p>\n<p style=\"text-align: justify;\">La propuesta del PP est\u00e1 valorada en 250.000 euros para ofrecer 25.000 bonos de 10 euros. Cada ciudadano puede adquirir un m\u00e1ximo de 10 bonos (100 euros aportados por el Ayuntamiento). La regla de canje para cada vale es de 10 euros por cada 20 euros de precio de venta, de forma que el ciudadano que canjee el vale solo tendr\u00e1 que pagar 10 euros m\u00e1s su vale, para obtener el producto o la consumici\u00f3n valorada en 20 euros. Si adquiere un producto de 40 euros, podr\u00e1 canjear hasta 2 vales y pagar solo 20 euros en el establecimiento, y as\u00ed sucesivamente &#8220;no se trata de descuentos, ser\u00eda dinero que recibir\u00eda cada ciudadano para poder gastar en el comercio de proximidad, cuyo \u00fanico objetivo es estimular el consumo del comercio local, excluyendo a grandes superficies y franquicias. La iniciativa del PP elimina la carga burocr\u00e1tica al comerciante, uno de los grandes inconvenientes que el sector ha detectado en los Reactiva Alcoy: la \u00fanica gesti\u00f3n a realizar es una solicitud a trav\u00e9s de una p\u00e1gina web&#8221;, afirma la concejala; Lirios Garc\u00eda.<\/p>\n<p style=\"text-align: justify;\">Finalmente desde el PP consideran que el Plan Reactiva Comercio no ha ha dado los frutos esperados. En este sentido dicen que en 2020 el presupuesto fue de 250.000 euros de los que se concedieron solo 10.400 euros. Posteriormente, en el segundo reactiva, se aplicaron las sobras del primero y se concedieron 120.944 euros de los 241.600 previstos. En la tercera edici\u00f3n ya en 2021, se presupuestaron 100.000 euros, pero solo se concedieron 48.000 euros.<\/p>\n","protected":false},"excerpt":{"rendered":"<p>El Partido Popular ha propuesto una interesante medida para reactivar el comercio de Alcoy tras las duras consecuencias econ\u00f3micas a&#8230;<\/p>\n","protected":false},"author":1,"featured_media":9046,"comment_status":"open","ping_status":"open","sticky":false,"template":"","format":"standard","meta":{"footnotes":""},"categories":[97,75,79],"tags":[1494,12332,467,7038,448,7526],"class_list":["post-82861","post","type-post","status-publish","format-standard","has-post-thumbnail","hentry","category-alcoy","category-noticias","category-politicayeconomia","tag-alcoy","tag-bono-alcoy","tag-comercio","tag-lirios-garcia","tag-partido-popular","tag-reactivacion"],"yoast_head":"<!-- This site is optimized with the Yoast SEO plugin v27.3 - https:\/\/yoast.com\/product\/yoast-seo-wordpress\/ -->\n<title>Estas son las medidas que propone el PP para reactivar el comercio de Alcoy - COPE Alcoy<\/title>\n<meta name=\"robots\" content=\"index, follow, max-snippet:-1, max-image-preview:large, max-video-preview:-1\" \/>\n<link rel=\"canonical\" href=\"https:\/\/www.copealcoy.es\/es\/estas-son-las-medidas-que-propone-el-pp-para-reactivar-el-comercio-de-alcoy\/\" \/>\n<meta property=\"og:locale\" content=\"es_ES\" \/>\n<meta property=\"og:type\" content=\"article\" \/>\n<meta property=\"og:title\" content=\"Estas son las medidas que propone el PP para reactivar el comercio de Alcoy - COPE Alcoy\" \/>\n<meta property=\"og:description\" content=\"El Partido Popular ha propuesto una interesante medida para reactivar el comercio de Alcoy tras las duras consecuencias econ\u00f3micas a...\" \/>\n<meta property=\"og:url\" content=\"https:\/\/www.copealcoy.es\/es\/estas-son-las-medidas-que-propone-el-pp-para-reactivar-el-comercio-de-alcoy\/\" \/>\n<meta property=\"og:site_name\" content=\"COPE Alcoy\" \/>\n<meta property=\"article:published_time\" content=\"2022-01-21T10:38:12+00:00\" \/>\n<meta property=\"article:modified_time\" content=\"2022-01-21T12:08:17+00:00\" \/>\n<meta property=\"og:image\" content=\"https:\/\/www.copealcoy.es\/wp-content\/uploads\/2014\/12\/image80-e1642761093670.jpg\" \/>\n\t<meta property=\"og:image:width\" content=\"629\" \/>\n\t<meta property=\"og:image:height\" content=\"406\" \/>\n\t<meta property=\"og:image:type\" content=\"image\/jpeg\" \/>\n<meta name=\"author\" content=\"Cope Alcoy\" \/>\n<meta name=\"twitter:label1\" content=\"Escrito por\" \/>\n\t<meta name=\"twitter:data1\" content=\"Cope Alcoy\" \/>\n\t<meta name=\"twitter:label2\" content=\"Tiempo de lectura\" \/>\n\t<meta name=\"twitter:data2\" content=\"2 minutos\" \/>\n<script type=\"application\/ld+json\" class=\"yoast-schema-graph\">{\"@context\":\"https:\\\/\\\/schema.org\",\"@graph\":[{\"@type\":\"Article\",\"@id\":\"https:\\\/\\\/www.copealcoy.es\\\/es\\\/estas-son-las-medidas-que-propone-el-pp-para-reactivar-el-comercio-de-alcoy\\\/#article\",\"isPartOf\":{\"@id\":\"https:\\\/\\\/www.copealcoy.es\\\/es\\\/estas-son-las-medidas-que-propone-el-pp-para-reactivar-el-comercio-de-alcoy\\\/\"},\"author\":{\"name\":\"Cope Alcoy\",\"@id\":\"https:\\\/\\\/www.copealcoy.es\\\/es\\\/#\\\/schema\\\/person\\\/e777c87fa024e57d40170af9df39882c\"},\"headline\":\"Estas son las medidas que propone el PP para reactivar el comercio de Alcoy\",\"datePublished\":\"2022-01-21T10:38:12+00:00\",\"dateModified\":\"2022-01-21T12:08:17+00:00\",\"mainEntityOfPage\":{\"@id\":\"https:\\\/\\\/www.copealcoy.es\\\/es\\\/estas-son-las-medidas-que-propone-el-pp-para-reactivar-el-comercio-de-alcoy\\\/\"},\"wordCount\":343,\"commentCount\":0,\"image\":{\"@id\":\"https:\\\/\\\/www.copealcoy.es\\\/es\\\/estas-son-las-medidas-que-propone-el-pp-para-reactivar-el-comercio-de-alcoy\\\/#primaryimage\"},\"thumbnailUrl\":\"https:\\\/\\\/www.copealcoy.es\\\/wp-content\\\/uploads\\\/2014\\\/12\\\/image80-e1642761093670.jpg\",\"keywords\":[\"Alcoy\",\"Bono Alcoy\",\"Comercio\",\"Lirios Garc\u00eda\",\"Partido Popular\",\"reactivaci\u00f3n\"],\"articleSection\":[\"Alcoy\",\"Noticias\",\"Pol\u00edtica y Econom\u00eda\"],\"inLanguage\":\"es\"},{\"@type\":\"WebPage\",\"@id\":\"https:\\\/\\\/www.copealcoy.es\\\/es\\\/estas-son-las-medidas-que-propone-el-pp-para-reactivar-el-comercio-de-alcoy\\\/\",\"url\":\"https:\\\/\\\/www.copealcoy.es\\\/es\\\/estas-son-las-medidas-que-propone-el-pp-para-reactivar-el-comercio-de-alcoy\\\/\",\"name\":\"Estas son las medidas que propone el PP para reactivar el comercio de Alcoy - COPE Alcoy\",\"isPartOf\":{\"@id\":\"https:\\\/\\\/www.copealcoy.es\\\/es\\\/#website\"},\"primaryImageOfPage\":{\"@id\":\"https:\\\/\\\/www.copealcoy.es\\\/es\\\/estas-son-las-medidas-que-propone-el-pp-para-reactivar-el-comercio-de-alcoy\\\/#primaryimage\"},\"image\":{\"@id\":\"https:\\\/\\\/www.copealcoy.es\\\/es\\\/estas-son-las-medidas-que-propone-el-pp-para-reactivar-el-comercio-de-alcoy\\\/#primaryimage\"},\"thumbnailUrl\":\"https:\\\/\\\/www.copealcoy.es\\\/wp-content\\\/uploads\\\/2014\\\/12\\\/image80-e1642761093670.jpg\",\"datePublished\":\"2022-01-21T10:38:12+00:00\",\"dateModified\":\"2022-01-21T12:08:17+00:00\",\"author\":{\"@id\":\"https:\\\/\\\/www.copealcoy.es\\\/es\\\/#\\\/schema\\\/person\\\/e777c87fa024e57d40170af9df39882c\"},\"breadcrumb\":{\"@id\":\"https:\\\/\\\/www.copealcoy.es\\\/es\\\/estas-son-las-medidas-que-propone-el-pp-para-reactivar-el-comercio-de-alcoy\\\/#breadcrumb\"},\"inLanguage\":\"es\",\"potentialAction\":[{\"@type\":\"ReadAction\",\"target\":[\"https:\\\/\\\/www.copealcoy.es\\\/es\\\/estas-son-las-medidas-que-propone-el-pp-para-reactivar-el-comercio-de-alcoy\\\/\"]}]},{\"@type\":\"ImageObject\",\"inLanguage\":\"es\",\"@id\":\"https:\\\/\\\/www.copealcoy.es\\\/es\\\/estas-son-las-medidas-que-propone-el-pp-para-reactivar-el-comercio-de-alcoy\\\/#primaryimage\",\"url\":\"https:\\\/\\\/www.copealcoy.es\\\/wp-content\\\/uploads\\\/2014\\\/12\\\/image80-e1642761093670.jpg\",\"contentUrl\":\"https:\\\/\\\/www.copealcoy.es\\\/wp-content\\\/uploads\\\/2014\\\/12\\\/image80-e1642761093670.jpg\",\"width\":629,\"height\":406},{\"@type\":\"BreadcrumbList\",\"@id\":\"https:\\\/\\\/www.copealcoy.es\\\/es\\\/estas-son-las-medidas-que-propone-el-pp-para-reactivar-el-comercio-de-alcoy\\\/#breadcrumb\",\"itemListElement\":[{\"@type\":\"ListItem\",\"position\":1,\"name\":\"Portada\",\"item\":\"https:\\\/\\\/www.copealcoy.es\\\/es\\\/\"},{\"@type\":\"ListItem\",\"position\":2,\"name\":\"Estas son las medidas que propone el PP para reactivar el comercio de Alcoy\"}]},{\"@type\":\"WebSite\",\"@id\":\"https:\\\/\\\/www.copealcoy.es\\\/es\\\/#website\",\"url\":\"https:\\\/\\\/www.copealcoy.es\\\/es\\\/\",\"name\":\"COPE Alcoy\",\"description\":\"Emisora COPE de radio local con emisi\u00f3n online. Pont de Sant Jordi 8-10 03803 Alcoy\",\"potentialAction\":[{\"@type\":\"SearchAction\",\"target\":{\"@type\":\"EntryPoint\",\"urlTemplate\":\"https:\\\/\\\/www.copealcoy.es\\\/es\\\/?s={search_term_string}\"},\"query-input\":{\"@type\":\"PropertyValueSpecification\",\"valueRequired\":true,\"valueName\":\"search_term_string\"}}],\"inLanguage\":\"es\"},{\"@type\":\"Person\",\"@id\":\"https:\\\/\\\/www.copealcoy.es\\\/es\\\/#\\\/schema\\\/person\\\/e777c87fa024e57d40170af9df39882c\",\"name\":\"Cope Alcoy\",\"image\":{\"@type\":\"ImageObject\",\"inLanguage\":\"es\",\"@id\":\"https:\\\/\\\/secure.gravatar.com\\\/avatar\\\/bb65d0283347e303893ba14f0692005417c1e0e690a325a4c5d8bb2b3943ee14?s=96&d=mm&r=g\",\"url\":\"https:\\\/\\\/secure.gravatar.com\\\/avatar\\\/bb65d0283347e303893ba14f0692005417c1e0e690a325a4c5d8bb2b3943ee14?s=96&d=mm&r=g\",\"contentUrl\":\"https:\\\/\\\/secure.gravatar.com\\\/avatar\\\/bb65d0283347e303893ba14f0692005417c1e0e690a325a4c5d8bb2b3943ee14?s=96&d=mm&r=g\",\"caption\":\"Cope Alcoy\"}}]}<\/script>\n<!-- \/ Yoast SEO plugin. -->","yoast_head_json":{"title":"Estas son las medidas que propone el PP para reactivar el comercio de Alcoy - COPE Alcoy","robots":{"index":"index","follow":"follow","max-snippet":"max-snippet:-1","max-image-preview":"max-image-preview:large","max-video-preview":"max-video-preview:-1"},"canonical":"https:\/\/www.copealcoy.es\/es\/estas-son-las-medidas-que-propone-el-pp-para-reactivar-el-comercio-de-alcoy\/","og_locale":"es_ES","og_type":"article","og_title":"Estas son las medidas que propone el PP para reactivar el comercio de Alcoy - COPE Alcoy","og_description":"El Partido Popular ha propuesto una interesante medida para reactivar el comercio de Alcoy tras las duras consecuencias econ\u00f3micas a...","og_url":"https:\/\/www.copealcoy.es\/es\/estas-son-las-medidas-que-propone-el-pp-para-reactivar-el-comercio-de-alcoy\/","og_site_name":"COPE Alcoy","article_published_time":"2022-01-21T10:38:12+00:00","article_modified_time":"2022-01-21T12:08:17+00:00","og_image":[{"width":629,"height":406,"url":"https:\/\/www.copealcoy.es\/wp-content\/uploads\/2014\/12\/image80-e1642761093670.jpg","type":"image\/jpeg"}],"author":"Cope Alcoy","twitter_misc":{"Escrito por":"Cope Alcoy","Tiempo de lectura":"2 minutos"},"schema":{"@context":"https:\/\/schema.org","@graph":[{"@type":"Article","@id":"https:\/\/www.copealcoy.es\/es\/estas-son-las-medidas-que-propone-el-pp-para-reactivar-el-comercio-de-alcoy\/#article","isPartOf":{"@id":"https:\/\/www.copealcoy.es\/es\/estas-son-las-medidas-que-propone-el-pp-para-reactivar-el-comercio-de-alcoy\/"},"author":{"name":"Cope Alcoy","@id":"https:\/\/www.copealcoy.es\/es\/#\/schema\/person\/e777c87fa024e57d40170af9df39882c"},"headline":"Estas son las medidas que propone el PP para reactivar el comercio de Alcoy","datePublished":"2022-01-21T10:38:12+00:00","dateModified":"2022-01-21T12:08:17+00:00","mainEntityOfPage":{"@id":"https:\/\/www.copealcoy.es\/es\/estas-son-las-medidas-que-propone-el-pp-para-reactivar-el-comercio-de-alcoy\/"},"wordCount":343,"commentCount":0,"image":{"@id":"https:\/\/www.copealcoy.es\/es\/estas-son-las-medidas-que-propone-el-pp-para-reactivar-el-comercio-de-alcoy\/#primaryimage"},"thumbnailUrl":"https:\/\/www.copealcoy.es\/wp-content\/uploads\/2014\/12\/image80-e1642761093670.jpg","keywords":["Alcoy","Bono Alcoy","Comercio","Lirios Garc\u00eda","Partido Popular","reactivaci\u00f3n"],"articleSection":["Alcoy","Noticias","Pol\u00edtica y Econom\u00eda"],"inLanguage":"es"},{"@type":"WebPage","@id":"https:\/\/www.copealcoy.es\/es\/estas-son-las-medidas-que-propone-el-pp-para-reactivar-el-comercio-de-alcoy\/","url":"https:\/\/www.copealcoy.es\/es\/estas-son-las-medidas-que-propone-el-pp-para-reactivar-el-comercio-de-alcoy\/","name":"Estas son las medidas que propone el PP para reactivar el comercio de Alcoy - COPE Alcoy","isPartOf":{"@id":"https:\/\/www.copealcoy.es\/es\/#website"},"primaryImageOfPage":{"@id":"https:\/\/www.copealcoy.es\/es\/estas-son-las-medidas-que-propone-el-pp-para-reactivar-el-comercio-de-alcoy\/#primaryimage"},"image":{"@id":"https:\/\/www.copealcoy.es\/es\/estas-son-las-medidas-que-propone-el-pp-para-reactivar-el-comercio-de-alcoy\/#primaryimage"},"thumbnailUrl":"https:\/\/www.copealcoy.es\/wp-content\/uploads\/2014\/12\/image80-e1642761093670.jpg","datePublished":"2022-01-21T10:38:12+00:00","dateModified":"2022-01-21T12:08:17+00:00","author":{"@id":"https:\/\/www.copealcoy.es\/es\/#\/schema\/person\/e777c87fa024e57d40170af9df39882c"},"breadcrumb":{"@id":"https:\/\/www.copealcoy.es\/es\/estas-son-las-medidas-que-propone-el-pp-para-reactivar-el-comercio-de-alcoy\/#breadcrumb"},"inLanguage":"es","potentialAction":[{"@type":"ReadAction","target":["https:\/\/www.copealcoy.es\/es\/estas-son-las-medidas-que-propone-el-pp-para-reactivar-el-comercio-de-alcoy\/"]}]},{"@type":"ImageObject","inLanguage":"es","@id":"https:\/\/www.copealcoy.es\/es\/estas-son-las-medidas-que-propone-el-pp-para-reactivar-el-comercio-de-alcoy\/#primaryimage","url":"https:\/\/www.copealcoy.es\/wp-content\/uploads\/2014\/12\/image80-e1642761093670.jpg","contentUrl":"https:\/\/www.copealcoy.es\/wp-content\/uploads\/2014\/12\/image80-e1642761093670.jpg","width":629,"height":406},{"@type":"BreadcrumbList","@id":"https:\/\/www.copealcoy.es\/es\/estas-son-las-medidas-que-propone-el-pp-para-reactivar-el-comercio-de-alcoy\/#breadcrumb","itemListElement":[{"@type":"ListItem","position":1,"name":"Portada","item":"https:\/\/www.copealcoy.es\/es\/"},{"@type":"ListItem","position":2,"name":"Estas son las medidas que propone el PP para reactivar el comercio de Alcoy"}]},{"@type":"WebSite","@id":"https:\/\/www.copealcoy.es\/es\/#website","url":"https:\/\/www.copealcoy.es\/es\/","name":"COPE Alcoy","description":"Emisora COPE de radio local con emisi\u00f3n online. Pont de Sant Jordi 8-10 03803 Alcoy","potentialAction":[{"@type":"SearchAction","target":{"@type":"EntryPoint","urlTemplate":"https:\/\/www.copealcoy.es\/es\/?s={search_term_string}"},"query-input":{"@type":"PropertyValueSpecification","valueRequired":true,"valueName":"search_term_string"}}],"inLanguage":"es"},{"@type":"Person","@id":"https:\/\/www.copealcoy.es\/es\/#\/schema\/person\/e777c87fa024e57d40170af9df39882c","name":"Cope Alcoy","image":{"@type":"ImageObject","inLanguage":"es","@id":"https:\/\/secure.gravatar.com\/avatar\/bb65d0283347e303893ba14f0692005417c1e0e690a325a4c5d8bb2b3943ee14?s=96&d=mm&r=g","url":"https:\/\/secure.gravatar.com\/avatar\/bb65d0283347e303893ba14f0692005417c1e0e690a325a4c5d8bb2b3943ee14?s=96&d=mm&r=g","contentUrl":"https:\/\/secure.gravatar.com\/avatar\/bb65d0283347e303893ba14f0692005417c1e0e690a325a4c5d8bb2b3943ee14?s=96&d=mm&r=g","caption":"Cope Alcoy"}}]}},"_links":{"self":[{"href":"https:\/\/www.copealcoy.es\/es\/wp-json\/wp\/v2\/posts\/82861","targetHints":{"allow":["GET"]}}],"collection":[{"href":"https:\/\/www.copealcoy.es\/es\/wp-json\/wp\/v2\/posts"}],"about":[{"href":"https:\/\/www.copealcoy.es\/es\/wp-json\/wp\/v2\/types\/post"}],"author":[{"embeddable":true,"href":"https:\/\/www.copealcoy.es\/es\/wp-json\/wp\/v2\/users\/1"}],"replies":[{"embeddable":true,"href":"https:\/\/www.copealcoy.es\/es\/wp-json\/wp\/v2\/comments?post=82861"}],"version-history":[{"count":0,"href":"https:\/\/www.copealcoy.es\/es\/wp-json\/wp\/v2\/posts\/82861\/revisions"}],"wp:featuredmedia":[{"embeddable":true,"href":"https:\/\/www.copealcoy.es\/es\/wp-json\/wp\/v2\/media\/9046"}],"wp:attachment":[{"href":"https:\/\/www.copealcoy.es\/es\/wp-json\/wp\/v2\/media?parent=82861"}],"wp:term":[{"taxonomy":"category","embeddable":true,"href":"https:\/\/www.copealcoy.es\/es\/wp-json\/wp\/v2\/categories?post=82861"},{"taxonomy":"post_tag","embeddable":true,"href":"https:\/\/www.copealcoy.es\/es\/wp-json\/wp\/v2\/tags?post=82861"}],"curies":[{"name":"wp","href":"https:\/\/api.w.org\/{rel}","templated":true}]}}