{"id":82777,"date":"2022-01-19T20:05:05","date_gmt":"2022-01-19T19:05:05","guid":{"rendered":"https:\/\/www.copealcoy.es\/?p=82777"},"modified":"2022-01-19T21:49:50","modified_gmt":"2022-01-19T20:49:50","slug":"la-curva-no-se-doblega-todavia-en-la-comunitat-valenciana","status":"publish","type":"post","link":"https:\/\/www.copealcoy.es\/es\/la-curva-no-se-doblega-todavia-en-la-comunitat-valenciana\/","title":{"rendered":"La curva no se doblega todav\u00eda en la Comunitat Valenciana"},"content":{"rendered":"<p style=\"text-align: justify;\">La <strong>Conselleria de Sanidad Universal y Salud P\u00fablica <\/strong>ha notificado <strong>un total de 22.016<\/strong>\u00a0<strong>nuevos casos de Coronavirus<\/strong> confirmados por prueba PCR o a trav\u00e9s de test de ant\u00edgenos. Con esta actualizaci\u00f3n, <strong>la cifra total de positivos se sit\u00faa en 886.653 personas<\/strong>. Los nuevos casos por provincias son 3.909 en Castell\u00f3n (110.066 en total), <strong>8.286 en Alicante (322.298)<\/strong> y 9.821 en Valencia (454.287). La <strong>cifra total de casos sin asignar<\/strong> se mantiene en 2.<\/p>\n<p style=\"text-align: justify;\">Por otra parte,<strong> se han registrado 19.947 altas<\/strong> a pacientes con Covid-19. De esta forma, <strong>el n\u00famero de personas que han superado la enfermedad<\/strong> desde que comenz\u00f3 la pandemia en la Comunitat Valenciana asciende a 727.717 personas. Por provincias, las altas se distribuyen as\u00ed: 81.734 en Castell\u00f3n, <strong>259.461 en Alicante<\/strong> y 386.466 en Valencia. El total de altas no asignadas se mantiene en 56.<\/p>\n<p style=\"text-align: justify;\">Los<strong> hospitales valencianos <\/strong>tienen, actualmente,<strong> 1.720 personas ingresadas, 198 de ellas en la UCI: <\/strong>235 en la provincia de Castell\u00f3n, 26 en UCI;<strong> 590 en la provincia de Alicante, 66 de ellas en la UCI; <\/strong>y 895 en la provincia de Valencia, 106 en UCI.<\/p>\n<p style=\"text-align: justify;\">De igual forma<strong> se han notificado 23 fallecimientos<\/strong> por Coronavirus desde la \u00faltima actualizaci\u00f3n. Se trata de 16 mujeres de entre 45 y 94 a\u00f1os; y 7 hombres, de entre 48 y 92 a\u00f1os. Todos los fallecimientos est\u00e1n fechados en los \u00faltimos 7 d\u00edas. El <strong>total de decesos<\/strong> desde el inicio de la pandemia asciende a 8.343: 946 en la provincia de Castell\u00f3n, <strong>3.203 en la de Alicante<\/strong> y 4.194 en la de Valencia.<\/p>\n<p style=\"text-align: justify;\">De acuerdo con los datos registrados, en estos momentos <strong>hay 162.034 casos activos<\/strong>, lo que supone un 18,04% del total de positivos.<\/p>\n","protected":false},"excerpt":{"rendered":"<p>La Conselleria de Sanidad Universal y Salud P\u00fablica ha notificado un total de 22.016\u00a0nuevos casos de Coronavirus confirmados por prueba&#8230;<\/p>\n","protected":false},"author":1,"featured_media":62059,"comment_status":"open","ping_status":"open","sticky":false,"template":"","format":"standard","meta":{"footnotes":""},"categories":[6909,75],"tags":[1768,7281,10050,7382,7477],"class_list":["post-82777","post","type-post","status-publish","format-standard","has-post-thumbnail","hentry","category-actualidad","category-noticias","tag-comunitat-valenciana","tag-coronavirus","tag-crisis-sanitaria","tag-datos","tag-pandemia"],"yoast_head":"<!-- This site is optimized with the Yoast SEO plugin v27.3 - https:\/\/yoast.com\/product\/yoast-seo-wordpress\/ -->\n<title>La curva no se doblega todav\u00eda en la Comunitat Valenciana - COPE Alcoy<\/title>\n<meta name=\"robots\" content=\"index, follow, max-snippet:-1, max-image-preview:large, max-video-preview:-1\" \/>\n<link rel=\"canonical\" href=\"https:\/\/www.copealcoy.es\/es\/la-curva-no-se-doblega-todavia-en-la-comunitat-valenciana\/\" \/>\n<meta property=\"og:locale\" content=\"es_ES\" \/>\n<meta property=\"og:type\" content=\"article\" \/>\n<meta property=\"og:title\" content=\"La curva no se doblega todav\u00eda en la Comunitat Valenciana - COPE Alcoy\" \/>\n<meta property=\"og:description\" content=\"La Conselleria de Sanidad Universal y Salud P\u00fablica ha notificado un total de 22.016\u00a0nuevos casos de Coronavirus confirmados por prueba...\" \/>\n<meta property=\"og:url\" content=\"https:\/\/www.copealcoy.es\/es\/la-curva-no-se-doblega-todavia-en-la-comunitat-valenciana\/\" \/>\n<meta property=\"og:site_name\" content=\"COPE Alcoy\" \/>\n<meta property=\"article:published_time\" content=\"2022-01-19T19:05:05+00:00\" \/>\n<meta property=\"article:modified_time\" content=\"2022-01-19T20:49:50+00:00\" \/>\n<meta property=\"og:image\" content=\"https:\/\/www.copealcoy.es\/wp-content\/uploads\/2020\/04\/Captura-de-pantalla-2020-04-22-a-las-17.34.34-1.jpg\" \/>\n\t<meta property=\"og:image:width\" content=\"931\" \/>\n\t<meta property=\"og:image:height\" content=\"436\" \/>\n\t<meta property=\"og:image:type\" content=\"image\/jpeg\" \/>\n<meta name=\"author\" content=\"Cope Alcoy\" \/>\n<meta name=\"twitter:label1\" content=\"Escrito por\" \/>\n\t<meta name=\"twitter:data1\" content=\"Cope Alcoy\" \/>\n\t<meta name=\"twitter:label2\" content=\"Tiempo de lectura\" \/>\n\t<meta name=\"twitter:data2\" content=\"2 minutos\" \/>\n<script type=\"application\/ld+json\" class=\"yoast-schema-graph\">{\"@context\":\"https:\\\/\\\/schema.org\",\"@graph\":[{\"@type\":\"Article\",\"@id\":\"https:\\\/\\\/www.copealcoy.es\\\/es\\\/la-curva-no-se-doblega-todavia-en-la-comunitat-valenciana\\\/#article\",\"isPartOf\":{\"@id\":\"https:\\\/\\\/www.copealcoy.es\\\/es\\\/la-curva-no-se-doblega-todavia-en-la-comunitat-valenciana\\\/\"},\"author\":{\"name\":\"Cope Alcoy\",\"@id\":\"https:\\\/\\\/www.copealcoy.es\\\/es\\\/#\\\/schema\\\/person\\\/e777c87fa024e57d40170af9df39882c\"},\"headline\":\"La curva no se doblega todav\u00eda en la Comunitat Valenciana\",\"datePublished\":\"2022-01-19T19:05:05+00:00\",\"dateModified\":\"2022-01-19T20:49:50+00:00\",\"mainEntityOfPage\":{\"@id\":\"https:\\\/\\\/www.copealcoy.es\\\/es\\\/la-curva-no-se-doblega-todavia-en-la-comunitat-valenciana\\\/\"},\"wordCount\":268,\"commentCount\":0,\"image\":{\"@id\":\"https:\\\/\\\/www.copealcoy.es\\\/es\\\/la-curva-no-se-doblega-todavia-en-la-comunitat-valenciana\\\/#primaryimage\"},\"thumbnailUrl\":\"https:\\\/\\\/www.copealcoy.es\\\/wp-content\\\/uploads\\\/2020\\\/04\\\/Captura-de-pantalla-2020-04-22-a-las-17.34.34-1.jpg\",\"keywords\":[\"Comunitat Valenciana\",\"Coronavirus\",\"crisis sanitaria\",\"datos\",\"pandemia\"],\"articleSection\":[\"Actualidad\",\"Noticias\"],\"inLanguage\":\"es\"},{\"@type\":\"WebPage\",\"@id\":\"https:\\\/\\\/www.copealcoy.es\\\/es\\\/la-curva-no-se-doblega-todavia-en-la-comunitat-valenciana\\\/\",\"url\":\"https:\\\/\\\/www.copealcoy.es\\\/es\\\/la-curva-no-se-doblega-todavia-en-la-comunitat-valenciana\\\/\",\"name\":\"La curva no se doblega todav\u00eda en la Comunitat Valenciana - COPE Alcoy\",\"isPartOf\":{\"@id\":\"https:\\\/\\\/www.copealcoy.es\\\/es\\\/#website\"},\"primaryImageOfPage\":{\"@id\":\"https:\\\/\\\/www.copealcoy.es\\\/es\\\/la-curva-no-se-doblega-todavia-en-la-comunitat-valenciana\\\/#primaryimage\"},\"image\":{\"@id\":\"https:\\\/\\\/www.copealcoy.es\\\/es\\\/la-curva-no-se-doblega-todavia-en-la-comunitat-valenciana\\\/#primaryimage\"},\"thumbnailUrl\":\"https:\\\/\\\/www.copealcoy.es\\\/wp-content\\\/uploads\\\/2020\\\/04\\\/Captura-de-pantalla-2020-04-22-a-las-17.34.34-1.jpg\",\"datePublished\":\"2022-01-19T19:05:05+00:00\",\"dateModified\":\"2022-01-19T20:49:50+00:00\",\"author\":{\"@id\":\"https:\\\/\\\/www.copealcoy.es\\\/es\\\/#\\\/schema\\\/person\\\/e777c87fa024e57d40170af9df39882c\"},\"breadcrumb\":{\"@id\":\"https:\\\/\\\/www.copealcoy.es\\\/es\\\/la-curva-no-se-doblega-todavia-en-la-comunitat-valenciana\\\/#breadcrumb\"},\"inLanguage\":\"es\",\"potentialAction\":[{\"@type\":\"ReadAction\",\"target\":[\"https:\\\/\\\/www.copealcoy.es\\\/es\\\/la-curva-no-se-doblega-todavia-en-la-comunitat-valenciana\\\/\"]}]},{\"@type\":\"ImageObject\",\"inLanguage\":\"es\",\"@id\":\"https:\\\/\\\/www.copealcoy.es\\\/es\\\/la-curva-no-se-doblega-todavia-en-la-comunitat-valenciana\\\/#primaryimage\",\"url\":\"https:\\\/\\\/www.copealcoy.es\\\/wp-content\\\/uploads\\\/2020\\\/04\\\/Captura-de-pantalla-2020-04-22-a-las-17.34.34-1.jpg\",\"contentUrl\":\"https:\\\/\\\/www.copealcoy.es\\\/wp-content\\\/uploads\\\/2020\\\/04\\\/Captura-de-pantalla-2020-04-22-a-las-17.34.34-1.jpg\",\"width\":931,\"height\":436},{\"@type\":\"BreadcrumbList\",\"@id\":\"https:\\\/\\\/www.copealcoy.es\\\/es\\\/la-curva-no-se-doblega-todavia-en-la-comunitat-valenciana\\\/#breadcrumb\",\"itemListElement\":[{\"@type\":\"ListItem\",\"position\":1,\"name\":\"Portada\",\"item\":\"https:\\\/\\\/www.copealcoy.es\\\/es\\\/\"},{\"@type\":\"ListItem\",\"position\":2,\"name\":\"La curva no se doblega todav\u00eda en la Comunitat Valenciana\"}]},{\"@type\":\"WebSite\",\"@id\":\"https:\\\/\\\/www.copealcoy.es\\\/es\\\/#website\",\"url\":\"https:\\\/\\\/www.copealcoy.es\\\/es\\\/\",\"name\":\"COPE Alcoy\",\"description\":\"Emisora COPE de radio local con emisi\u00f3n online. Pont de Sant Jordi 8-10 03803 Alcoy\",\"potentialAction\":[{\"@type\":\"SearchAction\",\"target\":{\"@type\":\"EntryPoint\",\"urlTemplate\":\"https:\\\/\\\/www.copealcoy.es\\\/es\\\/?s={search_term_string}\"},\"query-input\":{\"@type\":\"PropertyValueSpecification\",\"valueRequired\":true,\"valueName\":\"search_term_string\"}}],\"inLanguage\":\"es\"},{\"@type\":\"Person\",\"@id\":\"https:\\\/\\\/www.copealcoy.es\\\/es\\\/#\\\/schema\\\/person\\\/e777c87fa024e57d40170af9df39882c\",\"name\":\"Cope Alcoy\",\"image\":{\"@type\":\"ImageObject\",\"inLanguage\":\"es\",\"@id\":\"https:\\\/\\\/secure.gravatar.com\\\/avatar\\\/bb65d0283347e303893ba14f0692005417c1e0e690a325a4c5d8bb2b3943ee14?s=96&d=mm&r=g\",\"url\":\"https:\\\/\\\/secure.gravatar.com\\\/avatar\\\/bb65d0283347e303893ba14f0692005417c1e0e690a325a4c5d8bb2b3943ee14?s=96&d=mm&r=g\",\"contentUrl\":\"https:\\\/\\\/secure.gravatar.com\\\/avatar\\\/bb65d0283347e303893ba14f0692005417c1e0e690a325a4c5d8bb2b3943ee14?s=96&d=mm&r=g\",\"caption\":\"Cope Alcoy\"}}]}<\/script>\n<!-- \/ Yoast SEO plugin. -->","yoast_head_json":{"title":"La curva no se doblega todav\u00eda en la Comunitat Valenciana - COPE Alcoy","robots":{"index":"index","follow":"follow","max-snippet":"max-snippet:-1","max-image-preview":"max-image-preview:large","max-video-preview":"max-video-preview:-1"},"canonical":"https:\/\/www.copealcoy.es\/es\/la-curva-no-se-doblega-todavia-en-la-comunitat-valenciana\/","og_locale":"es_ES","og_type":"article","og_title":"La curva no se doblega todav\u00eda en la Comunitat Valenciana - COPE Alcoy","og_description":"La Conselleria de Sanidad Universal y Salud P\u00fablica ha notificado un total de 22.016\u00a0nuevos casos de Coronavirus confirmados por prueba...","og_url":"https:\/\/www.copealcoy.es\/es\/la-curva-no-se-doblega-todavia-en-la-comunitat-valenciana\/","og_site_name":"COPE Alcoy","article_published_time":"2022-01-19T19:05:05+00:00","article_modified_time":"2022-01-19T20:49:50+00:00","og_image":[{"width":931,"height":436,"url":"https:\/\/www.copealcoy.es\/wp-content\/uploads\/2020\/04\/Captura-de-pantalla-2020-04-22-a-las-17.34.34-1.jpg","type":"image\/jpeg"}],"author":"Cope Alcoy","twitter_misc":{"Escrito por":"Cope Alcoy","Tiempo de lectura":"2 minutos"},"schema":{"@context":"https:\/\/schema.org","@graph":[{"@type":"Article","@id":"https:\/\/www.copealcoy.es\/es\/la-curva-no-se-doblega-todavia-en-la-comunitat-valenciana\/#article","isPartOf":{"@id":"https:\/\/www.copealcoy.es\/es\/la-curva-no-se-doblega-todavia-en-la-comunitat-valenciana\/"},"author":{"name":"Cope Alcoy","@id":"https:\/\/www.copealcoy.es\/es\/#\/schema\/person\/e777c87fa024e57d40170af9df39882c"},"headline":"La curva no se doblega todav\u00eda en la Comunitat Valenciana","datePublished":"2022-01-19T19:05:05+00:00","dateModified":"2022-01-19T20:49:50+00:00","mainEntityOfPage":{"@id":"https:\/\/www.copealcoy.es\/es\/la-curva-no-se-doblega-todavia-en-la-comunitat-valenciana\/"},"wordCount":268,"commentCount":0,"image":{"@id":"https:\/\/www.copealcoy.es\/es\/la-curva-no-se-doblega-todavia-en-la-comunitat-valenciana\/#primaryimage"},"thumbnailUrl":"https:\/\/www.copealcoy.es\/wp-content\/uploads\/2020\/04\/Captura-de-pantalla-2020-04-22-a-las-17.34.34-1.jpg","keywords":["Comunitat Valenciana","Coronavirus","crisis sanitaria","datos","pandemia"],"articleSection":["Actualidad","Noticias"],"inLanguage":"es"},{"@type":"WebPage","@id":"https:\/\/www.copealcoy.es\/es\/la-curva-no-se-doblega-todavia-en-la-comunitat-valenciana\/","url":"https:\/\/www.copealcoy.es\/es\/la-curva-no-se-doblega-todavia-en-la-comunitat-valenciana\/","name":"La curva no se doblega todav\u00eda en la Comunitat Valenciana - COPE Alcoy","isPartOf":{"@id":"https:\/\/www.copealcoy.es\/es\/#website"},"primaryImageOfPage":{"@id":"https:\/\/www.copealcoy.es\/es\/la-curva-no-se-doblega-todavia-en-la-comunitat-valenciana\/#primaryimage"},"image":{"@id":"https:\/\/www.copealcoy.es\/es\/la-curva-no-se-doblega-todavia-en-la-comunitat-valenciana\/#primaryimage"},"thumbnailUrl":"https:\/\/www.copealcoy.es\/wp-content\/uploads\/2020\/04\/Captura-de-pantalla-2020-04-22-a-las-17.34.34-1.jpg","datePublished":"2022-01-19T19:05:05+00:00","dateModified":"2022-01-19T20:49:50+00:00","author":{"@id":"https:\/\/www.copealcoy.es\/es\/#\/schema\/person\/e777c87fa024e57d40170af9df39882c"},"breadcrumb":{"@id":"https:\/\/www.copealcoy.es\/es\/la-curva-no-se-doblega-todavia-en-la-comunitat-valenciana\/#breadcrumb"},"inLanguage":"es","potentialAction":[{"@type":"ReadAction","target":["https:\/\/www.copealcoy.es\/es\/la-curva-no-se-doblega-todavia-en-la-comunitat-valenciana\/"]}]},{"@type":"ImageObject","inLanguage":"es","@id":"https:\/\/www.copealcoy.es\/es\/la-curva-no-se-doblega-todavia-en-la-comunitat-valenciana\/#primaryimage","url":"https:\/\/www.copealcoy.es\/wp-content\/uploads\/2020\/04\/Captura-de-pantalla-2020-04-22-a-las-17.34.34-1.jpg","contentUrl":"https:\/\/www.copealcoy.es\/wp-content\/uploads\/2020\/04\/Captura-de-pantalla-2020-04-22-a-las-17.34.34-1.jpg","width":931,"height":436},{"@type":"BreadcrumbList","@id":"https:\/\/www.copealcoy.es\/es\/la-curva-no-se-doblega-todavia-en-la-comunitat-valenciana\/#breadcrumb","itemListElement":[{"@type":"ListItem","position":1,"name":"Portada","item":"https:\/\/www.copealcoy.es\/es\/"},{"@type":"ListItem","position":2,"name":"La curva no se doblega todav\u00eda en la Comunitat Valenciana"}]},{"@type":"WebSite","@id":"https:\/\/www.copealcoy.es\/es\/#website","url":"https:\/\/www.copealcoy.es\/es\/","name":"COPE Alcoy","description":"Emisora COPE de radio local con emisi\u00f3n online. Pont de Sant Jordi 8-10 03803 Alcoy","potentialAction":[{"@type":"SearchAction","target":{"@type":"EntryPoint","urlTemplate":"https:\/\/www.copealcoy.es\/es\/?s={search_term_string}"},"query-input":{"@type":"PropertyValueSpecification","valueRequired":true,"valueName":"search_term_string"}}],"inLanguage":"es"},{"@type":"Person","@id":"https:\/\/www.copealcoy.es\/es\/#\/schema\/person\/e777c87fa024e57d40170af9df39882c","name":"Cope Alcoy","image":{"@type":"ImageObject","inLanguage":"es","@id":"https:\/\/secure.gravatar.com\/avatar\/bb65d0283347e303893ba14f0692005417c1e0e690a325a4c5d8bb2b3943ee14?s=96&d=mm&r=g","url":"https:\/\/secure.gravatar.com\/avatar\/bb65d0283347e303893ba14f0692005417c1e0e690a325a4c5d8bb2b3943ee14?s=96&d=mm&r=g","contentUrl":"https:\/\/secure.gravatar.com\/avatar\/bb65d0283347e303893ba14f0692005417c1e0e690a325a4c5d8bb2b3943ee14?s=96&d=mm&r=g","caption":"Cope Alcoy"}}]}},"_links":{"self":[{"href":"https:\/\/www.copealcoy.es\/es\/wp-json\/wp\/v2\/posts\/82777","targetHints":{"allow":["GET"]}}],"collection":[{"href":"https:\/\/www.copealcoy.es\/es\/wp-json\/wp\/v2\/posts"}],"about":[{"href":"https:\/\/www.copealcoy.es\/es\/wp-json\/wp\/v2\/types\/post"}],"author":[{"embeddable":true,"href":"https:\/\/www.copealcoy.es\/es\/wp-json\/wp\/v2\/users\/1"}],"replies":[{"embeddable":true,"href":"https:\/\/www.copealcoy.es\/es\/wp-json\/wp\/v2\/comments?post=82777"}],"version-history":[{"count":0,"href":"https:\/\/www.copealcoy.es\/es\/wp-json\/wp\/v2\/posts\/82777\/revisions"}],"wp:featuredmedia":[{"embeddable":true,"href":"https:\/\/www.copealcoy.es\/es\/wp-json\/wp\/v2\/media\/62059"}],"wp:attachment":[{"href":"https:\/\/www.copealcoy.es\/es\/wp-json\/wp\/v2\/media?parent=82777"}],"wp:term":[{"taxonomy":"category","embeddable":true,"href":"https:\/\/www.copealcoy.es\/es\/wp-json\/wp\/v2\/categories?post=82777"},{"taxonomy":"post_tag","embeddable":true,"href":"https:\/\/www.copealcoy.es\/es\/wp-json\/wp\/v2\/tags?post=82777"}],"curies":[{"name":"wp","href":"https:\/\/api.w.org\/{rel}","templated":true}]}}