{"id":82769,"date":"2022-01-19T17:56:30","date_gmt":"2022-01-19T16:56:30","guid":{"rendered":"https:\/\/www.copealcoy.es\/?p=82769"},"modified":"2022-01-20T09:08:18","modified_gmt":"2022-01-20T08:08:18","slug":"ignacio-talens-si-persigues-un-sueno-hay-que-luchar-por-el","status":"publish","type":"post","link":"https:\/\/www.copealcoy.es\/es\/ignacio-talens-si-persigues-un-sueno-hay-que-luchar-por-el\/","title":{"rendered":"Ignacio Tal\u00e9ns: &#8220;si persigues un sue\u00f1o hay que luchar por \u00e9l&#8221;"},"content":{"rendered":"<p style=\"text-align: justify;\">El <strong>joven fot\u00f3grafo <\/strong>alcoyano <strong>Ignacio Tal\u00e9ns<\/strong> ultima <strong>los preparativos<\/strong> para <strong>inaugurar la que ser\u00e1 su nueva exposici\u00f3n<\/strong>. La muestra <strong>abre sus puertas este jueves 20 de enero<\/strong> y la podremos ver en <strong>el Centre Cervante Jove (CCJ)<\/strong> hasta el pr\u00f3ximo 3 de febrero.<\/p>\n<p style=\"text-align: justify;\">Tal\u00e9ns ha explicado en COPE ALCOY que en <strong>las fotograf\u00edas que dan contenido a la exposici\u00f3n<\/strong> tiene una destacada relevancia <strong>el deporte<\/strong>, especialmente <strong>aquellas disciplinas minoritarias<\/strong>. Adem\u00e1s ha asegurado que para \u00e9l <strong>supone toda una ilusi\u00f3n acercar a los m\u00e1s j\u00f3venes su pasi\u00f3n por la fotograf\u00eda<\/strong> as\u00ed como transmitir a trav\u00e9s de las mismas <strong>la importancia de los valores deportivos<\/strong> &#8220;<em>el camino no es f\u00e1cil y para llegar hasta aqu\u00ed he tenido que caer y levantarme varias veces. Lo que le dir\u00eda a los j\u00f3venes alcoyanos es que no dejen de luchar, y que si tienen un sue\u00f1o que hagan todo lo posible por lograr que su ilusi\u00f3n sea una realidad<\/em>&#8220;, ha manifestado el joven fot\u00f3grafo.<\/p>\n<p style=\"text-align: justify;\">Esta exposici\u00f3n de Ignacio Tal\u00e9ns en el CCJ <strong>se suma a otra que el autor ya protagoniz\u00f3 meses atr\u00e1s<\/strong>. La misma <strong>estaba instalada en el interior de los salones de Restaurant Or\u00edgens<\/strong> y recibi\u00f3 <strong>muy buena aceptaci\u00f3n<\/strong> por parte del p\u00fablico.<\/p>\n<p>Aqu\u00ed <strong>puedes escuchar<\/strong> la entrevista:<\/p>\n<p><iframe loading=\"lazy\" title=\"Mediod\u00eda Cope Alcoy Mi\u00e9rcoles 19 De Enero De 2022 (13:50h)\" width=\"100%\" height=\"120\" src=\"https:\/\/www.mixcloud.com\/widget\/iframe\/?feed=https%3A%2F%2Fwww.mixcloud.com%2FCOPEAlcoy%2Fmediod%25C3%25ADa-cope-alcoy-mi%25C3%25A9rcoles-19-de-enero-de-2022-1350h%2F&amp;hide_cover=1\" frameborder=\"0\"><\/iframe><\/p>\n","protected":false},"excerpt":{"rendered":"<p>El joven fot\u00f3grafo alcoyano Ignacio Tal\u00e9ns ultima los preparativos para inaugurar la que ser\u00e1 su nueva exposici\u00f3n. La muestra abre&#8230;<\/p>\n","protected":false},"author":1,"featured_media":82775,"comment_status":"open","ping_status":"open","sticky":false,"template":"","format":"standard","meta":{"footnotes":""},"categories":[6909,97,78,75],"tags":[1494,4554,1579,736,12058],"class_list":["post-82769","post","type-post","status-publish","format-standard","has-post-thumbnail","hentry","category-actualidad","category-alcoy","category-fiestaycultura","category-noticias","tag-alcoy","tag-ccj","tag-exposicion","tag-fotografia","tag-ignacio-talens"],"yoast_head":"<!-- This site is optimized with the Yoast SEO plugin v27.3 - https:\/\/yoast.com\/product\/yoast-seo-wordpress\/ -->\n<title>Ignacio Tal\u00e9ns: &quot;si persigues un sue\u00f1o hay que luchar por \u00e9l&quot; - COPE Alcoy<\/title>\n<meta name=\"robots\" content=\"index, follow, max-snippet:-1, max-image-preview:large, max-video-preview:-1\" \/>\n<link rel=\"canonical\" href=\"https:\/\/www.copealcoy.es\/es\/ignacio-talens-si-persigues-un-sueno-hay-que-luchar-por-el\/\" \/>\n<meta property=\"og:locale\" content=\"es_ES\" \/>\n<meta property=\"og:type\" content=\"article\" \/>\n<meta property=\"og:title\" content=\"Ignacio Tal\u00e9ns: &quot;si persigues un sue\u00f1o hay que luchar por \u00e9l&quot; - COPE Alcoy\" \/>\n<meta property=\"og:description\" content=\"El joven fot\u00f3grafo alcoyano Ignacio Tal\u00e9ns ultima los preparativos para inaugurar la que ser\u00e1 su nueva exposici\u00f3n. La muestra abre...\" \/>\n<meta property=\"og:url\" content=\"https:\/\/www.copealcoy.es\/es\/ignacio-talens-si-persigues-un-sueno-hay-que-luchar-por-el\/\" \/>\n<meta property=\"og:site_name\" content=\"COPE Alcoy\" \/>\n<meta property=\"article:published_time\" content=\"2022-01-19T16:56:30+00:00\" \/>\n<meta property=\"article:modified_time\" content=\"2022-01-20T08:08:18+00:00\" \/>\n<meta property=\"og:image\" content=\"https:\/\/www.copealcoy.es\/wp-content\/uploads\/2022\/01\/unnamed-14-scaled-e1642612003588.jpg\" \/>\n\t<meta property=\"og:image:width\" content=\"640\" \/>\n\t<meta property=\"og:image:height\" content=\"298\" \/>\n\t<meta property=\"og:image:type\" content=\"image\/jpeg\" \/>\n<meta name=\"author\" content=\"Cope Alcoy\" \/>\n<meta name=\"twitter:label1\" content=\"Escrito por\" \/>\n\t<meta name=\"twitter:data1\" content=\"Cope Alcoy\" \/>\n\t<meta name=\"twitter:label2\" content=\"Tiempo de lectura\" \/>\n\t<meta name=\"twitter:data2\" content=\"1 minuto\" \/>\n<script type=\"application\/ld+json\" class=\"yoast-schema-graph\">{\"@context\":\"https:\\\/\\\/schema.org\",\"@graph\":[{\"@type\":\"Article\",\"@id\":\"https:\\\/\\\/www.copealcoy.es\\\/es\\\/ignacio-talens-si-persigues-un-sueno-hay-que-luchar-por-el\\\/#article\",\"isPartOf\":{\"@id\":\"https:\\\/\\\/www.copealcoy.es\\\/es\\\/ignacio-talens-si-persigues-un-sueno-hay-que-luchar-por-el\\\/\"},\"author\":{\"name\":\"Cope Alcoy\",\"@id\":\"https:\\\/\\\/www.copealcoy.es\\\/es\\\/#\\\/schema\\\/person\\\/e777c87fa024e57d40170af9df39882c\"},\"headline\":\"Ignacio Tal\u00e9ns: &#8220;si persigues un sue\u00f1o hay que luchar por \u00e9l&#8221;\",\"datePublished\":\"2022-01-19T16:56:30+00:00\",\"dateModified\":\"2022-01-20T08:08:18+00:00\",\"mainEntityOfPage\":{\"@id\":\"https:\\\/\\\/www.copealcoy.es\\\/es\\\/ignacio-talens-si-persigues-un-sueno-hay-que-luchar-por-el\\\/\"},\"wordCount\":253,\"commentCount\":0,\"image\":{\"@id\":\"https:\\\/\\\/www.copealcoy.es\\\/es\\\/ignacio-talens-si-persigues-un-sueno-hay-que-luchar-por-el\\\/#primaryimage\"},\"thumbnailUrl\":\"https:\\\/\\\/www.copealcoy.es\\\/wp-content\\\/uploads\\\/2022\\\/01\\\/unnamed-14-scaled-e1642612003588.jpg\",\"keywords\":[\"Alcoy\",\"CCJ\",\"Exposici\u00f3n\",\"Fotograf\u00eda\",\"Ignaci\u00f3 Tal\u00e9ns\"],\"articleSection\":[\"Actualidad\",\"Alcoy\",\"Fiesta y Cultura\",\"Noticias\"],\"inLanguage\":\"es\"},{\"@type\":\"WebPage\",\"@id\":\"https:\\\/\\\/www.copealcoy.es\\\/es\\\/ignacio-talens-si-persigues-un-sueno-hay-que-luchar-por-el\\\/\",\"url\":\"https:\\\/\\\/www.copealcoy.es\\\/es\\\/ignacio-talens-si-persigues-un-sueno-hay-que-luchar-por-el\\\/\",\"name\":\"Ignacio Tal\u00e9ns: \\\"si persigues un sue\u00f1o hay que luchar por \u00e9l\\\" - COPE Alcoy\",\"isPartOf\":{\"@id\":\"https:\\\/\\\/www.copealcoy.es\\\/es\\\/#website\"},\"primaryImageOfPage\":{\"@id\":\"https:\\\/\\\/www.copealcoy.es\\\/es\\\/ignacio-talens-si-persigues-un-sueno-hay-que-luchar-por-el\\\/#primaryimage\"},\"image\":{\"@id\":\"https:\\\/\\\/www.copealcoy.es\\\/es\\\/ignacio-talens-si-persigues-un-sueno-hay-que-luchar-por-el\\\/#primaryimage\"},\"thumbnailUrl\":\"https:\\\/\\\/www.copealcoy.es\\\/wp-content\\\/uploads\\\/2022\\\/01\\\/unnamed-14-scaled-e1642612003588.jpg\",\"datePublished\":\"2022-01-19T16:56:30+00:00\",\"dateModified\":\"2022-01-20T08:08:18+00:00\",\"author\":{\"@id\":\"https:\\\/\\\/www.copealcoy.es\\\/es\\\/#\\\/schema\\\/person\\\/e777c87fa024e57d40170af9df39882c\"},\"breadcrumb\":{\"@id\":\"https:\\\/\\\/www.copealcoy.es\\\/es\\\/ignacio-talens-si-persigues-un-sueno-hay-que-luchar-por-el\\\/#breadcrumb\"},\"inLanguage\":\"es\",\"potentialAction\":[{\"@type\":\"ReadAction\",\"target\":[\"https:\\\/\\\/www.copealcoy.es\\\/es\\\/ignacio-talens-si-persigues-un-sueno-hay-que-luchar-por-el\\\/\"]}]},{\"@type\":\"ImageObject\",\"inLanguage\":\"es\",\"@id\":\"https:\\\/\\\/www.copealcoy.es\\\/es\\\/ignacio-talens-si-persigues-un-sueno-hay-que-luchar-por-el\\\/#primaryimage\",\"url\":\"https:\\\/\\\/www.copealcoy.es\\\/wp-content\\\/uploads\\\/2022\\\/01\\\/unnamed-14-scaled-e1642612003588.jpg\",\"contentUrl\":\"https:\\\/\\\/www.copealcoy.es\\\/wp-content\\\/uploads\\\/2022\\\/01\\\/unnamed-14-scaled-e1642612003588.jpg\",\"width\":640,\"height\":298},{\"@type\":\"BreadcrumbList\",\"@id\":\"https:\\\/\\\/www.copealcoy.es\\\/es\\\/ignacio-talens-si-persigues-un-sueno-hay-que-luchar-por-el\\\/#breadcrumb\",\"itemListElement\":[{\"@type\":\"ListItem\",\"position\":1,\"name\":\"Portada\",\"item\":\"https:\\\/\\\/www.copealcoy.es\\\/es\\\/\"},{\"@type\":\"ListItem\",\"position\":2,\"name\":\"Ignacio Tal\u00e9ns: &#8220;si persigues un sue\u00f1o hay que luchar por \u00e9l&#8221;\"}]},{\"@type\":\"WebSite\",\"@id\":\"https:\\\/\\\/www.copealcoy.es\\\/es\\\/#website\",\"url\":\"https:\\\/\\\/www.copealcoy.es\\\/es\\\/\",\"name\":\"COPE Alcoy\",\"description\":\"Emisora COPE de radio local con emisi\u00f3n online. Pont de Sant Jordi 8-10 03803 Alcoy\",\"potentialAction\":[{\"@type\":\"SearchAction\",\"target\":{\"@type\":\"EntryPoint\",\"urlTemplate\":\"https:\\\/\\\/www.copealcoy.es\\\/es\\\/?s={search_term_string}\"},\"query-input\":{\"@type\":\"PropertyValueSpecification\",\"valueRequired\":true,\"valueName\":\"search_term_string\"}}],\"inLanguage\":\"es\"},{\"@type\":\"Person\",\"@id\":\"https:\\\/\\\/www.copealcoy.es\\\/es\\\/#\\\/schema\\\/person\\\/e777c87fa024e57d40170af9df39882c\",\"name\":\"Cope Alcoy\",\"image\":{\"@type\":\"ImageObject\",\"inLanguage\":\"es\",\"@id\":\"https:\\\/\\\/secure.gravatar.com\\\/avatar\\\/bb65d0283347e303893ba14f0692005417c1e0e690a325a4c5d8bb2b3943ee14?s=96&d=mm&r=g\",\"url\":\"https:\\\/\\\/secure.gravatar.com\\\/avatar\\\/bb65d0283347e303893ba14f0692005417c1e0e690a325a4c5d8bb2b3943ee14?s=96&d=mm&r=g\",\"contentUrl\":\"https:\\\/\\\/secure.gravatar.com\\\/avatar\\\/bb65d0283347e303893ba14f0692005417c1e0e690a325a4c5d8bb2b3943ee14?s=96&d=mm&r=g\",\"caption\":\"Cope Alcoy\"}}]}<\/script>\n<!-- \/ Yoast SEO plugin. -->","yoast_head_json":{"title":"Ignacio Tal\u00e9ns: \"si persigues un sue\u00f1o hay que luchar por \u00e9l\" - COPE Alcoy","robots":{"index":"index","follow":"follow","max-snippet":"max-snippet:-1","max-image-preview":"max-image-preview:large","max-video-preview":"max-video-preview:-1"},"canonical":"https:\/\/www.copealcoy.es\/es\/ignacio-talens-si-persigues-un-sueno-hay-que-luchar-por-el\/","og_locale":"es_ES","og_type":"article","og_title":"Ignacio Tal\u00e9ns: \"si persigues un sue\u00f1o hay que luchar por \u00e9l\" - COPE Alcoy","og_description":"El joven fot\u00f3grafo alcoyano Ignacio Tal\u00e9ns ultima los preparativos para inaugurar la que ser\u00e1 su nueva exposici\u00f3n. La muestra abre...","og_url":"https:\/\/www.copealcoy.es\/es\/ignacio-talens-si-persigues-un-sueno-hay-que-luchar-por-el\/","og_site_name":"COPE Alcoy","article_published_time":"2022-01-19T16:56:30+00:00","article_modified_time":"2022-01-20T08:08:18+00:00","og_image":[{"width":640,"height":298,"url":"https:\/\/www.copealcoy.es\/wp-content\/uploads\/2022\/01\/unnamed-14-scaled-e1642612003588.jpg","type":"image\/jpeg"}],"author":"Cope Alcoy","twitter_misc":{"Escrito por":"Cope Alcoy","Tiempo de lectura":"1 minuto"},"schema":{"@context":"https:\/\/schema.org","@graph":[{"@type":"Article","@id":"https:\/\/www.copealcoy.es\/es\/ignacio-talens-si-persigues-un-sueno-hay-que-luchar-por-el\/#article","isPartOf":{"@id":"https:\/\/www.copealcoy.es\/es\/ignacio-talens-si-persigues-un-sueno-hay-que-luchar-por-el\/"},"author":{"name":"Cope Alcoy","@id":"https:\/\/www.copealcoy.es\/es\/#\/schema\/person\/e777c87fa024e57d40170af9df39882c"},"headline":"Ignacio Tal\u00e9ns: &#8220;si persigues un sue\u00f1o hay que luchar por \u00e9l&#8221;","datePublished":"2022-01-19T16:56:30+00:00","dateModified":"2022-01-20T08:08:18+00:00","mainEntityOfPage":{"@id":"https:\/\/www.copealcoy.es\/es\/ignacio-talens-si-persigues-un-sueno-hay-que-luchar-por-el\/"},"wordCount":253,"commentCount":0,"image":{"@id":"https:\/\/www.copealcoy.es\/es\/ignacio-talens-si-persigues-un-sueno-hay-que-luchar-por-el\/#primaryimage"},"thumbnailUrl":"https:\/\/www.copealcoy.es\/wp-content\/uploads\/2022\/01\/unnamed-14-scaled-e1642612003588.jpg","keywords":["Alcoy","CCJ","Exposici\u00f3n","Fotograf\u00eda","Ignaci\u00f3 Tal\u00e9ns"],"articleSection":["Actualidad","Alcoy","Fiesta y Cultura","Noticias"],"inLanguage":"es"},{"@type":"WebPage","@id":"https:\/\/www.copealcoy.es\/es\/ignacio-talens-si-persigues-un-sueno-hay-que-luchar-por-el\/","url":"https:\/\/www.copealcoy.es\/es\/ignacio-talens-si-persigues-un-sueno-hay-que-luchar-por-el\/","name":"Ignacio Tal\u00e9ns: \"si persigues un sue\u00f1o hay que luchar por \u00e9l\" - COPE Alcoy","isPartOf":{"@id":"https:\/\/www.copealcoy.es\/es\/#website"},"primaryImageOfPage":{"@id":"https:\/\/www.copealcoy.es\/es\/ignacio-talens-si-persigues-un-sueno-hay-que-luchar-por-el\/#primaryimage"},"image":{"@id":"https:\/\/www.copealcoy.es\/es\/ignacio-talens-si-persigues-un-sueno-hay-que-luchar-por-el\/#primaryimage"},"thumbnailUrl":"https:\/\/www.copealcoy.es\/wp-content\/uploads\/2022\/01\/unnamed-14-scaled-e1642612003588.jpg","datePublished":"2022-01-19T16:56:30+00:00","dateModified":"2022-01-20T08:08:18+00:00","author":{"@id":"https:\/\/www.copealcoy.es\/es\/#\/schema\/person\/e777c87fa024e57d40170af9df39882c"},"breadcrumb":{"@id":"https:\/\/www.copealcoy.es\/es\/ignacio-talens-si-persigues-un-sueno-hay-que-luchar-por-el\/#breadcrumb"},"inLanguage":"es","potentialAction":[{"@type":"ReadAction","target":["https:\/\/www.copealcoy.es\/es\/ignacio-talens-si-persigues-un-sueno-hay-que-luchar-por-el\/"]}]},{"@type":"ImageObject","inLanguage":"es","@id":"https:\/\/www.copealcoy.es\/es\/ignacio-talens-si-persigues-un-sueno-hay-que-luchar-por-el\/#primaryimage","url":"https:\/\/www.copealcoy.es\/wp-content\/uploads\/2022\/01\/unnamed-14-scaled-e1642612003588.jpg","contentUrl":"https:\/\/www.copealcoy.es\/wp-content\/uploads\/2022\/01\/unnamed-14-scaled-e1642612003588.jpg","width":640,"height":298},{"@type":"BreadcrumbList","@id":"https:\/\/www.copealcoy.es\/es\/ignacio-talens-si-persigues-un-sueno-hay-que-luchar-por-el\/#breadcrumb","itemListElement":[{"@type":"ListItem","position":1,"name":"Portada","item":"https:\/\/www.copealcoy.es\/es\/"},{"@type":"ListItem","position":2,"name":"Ignacio Tal\u00e9ns: &#8220;si persigues un sue\u00f1o hay que luchar por \u00e9l&#8221;"}]},{"@type":"WebSite","@id":"https:\/\/www.copealcoy.es\/es\/#website","url":"https:\/\/www.copealcoy.es\/es\/","name":"COPE Alcoy","description":"Emisora COPE de radio local con emisi\u00f3n online. Pont de Sant Jordi 8-10 03803 Alcoy","potentialAction":[{"@type":"SearchAction","target":{"@type":"EntryPoint","urlTemplate":"https:\/\/www.copealcoy.es\/es\/?s={search_term_string}"},"query-input":{"@type":"PropertyValueSpecification","valueRequired":true,"valueName":"search_term_string"}}],"inLanguage":"es"},{"@type":"Person","@id":"https:\/\/www.copealcoy.es\/es\/#\/schema\/person\/e777c87fa024e57d40170af9df39882c","name":"Cope Alcoy","image":{"@type":"ImageObject","inLanguage":"es","@id":"https:\/\/secure.gravatar.com\/avatar\/bb65d0283347e303893ba14f0692005417c1e0e690a325a4c5d8bb2b3943ee14?s=96&d=mm&r=g","url":"https:\/\/secure.gravatar.com\/avatar\/bb65d0283347e303893ba14f0692005417c1e0e690a325a4c5d8bb2b3943ee14?s=96&d=mm&r=g","contentUrl":"https:\/\/secure.gravatar.com\/avatar\/bb65d0283347e303893ba14f0692005417c1e0e690a325a4c5d8bb2b3943ee14?s=96&d=mm&r=g","caption":"Cope Alcoy"}}]}},"_links":{"self":[{"href":"https:\/\/www.copealcoy.es\/es\/wp-json\/wp\/v2\/posts\/82769","targetHints":{"allow":["GET"]}}],"collection":[{"href":"https:\/\/www.copealcoy.es\/es\/wp-json\/wp\/v2\/posts"}],"about":[{"href":"https:\/\/www.copealcoy.es\/es\/wp-json\/wp\/v2\/types\/post"}],"author":[{"embeddable":true,"href":"https:\/\/www.copealcoy.es\/es\/wp-json\/wp\/v2\/users\/1"}],"replies":[{"embeddable":true,"href":"https:\/\/www.copealcoy.es\/es\/wp-json\/wp\/v2\/comments?post=82769"}],"version-history":[{"count":0,"href":"https:\/\/www.copealcoy.es\/es\/wp-json\/wp\/v2\/posts\/82769\/revisions"}],"wp:featuredmedia":[{"embeddable":true,"href":"https:\/\/www.copealcoy.es\/es\/wp-json\/wp\/v2\/media\/82775"}],"wp:attachment":[{"href":"https:\/\/www.copealcoy.es\/es\/wp-json\/wp\/v2\/media?parent=82769"}],"wp:term":[{"taxonomy":"category","embeddable":true,"href":"https:\/\/www.copealcoy.es\/es\/wp-json\/wp\/v2\/categories?post=82769"},{"taxonomy":"post_tag","embeddable":true,"href":"https:\/\/www.copealcoy.es\/es\/wp-json\/wp\/v2\/tags?post=82769"}],"curies":[{"name":"wp","href":"https:\/\/api.w.org\/{rel}","templated":true}]}}