{"id":82763,"date":"2022-01-19T17:13:44","date_gmt":"2022-01-19T16:13:44","guid":{"rendered":"https:\/\/www.copealcoy.es\/?p=82763"},"modified":"2022-01-19T21:42:21","modified_gmt":"2022-01-19T20:42:21","slug":"la-provincia-se-da-a-conocer-en-fitur","status":"publish","type":"post","link":"https:\/\/www.copealcoy.es\/es\/la-provincia-se-da-a-conocer-en-fitur\/","title":{"rendered":"La provincia se da a conocer en FITUR"},"content":{"rendered":"<p style=\"text-align: justify;\">Hoy ha abierto sus puertas en Madrid <strong>la Feria Internacional del Turismo (FITUR)<\/strong>. All\u00ed el <strong>Patronato de Turismo Costa Blanca<\/strong> promocionar\u00e1 hasta el domingo <strong>los atractivos de los 141 municipios de nuestra provincia<\/strong>, una estrategia que este a\u00f1o <strong>se centra tambi\u00e9n en recuperar turistas as\u00ed como buena parte de la inversi\u00f3n econ\u00f3mica que deja su presencia en estas tierras<\/strong> tras <strong>las consecuencias<\/strong> que ha tra\u00eddo para el sector la crisis econ\u00f3mica del Coronavirus.<\/p>\n<p style=\"text-align: justify;\">Desde Costa Blanca <strong>se apuesta asimismo por captar el mercado alem\u00e1n y el turismo LGTBI<\/strong>. Por otra parte se contempla, para 2022, <strong>incluir acciones por importe de 660.000 euros en medios digitales especializados<\/strong> tanto de \u00e1mbito nacional como internacional &#8220;<em>venimos a este Certamen con la humildad del trabajo bien hecho, pero con la ambici\u00f3n puesta en un futuro de competitividad y excelencia. La Semana Santa marcar\u00e1 un antes y un despu\u00e9s en la recuperaci\u00f3n del turismo de la Costa Blanca<\/em>&#8220;, ha manifestado en esta jornada el Presidente de la Diputaci\u00f3n de Alicante; <strong>Carlos Maz\u00f3n<\/strong>.<\/p>\n<p style=\"text-align: justify;\">En FITUR 2022 tambi\u00e9n <strong>se promocionan municipios de nuestras comarcas como Alcoy y Cocentaina<\/strong>. El primero presenta en la Feria su <strong>Plan de Sostenibilidad<\/strong> <strong>Tur\u00edstica<\/strong>, las acciones que est\u00e1 llevando a cabo para ser <strong>Destino Tur\u00edstico Inteligente<\/strong> y <strong>las nuevas rutas<\/strong> para descubrir los atractivos tur\u00edsticos de la ciudad. La segunda <strong>da a conocer la Fira de Tots Sants<\/strong> e iniciativas enmarcas dentro de la misma como el Aove Forum Internacional.<\/p>\n","protected":false},"excerpt":{"rendered":"<p>Hoy ha abierto sus puertas en Madrid la Feria Internacional del Turismo (FITUR). All\u00ed el Patronato de Turismo Costa Blanca&#8230;<\/p>\n","protected":false},"author":1,"featured_media":82764,"comment_status":"open","ping_status":"open","sticky":false,"template":"","format":"standard","meta":{"footnotes":""},"categories":[6909,75,125],"tags":[597,12322,596,12323,2815],"class_list":["post-82763","post","type-post","status-publish","format-standard","has-post-thumbnail","hentry","category-actualidad","category-noticias","category-portada","tag-costa-blanca","tag-desembarco","tag-fitur","tag-patronato-de-turismo","tag-provincia-de-alicante"],"yoast_head":"<!-- This site is optimized with the Yoast SEO plugin v27.3 - https:\/\/yoast.com\/product\/yoast-seo-wordpress\/ -->\n<title>La provincia se da a conocer en FITUR - COPE Alcoy<\/title>\n<meta name=\"robots\" content=\"index, follow, max-snippet:-1, max-image-preview:large, max-video-preview:-1\" \/>\n<link rel=\"canonical\" href=\"https:\/\/www.copealcoy.es\/es\/la-provincia-se-da-a-conocer-en-fitur\/\" \/>\n<meta property=\"og:locale\" content=\"es_ES\" \/>\n<meta property=\"og:type\" content=\"article\" \/>\n<meta property=\"og:title\" content=\"La provincia se da a conocer en FITUR - COPE Alcoy\" \/>\n<meta property=\"og:description\" content=\"Hoy ha abierto sus puertas en Madrid la Feria Internacional del Turismo (FITUR). All\u00ed el Patronato de Turismo Costa Blanca...\" \/>\n<meta property=\"og:url\" content=\"https:\/\/www.copealcoy.es\/es\/la-provincia-se-da-a-conocer-en-fitur\/\" \/>\n<meta property=\"og:site_name\" content=\"COPE Alcoy\" \/>\n<meta property=\"article:published_time\" content=\"2022-01-19T16:13:44+00:00\" \/>\n<meta property=\"article:modified_time\" content=\"2022-01-19T20:42:21+00:00\" \/>\n<meta property=\"og:image\" content=\"https:\/\/www.copealcoy.es\/wp-content\/uploads\/2022\/01\/unnamed-12.jpg\" \/>\n\t<meta property=\"og:image:width\" content=\"2016\" \/>\n\t<meta property=\"og:image:height\" content=\"908\" \/>\n\t<meta property=\"og:image:type\" content=\"image\/jpeg\" \/>\n<meta name=\"author\" content=\"Cope Alcoy\" \/>\n<meta name=\"twitter:label1\" content=\"Escrito por\" \/>\n\t<meta name=\"twitter:data1\" content=\"Cope Alcoy\" \/>\n\t<meta name=\"twitter:label2\" content=\"Tiempo de lectura\" \/>\n\t<meta name=\"twitter:data2\" content=\"2 minutos\" \/>\n<script type=\"application\/ld+json\" class=\"yoast-schema-graph\">{\"@context\":\"https:\\\/\\\/schema.org\",\"@graph\":[{\"@type\":\"Article\",\"@id\":\"https:\\\/\\\/www.copealcoy.es\\\/es\\\/la-provincia-se-da-a-conocer-en-fitur\\\/#article\",\"isPartOf\":{\"@id\":\"https:\\\/\\\/www.copealcoy.es\\\/es\\\/la-provincia-se-da-a-conocer-en-fitur\\\/\"},\"author\":{\"name\":\"Cope Alcoy\",\"@id\":\"https:\\\/\\\/www.copealcoy.es\\\/es\\\/#\\\/schema\\\/person\\\/e777c87fa024e57d40170af9df39882c\"},\"headline\":\"La provincia se da a conocer en FITUR\",\"datePublished\":\"2022-01-19T16:13:44+00:00\",\"dateModified\":\"2022-01-19T20:42:21+00:00\",\"mainEntityOfPage\":{\"@id\":\"https:\\\/\\\/www.copealcoy.es\\\/es\\\/la-provincia-se-da-a-conocer-en-fitur\\\/\"},\"wordCount\":258,\"commentCount\":0,\"image\":{\"@id\":\"https:\\\/\\\/www.copealcoy.es\\\/es\\\/la-provincia-se-da-a-conocer-en-fitur\\\/#primaryimage\"},\"thumbnailUrl\":\"https:\\\/\\\/www.copealcoy.es\\\/wp-content\\\/uploads\\\/2022\\\/01\\\/unnamed-12.jpg\",\"keywords\":[\"Costa Blanca\",\"desembarco\",\"FITUR\",\"Patronato de Turismo\",\"provincia de Alicante\"],\"articleSection\":[\"Actualidad\",\"Noticias\",\"Portada\"],\"inLanguage\":\"es\"},{\"@type\":\"WebPage\",\"@id\":\"https:\\\/\\\/www.copealcoy.es\\\/es\\\/la-provincia-se-da-a-conocer-en-fitur\\\/\",\"url\":\"https:\\\/\\\/www.copealcoy.es\\\/es\\\/la-provincia-se-da-a-conocer-en-fitur\\\/\",\"name\":\"La provincia se da a conocer en FITUR - COPE Alcoy\",\"isPartOf\":{\"@id\":\"https:\\\/\\\/www.copealcoy.es\\\/es\\\/#website\"},\"primaryImageOfPage\":{\"@id\":\"https:\\\/\\\/www.copealcoy.es\\\/es\\\/la-provincia-se-da-a-conocer-en-fitur\\\/#primaryimage\"},\"image\":{\"@id\":\"https:\\\/\\\/www.copealcoy.es\\\/es\\\/la-provincia-se-da-a-conocer-en-fitur\\\/#primaryimage\"},\"thumbnailUrl\":\"https:\\\/\\\/www.copealcoy.es\\\/wp-content\\\/uploads\\\/2022\\\/01\\\/unnamed-12.jpg\",\"datePublished\":\"2022-01-19T16:13:44+00:00\",\"dateModified\":\"2022-01-19T20:42:21+00:00\",\"author\":{\"@id\":\"https:\\\/\\\/www.copealcoy.es\\\/es\\\/#\\\/schema\\\/person\\\/e777c87fa024e57d40170af9df39882c\"},\"breadcrumb\":{\"@id\":\"https:\\\/\\\/www.copealcoy.es\\\/es\\\/la-provincia-se-da-a-conocer-en-fitur\\\/#breadcrumb\"},\"inLanguage\":\"es\",\"potentialAction\":[{\"@type\":\"ReadAction\",\"target\":[\"https:\\\/\\\/www.copealcoy.es\\\/es\\\/la-provincia-se-da-a-conocer-en-fitur\\\/\"]}]},{\"@type\":\"ImageObject\",\"inLanguage\":\"es\",\"@id\":\"https:\\\/\\\/www.copealcoy.es\\\/es\\\/la-provincia-se-da-a-conocer-en-fitur\\\/#primaryimage\",\"url\":\"https:\\\/\\\/www.copealcoy.es\\\/wp-content\\\/uploads\\\/2022\\\/01\\\/unnamed-12.jpg\",\"contentUrl\":\"https:\\\/\\\/www.copealcoy.es\\\/wp-content\\\/uploads\\\/2022\\\/01\\\/unnamed-12.jpg\",\"width\":2016,\"height\":908},{\"@type\":\"BreadcrumbList\",\"@id\":\"https:\\\/\\\/www.copealcoy.es\\\/es\\\/la-provincia-se-da-a-conocer-en-fitur\\\/#breadcrumb\",\"itemListElement\":[{\"@type\":\"ListItem\",\"position\":1,\"name\":\"Portada\",\"item\":\"https:\\\/\\\/www.copealcoy.es\\\/es\\\/\"},{\"@type\":\"ListItem\",\"position\":2,\"name\":\"La provincia se da a conocer en FITUR\"}]},{\"@type\":\"WebSite\",\"@id\":\"https:\\\/\\\/www.copealcoy.es\\\/es\\\/#website\",\"url\":\"https:\\\/\\\/www.copealcoy.es\\\/es\\\/\",\"name\":\"COPE Alcoy\",\"description\":\"Emisora COPE de radio local con emisi\u00f3n online. Pont de Sant Jordi 8-10 03803 Alcoy\",\"potentialAction\":[{\"@type\":\"SearchAction\",\"target\":{\"@type\":\"EntryPoint\",\"urlTemplate\":\"https:\\\/\\\/www.copealcoy.es\\\/es\\\/?s={search_term_string}\"},\"query-input\":{\"@type\":\"PropertyValueSpecification\",\"valueRequired\":true,\"valueName\":\"search_term_string\"}}],\"inLanguage\":\"es\"},{\"@type\":\"Person\",\"@id\":\"https:\\\/\\\/www.copealcoy.es\\\/es\\\/#\\\/schema\\\/person\\\/e777c87fa024e57d40170af9df39882c\",\"name\":\"Cope Alcoy\",\"image\":{\"@type\":\"ImageObject\",\"inLanguage\":\"es\",\"@id\":\"https:\\\/\\\/secure.gravatar.com\\\/avatar\\\/bb65d0283347e303893ba14f0692005417c1e0e690a325a4c5d8bb2b3943ee14?s=96&d=mm&r=g\",\"url\":\"https:\\\/\\\/secure.gravatar.com\\\/avatar\\\/bb65d0283347e303893ba14f0692005417c1e0e690a325a4c5d8bb2b3943ee14?s=96&d=mm&r=g\",\"contentUrl\":\"https:\\\/\\\/secure.gravatar.com\\\/avatar\\\/bb65d0283347e303893ba14f0692005417c1e0e690a325a4c5d8bb2b3943ee14?s=96&d=mm&r=g\",\"caption\":\"Cope Alcoy\"}}]}<\/script>\n<!-- \/ Yoast SEO plugin. -->","yoast_head_json":{"title":"La provincia se da a conocer en FITUR - COPE Alcoy","robots":{"index":"index","follow":"follow","max-snippet":"max-snippet:-1","max-image-preview":"max-image-preview:large","max-video-preview":"max-video-preview:-1"},"canonical":"https:\/\/www.copealcoy.es\/es\/la-provincia-se-da-a-conocer-en-fitur\/","og_locale":"es_ES","og_type":"article","og_title":"La provincia se da a conocer en FITUR - COPE Alcoy","og_description":"Hoy ha abierto sus puertas en Madrid la Feria Internacional del Turismo (FITUR). All\u00ed el Patronato de Turismo Costa Blanca...","og_url":"https:\/\/www.copealcoy.es\/es\/la-provincia-se-da-a-conocer-en-fitur\/","og_site_name":"COPE Alcoy","article_published_time":"2022-01-19T16:13:44+00:00","article_modified_time":"2022-01-19T20:42:21+00:00","og_image":[{"width":2016,"height":908,"url":"https:\/\/www.copealcoy.es\/wp-content\/uploads\/2022\/01\/unnamed-12.jpg","type":"image\/jpeg"}],"author":"Cope Alcoy","twitter_misc":{"Escrito por":"Cope Alcoy","Tiempo de lectura":"2 minutos"},"schema":{"@context":"https:\/\/schema.org","@graph":[{"@type":"Article","@id":"https:\/\/www.copealcoy.es\/es\/la-provincia-se-da-a-conocer-en-fitur\/#article","isPartOf":{"@id":"https:\/\/www.copealcoy.es\/es\/la-provincia-se-da-a-conocer-en-fitur\/"},"author":{"name":"Cope Alcoy","@id":"https:\/\/www.copealcoy.es\/es\/#\/schema\/person\/e777c87fa024e57d40170af9df39882c"},"headline":"La provincia se da a conocer en FITUR","datePublished":"2022-01-19T16:13:44+00:00","dateModified":"2022-01-19T20:42:21+00:00","mainEntityOfPage":{"@id":"https:\/\/www.copealcoy.es\/es\/la-provincia-se-da-a-conocer-en-fitur\/"},"wordCount":258,"commentCount":0,"image":{"@id":"https:\/\/www.copealcoy.es\/es\/la-provincia-se-da-a-conocer-en-fitur\/#primaryimage"},"thumbnailUrl":"https:\/\/www.copealcoy.es\/wp-content\/uploads\/2022\/01\/unnamed-12.jpg","keywords":["Costa Blanca","desembarco","FITUR","Patronato de Turismo","provincia de Alicante"],"articleSection":["Actualidad","Noticias","Portada"],"inLanguage":"es"},{"@type":"WebPage","@id":"https:\/\/www.copealcoy.es\/es\/la-provincia-se-da-a-conocer-en-fitur\/","url":"https:\/\/www.copealcoy.es\/es\/la-provincia-se-da-a-conocer-en-fitur\/","name":"La provincia se da a conocer en FITUR - COPE Alcoy","isPartOf":{"@id":"https:\/\/www.copealcoy.es\/es\/#website"},"primaryImageOfPage":{"@id":"https:\/\/www.copealcoy.es\/es\/la-provincia-se-da-a-conocer-en-fitur\/#primaryimage"},"image":{"@id":"https:\/\/www.copealcoy.es\/es\/la-provincia-se-da-a-conocer-en-fitur\/#primaryimage"},"thumbnailUrl":"https:\/\/www.copealcoy.es\/wp-content\/uploads\/2022\/01\/unnamed-12.jpg","datePublished":"2022-01-19T16:13:44+00:00","dateModified":"2022-01-19T20:42:21+00:00","author":{"@id":"https:\/\/www.copealcoy.es\/es\/#\/schema\/person\/e777c87fa024e57d40170af9df39882c"},"breadcrumb":{"@id":"https:\/\/www.copealcoy.es\/es\/la-provincia-se-da-a-conocer-en-fitur\/#breadcrumb"},"inLanguage":"es","potentialAction":[{"@type":"ReadAction","target":["https:\/\/www.copealcoy.es\/es\/la-provincia-se-da-a-conocer-en-fitur\/"]}]},{"@type":"ImageObject","inLanguage":"es","@id":"https:\/\/www.copealcoy.es\/es\/la-provincia-se-da-a-conocer-en-fitur\/#primaryimage","url":"https:\/\/www.copealcoy.es\/wp-content\/uploads\/2022\/01\/unnamed-12.jpg","contentUrl":"https:\/\/www.copealcoy.es\/wp-content\/uploads\/2022\/01\/unnamed-12.jpg","width":2016,"height":908},{"@type":"BreadcrumbList","@id":"https:\/\/www.copealcoy.es\/es\/la-provincia-se-da-a-conocer-en-fitur\/#breadcrumb","itemListElement":[{"@type":"ListItem","position":1,"name":"Portada","item":"https:\/\/www.copealcoy.es\/es\/"},{"@type":"ListItem","position":2,"name":"La provincia se da a conocer en FITUR"}]},{"@type":"WebSite","@id":"https:\/\/www.copealcoy.es\/es\/#website","url":"https:\/\/www.copealcoy.es\/es\/","name":"COPE Alcoy","description":"Emisora COPE de radio local con emisi\u00f3n online. Pont de Sant Jordi 8-10 03803 Alcoy","potentialAction":[{"@type":"SearchAction","target":{"@type":"EntryPoint","urlTemplate":"https:\/\/www.copealcoy.es\/es\/?s={search_term_string}"},"query-input":{"@type":"PropertyValueSpecification","valueRequired":true,"valueName":"search_term_string"}}],"inLanguage":"es"},{"@type":"Person","@id":"https:\/\/www.copealcoy.es\/es\/#\/schema\/person\/e777c87fa024e57d40170af9df39882c","name":"Cope Alcoy","image":{"@type":"ImageObject","inLanguage":"es","@id":"https:\/\/secure.gravatar.com\/avatar\/bb65d0283347e303893ba14f0692005417c1e0e690a325a4c5d8bb2b3943ee14?s=96&d=mm&r=g","url":"https:\/\/secure.gravatar.com\/avatar\/bb65d0283347e303893ba14f0692005417c1e0e690a325a4c5d8bb2b3943ee14?s=96&d=mm&r=g","contentUrl":"https:\/\/secure.gravatar.com\/avatar\/bb65d0283347e303893ba14f0692005417c1e0e690a325a4c5d8bb2b3943ee14?s=96&d=mm&r=g","caption":"Cope Alcoy"}}]}},"_links":{"self":[{"href":"https:\/\/www.copealcoy.es\/es\/wp-json\/wp\/v2\/posts\/82763","targetHints":{"allow":["GET"]}}],"collection":[{"href":"https:\/\/www.copealcoy.es\/es\/wp-json\/wp\/v2\/posts"}],"about":[{"href":"https:\/\/www.copealcoy.es\/es\/wp-json\/wp\/v2\/types\/post"}],"author":[{"embeddable":true,"href":"https:\/\/www.copealcoy.es\/es\/wp-json\/wp\/v2\/users\/1"}],"replies":[{"embeddable":true,"href":"https:\/\/www.copealcoy.es\/es\/wp-json\/wp\/v2\/comments?post=82763"}],"version-history":[{"count":0,"href":"https:\/\/www.copealcoy.es\/es\/wp-json\/wp\/v2\/posts\/82763\/revisions"}],"wp:featuredmedia":[{"embeddable":true,"href":"https:\/\/www.copealcoy.es\/es\/wp-json\/wp\/v2\/media\/82764"}],"wp:attachment":[{"href":"https:\/\/www.copealcoy.es\/es\/wp-json\/wp\/v2\/media?parent=82763"}],"wp:term":[{"taxonomy":"category","embeddable":true,"href":"https:\/\/www.copealcoy.es\/es\/wp-json\/wp\/v2\/categories?post=82763"},{"taxonomy":"post_tag","embeddable":true,"href":"https:\/\/www.copealcoy.es\/es\/wp-json\/wp\/v2\/tags?post=82763"}],"curies":[{"name":"wp","href":"https:\/\/api.w.org\/{rel}","templated":true}]}}