{"id":82710,"date":"2022-01-19T09:10:27","date_gmt":"2022-01-19T08:10:27","guid":{"rendered":"https:\/\/www.copealcoy.es\/?p=82710"},"modified":"2022-01-19T09:10:27","modified_gmt":"2022-01-19T08:10:27","slug":"la-comunitat-valenciana-registra-13-196-nuevos-casos","status":"publish","type":"post","link":"https:\/\/www.copealcoy.es\/es\/la-comunitat-valenciana-registra-13-196-nuevos-casos\/","title":{"rendered":"La Comunitat Valenciana registra 13.196 nuevos casos"},"content":{"rendered":"<p style=\"text-align: justify;\">La <strong>Comunitat Valenciana ha notificado 32 fallecidos por Coronavirus desde ayer, <\/strong>y 13.196 nuevos casos,<strong> lo que supone 3.168 contagios menos que el pasado martes<\/strong>. Por su parte, los hospitales <strong>tienen dos ingresados y siete camas UCI ocupadas<\/strong> menos, seg\u00fan la Conselleria de Sanidad.<\/p>\n<p style=\"text-align: justify;\">Con esta actualizaci\u00f3n,\u00a0<strong>la cifra total de positivos se sit\u00faa en 864.637 personas<\/strong>. Los nuevos casos por provincias son 2.874 en Castell\u00f3n (106.157 en total), <strong>4.858 en Alicante (314.012)<\/strong> y 5.464 en Valencia (444.466) y la cifra total de casos sin asignar se mantiene en dos.<\/p>\n<p style=\"text-align: justify;\">Los <strong>32 fallecimientos, <\/strong>de los \u00faltimos siete d\u00edas,<strong> corresponden a 15 mujeres de entre 62 y 96 a\u00f1os, y 17 hombres, de entre 44 y 97 a\u00f1os.<\/strong>\u00a0De este modo, <strong>el total de decesos<\/strong> desde el inicio de la pandemia asciende a 8.320: 946 en la provincia de Castell\u00f3n, <strong>3.188 en la de Alicante<\/strong> y 4.186 en la de Valencia.<\/p>\n<p style=\"text-align: justify;\">Los hospitales valencianos tienen,\u00a0<strong>actualmente, 1.701 personas ingresadas, 205 de ellas en la UCI<\/strong>: 238 en la provincia de Castell\u00f3n, 28 en UCI; <strong>578 en la provincia de Alicante<\/strong>, 70 de ellas en la UCI; y 885 en la provincia de Valencia, 107 en UCI.<\/p>\n<p style=\"text-align: justify;\">Por otra parte, se han registrado\u00a0<strong>15.066 altas a pacientes con Coronavirus<\/strong>. De esta forma, <strong>el n\u00famero de personas que han superado la enfermedad<\/strong> desde que comenz\u00f3 la pandemia en la Comunitat Valenciana asciende a 707.770 personas.<\/p>\n<p style=\"text-align: justify;\">Por provincias, <strong>las altas<\/strong> se distribuyen as\u00ed: 79.137 en Castell\u00f3n,<strong> 252.292 en Alicante<\/strong> y 376.285 en Valencia. El <strong>total de altas<\/strong> no asignadas se mantiene en 56. De acuerdo con los datos registrados, en estos momentos hay <strong>159.988 casos activos<\/strong>, lo que supone un 18,26% del total de positivos.<\/p>\n","protected":false},"excerpt":{"rendered":"<p>La Comunitat Valenciana ha notificado 32 fallecidos por Coronavirus desde ayer, y 13.196 nuevos casos, lo que supone 3.168 contagios&#8230;<\/p>\n","protected":false},"author":1,"featured_media":64858,"comment_status":"open","ping_status":"open","sticky":false,"template":"","format":"standard","meta":{"footnotes":""},"categories":[6909,75,79],"tags":[7281,7397,10050,7477],"class_list":["post-82710","post","type-post","status-publish","format-standard","has-post-thumbnail","hentry","category-actualidad","category-noticias","category-politicayeconomia","tag-coronavirus","tag-covid-19","tag-crisis-sanitaria","tag-pandemia"],"yoast_head":"<!-- This site is optimized with the Yoast SEO plugin v27.3 - https:\/\/yoast.com\/product\/yoast-seo-wordpress\/ -->\n<title>La Comunitat Valenciana registra 13.196 nuevos casos - COPE Alcoy<\/title>\n<meta name=\"robots\" content=\"index, follow, max-snippet:-1, max-image-preview:large, max-video-preview:-1\" \/>\n<link rel=\"canonical\" href=\"https:\/\/www.copealcoy.es\/es\/la-comunitat-valenciana-registra-13-196-nuevos-casos\/\" \/>\n<meta property=\"og:locale\" content=\"es_ES\" \/>\n<meta property=\"og:type\" content=\"article\" \/>\n<meta property=\"og:title\" content=\"La Comunitat Valenciana registra 13.196 nuevos casos - COPE Alcoy\" \/>\n<meta property=\"og:description\" content=\"La Comunitat Valenciana ha notificado 32 fallecidos por Coronavirus desde ayer, y 13.196 nuevos casos, lo que supone 3.168 contagios...\" \/>\n<meta property=\"og:url\" content=\"https:\/\/www.copealcoy.es\/es\/la-comunitat-valenciana-registra-13-196-nuevos-casos\/\" \/>\n<meta property=\"og:site_name\" content=\"COPE Alcoy\" \/>\n<meta property=\"article:published_time\" content=\"2022-01-19T08:10:27+00:00\" \/>\n<meta property=\"og:image\" content=\"https:\/\/www.copealcoy.es\/wp-content\/uploads\/2020\/08\/COVID.jpg\" \/>\n\t<meta property=\"og:image:width\" content=\"2560\" \/>\n\t<meta property=\"og:image:height\" content=\"1707\" \/>\n\t<meta property=\"og:image:type\" content=\"image\/jpeg\" \/>\n<meta name=\"author\" content=\"Cope Alcoy\" \/>\n<meta name=\"twitter:label1\" content=\"Escrito por\" \/>\n\t<meta name=\"twitter:data1\" content=\"Cope Alcoy\" \/>\n\t<meta name=\"twitter:label2\" content=\"Tiempo de lectura\" \/>\n\t<meta name=\"twitter:data2\" content=\"2 minutos\" \/>\n<script type=\"application\/ld+json\" class=\"yoast-schema-graph\">{\"@context\":\"https:\\\/\\\/schema.org\",\"@graph\":[{\"@type\":\"Article\",\"@id\":\"https:\\\/\\\/www.copealcoy.es\\\/es\\\/la-comunitat-valenciana-registra-13-196-nuevos-casos\\\/#article\",\"isPartOf\":{\"@id\":\"https:\\\/\\\/www.copealcoy.es\\\/es\\\/la-comunitat-valenciana-registra-13-196-nuevos-casos\\\/\"},\"author\":{\"name\":\"Cope Alcoy\",\"@id\":\"https:\\\/\\\/www.copealcoy.es\\\/es\\\/#\\\/schema\\\/person\\\/e777c87fa024e57d40170af9df39882c\"},\"headline\":\"La Comunitat Valenciana registra 13.196 nuevos casos\",\"datePublished\":\"2022-01-19T08:10:27+00:00\",\"mainEntityOfPage\":{\"@id\":\"https:\\\/\\\/www.copealcoy.es\\\/es\\\/la-comunitat-valenciana-registra-13-196-nuevos-casos\\\/\"},\"wordCount\":261,\"commentCount\":0,\"image\":{\"@id\":\"https:\\\/\\\/www.copealcoy.es\\\/es\\\/la-comunitat-valenciana-registra-13-196-nuevos-casos\\\/#primaryimage\"},\"thumbnailUrl\":\"https:\\\/\\\/www.copealcoy.es\\\/wp-content\\\/uploads\\\/2020\\\/08\\\/COVID.jpg\",\"keywords\":[\"Coronavirus\",\"Covid-19\",\"crisis sanitaria\",\"pandemia\"],\"articleSection\":[\"Actualidad\",\"Noticias\",\"Pol\u00edtica y Econom\u00eda\"],\"inLanguage\":\"es\"},{\"@type\":\"WebPage\",\"@id\":\"https:\\\/\\\/www.copealcoy.es\\\/es\\\/la-comunitat-valenciana-registra-13-196-nuevos-casos\\\/\",\"url\":\"https:\\\/\\\/www.copealcoy.es\\\/es\\\/la-comunitat-valenciana-registra-13-196-nuevos-casos\\\/\",\"name\":\"La Comunitat Valenciana registra 13.196 nuevos casos - COPE Alcoy\",\"isPartOf\":{\"@id\":\"https:\\\/\\\/www.copealcoy.es\\\/es\\\/#website\"},\"primaryImageOfPage\":{\"@id\":\"https:\\\/\\\/www.copealcoy.es\\\/es\\\/la-comunitat-valenciana-registra-13-196-nuevos-casos\\\/#primaryimage\"},\"image\":{\"@id\":\"https:\\\/\\\/www.copealcoy.es\\\/es\\\/la-comunitat-valenciana-registra-13-196-nuevos-casos\\\/#primaryimage\"},\"thumbnailUrl\":\"https:\\\/\\\/www.copealcoy.es\\\/wp-content\\\/uploads\\\/2020\\\/08\\\/COVID.jpg\",\"datePublished\":\"2022-01-19T08:10:27+00:00\",\"author\":{\"@id\":\"https:\\\/\\\/www.copealcoy.es\\\/es\\\/#\\\/schema\\\/person\\\/e777c87fa024e57d40170af9df39882c\"},\"breadcrumb\":{\"@id\":\"https:\\\/\\\/www.copealcoy.es\\\/es\\\/la-comunitat-valenciana-registra-13-196-nuevos-casos\\\/#breadcrumb\"},\"inLanguage\":\"es\",\"potentialAction\":[{\"@type\":\"ReadAction\",\"target\":[\"https:\\\/\\\/www.copealcoy.es\\\/es\\\/la-comunitat-valenciana-registra-13-196-nuevos-casos\\\/\"]}]},{\"@type\":\"ImageObject\",\"inLanguage\":\"es\",\"@id\":\"https:\\\/\\\/www.copealcoy.es\\\/es\\\/la-comunitat-valenciana-registra-13-196-nuevos-casos\\\/#primaryimage\",\"url\":\"https:\\\/\\\/www.copealcoy.es\\\/wp-content\\\/uploads\\\/2020\\\/08\\\/COVID.jpg\",\"contentUrl\":\"https:\\\/\\\/www.copealcoy.es\\\/wp-content\\\/uploads\\\/2020\\\/08\\\/COVID.jpg\",\"width\":2560,\"height\":1707,\"caption\":\"Positive test result by using rapid test device for COVID-19 virus, novel coronavirus 2019 found in Wuhan, China\"},{\"@type\":\"BreadcrumbList\",\"@id\":\"https:\\\/\\\/www.copealcoy.es\\\/es\\\/la-comunitat-valenciana-registra-13-196-nuevos-casos\\\/#breadcrumb\",\"itemListElement\":[{\"@type\":\"ListItem\",\"position\":1,\"name\":\"Portada\",\"item\":\"https:\\\/\\\/www.copealcoy.es\\\/es\\\/\"},{\"@type\":\"ListItem\",\"position\":2,\"name\":\"La Comunitat Valenciana registra 13.196 nuevos casos\"}]},{\"@type\":\"WebSite\",\"@id\":\"https:\\\/\\\/www.copealcoy.es\\\/es\\\/#website\",\"url\":\"https:\\\/\\\/www.copealcoy.es\\\/es\\\/\",\"name\":\"COPE Alcoy\",\"description\":\"Emisora COPE de radio local con emisi\u00f3n online. Pont de Sant Jordi 8-10 03803 Alcoy\",\"potentialAction\":[{\"@type\":\"SearchAction\",\"target\":{\"@type\":\"EntryPoint\",\"urlTemplate\":\"https:\\\/\\\/www.copealcoy.es\\\/es\\\/?s={search_term_string}\"},\"query-input\":{\"@type\":\"PropertyValueSpecification\",\"valueRequired\":true,\"valueName\":\"search_term_string\"}}],\"inLanguage\":\"es\"},{\"@type\":\"Person\",\"@id\":\"https:\\\/\\\/www.copealcoy.es\\\/es\\\/#\\\/schema\\\/person\\\/e777c87fa024e57d40170af9df39882c\",\"name\":\"Cope Alcoy\",\"image\":{\"@type\":\"ImageObject\",\"inLanguage\":\"es\",\"@id\":\"https:\\\/\\\/secure.gravatar.com\\\/avatar\\\/bb65d0283347e303893ba14f0692005417c1e0e690a325a4c5d8bb2b3943ee14?s=96&d=mm&r=g\",\"url\":\"https:\\\/\\\/secure.gravatar.com\\\/avatar\\\/bb65d0283347e303893ba14f0692005417c1e0e690a325a4c5d8bb2b3943ee14?s=96&d=mm&r=g\",\"contentUrl\":\"https:\\\/\\\/secure.gravatar.com\\\/avatar\\\/bb65d0283347e303893ba14f0692005417c1e0e690a325a4c5d8bb2b3943ee14?s=96&d=mm&r=g\",\"caption\":\"Cope Alcoy\"}}]}<\/script>\n<!-- \/ Yoast SEO plugin. -->","yoast_head_json":{"title":"La Comunitat Valenciana registra 13.196 nuevos casos - COPE Alcoy","robots":{"index":"index","follow":"follow","max-snippet":"max-snippet:-1","max-image-preview":"max-image-preview:large","max-video-preview":"max-video-preview:-1"},"canonical":"https:\/\/www.copealcoy.es\/es\/la-comunitat-valenciana-registra-13-196-nuevos-casos\/","og_locale":"es_ES","og_type":"article","og_title":"La Comunitat Valenciana registra 13.196 nuevos casos - COPE Alcoy","og_description":"La Comunitat Valenciana ha notificado 32 fallecidos por Coronavirus desde ayer, y 13.196 nuevos casos, lo que supone 3.168 contagios...","og_url":"https:\/\/www.copealcoy.es\/es\/la-comunitat-valenciana-registra-13-196-nuevos-casos\/","og_site_name":"COPE Alcoy","article_published_time":"2022-01-19T08:10:27+00:00","og_image":[{"width":2560,"height":1707,"url":"https:\/\/www.copealcoy.es\/wp-content\/uploads\/2020\/08\/COVID.jpg","type":"image\/jpeg"}],"author":"Cope Alcoy","twitter_misc":{"Escrito por":"Cope Alcoy","Tiempo de lectura":"2 minutos"},"schema":{"@context":"https:\/\/schema.org","@graph":[{"@type":"Article","@id":"https:\/\/www.copealcoy.es\/es\/la-comunitat-valenciana-registra-13-196-nuevos-casos\/#article","isPartOf":{"@id":"https:\/\/www.copealcoy.es\/es\/la-comunitat-valenciana-registra-13-196-nuevos-casos\/"},"author":{"name":"Cope Alcoy","@id":"https:\/\/www.copealcoy.es\/es\/#\/schema\/person\/e777c87fa024e57d40170af9df39882c"},"headline":"La Comunitat Valenciana registra 13.196 nuevos casos","datePublished":"2022-01-19T08:10:27+00:00","mainEntityOfPage":{"@id":"https:\/\/www.copealcoy.es\/es\/la-comunitat-valenciana-registra-13-196-nuevos-casos\/"},"wordCount":261,"commentCount":0,"image":{"@id":"https:\/\/www.copealcoy.es\/es\/la-comunitat-valenciana-registra-13-196-nuevos-casos\/#primaryimage"},"thumbnailUrl":"https:\/\/www.copealcoy.es\/wp-content\/uploads\/2020\/08\/COVID.jpg","keywords":["Coronavirus","Covid-19","crisis sanitaria","pandemia"],"articleSection":["Actualidad","Noticias","Pol\u00edtica y Econom\u00eda"],"inLanguage":"es"},{"@type":"WebPage","@id":"https:\/\/www.copealcoy.es\/es\/la-comunitat-valenciana-registra-13-196-nuevos-casos\/","url":"https:\/\/www.copealcoy.es\/es\/la-comunitat-valenciana-registra-13-196-nuevos-casos\/","name":"La Comunitat Valenciana registra 13.196 nuevos casos - COPE Alcoy","isPartOf":{"@id":"https:\/\/www.copealcoy.es\/es\/#website"},"primaryImageOfPage":{"@id":"https:\/\/www.copealcoy.es\/es\/la-comunitat-valenciana-registra-13-196-nuevos-casos\/#primaryimage"},"image":{"@id":"https:\/\/www.copealcoy.es\/es\/la-comunitat-valenciana-registra-13-196-nuevos-casos\/#primaryimage"},"thumbnailUrl":"https:\/\/www.copealcoy.es\/wp-content\/uploads\/2020\/08\/COVID.jpg","datePublished":"2022-01-19T08:10:27+00:00","author":{"@id":"https:\/\/www.copealcoy.es\/es\/#\/schema\/person\/e777c87fa024e57d40170af9df39882c"},"breadcrumb":{"@id":"https:\/\/www.copealcoy.es\/es\/la-comunitat-valenciana-registra-13-196-nuevos-casos\/#breadcrumb"},"inLanguage":"es","potentialAction":[{"@type":"ReadAction","target":["https:\/\/www.copealcoy.es\/es\/la-comunitat-valenciana-registra-13-196-nuevos-casos\/"]}]},{"@type":"ImageObject","inLanguage":"es","@id":"https:\/\/www.copealcoy.es\/es\/la-comunitat-valenciana-registra-13-196-nuevos-casos\/#primaryimage","url":"https:\/\/www.copealcoy.es\/wp-content\/uploads\/2020\/08\/COVID.jpg","contentUrl":"https:\/\/www.copealcoy.es\/wp-content\/uploads\/2020\/08\/COVID.jpg","width":2560,"height":1707,"caption":"Positive test result by using rapid test device for COVID-19 virus, novel coronavirus 2019 found in Wuhan, China"},{"@type":"BreadcrumbList","@id":"https:\/\/www.copealcoy.es\/es\/la-comunitat-valenciana-registra-13-196-nuevos-casos\/#breadcrumb","itemListElement":[{"@type":"ListItem","position":1,"name":"Portada","item":"https:\/\/www.copealcoy.es\/es\/"},{"@type":"ListItem","position":2,"name":"La Comunitat Valenciana registra 13.196 nuevos casos"}]},{"@type":"WebSite","@id":"https:\/\/www.copealcoy.es\/es\/#website","url":"https:\/\/www.copealcoy.es\/es\/","name":"COPE Alcoy","description":"Emisora COPE de radio local con emisi\u00f3n online. Pont de Sant Jordi 8-10 03803 Alcoy","potentialAction":[{"@type":"SearchAction","target":{"@type":"EntryPoint","urlTemplate":"https:\/\/www.copealcoy.es\/es\/?s={search_term_string}"},"query-input":{"@type":"PropertyValueSpecification","valueRequired":true,"valueName":"search_term_string"}}],"inLanguage":"es"},{"@type":"Person","@id":"https:\/\/www.copealcoy.es\/es\/#\/schema\/person\/e777c87fa024e57d40170af9df39882c","name":"Cope Alcoy","image":{"@type":"ImageObject","inLanguage":"es","@id":"https:\/\/secure.gravatar.com\/avatar\/bb65d0283347e303893ba14f0692005417c1e0e690a325a4c5d8bb2b3943ee14?s=96&d=mm&r=g","url":"https:\/\/secure.gravatar.com\/avatar\/bb65d0283347e303893ba14f0692005417c1e0e690a325a4c5d8bb2b3943ee14?s=96&d=mm&r=g","contentUrl":"https:\/\/secure.gravatar.com\/avatar\/bb65d0283347e303893ba14f0692005417c1e0e690a325a4c5d8bb2b3943ee14?s=96&d=mm&r=g","caption":"Cope Alcoy"}}]}},"_links":{"self":[{"href":"https:\/\/www.copealcoy.es\/es\/wp-json\/wp\/v2\/posts\/82710","targetHints":{"allow":["GET"]}}],"collection":[{"href":"https:\/\/www.copealcoy.es\/es\/wp-json\/wp\/v2\/posts"}],"about":[{"href":"https:\/\/www.copealcoy.es\/es\/wp-json\/wp\/v2\/types\/post"}],"author":[{"embeddable":true,"href":"https:\/\/www.copealcoy.es\/es\/wp-json\/wp\/v2\/users\/1"}],"replies":[{"embeddable":true,"href":"https:\/\/www.copealcoy.es\/es\/wp-json\/wp\/v2\/comments?post=82710"}],"version-history":[{"count":0,"href":"https:\/\/www.copealcoy.es\/es\/wp-json\/wp\/v2\/posts\/82710\/revisions"}],"wp:featuredmedia":[{"embeddable":true,"href":"https:\/\/www.copealcoy.es\/es\/wp-json\/wp\/v2\/media\/64858"}],"wp:attachment":[{"href":"https:\/\/www.copealcoy.es\/es\/wp-json\/wp\/v2\/media?parent=82710"}],"wp:term":[{"taxonomy":"category","embeddable":true,"href":"https:\/\/www.copealcoy.es\/es\/wp-json\/wp\/v2\/categories?post=82710"},{"taxonomy":"post_tag","embeddable":true,"href":"https:\/\/www.copealcoy.es\/es\/wp-json\/wp\/v2\/tags?post=82710"}],"curies":[{"name":"wp","href":"https:\/\/api.w.org\/{rel}","templated":true}]}}