{"id":82562,"date":"2022-01-17T12:00:51","date_gmt":"2022-01-17T11:00:51","guid":{"rendered":"https:\/\/www.copealcoy.es\/?p=82562"},"modified":"2022-01-16T18:21:50","modified_gmt":"2022-01-16T17:21:50","slug":"los-vacunodromos-podrian-volver-a-abrir-en-la-comunitat-valenciana","status":"publish","type":"post","link":"https:\/\/www.copealcoy.es\/es\/los-vacunodromos-podrian-volver-a-abrir-en-la-comunitat-valenciana\/","title":{"rendered":"Los vacun\u00f3dromos podr\u00edan volver a abrir en la Comunitat Valenciana"},"content":{"rendered":"<p style=\"text-align: justify;\">El <strong>Presidente de la Generalitat, Ximo Puig, ha admitido que es <\/strong><em>&#8220;probable&#8221;\u00a0<\/em>que <strong>se reabran los vacun\u00f3dromos en la Comunitat Valenciana<\/strong>, una cuesti\u00f3n que <em>&#8220;se est\u00e1 estudiando&#8221;<\/em> de cara a <strong>la inoculaci\u00f3n de las dosis de refuerzo de la vacuna<\/strong> contra la Covid-19 a todas las personas mayores de 18 a\u00f1os &#8211;avalada esta semana por la Comisi\u00f3n de Salud P\u00fablica&#8211;.<\/p>\n<p style=\"text-align: justify;\">As\u00ed lo indicaba Puig el pasado s\u00e1bado en <strong>el acto de homenaje con motivo del 30 aniversario del asesinato del profesor Manuel Broseta<\/strong>, al tiempo que ha adelantado que la pr\u00f3xima semana <strong>se iniciar\u00e1 la planificaci\u00f3n<\/strong> de esta &#8220;<em>otra ronda de vacunaci\u00f3n masiva<\/em>&#8221; para mayores de 18 a\u00f1os.<\/p>\n<p style=\"text-align: justify;\">El Jefe del Consell abogaba<strong> por una estrategia que intente <\/strong><em>&#8220;generar la mayor seguridad y eficacia&#8221;<\/em><strong> que tenga en cuenta <\/strong><em>&#8220;el sobreesfuerzo de los profesionales&#8221;<\/em><strong> sanitarios. <\/strong><em>&#8220;Toda esta combinaci\u00f3n puede propiciar que se vaya otra vez a un modelo que ha funcionado adecuadamente&#8221;<\/em><strong>, <\/strong>reconoci\u00f3.<\/p>\n<p style=\"text-align: justify;\">En todo caso, sobre la vacunaci\u00f3n de refuerzo para todos los adultos, <strong>remarc\u00f3 la importancia<\/strong> que ser &#8220;<em>lo m\u00e1s eficiente posible<\/em>&#8220;, as\u00ed como que los profesionales sanitarios &#8220;<em>puedan hacerlo en condiciones<\/em>&#8220;.<\/p>\n<p style=\"text-align: justify;\">Sobre <strong>el inicio de la inoculaci\u00f3n de cuartas dosis<\/strong>, afirmaba que en &#8220;<em>estos momentos<\/em>&#8221; se est\u00e1 &#8220;<em>programando y atendiendo al tiempo que ha pasado desde la tercera vacuna<\/em>&#8220;, por lo que no concret\u00f3 una fecha exacta. &#8220;<em>Pero est\u00e1 claro que hay una planificaci\u00f3n y una posibilidad de vacunar a partir de 18 a\u00f1os al conjunto de personas una vez transcurrido el plazo de cinco meses<\/em>&#8220;, asever\u00f3.<\/p>\n<p style=\"text-align: justify;\"><strong><span style=\"color: #0000ff;\">Preocupaci\u00f3n ante el incremento de contagios<\/span><\/strong><\/p>\n<p style=\"text-align: justify;\">Preguntado por la posibilidad de implantar nuevas restricciones ante el aumento de contagios por la variante \u00d3micron, Puig afirm\u00f3 que es una situaci\u00f3n que &#8220;<em>preocupa<\/em>&#8220;, aunque el efecto hospitalario sea <em>&#8220;mucho menor que el a\u00f1o pasado<\/em>&#8220;. &#8220;<em>Pero es obvio que nos preocupa<\/em>&#8220;, se\u00f1al\u00f3.<\/p>\n<p style=\"text-align: justify;\">En cualquier caso, <strong>insisti\u00f3 en la necesidad<\/strong> de &#8220;<em>ser conscientes de que a\u00fan estamos en plena pandemia y de mantener la m\u00e1xima seguridad<\/em>&#8221; durante estos d\u00edas de &#8220;<em>much\u00edsimos contagios porque \u00d3micron facilita el contagio masivo<\/em>&#8220;.<\/p>\n<p style=\"text-align: justify;\">&#8220;<em>La prevenci\u00f3n y la vacunaci\u00f3n son los dos ejes de la estrategia<\/em>&#8220;, apunt\u00f3 Puig, el cual incidi\u00f3 en la prevenci\u00f3n, el &#8220;<em>uso masivo<\/em>&#8221; de la mascarilla, la ventilaci\u00f3n y la distancia. &#8220;<em>Sabiendo que estas cosas que han funcionado bien para la superaci\u00f3n de la pandemia son absolutamente exigibles en este momento<\/em>&#8220;, finaliz\u00f3.<\/p>\n","protected":false},"excerpt":{"rendered":"<p>El Presidente de la Generalitat, Ximo Puig, ha admitido que es &#8220;probable&#8221;\u00a0que se reabran los vacun\u00f3dromos en la Comunitat Valenciana,&#8230;<\/p>\n","protected":false},"author":1,"featured_media":74024,"comment_status":"open","ping_status":"open","sticky":false,"template":"","format":"standard","meta":{"footnotes":""},"categories":[6909,75,79],"tags":[994,11273,10758,11861],"class_list":["post-82562","post","type-post","status-publish","format-standard","has-post-thumbnail","hentry","category-actualidad","category-noticias","category-politicayeconomia","tag-generalitat-valenciana","tag-presidente-puig","tag-vacunas","tag-vacunodromo"],"yoast_head":"<!-- This site is optimized with the Yoast SEO plugin v27.3 - https:\/\/yoast.com\/product\/yoast-seo-wordpress\/ -->\n<title>Los vacun\u00f3dromos podr\u00edan volver a abrir en la Comunitat Valenciana - COPE Alcoy<\/title>\n<meta name=\"robots\" content=\"index, follow, max-snippet:-1, max-image-preview:large, max-video-preview:-1\" \/>\n<link rel=\"canonical\" href=\"https:\/\/www.copealcoy.es\/es\/los-vacunodromos-podrian-volver-a-abrir-en-la-comunitat-valenciana\/\" \/>\n<meta property=\"og:locale\" content=\"es_ES\" \/>\n<meta property=\"og:type\" content=\"article\" \/>\n<meta property=\"og:title\" content=\"Los vacun\u00f3dromos podr\u00edan volver a abrir en la Comunitat Valenciana - COPE Alcoy\" \/>\n<meta property=\"og:description\" content=\"El Presidente de la Generalitat, Ximo Puig, ha admitido que es &#8220;probable&#8221;\u00a0que se reabran los vacun\u00f3dromos en la Comunitat Valenciana,...\" \/>\n<meta property=\"og:url\" content=\"https:\/\/www.copealcoy.es\/es\/los-vacunodromos-podrian-volver-a-abrir-en-la-comunitat-valenciana\/\" \/>\n<meta property=\"og:site_name\" content=\"COPE Alcoy\" \/>\n<meta property=\"article:published_time\" content=\"2022-01-17T11:00:51+00:00\" \/>\n<meta property=\"og:image\" content=\"https:\/\/www.copealcoy.es\/wp-content\/uploads\/2021\/05\/186542985_10219673928785230_1705062122558906876_n.jpg\" \/>\n\t<meta property=\"og:image:width\" content=\"960\" \/>\n\t<meta property=\"og:image:height\" content=\"708\" \/>\n\t<meta property=\"og:image:type\" content=\"image\/jpeg\" \/>\n<meta name=\"author\" content=\"Cope Alcoy\" \/>\n<meta name=\"twitter:label1\" content=\"Escrito por\" \/>\n\t<meta name=\"twitter:data1\" content=\"Cope Alcoy\" \/>\n\t<meta name=\"twitter:label2\" content=\"Tiempo de lectura\" \/>\n\t<meta name=\"twitter:data2\" content=\"2 minutos\" \/>\n<script type=\"application\/ld+json\" class=\"yoast-schema-graph\">{\"@context\":\"https:\\\/\\\/schema.org\",\"@graph\":[{\"@type\":\"Article\",\"@id\":\"https:\\\/\\\/www.copealcoy.es\\\/es\\\/los-vacunodromos-podrian-volver-a-abrir-en-la-comunitat-valenciana\\\/#article\",\"isPartOf\":{\"@id\":\"https:\\\/\\\/www.copealcoy.es\\\/es\\\/los-vacunodromos-podrian-volver-a-abrir-en-la-comunitat-valenciana\\\/\"},\"author\":{\"name\":\"Cope Alcoy\",\"@id\":\"https:\\\/\\\/www.copealcoy.es\\\/es\\\/#\\\/schema\\\/person\\\/e777c87fa024e57d40170af9df39882c\"},\"headline\":\"Los vacun\u00f3dromos podr\u00edan volver a abrir en la Comunitat Valenciana\",\"datePublished\":\"2022-01-17T11:00:51+00:00\",\"mainEntityOfPage\":{\"@id\":\"https:\\\/\\\/www.copealcoy.es\\\/es\\\/los-vacunodromos-podrian-volver-a-abrir-en-la-comunitat-valenciana\\\/\"},\"wordCount\":423,\"commentCount\":0,\"image\":{\"@id\":\"https:\\\/\\\/www.copealcoy.es\\\/es\\\/los-vacunodromos-podrian-volver-a-abrir-en-la-comunitat-valenciana\\\/#primaryimage\"},\"thumbnailUrl\":\"https:\\\/\\\/www.copealcoy.es\\\/wp-content\\\/uploads\\\/2021\\\/05\\\/186542985_10219673928785230_1705062122558906876_n.jpg\",\"keywords\":[\"Generalitat Valenciana\",\"Presidente Puig\",\"vacunas\",\"vacun\u00f3dromo\"],\"articleSection\":[\"Actualidad\",\"Noticias\",\"Pol\u00edtica y Econom\u00eda\"],\"inLanguage\":\"es\"},{\"@type\":\"WebPage\",\"@id\":\"https:\\\/\\\/www.copealcoy.es\\\/es\\\/los-vacunodromos-podrian-volver-a-abrir-en-la-comunitat-valenciana\\\/\",\"url\":\"https:\\\/\\\/www.copealcoy.es\\\/es\\\/los-vacunodromos-podrian-volver-a-abrir-en-la-comunitat-valenciana\\\/\",\"name\":\"Los vacun\u00f3dromos podr\u00edan volver a abrir en la Comunitat Valenciana - COPE Alcoy\",\"isPartOf\":{\"@id\":\"https:\\\/\\\/www.copealcoy.es\\\/es\\\/#website\"},\"primaryImageOfPage\":{\"@id\":\"https:\\\/\\\/www.copealcoy.es\\\/es\\\/los-vacunodromos-podrian-volver-a-abrir-en-la-comunitat-valenciana\\\/#primaryimage\"},\"image\":{\"@id\":\"https:\\\/\\\/www.copealcoy.es\\\/es\\\/los-vacunodromos-podrian-volver-a-abrir-en-la-comunitat-valenciana\\\/#primaryimage\"},\"thumbnailUrl\":\"https:\\\/\\\/www.copealcoy.es\\\/wp-content\\\/uploads\\\/2021\\\/05\\\/186542985_10219673928785230_1705062122558906876_n.jpg\",\"datePublished\":\"2022-01-17T11:00:51+00:00\",\"author\":{\"@id\":\"https:\\\/\\\/www.copealcoy.es\\\/es\\\/#\\\/schema\\\/person\\\/e777c87fa024e57d40170af9df39882c\"},\"breadcrumb\":{\"@id\":\"https:\\\/\\\/www.copealcoy.es\\\/es\\\/los-vacunodromos-podrian-volver-a-abrir-en-la-comunitat-valenciana\\\/#breadcrumb\"},\"inLanguage\":\"es\",\"potentialAction\":[{\"@type\":\"ReadAction\",\"target\":[\"https:\\\/\\\/www.copealcoy.es\\\/es\\\/los-vacunodromos-podrian-volver-a-abrir-en-la-comunitat-valenciana\\\/\"]}]},{\"@type\":\"ImageObject\",\"inLanguage\":\"es\",\"@id\":\"https:\\\/\\\/www.copealcoy.es\\\/es\\\/los-vacunodromos-podrian-volver-a-abrir-en-la-comunitat-valenciana\\\/#primaryimage\",\"url\":\"https:\\\/\\\/www.copealcoy.es\\\/wp-content\\\/uploads\\\/2021\\\/05\\\/186542985_10219673928785230_1705062122558906876_n.jpg\",\"contentUrl\":\"https:\\\/\\\/www.copealcoy.es\\\/wp-content\\\/uploads\\\/2021\\\/05\\\/186542985_10219673928785230_1705062122558906876_n.jpg\",\"width\":960,\"height\":708},{\"@type\":\"BreadcrumbList\",\"@id\":\"https:\\\/\\\/www.copealcoy.es\\\/es\\\/los-vacunodromos-podrian-volver-a-abrir-en-la-comunitat-valenciana\\\/#breadcrumb\",\"itemListElement\":[{\"@type\":\"ListItem\",\"position\":1,\"name\":\"Portada\",\"item\":\"https:\\\/\\\/www.copealcoy.es\\\/es\\\/\"},{\"@type\":\"ListItem\",\"position\":2,\"name\":\"Los vacun\u00f3dromos podr\u00edan volver a abrir en la Comunitat Valenciana\"}]},{\"@type\":\"WebSite\",\"@id\":\"https:\\\/\\\/www.copealcoy.es\\\/es\\\/#website\",\"url\":\"https:\\\/\\\/www.copealcoy.es\\\/es\\\/\",\"name\":\"COPE Alcoy\",\"description\":\"Emisora COPE de radio local con emisi\u00f3n online. Pont de Sant Jordi 8-10 03803 Alcoy\",\"potentialAction\":[{\"@type\":\"SearchAction\",\"target\":{\"@type\":\"EntryPoint\",\"urlTemplate\":\"https:\\\/\\\/www.copealcoy.es\\\/es\\\/?s={search_term_string}\"},\"query-input\":{\"@type\":\"PropertyValueSpecification\",\"valueRequired\":true,\"valueName\":\"search_term_string\"}}],\"inLanguage\":\"es\"},{\"@type\":\"Person\",\"@id\":\"https:\\\/\\\/www.copealcoy.es\\\/es\\\/#\\\/schema\\\/person\\\/e777c87fa024e57d40170af9df39882c\",\"name\":\"Cope Alcoy\",\"image\":{\"@type\":\"ImageObject\",\"inLanguage\":\"es\",\"@id\":\"https:\\\/\\\/secure.gravatar.com\\\/avatar\\\/bb65d0283347e303893ba14f0692005417c1e0e690a325a4c5d8bb2b3943ee14?s=96&d=mm&r=g\",\"url\":\"https:\\\/\\\/secure.gravatar.com\\\/avatar\\\/bb65d0283347e303893ba14f0692005417c1e0e690a325a4c5d8bb2b3943ee14?s=96&d=mm&r=g\",\"contentUrl\":\"https:\\\/\\\/secure.gravatar.com\\\/avatar\\\/bb65d0283347e303893ba14f0692005417c1e0e690a325a4c5d8bb2b3943ee14?s=96&d=mm&r=g\",\"caption\":\"Cope Alcoy\"}}]}<\/script>\n<!-- \/ Yoast SEO plugin. -->","yoast_head_json":{"title":"Los vacun\u00f3dromos podr\u00edan volver a abrir en la Comunitat Valenciana - COPE Alcoy","robots":{"index":"index","follow":"follow","max-snippet":"max-snippet:-1","max-image-preview":"max-image-preview:large","max-video-preview":"max-video-preview:-1"},"canonical":"https:\/\/www.copealcoy.es\/es\/los-vacunodromos-podrian-volver-a-abrir-en-la-comunitat-valenciana\/","og_locale":"es_ES","og_type":"article","og_title":"Los vacun\u00f3dromos podr\u00edan volver a abrir en la Comunitat Valenciana - COPE Alcoy","og_description":"El Presidente de la Generalitat, Ximo Puig, ha admitido que es &#8220;probable&#8221;\u00a0que se reabran los vacun\u00f3dromos en la Comunitat Valenciana,...","og_url":"https:\/\/www.copealcoy.es\/es\/los-vacunodromos-podrian-volver-a-abrir-en-la-comunitat-valenciana\/","og_site_name":"COPE Alcoy","article_published_time":"2022-01-17T11:00:51+00:00","og_image":[{"width":960,"height":708,"url":"https:\/\/www.copealcoy.es\/wp-content\/uploads\/2021\/05\/186542985_10219673928785230_1705062122558906876_n.jpg","type":"image\/jpeg"}],"author":"Cope Alcoy","twitter_misc":{"Escrito por":"Cope Alcoy","Tiempo de lectura":"2 minutos"},"schema":{"@context":"https:\/\/schema.org","@graph":[{"@type":"Article","@id":"https:\/\/www.copealcoy.es\/es\/los-vacunodromos-podrian-volver-a-abrir-en-la-comunitat-valenciana\/#article","isPartOf":{"@id":"https:\/\/www.copealcoy.es\/es\/los-vacunodromos-podrian-volver-a-abrir-en-la-comunitat-valenciana\/"},"author":{"name":"Cope Alcoy","@id":"https:\/\/www.copealcoy.es\/es\/#\/schema\/person\/e777c87fa024e57d40170af9df39882c"},"headline":"Los vacun\u00f3dromos podr\u00edan volver a abrir en la Comunitat Valenciana","datePublished":"2022-01-17T11:00:51+00:00","mainEntityOfPage":{"@id":"https:\/\/www.copealcoy.es\/es\/los-vacunodromos-podrian-volver-a-abrir-en-la-comunitat-valenciana\/"},"wordCount":423,"commentCount":0,"image":{"@id":"https:\/\/www.copealcoy.es\/es\/los-vacunodromos-podrian-volver-a-abrir-en-la-comunitat-valenciana\/#primaryimage"},"thumbnailUrl":"https:\/\/www.copealcoy.es\/wp-content\/uploads\/2021\/05\/186542985_10219673928785230_1705062122558906876_n.jpg","keywords":["Generalitat Valenciana","Presidente Puig","vacunas","vacun\u00f3dromo"],"articleSection":["Actualidad","Noticias","Pol\u00edtica y Econom\u00eda"],"inLanguage":"es"},{"@type":"WebPage","@id":"https:\/\/www.copealcoy.es\/es\/los-vacunodromos-podrian-volver-a-abrir-en-la-comunitat-valenciana\/","url":"https:\/\/www.copealcoy.es\/es\/los-vacunodromos-podrian-volver-a-abrir-en-la-comunitat-valenciana\/","name":"Los vacun\u00f3dromos podr\u00edan volver a abrir en la Comunitat Valenciana - COPE Alcoy","isPartOf":{"@id":"https:\/\/www.copealcoy.es\/es\/#website"},"primaryImageOfPage":{"@id":"https:\/\/www.copealcoy.es\/es\/los-vacunodromos-podrian-volver-a-abrir-en-la-comunitat-valenciana\/#primaryimage"},"image":{"@id":"https:\/\/www.copealcoy.es\/es\/los-vacunodromos-podrian-volver-a-abrir-en-la-comunitat-valenciana\/#primaryimage"},"thumbnailUrl":"https:\/\/www.copealcoy.es\/wp-content\/uploads\/2021\/05\/186542985_10219673928785230_1705062122558906876_n.jpg","datePublished":"2022-01-17T11:00:51+00:00","author":{"@id":"https:\/\/www.copealcoy.es\/es\/#\/schema\/person\/e777c87fa024e57d40170af9df39882c"},"breadcrumb":{"@id":"https:\/\/www.copealcoy.es\/es\/los-vacunodromos-podrian-volver-a-abrir-en-la-comunitat-valenciana\/#breadcrumb"},"inLanguage":"es","potentialAction":[{"@type":"ReadAction","target":["https:\/\/www.copealcoy.es\/es\/los-vacunodromos-podrian-volver-a-abrir-en-la-comunitat-valenciana\/"]}]},{"@type":"ImageObject","inLanguage":"es","@id":"https:\/\/www.copealcoy.es\/es\/los-vacunodromos-podrian-volver-a-abrir-en-la-comunitat-valenciana\/#primaryimage","url":"https:\/\/www.copealcoy.es\/wp-content\/uploads\/2021\/05\/186542985_10219673928785230_1705062122558906876_n.jpg","contentUrl":"https:\/\/www.copealcoy.es\/wp-content\/uploads\/2021\/05\/186542985_10219673928785230_1705062122558906876_n.jpg","width":960,"height":708},{"@type":"BreadcrumbList","@id":"https:\/\/www.copealcoy.es\/es\/los-vacunodromos-podrian-volver-a-abrir-en-la-comunitat-valenciana\/#breadcrumb","itemListElement":[{"@type":"ListItem","position":1,"name":"Portada","item":"https:\/\/www.copealcoy.es\/es\/"},{"@type":"ListItem","position":2,"name":"Los vacun\u00f3dromos podr\u00edan volver a abrir en la Comunitat Valenciana"}]},{"@type":"WebSite","@id":"https:\/\/www.copealcoy.es\/es\/#website","url":"https:\/\/www.copealcoy.es\/es\/","name":"COPE Alcoy","description":"Emisora COPE de radio local con emisi\u00f3n online. Pont de Sant Jordi 8-10 03803 Alcoy","potentialAction":[{"@type":"SearchAction","target":{"@type":"EntryPoint","urlTemplate":"https:\/\/www.copealcoy.es\/es\/?s={search_term_string}"},"query-input":{"@type":"PropertyValueSpecification","valueRequired":true,"valueName":"search_term_string"}}],"inLanguage":"es"},{"@type":"Person","@id":"https:\/\/www.copealcoy.es\/es\/#\/schema\/person\/e777c87fa024e57d40170af9df39882c","name":"Cope Alcoy","image":{"@type":"ImageObject","inLanguage":"es","@id":"https:\/\/secure.gravatar.com\/avatar\/bb65d0283347e303893ba14f0692005417c1e0e690a325a4c5d8bb2b3943ee14?s=96&d=mm&r=g","url":"https:\/\/secure.gravatar.com\/avatar\/bb65d0283347e303893ba14f0692005417c1e0e690a325a4c5d8bb2b3943ee14?s=96&d=mm&r=g","contentUrl":"https:\/\/secure.gravatar.com\/avatar\/bb65d0283347e303893ba14f0692005417c1e0e690a325a4c5d8bb2b3943ee14?s=96&d=mm&r=g","caption":"Cope Alcoy"}}]}},"_links":{"self":[{"href":"https:\/\/www.copealcoy.es\/es\/wp-json\/wp\/v2\/posts\/82562","targetHints":{"allow":["GET"]}}],"collection":[{"href":"https:\/\/www.copealcoy.es\/es\/wp-json\/wp\/v2\/posts"}],"about":[{"href":"https:\/\/www.copealcoy.es\/es\/wp-json\/wp\/v2\/types\/post"}],"author":[{"embeddable":true,"href":"https:\/\/www.copealcoy.es\/es\/wp-json\/wp\/v2\/users\/1"}],"replies":[{"embeddable":true,"href":"https:\/\/www.copealcoy.es\/es\/wp-json\/wp\/v2\/comments?post=82562"}],"version-history":[{"count":0,"href":"https:\/\/www.copealcoy.es\/es\/wp-json\/wp\/v2\/posts\/82562\/revisions"}],"wp:featuredmedia":[{"embeddable":true,"href":"https:\/\/www.copealcoy.es\/es\/wp-json\/wp\/v2\/media\/74024"}],"wp:attachment":[{"href":"https:\/\/www.copealcoy.es\/es\/wp-json\/wp\/v2\/media?parent=82562"}],"wp:term":[{"taxonomy":"category","embeddable":true,"href":"https:\/\/www.copealcoy.es\/es\/wp-json\/wp\/v2\/categories?post=82562"},{"taxonomy":"post_tag","embeddable":true,"href":"https:\/\/www.copealcoy.es\/es\/wp-json\/wp\/v2\/tags?post=82562"}],"curies":[{"name":"wp","href":"https:\/\/api.w.org\/{rel}","templated":true}]}}