{"id":82521,"date":"2022-01-14T17:30:47","date_gmt":"2022-01-14T16:30:47","guid":{"rendered":"https:\/\/www.copealcoy.es\/?p=82521"},"modified":"2022-01-14T17:50:49","modified_gmt":"2022-01-14T16:50:49","slug":"els-veins-de-la-sang-ja-coneixen-les-causes-dels-despreniments-de-les-seues-facanes","status":"publish","type":"post","link":"https:\/\/www.copealcoy.es\/es\/els-veins-de-la-sang-ja-coneixen-les-causes-dels-despreniments-de-les-seues-facanes\/","title":{"rendered":"Els ve\u00efns de La Sang ja coneixen les causes dels despreniments de les seues fa\u00e7anes"},"content":{"rendered":"<p style=\"text-align: justify;\">L&#8217;<strong>estudi encarregat per l&#8217;Ajuntament d&#8217;Alcoi<\/strong>, per tal de determinar <strong>les causes dels despreniments del barri de La Sang<\/strong>, ha determinat que es necessita<strong> una reparaci\u00f3 urgent<\/strong> de les fa\u00e7anes dels immobles per tal d&#8217;evitar mals majors a les persones que passen per sota. El document <strong>ja ha sigut entregat a l&#8217;Associaci\u00f3 de Ve\u00efns<\/strong> i a partir d&#8217;ara <strong>ambdues parts treballaran en un projecte per tal d&#8217;aconseguir els Fons Europeus Next Generation<\/strong> amb els quals dur a terme la reparaci\u00f3.<\/p>\n<p style=\"text-align: justify;\">Cal ressaltar que <strong>el problema afecta 143 habitatges, locals comercials i locals d&#8217;aparcament<\/strong> als carrers Cova Santa, La Sang, Sant\u00a0Dom\u00e8nec, Passatge Sant\u00a0Dom\u00e8nec, Trinquet i Costera del\u00a0<span class=\"hiddenSpellError\">Gurug\u00fa<\/span>. L&#8217;estudi, segons la informaci\u00f3 facilitada pel Consistori, <strong>cont\u00e9 el Diagn\u00f2stic de l&#8217;Estat en qu\u00e8 es troba l&#8217;aplacat de la fa\u00e7ana i les seues causes<\/strong>, una proposta d&#8217;intervenci\u00f3 i la valoraci\u00f3 econ\u00f2mica del cost de reparaci\u00f3. Finalment tamb\u00e9 es preveu <strong>la millora de l&#8217;efici\u00e8ncia energ\u00e8tica dels edificis<\/strong>, valorant <strong>la possibilitat d&#8217;acollir-se als esmentats Fons Europeus Next Generation<\/strong> &#8220;<em>podem dir que aquest govern ha complit amb els compromisos que es van assumir al Plenari amb els ve\u00efns de la Sang. Esperem que aquest estudi puga servir perqu\u00e8 els propietaris comencen a treballar amb una proposta inicial i puguen aconseguir el m\u00e0xim subvencionable d\u2019aquests fons per donar soluci\u00f3 a una problem\u00e0tica que han patit des de fa molts anys. Tamb\u00e9 agra\u00efm el treball que est\u00e0 fent l\u2019Associaci\u00f3 de Ve\u00efns de La Sang per canalitzar la coordinaci\u00f3 que requereix aquest projecte<\/em>&#8220;, afirma la regidora d&#8217;Habitatge; <strong>Maria Baca<\/strong>.<\/p>\n<p style=\"text-align: justify;\">L&#8217;Associaci\u00f3 ve\u00efnal <strong>va proposar una reuni\u00f3 per a determinar i coordinar els espais<\/strong> en els quals donar a con\u00e9ixer l&#8217;estudi al ve\u00efnat. A causa del gran nombre de propietaris, la intenci\u00f3 \u00e9s <strong>convocar-los en diferents grups els dies 31 de gener i 2 de febrer en l&#8217;\u00c0gora<\/strong>.<\/p>\n","protected":false},"excerpt":{"rendered":"<p>L&#8217;estudi encarregat per l&#8217;Ajuntament d&#8217;Alcoi, per tal de determinar les causes dels despreniments del barri de La Sang, ha determinat&#8230;<\/p>\n","protected":false},"author":1,"featured_media":82522,"comment_status":"open","ping_status":"open","sticky":false,"template":"","format":"standard","meta":{"footnotes":""},"categories":[6909,97,75,79],"tags":[160,12300,10104,12299],"class_list":["post-82521","post","type-post","status-publish","format-standard","has-post-thumbnail","hentry","category-actualidad","category-alcoy","category-noticias","category-politicayeconomia","tag-alcoi","tag-despreniments","tag-facanes","tag-la-sang"],"yoast_head":"<!-- This site is optimized with the Yoast SEO plugin v27.3 - https:\/\/yoast.com\/product\/yoast-seo-wordpress\/ -->\n<title>Els ve\u00efns de La Sang ja coneixen les causes dels despreniments de les seues fa\u00e7anes - COPE Alcoy<\/title>\n<meta name=\"robots\" content=\"index, follow, max-snippet:-1, max-image-preview:large, max-video-preview:-1\" \/>\n<link rel=\"canonical\" href=\"https:\/\/www.copealcoy.es\/es\/els-veins-de-la-sang-ja-coneixen-les-causes-dels-despreniments-de-les-seues-facanes\/\" \/>\n<meta property=\"og:locale\" content=\"es_ES\" \/>\n<meta property=\"og:type\" content=\"article\" \/>\n<meta property=\"og:title\" content=\"Els ve\u00efns de La Sang ja coneixen les causes dels despreniments de les seues fa\u00e7anes - COPE Alcoy\" \/>\n<meta property=\"og:description\" content=\"L&#8217;estudi encarregat per l&#8217;Ajuntament d&#8217;Alcoi, per tal de determinar les causes dels despreniments del barri de La Sang, ha determinat...\" \/>\n<meta property=\"og:url\" content=\"https:\/\/www.copealcoy.es\/es\/els-veins-de-la-sang-ja-coneixen-les-causes-dels-despreniments-de-les-seues-facanes\/\" \/>\n<meta property=\"og:site_name\" content=\"COPE Alcoy\" \/>\n<meta property=\"article:published_time\" content=\"2022-01-14T16:30:47+00:00\" \/>\n<meta property=\"article:modified_time\" content=\"2022-01-14T16:50:49+00:00\" \/>\n<meta property=\"og:image\" content=\"https:\/\/www.copealcoy.es\/wp-content\/uploads\/2022\/01\/Estudio-Patologias-de-fachada-en-el-bari-La-Sang.jpg\" \/>\n\t<meta property=\"og:image:width\" content=\"2560\" \/>\n\t<meta property=\"og:image:height\" content=\"1920\" \/>\n\t<meta property=\"og:image:type\" content=\"image\/jpeg\" \/>\n<meta name=\"author\" content=\"Cope Alcoy\" \/>\n<meta name=\"twitter:label1\" content=\"Escrito por\" \/>\n\t<meta name=\"twitter:data1\" content=\"Cope Alcoy\" \/>\n\t<meta name=\"twitter:label2\" content=\"Tiempo de lectura\" \/>\n\t<meta name=\"twitter:data2\" content=\"2 minutos\" \/>\n<script type=\"application\/ld+json\" class=\"yoast-schema-graph\">{\"@context\":\"https:\\\/\\\/schema.org\",\"@graph\":[{\"@type\":\"Article\",\"@id\":\"https:\\\/\\\/www.copealcoy.es\\\/es\\\/els-veins-de-la-sang-ja-coneixen-les-causes-dels-despreniments-de-les-seues-facanes\\\/#article\",\"isPartOf\":{\"@id\":\"https:\\\/\\\/www.copealcoy.es\\\/es\\\/els-veins-de-la-sang-ja-coneixen-les-causes-dels-despreniments-de-les-seues-facanes\\\/\"},\"author\":{\"name\":\"Cope Alcoy\",\"@id\":\"https:\\\/\\\/www.copealcoy.es\\\/es\\\/#\\\/schema\\\/person\\\/e777c87fa024e57d40170af9df39882c\"},\"headline\":\"Els ve\u00efns de La Sang ja coneixen les causes dels despreniments de les seues fa\u00e7anes\",\"datePublished\":\"2022-01-14T16:30:47+00:00\",\"dateModified\":\"2022-01-14T16:50:49+00:00\",\"mainEntityOfPage\":{\"@id\":\"https:\\\/\\\/www.copealcoy.es\\\/es\\\/els-veins-de-la-sang-ja-coneixen-les-causes-dels-despreniments-de-les-seues-facanes\\\/\"},\"wordCount\":349,\"commentCount\":0,\"image\":{\"@id\":\"https:\\\/\\\/www.copealcoy.es\\\/es\\\/els-veins-de-la-sang-ja-coneixen-les-causes-dels-despreniments-de-les-seues-facanes\\\/#primaryimage\"},\"thumbnailUrl\":\"https:\\\/\\\/www.copealcoy.es\\\/wp-content\\\/uploads\\\/2022\\\/01\\\/Estudio-Patologias-de-fachada-en-el-bari-La-Sang.jpg\",\"keywords\":[\"Alcoi\",\"despreniments\",\"fa\u00e7anes\",\"La Sang\"],\"articleSection\":[\"Actualidad\",\"Alcoy\",\"Noticias\",\"Pol\u00edtica y Econom\u00eda\"],\"inLanguage\":\"es\"},{\"@type\":\"WebPage\",\"@id\":\"https:\\\/\\\/www.copealcoy.es\\\/es\\\/els-veins-de-la-sang-ja-coneixen-les-causes-dels-despreniments-de-les-seues-facanes\\\/\",\"url\":\"https:\\\/\\\/www.copealcoy.es\\\/es\\\/els-veins-de-la-sang-ja-coneixen-les-causes-dels-despreniments-de-les-seues-facanes\\\/\",\"name\":\"Els ve\u00efns de La Sang ja coneixen les causes dels despreniments de les seues fa\u00e7anes - COPE Alcoy\",\"isPartOf\":{\"@id\":\"https:\\\/\\\/www.copealcoy.es\\\/es\\\/#website\"},\"primaryImageOfPage\":{\"@id\":\"https:\\\/\\\/www.copealcoy.es\\\/es\\\/els-veins-de-la-sang-ja-coneixen-les-causes-dels-despreniments-de-les-seues-facanes\\\/#primaryimage\"},\"image\":{\"@id\":\"https:\\\/\\\/www.copealcoy.es\\\/es\\\/els-veins-de-la-sang-ja-coneixen-les-causes-dels-despreniments-de-les-seues-facanes\\\/#primaryimage\"},\"thumbnailUrl\":\"https:\\\/\\\/www.copealcoy.es\\\/wp-content\\\/uploads\\\/2022\\\/01\\\/Estudio-Patologias-de-fachada-en-el-bari-La-Sang.jpg\",\"datePublished\":\"2022-01-14T16:30:47+00:00\",\"dateModified\":\"2022-01-14T16:50:49+00:00\",\"author\":{\"@id\":\"https:\\\/\\\/www.copealcoy.es\\\/es\\\/#\\\/schema\\\/person\\\/e777c87fa024e57d40170af9df39882c\"},\"breadcrumb\":{\"@id\":\"https:\\\/\\\/www.copealcoy.es\\\/es\\\/els-veins-de-la-sang-ja-coneixen-les-causes-dels-despreniments-de-les-seues-facanes\\\/#breadcrumb\"},\"inLanguage\":\"es\",\"potentialAction\":[{\"@type\":\"ReadAction\",\"target\":[\"https:\\\/\\\/www.copealcoy.es\\\/es\\\/els-veins-de-la-sang-ja-coneixen-les-causes-dels-despreniments-de-les-seues-facanes\\\/\"]}]},{\"@type\":\"ImageObject\",\"inLanguage\":\"es\",\"@id\":\"https:\\\/\\\/www.copealcoy.es\\\/es\\\/els-veins-de-la-sang-ja-coneixen-les-causes-dels-despreniments-de-les-seues-facanes\\\/#primaryimage\",\"url\":\"https:\\\/\\\/www.copealcoy.es\\\/wp-content\\\/uploads\\\/2022\\\/01\\\/Estudio-Patologias-de-fachada-en-el-bari-La-Sang.jpg\",\"contentUrl\":\"https:\\\/\\\/www.copealcoy.es\\\/wp-content\\\/uploads\\\/2022\\\/01\\\/Estudio-Patologias-de-fachada-en-el-bari-La-Sang.jpg\",\"width\":2560,\"height\":1920},{\"@type\":\"BreadcrumbList\",\"@id\":\"https:\\\/\\\/www.copealcoy.es\\\/es\\\/els-veins-de-la-sang-ja-coneixen-les-causes-dels-despreniments-de-les-seues-facanes\\\/#breadcrumb\",\"itemListElement\":[{\"@type\":\"ListItem\",\"position\":1,\"name\":\"Portada\",\"item\":\"https:\\\/\\\/www.copealcoy.es\\\/es\\\/\"},{\"@type\":\"ListItem\",\"position\":2,\"name\":\"Els ve\u00efns de La Sang ja coneixen les causes dels despreniments de les seues fa\u00e7anes\"}]},{\"@type\":\"WebSite\",\"@id\":\"https:\\\/\\\/www.copealcoy.es\\\/es\\\/#website\",\"url\":\"https:\\\/\\\/www.copealcoy.es\\\/es\\\/\",\"name\":\"COPE Alcoy\",\"description\":\"Emisora COPE de radio local con emisi\u00f3n online. Pont de Sant Jordi 8-10 03803 Alcoy\",\"potentialAction\":[{\"@type\":\"SearchAction\",\"target\":{\"@type\":\"EntryPoint\",\"urlTemplate\":\"https:\\\/\\\/www.copealcoy.es\\\/es\\\/?s={search_term_string}\"},\"query-input\":{\"@type\":\"PropertyValueSpecification\",\"valueRequired\":true,\"valueName\":\"search_term_string\"}}],\"inLanguage\":\"es\"},{\"@type\":\"Person\",\"@id\":\"https:\\\/\\\/www.copealcoy.es\\\/es\\\/#\\\/schema\\\/person\\\/e777c87fa024e57d40170af9df39882c\",\"name\":\"Cope Alcoy\",\"image\":{\"@type\":\"ImageObject\",\"inLanguage\":\"es\",\"@id\":\"https:\\\/\\\/secure.gravatar.com\\\/avatar\\\/bb65d0283347e303893ba14f0692005417c1e0e690a325a4c5d8bb2b3943ee14?s=96&d=mm&r=g\",\"url\":\"https:\\\/\\\/secure.gravatar.com\\\/avatar\\\/bb65d0283347e303893ba14f0692005417c1e0e690a325a4c5d8bb2b3943ee14?s=96&d=mm&r=g\",\"contentUrl\":\"https:\\\/\\\/secure.gravatar.com\\\/avatar\\\/bb65d0283347e303893ba14f0692005417c1e0e690a325a4c5d8bb2b3943ee14?s=96&d=mm&r=g\",\"caption\":\"Cope Alcoy\"}}]}<\/script>\n<!-- \/ Yoast SEO plugin. -->","yoast_head_json":{"title":"Els ve\u00efns de La Sang ja coneixen les causes dels despreniments de les seues fa\u00e7anes - COPE Alcoy","robots":{"index":"index","follow":"follow","max-snippet":"max-snippet:-1","max-image-preview":"max-image-preview:large","max-video-preview":"max-video-preview:-1"},"canonical":"https:\/\/www.copealcoy.es\/es\/els-veins-de-la-sang-ja-coneixen-les-causes-dels-despreniments-de-les-seues-facanes\/","og_locale":"es_ES","og_type":"article","og_title":"Els ve\u00efns de La Sang ja coneixen les causes dels despreniments de les seues fa\u00e7anes - COPE Alcoy","og_description":"L&#8217;estudi encarregat per l&#8217;Ajuntament d&#8217;Alcoi, per tal de determinar les causes dels despreniments del barri de La Sang, ha determinat...","og_url":"https:\/\/www.copealcoy.es\/es\/els-veins-de-la-sang-ja-coneixen-les-causes-dels-despreniments-de-les-seues-facanes\/","og_site_name":"COPE Alcoy","article_published_time":"2022-01-14T16:30:47+00:00","article_modified_time":"2022-01-14T16:50:49+00:00","og_image":[{"width":2560,"height":1920,"url":"https:\/\/www.copealcoy.es\/wp-content\/uploads\/2022\/01\/Estudio-Patologias-de-fachada-en-el-bari-La-Sang.jpg","type":"image\/jpeg"}],"author":"Cope Alcoy","twitter_misc":{"Escrito por":"Cope Alcoy","Tiempo de lectura":"2 minutos"},"schema":{"@context":"https:\/\/schema.org","@graph":[{"@type":"Article","@id":"https:\/\/www.copealcoy.es\/es\/els-veins-de-la-sang-ja-coneixen-les-causes-dels-despreniments-de-les-seues-facanes\/#article","isPartOf":{"@id":"https:\/\/www.copealcoy.es\/es\/els-veins-de-la-sang-ja-coneixen-les-causes-dels-despreniments-de-les-seues-facanes\/"},"author":{"name":"Cope Alcoy","@id":"https:\/\/www.copealcoy.es\/es\/#\/schema\/person\/e777c87fa024e57d40170af9df39882c"},"headline":"Els ve\u00efns de La Sang ja coneixen les causes dels despreniments de les seues fa\u00e7anes","datePublished":"2022-01-14T16:30:47+00:00","dateModified":"2022-01-14T16:50:49+00:00","mainEntityOfPage":{"@id":"https:\/\/www.copealcoy.es\/es\/els-veins-de-la-sang-ja-coneixen-les-causes-dels-despreniments-de-les-seues-facanes\/"},"wordCount":349,"commentCount":0,"image":{"@id":"https:\/\/www.copealcoy.es\/es\/els-veins-de-la-sang-ja-coneixen-les-causes-dels-despreniments-de-les-seues-facanes\/#primaryimage"},"thumbnailUrl":"https:\/\/www.copealcoy.es\/wp-content\/uploads\/2022\/01\/Estudio-Patologias-de-fachada-en-el-bari-La-Sang.jpg","keywords":["Alcoi","despreniments","fa\u00e7anes","La Sang"],"articleSection":["Actualidad","Alcoy","Noticias","Pol\u00edtica y Econom\u00eda"],"inLanguage":"es"},{"@type":"WebPage","@id":"https:\/\/www.copealcoy.es\/es\/els-veins-de-la-sang-ja-coneixen-les-causes-dels-despreniments-de-les-seues-facanes\/","url":"https:\/\/www.copealcoy.es\/es\/els-veins-de-la-sang-ja-coneixen-les-causes-dels-despreniments-de-les-seues-facanes\/","name":"Els ve\u00efns de La Sang ja coneixen les causes dels despreniments de les seues fa\u00e7anes - COPE Alcoy","isPartOf":{"@id":"https:\/\/www.copealcoy.es\/es\/#website"},"primaryImageOfPage":{"@id":"https:\/\/www.copealcoy.es\/es\/els-veins-de-la-sang-ja-coneixen-les-causes-dels-despreniments-de-les-seues-facanes\/#primaryimage"},"image":{"@id":"https:\/\/www.copealcoy.es\/es\/els-veins-de-la-sang-ja-coneixen-les-causes-dels-despreniments-de-les-seues-facanes\/#primaryimage"},"thumbnailUrl":"https:\/\/www.copealcoy.es\/wp-content\/uploads\/2022\/01\/Estudio-Patologias-de-fachada-en-el-bari-La-Sang.jpg","datePublished":"2022-01-14T16:30:47+00:00","dateModified":"2022-01-14T16:50:49+00:00","author":{"@id":"https:\/\/www.copealcoy.es\/es\/#\/schema\/person\/e777c87fa024e57d40170af9df39882c"},"breadcrumb":{"@id":"https:\/\/www.copealcoy.es\/es\/els-veins-de-la-sang-ja-coneixen-les-causes-dels-despreniments-de-les-seues-facanes\/#breadcrumb"},"inLanguage":"es","potentialAction":[{"@type":"ReadAction","target":["https:\/\/www.copealcoy.es\/es\/els-veins-de-la-sang-ja-coneixen-les-causes-dels-despreniments-de-les-seues-facanes\/"]}]},{"@type":"ImageObject","inLanguage":"es","@id":"https:\/\/www.copealcoy.es\/es\/els-veins-de-la-sang-ja-coneixen-les-causes-dels-despreniments-de-les-seues-facanes\/#primaryimage","url":"https:\/\/www.copealcoy.es\/wp-content\/uploads\/2022\/01\/Estudio-Patologias-de-fachada-en-el-bari-La-Sang.jpg","contentUrl":"https:\/\/www.copealcoy.es\/wp-content\/uploads\/2022\/01\/Estudio-Patologias-de-fachada-en-el-bari-La-Sang.jpg","width":2560,"height":1920},{"@type":"BreadcrumbList","@id":"https:\/\/www.copealcoy.es\/es\/els-veins-de-la-sang-ja-coneixen-les-causes-dels-despreniments-de-les-seues-facanes\/#breadcrumb","itemListElement":[{"@type":"ListItem","position":1,"name":"Portada","item":"https:\/\/www.copealcoy.es\/es\/"},{"@type":"ListItem","position":2,"name":"Els ve\u00efns de La Sang ja coneixen les causes dels despreniments de les seues fa\u00e7anes"}]},{"@type":"WebSite","@id":"https:\/\/www.copealcoy.es\/es\/#website","url":"https:\/\/www.copealcoy.es\/es\/","name":"COPE Alcoy","description":"Emisora COPE de radio local con emisi\u00f3n online. Pont de Sant Jordi 8-10 03803 Alcoy","potentialAction":[{"@type":"SearchAction","target":{"@type":"EntryPoint","urlTemplate":"https:\/\/www.copealcoy.es\/es\/?s={search_term_string}"},"query-input":{"@type":"PropertyValueSpecification","valueRequired":true,"valueName":"search_term_string"}}],"inLanguage":"es"},{"@type":"Person","@id":"https:\/\/www.copealcoy.es\/es\/#\/schema\/person\/e777c87fa024e57d40170af9df39882c","name":"Cope Alcoy","image":{"@type":"ImageObject","inLanguage":"es","@id":"https:\/\/secure.gravatar.com\/avatar\/bb65d0283347e303893ba14f0692005417c1e0e690a325a4c5d8bb2b3943ee14?s=96&d=mm&r=g","url":"https:\/\/secure.gravatar.com\/avatar\/bb65d0283347e303893ba14f0692005417c1e0e690a325a4c5d8bb2b3943ee14?s=96&d=mm&r=g","contentUrl":"https:\/\/secure.gravatar.com\/avatar\/bb65d0283347e303893ba14f0692005417c1e0e690a325a4c5d8bb2b3943ee14?s=96&d=mm&r=g","caption":"Cope Alcoy"}}]}},"_links":{"self":[{"href":"https:\/\/www.copealcoy.es\/es\/wp-json\/wp\/v2\/posts\/82521","targetHints":{"allow":["GET"]}}],"collection":[{"href":"https:\/\/www.copealcoy.es\/es\/wp-json\/wp\/v2\/posts"}],"about":[{"href":"https:\/\/www.copealcoy.es\/es\/wp-json\/wp\/v2\/types\/post"}],"author":[{"embeddable":true,"href":"https:\/\/www.copealcoy.es\/es\/wp-json\/wp\/v2\/users\/1"}],"replies":[{"embeddable":true,"href":"https:\/\/www.copealcoy.es\/es\/wp-json\/wp\/v2\/comments?post=82521"}],"version-history":[{"count":0,"href":"https:\/\/www.copealcoy.es\/es\/wp-json\/wp\/v2\/posts\/82521\/revisions"}],"wp:featuredmedia":[{"embeddable":true,"href":"https:\/\/www.copealcoy.es\/es\/wp-json\/wp\/v2\/media\/82522"}],"wp:attachment":[{"href":"https:\/\/www.copealcoy.es\/es\/wp-json\/wp\/v2\/media?parent=82521"}],"wp:term":[{"taxonomy":"category","embeddable":true,"href":"https:\/\/www.copealcoy.es\/es\/wp-json\/wp\/v2\/categories?post=82521"},{"taxonomy":"post_tag","embeddable":true,"href":"https:\/\/www.copealcoy.es\/es\/wp-json\/wp\/v2\/tags?post=82521"}],"curies":[{"name":"wp","href":"https:\/\/api.w.org\/{rel}","templated":true}]}}