{"id":82463,"date":"2022-01-12T21:02:54","date_gmt":"2022-01-12T20:02:54","guid":{"rendered":"https:\/\/www.copealcoy.es\/?p=82463"},"modified":"2022-01-12T21:08:57","modified_gmt":"2022-01-12T20:08:57","slug":"maria-jose-valor-nova-coordinadora-comarcal-de-ciutadans","status":"publish","type":"post","link":"https:\/\/www.copealcoy.es\/es\/maria-jose-valor-nova-coordinadora-comarcal-de-ciutadans\/","title":{"rendered":"Maria Jos\u00e9 Valor, nova coordinadora comarcal de Ciutadans"},"content":{"rendered":"<p style=\"text-align: justify;\">L&#8217;alcoiana <strong>Maria\u00a0Jos\u00e9\u00a0Valor<\/strong> ha sigut designada com a <strong>nova coordinadora de Ciutadans a les nostres comarques de l&#8217;Alcoi\u00e0 i el Comtat<\/strong>. Valor <strong>tamb\u00e9 forma part d\u2019un grup de treball de la formaci\u00f3 taronja<\/strong> a escala auton\u00f2mica sobre\u00a0habitatge, urbanisme i infraestructures.<\/p>\n<p style=\"text-align: justify;\">Al costat de la nova coordinadora estaran <strong>Gemma <span class=\"hiddenSpellError\">Santoyo<\/span><\/strong>\u00a0(responsable d\u2019organitzaci\u00f3) i\u00a0<strong><span class=\"hiddenSpellError\">Nicol\u00e1s<\/span>\u00a0Mart\u00ednez<\/strong> (Acci\u00f3 Institucional). Com a vocals formen part com a c\u00e0rrecs org\u00e0nics a les nostres comarques\u00a0<strong><span class=\"hiddenSpellError\">Juan<\/span>\u00a0Manuel Sanchis,\u00a0<span class=\"hiddenSpellError\">Carmen<\/span>\u00a0<span class=\"hiddenSpellError\">Bel\u00e9n<\/span>\u00a0P\u00e9rez Rubio i Jos\u00e9\u00a0<span class=\"hiddenSpellError\">Vicente<\/span>\u00a0<span class=\"hiddenSpellError\">Masi\u00e1<\/span><\/strong>.<\/p>\n","protected":false},"excerpt":{"rendered":"<p>L&#8217;alcoiana Maria\u00a0Jos\u00e9\u00a0Valor ha sigut designada com a nova coordinadora de Ciutadans a les nostres comarques de l&#8217;Alcoi\u00e0 i el Comtat&#8230;.<\/p>\n","protected":false},"author":1,"featured_media":82464,"comment_status":"open","ping_status":"open","sticky":false,"template":"","format":"standard","meta":{"footnotes":""},"categories":[98,75],"tags":[482,9786,237,12293,7477],"class_list":["post-82463","post","type-post","status-publish","format-standard","has-post-thumbnail","hentry","category-comarcas","category-noticias","tag-alcoia","tag-ciutadans","tag-comtat","tag-maria-jose-valor","tag-pandemia"],"yoast_head":"<!-- This site is optimized with the Yoast SEO plugin v27.3 - https:\/\/yoast.com\/product\/yoast-seo-wordpress\/ -->\n<title>Maria Jos\u00e9 Valor, nova coordinadora comarcal de Ciutadans - COPE Alcoy<\/title>\n<meta name=\"robots\" content=\"index, follow, max-snippet:-1, max-image-preview:large, max-video-preview:-1\" \/>\n<link rel=\"canonical\" href=\"https:\/\/www.copealcoy.es\/es\/maria-jose-valor-nova-coordinadora-comarcal-de-ciutadans\/\" \/>\n<meta property=\"og:locale\" content=\"es_ES\" \/>\n<meta property=\"og:type\" content=\"article\" \/>\n<meta property=\"og:title\" content=\"Maria Jos\u00e9 Valor, nova coordinadora comarcal de Ciutadans - COPE Alcoy\" \/>\n<meta property=\"og:description\" content=\"L&#8217;alcoiana Maria\u00a0Jos\u00e9\u00a0Valor ha sigut designada com a nova coordinadora de Ciutadans a les nostres comarques de l&#8217;Alcoi\u00e0 i el Comtat....\" \/>\n<meta property=\"og:url\" content=\"https:\/\/www.copealcoy.es\/es\/maria-jose-valor-nova-coordinadora-comarcal-de-ciutadans\/\" \/>\n<meta property=\"og:site_name\" content=\"COPE Alcoy\" \/>\n<meta property=\"article:published_time\" content=\"2022-01-12T20:02:54+00:00\" \/>\n<meta property=\"article:modified_time\" content=\"2022-01-12T20:08:57+00:00\" \/>\n<meta property=\"og:image\" content=\"https:\/\/www.copealcoy.es\/wp-content\/uploads\/2022\/01\/87987739_2763374713744690_5318364990825037824_n.jpg\" \/>\n\t<meta property=\"og:image:width\" content=\"708\" \/>\n\t<meta property=\"og:image:height\" content=\"383\" \/>\n\t<meta property=\"og:image:type\" content=\"image\/jpeg\" \/>\n<meta name=\"author\" content=\"Cope Alcoy\" \/>\n<meta name=\"twitter:label1\" content=\"Escrito por\" \/>\n\t<meta name=\"twitter:data1\" content=\"Cope Alcoy\" \/>\n\t<meta name=\"twitter:label2\" content=\"Tiempo de lectura\" \/>\n\t<meta name=\"twitter:data2\" content=\"1 minuto\" \/>\n<script type=\"application\/ld+json\" class=\"yoast-schema-graph\">{\"@context\":\"https:\\\/\\\/schema.org\",\"@graph\":[{\"@type\":\"Article\",\"@id\":\"https:\\\/\\\/www.copealcoy.es\\\/es\\\/maria-jose-valor-nova-coordinadora-comarcal-de-ciutadans\\\/#article\",\"isPartOf\":{\"@id\":\"https:\\\/\\\/www.copealcoy.es\\\/es\\\/maria-jose-valor-nova-coordinadora-comarcal-de-ciutadans\\\/\"},\"author\":{\"name\":\"Cope Alcoy\",\"@id\":\"https:\\\/\\\/www.copealcoy.es\\\/es\\\/#\\\/schema\\\/person\\\/e777c87fa024e57d40170af9df39882c\"},\"headline\":\"Maria Jos\u00e9 Valor, nova coordinadora comarcal de Ciutadans\",\"datePublished\":\"2022-01-12T20:02:54+00:00\",\"dateModified\":\"2022-01-12T20:08:57+00:00\",\"mainEntityOfPage\":{\"@id\":\"https:\\\/\\\/www.copealcoy.es\\\/es\\\/maria-jose-valor-nova-coordinadora-comarcal-de-ciutadans\\\/\"},\"wordCount\":101,\"commentCount\":0,\"image\":{\"@id\":\"https:\\\/\\\/www.copealcoy.es\\\/es\\\/maria-jose-valor-nova-coordinadora-comarcal-de-ciutadans\\\/#primaryimage\"},\"thumbnailUrl\":\"https:\\\/\\\/www.copealcoy.es\\\/wp-content\\\/uploads\\\/2022\\\/01\\\/87987739_2763374713744690_5318364990825037824_n.jpg\",\"keywords\":[\"Alcoi\u00e0\",\"Ciutadans\",\"Comtat\",\"Mar\u00eda Jos\u00e9 Valor\",\"pandemia\"],\"articleSection\":[\"Comarcas\",\"Noticias\"],\"inLanguage\":\"es\"},{\"@type\":\"WebPage\",\"@id\":\"https:\\\/\\\/www.copealcoy.es\\\/es\\\/maria-jose-valor-nova-coordinadora-comarcal-de-ciutadans\\\/\",\"url\":\"https:\\\/\\\/www.copealcoy.es\\\/es\\\/maria-jose-valor-nova-coordinadora-comarcal-de-ciutadans\\\/\",\"name\":\"Maria Jos\u00e9 Valor, nova coordinadora comarcal de Ciutadans - COPE Alcoy\",\"isPartOf\":{\"@id\":\"https:\\\/\\\/www.copealcoy.es\\\/es\\\/#website\"},\"primaryImageOfPage\":{\"@id\":\"https:\\\/\\\/www.copealcoy.es\\\/es\\\/maria-jose-valor-nova-coordinadora-comarcal-de-ciutadans\\\/#primaryimage\"},\"image\":{\"@id\":\"https:\\\/\\\/www.copealcoy.es\\\/es\\\/maria-jose-valor-nova-coordinadora-comarcal-de-ciutadans\\\/#primaryimage\"},\"thumbnailUrl\":\"https:\\\/\\\/www.copealcoy.es\\\/wp-content\\\/uploads\\\/2022\\\/01\\\/87987739_2763374713744690_5318364990825037824_n.jpg\",\"datePublished\":\"2022-01-12T20:02:54+00:00\",\"dateModified\":\"2022-01-12T20:08:57+00:00\",\"author\":{\"@id\":\"https:\\\/\\\/www.copealcoy.es\\\/es\\\/#\\\/schema\\\/person\\\/e777c87fa024e57d40170af9df39882c\"},\"breadcrumb\":{\"@id\":\"https:\\\/\\\/www.copealcoy.es\\\/es\\\/maria-jose-valor-nova-coordinadora-comarcal-de-ciutadans\\\/#breadcrumb\"},\"inLanguage\":\"es\",\"potentialAction\":[{\"@type\":\"ReadAction\",\"target\":[\"https:\\\/\\\/www.copealcoy.es\\\/es\\\/maria-jose-valor-nova-coordinadora-comarcal-de-ciutadans\\\/\"]}]},{\"@type\":\"ImageObject\",\"inLanguage\":\"es\",\"@id\":\"https:\\\/\\\/www.copealcoy.es\\\/es\\\/maria-jose-valor-nova-coordinadora-comarcal-de-ciutadans\\\/#primaryimage\",\"url\":\"https:\\\/\\\/www.copealcoy.es\\\/wp-content\\\/uploads\\\/2022\\\/01\\\/87987739_2763374713744690_5318364990825037824_n.jpg\",\"contentUrl\":\"https:\\\/\\\/www.copealcoy.es\\\/wp-content\\\/uploads\\\/2022\\\/01\\\/87987739_2763374713744690_5318364990825037824_n.jpg\",\"width\":708,\"height\":383},{\"@type\":\"BreadcrumbList\",\"@id\":\"https:\\\/\\\/www.copealcoy.es\\\/es\\\/maria-jose-valor-nova-coordinadora-comarcal-de-ciutadans\\\/#breadcrumb\",\"itemListElement\":[{\"@type\":\"ListItem\",\"position\":1,\"name\":\"Portada\",\"item\":\"https:\\\/\\\/www.copealcoy.es\\\/es\\\/\"},{\"@type\":\"ListItem\",\"position\":2,\"name\":\"Maria Jos\u00e9 Valor, nova coordinadora comarcal de Ciutadans\"}]},{\"@type\":\"WebSite\",\"@id\":\"https:\\\/\\\/www.copealcoy.es\\\/es\\\/#website\",\"url\":\"https:\\\/\\\/www.copealcoy.es\\\/es\\\/\",\"name\":\"COPE Alcoy\",\"description\":\"Emisora COPE de radio local con emisi\u00f3n online. Pont de Sant Jordi 8-10 03803 Alcoy\",\"potentialAction\":[{\"@type\":\"SearchAction\",\"target\":{\"@type\":\"EntryPoint\",\"urlTemplate\":\"https:\\\/\\\/www.copealcoy.es\\\/es\\\/?s={search_term_string}\"},\"query-input\":{\"@type\":\"PropertyValueSpecification\",\"valueRequired\":true,\"valueName\":\"search_term_string\"}}],\"inLanguage\":\"es\"},{\"@type\":\"Person\",\"@id\":\"https:\\\/\\\/www.copealcoy.es\\\/es\\\/#\\\/schema\\\/person\\\/e777c87fa024e57d40170af9df39882c\",\"name\":\"Cope Alcoy\",\"image\":{\"@type\":\"ImageObject\",\"inLanguage\":\"es\",\"@id\":\"https:\\\/\\\/secure.gravatar.com\\\/avatar\\\/bb65d0283347e303893ba14f0692005417c1e0e690a325a4c5d8bb2b3943ee14?s=96&d=mm&r=g\",\"url\":\"https:\\\/\\\/secure.gravatar.com\\\/avatar\\\/bb65d0283347e303893ba14f0692005417c1e0e690a325a4c5d8bb2b3943ee14?s=96&d=mm&r=g\",\"contentUrl\":\"https:\\\/\\\/secure.gravatar.com\\\/avatar\\\/bb65d0283347e303893ba14f0692005417c1e0e690a325a4c5d8bb2b3943ee14?s=96&d=mm&r=g\",\"caption\":\"Cope Alcoy\"}}]}<\/script>\n<!-- \/ Yoast SEO plugin. -->","yoast_head_json":{"title":"Maria Jos\u00e9 Valor, nova coordinadora comarcal de Ciutadans - COPE Alcoy","robots":{"index":"index","follow":"follow","max-snippet":"max-snippet:-1","max-image-preview":"max-image-preview:large","max-video-preview":"max-video-preview:-1"},"canonical":"https:\/\/www.copealcoy.es\/es\/maria-jose-valor-nova-coordinadora-comarcal-de-ciutadans\/","og_locale":"es_ES","og_type":"article","og_title":"Maria Jos\u00e9 Valor, nova coordinadora comarcal de Ciutadans - COPE Alcoy","og_description":"L&#8217;alcoiana Maria\u00a0Jos\u00e9\u00a0Valor ha sigut designada com a nova coordinadora de Ciutadans a les nostres comarques de l&#8217;Alcoi\u00e0 i el Comtat....","og_url":"https:\/\/www.copealcoy.es\/es\/maria-jose-valor-nova-coordinadora-comarcal-de-ciutadans\/","og_site_name":"COPE Alcoy","article_published_time":"2022-01-12T20:02:54+00:00","article_modified_time":"2022-01-12T20:08:57+00:00","og_image":[{"width":708,"height":383,"url":"https:\/\/www.copealcoy.es\/wp-content\/uploads\/2022\/01\/87987739_2763374713744690_5318364990825037824_n.jpg","type":"image\/jpeg"}],"author":"Cope Alcoy","twitter_misc":{"Escrito por":"Cope Alcoy","Tiempo de lectura":"1 minuto"},"schema":{"@context":"https:\/\/schema.org","@graph":[{"@type":"Article","@id":"https:\/\/www.copealcoy.es\/es\/maria-jose-valor-nova-coordinadora-comarcal-de-ciutadans\/#article","isPartOf":{"@id":"https:\/\/www.copealcoy.es\/es\/maria-jose-valor-nova-coordinadora-comarcal-de-ciutadans\/"},"author":{"name":"Cope Alcoy","@id":"https:\/\/www.copealcoy.es\/es\/#\/schema\/person\/e777c87fa024e57d40170af9df39882c"},"headline":"Maria Jos\u00e9 Valor, nova coordinadora comarcal de Ciutadans","datePublished":"2022-01-12T20:02:54+00:00","dateModified":"2022-01-12T20:08:57+00:00","mainEntityOfPage":{"@id":"https:\/\/www.copealcoy.es\/es\/maria-jose-valor-nova-coordinadora-comarcal-de-ciutadans\/"},"wordCount":101,"commentCount":0,"image":{"@id":"https:\/\/www.copealcoy.es\/es\/maria-jose-valor-nova-coordinadora-comarcal-de-ciutadans\/#primaryimage"},"thumbnailUrl":"https:\/\/www.copealcoy.es\/wp-content\/uploads\/2022\/01\/87987739_2763374713744690_5318364990825037824_n.jpg","keywords":["Alcoi\u00e0","Ciutadans","Comtat","Mar\u00eda Jos\u00e9 Valor","pandemia"],"articleSection":["Comarcas","Noticias"],"inLanguage":"es"},{"@type":"WebPage","@id":"https:\/\/www.copealcoy.es\/es\/maria-jose-valor-nova-coordinadora-comarcal-de-ciutadans\/","url":"https:\/\/www.copealcoy.es\/es\/maria-jose-valor-nova-coordinadora-comarcal-de-ciutadans\/","name":"Maria Jos\u00e9 Valor, nova coordinadora comarcal de Ciutadans - COPE Alcoy","isPartOf":{"@id":"https:\/\/www.copealcoy.es\/es\/#website"},"primaryImageOfPage":{"@id":"https:\/\/www.copealcoy.es\/es\/maria-jose-valor-nova-coordinadora-comarcal-de-ciutadans\/#primaryimage"},"image":{"@id":"https:\/\/www.copealcoy.es\/es\/maria-jose-valor-nova-coordinadora-comarcal-de-ciutadans\/#primaryimage"},"thumbnailUrl":"https:\/\/www.copealcoy.es\/wp-content\/uploads\/2022\/01\/87987739_2763374713744690_5318364990825037824_n.jpg","datePublished":"2022-01-12T20:02:54+00:00","dateModified":"2022-01-12T20:08:57+00:00","author":{"@id":"https:\/\/www.copealcoy.es\/es\/#\/schema\/person\/e777c87fa024e57d40170af9df39882c"},"breadcrumb":{"@id":"https:\/\/www.copealcoy.es\/es\/maria-jose-valor-nova-coordinadora-comarcal-de-ciutadans\/#breadcrumb"},"inLanguage":"es","potentialAction":[{"@type":"ReadAction","target":["https:\/\/www.copealcoy.es\/es\/maria-jose-valor-nova-coordinadora-comarcal-de-ciutadans\/"]}]},{"@type":"ImageObject","inLanguage":"es","@id":"https:\/\/www.copealcoy.es\/es\/maria-jose-valor-nova-coordinadora-comarcal-de-ciutadans\/#primaryimage","url":"https:\/\/www.copealcoy.es\/wp-content\/uploads\/2022\/01\/87987739_2763374713744690_5318364990825037824_n.jpg","contentUrl":"https:\/\/www.copealcoy.es\/wp-content\/uploads\/2022\/01\/87987739_2763374713744690_5318364990825037824_n.jpg","width":708,"height":383},{"@type":"BreadcrumbList","@id":"https:\/\/www.copealcoy.es\/es\/maria-jose-valor-nova-coordinadora-comarcal-de-ciutadans\/#breadcrumb","itemListElement":[{"@type":"ListItem","position":1,"name":"Portada","item":"https:\/\/www.copealcoy.es\/es\/"},{"@type":"ListItem","position":2,"name":"Maria Jos\u00e9 Valor, nova coordinadora comarcal de Ciutadans"}]},{"@type":"WebSite","@id":"https:\/\/www.copealcoy.es\/es\/#website","url":"https:\/\/www.copealcoy.es\/es\/","name":"COPE Alcoy","description":"Emisora COPE de radio local con emisi\u00f3n online. Pont de Sant Jordi 8-10 03803 Alcoy","potentialAction":[{"@type":"SearchAction","target":{"@type":"EntryPoint","urlTemplate":"https:\/\/www.copealcoy.es\/es\/?s={search_term_string}"},"query-input":{"@type":"PropertyValueSpecification","valueRequired":true,"valueName":"search_term_string"}}],"inLanguage":"es"},{"@type":"Person","@id":"https:\/\/www.copealcoy.es\/es\/#\/schema\/person\/e777c87fa024e57d40170af9df39882c","name":"Cope Alcoy","image":{"@type":"ImageObject","inLanguage":"es","@id":"https:\/\/secure.gravatar.com\/avatar\/bb65d0283347e303893ba14f0692005417c1e0e690a325a4c5d8bb2b3943ee14?s=96&d=mm&r=g","url":"https:\/\/secure.gravatar.com\/avatar\/bb65d0283347e303893ba14f0692005417c1e0e690a325a4c5d8bb2b3943ee14?s=96&d=mm&r=g","contentUrl":"https:\/\/secure.gravatar.com\/avatar\/bb65d0283347e303893ba14f0692005417c1e0e690a325a4c5d8bb2b3943ee14?s=96&d=mm&r=g","caption":"Cope Alcoy"}}]}},"_links":{"self":[{"href":"https:\/\/www.copealcoy.es\/es\/wp-json\/wp\/v2\/posts\/82463","targetHints":{"allow":["GET"]}}],"collection":[{"href":"https:\/\/www.copealcoy.es\/es\/wp-json\/wp\/v2\/posts"}],"about":[{"href":"https:\/\/www.copealcoy.es\/es\/wp-json\/wp\/v2\/types\/post"}],"author":[{"embeddable":true,"href":"https:\/\/www.copealcoy.es\/es\/wp-json\/wp\/v2\/users\/1"}],"replies":[{"embeddable":true,"href":"https:\/\/www.copealcoy.es\/es\/wp-json\/wp\/v2\/comments?post=82463"}],"version-history":[{"count":0,"href":"https:\/\/www.copealcoy.es\/es\/wp-json\/wp\/v2\/posts\/82463\/revisions"}],"wp:featuredmedia":[{"embeddable":true,"href":"https:\/\/www.copealcoy.es\/es\/wp-json\/wp\/v2\/media\/82464"}],"wp:attachment":[{"href":"https:\/\/www.copealcoy.es\/es\/wp-json\/wp\/v2\/media?parent=82463"}],"wp:term":[{"taxonomy":"category","embeddable":true,"href":"https:\/\/www.copealcoy.es\/es\/wp-json\/wp\/v2\/categories?post=82463"},{"taxonomy":"post_tag","embeddable":true,"href":"https:\/\/www.copealcoy.es\/es\/wp-json\/wp\/v2\/tags?post=82463"}],"curies":[{"name":"wp","href":"https:\/\/api.w.org\/{rel}","templated":true}]}}