{"id":82443,"date":"2022-01-12T16:21:37","date_gmt":"2022-01-12T15:21:37","guid":{"rendered":"https:\/\/www.copealcoy.es\/?p=82443"},"modified":"2022-01-12T21:33:43","modified_gmt":"2022-01-12T20:33:43","slug":"123-contenidors-cremats-a-alcoi-des-de-2018","status":"publish","type":"post","link":"https:\/\/www.copealcoy.es\/es\/123-contenidors-cremats-a-alcoi-des-de-2018\/","title":{"rendered":"123 contenidors cremats a Alcoi des de 2018"},"content":{"rendered":"<p style=\"text-align: justify;\">Un total de <strong>123 contenidors<\/strong> han sigut cremats en actes vand\u00e0lics a Alcoi des de l&#8217;any 2018, <strong>una situaci\u00f3 que ha generat un cost econ\u00f2mic d&#8217;aproximadament 123.000 euros<\/strong> a l&#8217;empresa adjudicat\u00e0ria del servei. Segons els c\u00e0lculs de la regidoria de Transici\u00f3 Ecol\u00f2gica, <strong>l&#8217;incendi de cada contenidor est\u00e0 valorat en uns 1.000 euros de mal econ\u00f2mic<\/strong> entre el cost del contenidor i les despeses del servei de retirada i neteja.<\/p>\n<p style=\"text-align: justify;\">Des de l&#8217;Ajuntament d&#8217;Alcoi expliquen que <strong>per a evitar aquests actes vand\u00e0lics es refor\u00e7ar\u00e0 la vigil\u00e0ncia<\/strong>, mentre <strong>s&#8217;investiga l&#8217;autoria de l&#8217;\u00faltima crema de quatre contenidors<\/strong> en l&#8217; Avinguda del Pa\u00eds Valenci\u00e0 ocorreguda el passat cap de setmana. A m\u00e9s <strong>s&#8217;insistir\u00e0 en el missatge de conscienciaci\u00f3 a la ciutadania<\/strong>, instant els ve\u00efns a reportar qualsevol actitud que consideren sospitosa &#8220;<em>confiem plenament que l&#8217;esfor\u00e7 de la Policia Local i la Policia Nacional donar\u00e0 els seus fruits i acabarem identificant a la persona o persones responsables d&#8217;aquests fets, que considerem molt greus. Aix\u00ed mateix, demanem als ve\u00efns que alerten sobre qualsevol activitat sospitosa perqu\u00e8 la seua col\u00b7laboraci\u00f3 \u00e9s crucial per a atallar aquests actes vand\u00e0lics<\/em>&#8220;, afirma el regidor de Seguretat; <strong>Ra\u00fcl Llopis<\/strong>.<\/p>\n<p style=\"text-align: justify;\">Assenyalar que <strong>les regidories de Seguretat aix\u00ed com Transici\u00f3 Ecol\u00f2gica, Protecci\u00f3 Civil i Emerg\u00e8ncies<\/strong>, el <strong>cap d&#8217;aquest departament<\/strong> i els <strong>m\u00e0xims responsables de la Policia Local i Nacional<\/strong> van mantenir aquesta setmana <strong>una reuni\u00f3<\/strong> per tal d&#8217;abordar la situaci\u00f3 viscuda.<\/p>\n","protected":false},"excerpt":{"rendered":"<p>Un total de 123 contenidors han sigut cremats en actes vand\u00e0lics a Alcoi des de l&#8217;any 2018, una situaci\u00f3 que&#8230;<\/p>\n","protected":false},"author":1,"featured_media":82444,"comment_status":"open","ping_status":"open","sticky":false,"template":"","format":"standard","meta":{"footnotes":""},"categories":[6909,97,75,79,125],"tags":[12288,160,2022,9890,10128,12258],"class_list":["post-82443","post","type-post","status-publish","format-standard","has-post-thumbnail","hentry","category-actualidad","category-alcoy","category-noticias","category-politicayeconomia","category-portada","tag-123-contenidors","tag-alcoi","tag-crema","tag-incendi","tag-mesures","tag-seguretat"],"yoast_head":"<!-- This site is optimized with the Yoast SEO plugin v27.3 - https:\/\/yoast.com\/product\/yoast-seo-wordpress\/ -->\n<title>123 contenidors cremats a Alcoi des de 2018 - COPE Alcoy<\/title>\n<meta name=\"robots\" content=\"index, follow, max-snippet:-1, max-image-preview:large, max-video-preview:-1\" \/>\n<link rel=\"canonical\" href=\"https:\/\/www.copealcoy.es\/es\/123-contenidors-cremats-a-alcoi-des-de-2018\/\" \/>\n<meta property=\"og:locale\" content=\"es_ES\" \/>\n<meta property=\"og:type\" content=\"article\" \/>\n<meta property=\"og:title\" content=\"123 contenidors cremats a Alcoi des de 2018 - COPE Alcoy\" \/>\n<meta property=\"og:description\" content=\"Un total de 123 contenidors han sigut cremats en actes vand\u00e0lics a Alcoi des de l&#8217;any 2018, una situaci\u00f3 que...\" \/>\n<meta property=\"og:url\" content=\"https:\/\/www.copealcoy.es\/es\/123-contenidors-cremats-a-alcoi-des-de-2018\/\" \/>\n<meta property=\"og:site_name\" content=\"COPE Alcoy\" \/>\n<meta property=\"article:published_time\" content=\"2022-01-12T15:21:37+00:00\" \/>\n<meta property=\"article:modified_time\" content=\"2022-01-12T20:33:43+00:00\" \/>\n<meta property=\"og:image\" content=\"https:\/\/www.copealcoy.es\/wp-content\/uploads\/2022\/01\/CREMA-PAIS-VALENCIA-4-e1642019612159.jpg\" \/>\n\t<meta property=\"og:image:width\" content=\"640\" \/>\n\t<meta property=\"og:image:height\" content=\"350\" \/>\n\t<meta property=\"og:image:type\" content=\"image\/jpeg\" \/>\n<meta name=\"author\" content=\"Cope Alcoy\" \/>\n<meta name=\"twitter:label1\" content=\"Escrito por\" \/>\n\t<meta name=\"twitter:data1\" content=\"Cope Alcoy\" \/>\n\t<meta name=\"twitter:label2\" content=\"Tiempo de lectura\" \/>\n\t<meta name=\"twitter:data2\" content=\"1 minuto\" \/>\n<script type=\"application\/ld+json\" class=\"yoast-schema-graph\">{\"@context\":\"https:\\\/\\\/schema.org\",\"@graph\":[{\"@type\":\"Article\",\"@id\":\"https:\\\/\\\/www.copealcoy.es\\\/es\\\/123-contenidors-cremats-a-alcoi-des-de-2018\\\/#article\",\"isPartOf\":{\"@id\":\"https:\\\/\\\/www.copealcoy.es\\\/es\\\/123-contenidors-cremats-a-alcoi-des-de-2018\\\/\"},\"author\":{\"name\":\"Cope Alcoy\",\"@id\":\"https:\\\/\\\/www.copealcoy.es\\\/es\\\/#\\\/schema\\\/person\\\/e777c87fa024e57d40170af9df39882c\"},\"headline\":\"123 contenidors cremats a Alcoi des de 2018\",\"datePublished\":\"2022-01-12T15:21:37+00:00\",\"dateModified\":\"2022-01-12T20:33:43+00:00\",\"mainEntityOfPage\":{\"@id\":\"https:\\\/\\\/www.copealcoy.es\\\/es\\\/123-contenidors-cremats-a-alcoi-des-de-2018\\\/\"},\"wordCount\":263,\"commentCount\":0,\"image\":{\"@id\":\"https:\\\/\\\/www.copealcoy.es\\\/es\\\/123-contenidors-cremats-a-alcoi-des-de-2018\\\/#primaryimage\"},\"thumbnailUrl\":\"https:\\\/\\\/www.copealcoy.es\\\/wp-content\\\/uploads\\\/2022\\\/01\\\/CREMA-PAIS-VALENCIA-4-e1642019612159.jpg\",\"keywords\":[\"123 contenidors\",\"Alcoi\",\"Crem\u00e0\",\"incendi\",\"mesures\",\"seguretat\"],\"articleSection\":[\"Actualidad\",\"Alcoy\",\"Noticias\",\"Pol\u00edtica y Econom\u00eda\",\"Portada\"],\"inLanguage\":\"es\"},{\"@type\":\"WebPage\",\"@id\":\"https:\\\/\\\/www.copealcoy.es\\\/es\\\/123-contenidors-cremats-a-alcoi-des-de-2018\\\/\",\"url\":\"https:\\\/\\\/www.copealcoy.es\\\/es\\\/123-contenidors-cremats-a-alcoi-des-de-2018\\\/\",\"name\":\"123 contenidors cremats a Alcoi des de 2018 - COPE Alcoy\",\"isPartOf\":{\"@id\":\"https:\\\/\\\/www.copealcoy.es\\\/es\\\/#website\"},\"primaryImageOfPage\":{\"@id\":\"https:\\\/\\\/www.copealcoy.es\\\/es\\\/123-contenidors-cremats-a-alcoi-des-de-2018\\\/#primaryimage\"},\"image\":{\"@id\":\"https:\\\/\\\/www.copealcoy.es\\\/es\\\/123-contenidors-cremats-a-alcoi-des-de-2018\\\/#primaryimage\"},\"thumbnailUrl\":\"https:\\\/\\\/www.copealcoy.es\\\/wp-content\\\/uploads\\\/2022\\\/01\\\/CREMA-PAIS-VALENCIA-4-e1642019612159.jpg\",\"datePublished\":\"2022-01-12T15:21:37+00:00\",\"dateModified\":\"2022-01-12T20:33:43+00:00\",\"author\":{\"@id\":\"https:\\\/\\\/www.copealcoy.es\\\/es\\\/#\\\/schema\\\/person\\\/e777c87fa024e57d40170af9df39882c\"},\"breadcrumb\":{\"@id\":\"https:\\\/\\\/www.copealcoy.es\\\/es\\\/123-contenidors-cremats-a-alcoi-des-de-2018\\\/#breadcrumb\"},\"inLanguage\":\"es\",\"potentialAction\":[{\"@type\":\"ReadAction\",\"target\":[\"https:\\\/\\\/www.copealcoy.es\\\/es\\\/123-contenidors-cremats-a-alcoi-des-de-2018\\\/\"]}]},{\"@type\":\"ImageObject\",\"inLanguage\":\"es\",\"@id\":\"https:\\\/\\\/www.copealcoy.es\\\/es\\\/123-contenidors-cremats-a-alcoi-des-de-2018\\\/#primaryimage\",\"url\":\"https:\\\/\\\/www.copealcoy.es\\\/wp-content\\\/uploads\\\/2022\\\/01\\\/CREMA-PAIS-VALENCIA-4-e1642019612159.jpg\",\"contentUrl\":\"https:\\\/\\\/www.copealcoy.es\\\/wp-content\\\/uploads\\\/2022\\\/01\\\/CREMA-PAIS-VALENCIA-4-e1642019612159.jpg\",\"width\":640,\"height\":350},{\"@type\":\"BreadcrumbList\",\"@id\":\"https:\\\/\\\/www.copealcoy.es\\\/es\\\/123-contenidors-cremats-a-alcoi-des-de-2018\\\/#breadcrumb\",\"itemListElement\":[{\"@type\":\"ListItem\",\"position\":1,\"name\":\"Portada\",\"item\":\"https:\\\/\\\/www.copealcoy.es\\\/es\\\/\"},{\"@type\":\"ListItem\",\"position\":2,\"name\":\"123 contenidors cremats a Alcoi des de 2018\"}]},{\"@type\":\"WebSite\",\"@id\":\"https:\\\/\\\/www.copealcoy.es\\\/es\\\/#website\",\"url\":\"https:\\\/\\\/www.copealcoy.es\\\/es\\\/\",\"name\":\"COPE Alcoy\",\"description\":\"Emisora COPE de radio local con emisi\u00f3n online. Pont de Sant Jordi 8-10 03803 Alcoy\",\"potentialAction\":[{\"@type\":\"SearchAction\",\"target\":{\"@type\":\"EntryPoint\",\"urlTemplate\":\"https:\\\/\\\/www.copealcoy.es\\\/es\\\/?s={search_term_string}\"},\"query-input\":{\"@type\":\"PropertyValueSpecification\",\"valueRequired\":true,\"valueName\":\"search_term_string\"}}],\"inLanguage\":\"es\"},{\"@type\":\"Person\",\"@id\":\"https:\\\/\\\/www.copealcoy.es\\\/es\\\/#\\\/schema\\\/person\\\/e777c87fa024e57d40170af9df39882c\",\"name\":\"Cope Alcoy\",\"image\":{\"@type\":\"ImageObject\",\"inLanguage\":\"es\",\"@id\":\"https:\\\/\\\/secure.gravatar.com\\\/avatar\\\/bb65d0283347e303893ba14f0692005417c1e0e690a325a4c5d8bb2b3943ee14?s=96&d=mm&r=g\",\"url\":\"https:\\\/\\\/secure.gravatar.com\\\/avatar\\\/bb65d0283347e303893ba14f0692005417c1e0e690a325a4c5d8bb2b3943ee14?s=96&d=mm&r=g\",\"contentUrl\":\"https:\\\/\\\/secure.gravatar.com\\\/avatar\\\/bb65d0283347e303893ba14f0692005417c1e0e690a325a4c5d8bb2b3943ee14?s=96&d=mm&r=g\",\"caption\":\"Cope Alcoy\"}}]}<\/script>\n<!-- \/ Yoast SEO plugin. -->","yoast_head_json":{"title":"123 contenidors cremats a Alcoi des de 2018 - COPE Alcoy","robots":{"index":"index","follow":"follow","max-snippet":"max-snippet:-1","max-image-preview":"max-image-preview:large","max-video-preview":"max-video-preview:-1"},"canonical":"https:\/\/www.copealcoy.es\/es\/123-contenidors-cremats-a-alcoi-des-de-2018\/","og_locale":"es_ES","og_type":"article","og_title":"123 contenidors cremats a Alcoi des de 2018 - COPE Alcoy","og_description":"Un total de 123 contenidors han sigut cremats en actes vand\u00e0lics a Alcoi des de l&#8217;any 2018, una situaci\u00f3 que...","og_url":"https:\/\/www.copealcoy.es\/es\/123-contenidors-cremats-a-alcoi-des-de-2018\/","og_site_name":"COPE Alcoy","article_published_time":"2022-01-12T15:21:37+00:00","article_modified_time":"2022-01-12T20:33:43+00:00","og_image":[{"width":640,"height":350,"url":"https:\/\/www.copealcoy.es\/wp-content\/uploads\/2022\/01\/CREMA-PAIS-VALENCIA-4-e1642019612159.jpg","type":"image\/jpeg"}],"author":"Cope Alcoy","twitter_misc":{"Escrito por":"Cope Alcoy","Tiempo de lectura":"1 minuto"},"schema":{"@context":"https:\/\/schema.org","@graph":[{"@type":"Article","@id":"https:\/\/www.copealcoy.es\/es\/123-contenidors-cremats-a-alcoi-des-de-2018\/#article","isPartOf":{"@id":"https:\/\/www.copealcoy.es\/es\/123-contenidors-cremats-a-alcoi-des-de-2018\/"},"author":{"name":"Cope Alcoy","@id":"https:\/\/www.copealcoy.es\/es\/#\/schema\/person\/e777c87fa024e57d40170af9df39882c"},"headline":"123 contenidors cremats a Alcoi des de 2018","datePublished":"2022-01-12T15:21:37+00:00","dateModified":"2022-01-12T20:33:43+00:00","mainEntityOfPage":{"@id":"https:\/\/www.copealcoy.es\/es\/123-contenidors-cremats-a-alcoi-des-de-2018\/"},"wordCount":263,"commentCount":0,"image":{"@id":"https:\/\/www.copealcoy.es\/es\/123-contenidors-cremats-a-alcoi-des-de-2018\/#primaryimage"},"thumbnailUrl":"https:\/\/www.copealcoy.es\/wp-content\/uploads\/2022\/01\/CREMA-PAIS-VALENCIA-4-e1642019612159.jpg","keywords":["123 contenidors","Alcoi","Crem\u00e0","incendi","mesures","seguretat"],"articleSection":["Actualidad","Alcoy","Noticias","Pol\u00edtica y Econom\u00eda","Portada"],"inLanguage":"es"},{"@type":"WebPage","@id":"https:\/\/www.copealcoy.es\/es\/123-contenidors-cremats-a-alcoi-des-de-2018\/","url":"https:\/\/www.copealcoy.es\/es\/123-contenidors-cremats-a-alcoi-des-de-2018\/","name":"123 contenidors cremats a Alcoi des de 2018 - COPE Alcoy","isPartOf":{"@id":"https:\/\/www.copealcoy.es\/es\/#website"},"primaryImageOfPage":{"@id":"https:\/\/www.copealcoy.es\/es\/123-contenidors-cremats-a-alcoi-des-de-2018\/#primaryimage"},"image":{"@id":"https:\/\/www.copealcoy.es\/es\/123-contenidors-cremats-a-alcoi-des-de-2018\/#primaryimage"},"thumbnailUrl":"https:\/\/www.copealcoy.es\/wp-content\/uploads\/2022\/01\/CREMA-PAIS-VALENCIA-4-e1642019612159.jpg","datePublished":"2022-01-12T15:21:37+00:00","dateModified":"2022-01-12T20:33:43+00:00","author":{"@id":"https:\/\/www.copealcoy.es\/es\/#\/schema\/person\/e777c87fa024e57d40170af9df39882c"},"breadcrumb":{"@id":"https:\/\/www.copealcoy.es\/es\/123-contenidors-cremats-a-alcoi-des-de-2018\/#breadcrumb"},"inLanguage":"es","potentialAction":[{"@type":"ReadAction","target":["https:\/\/www.copealcoy.es\/es\/123-contenidors-cremats-a-alcoi-des-de-2018\/"]}]},{"@type":"ImageObject","inLanguage":"es","@id":"https:\/\/www.copealcoy.es\/es\/123-contenidors-cremats-a-alcoi-des-de-2018\/#primaryimage","url":"https:\/\/www.copealcoy.es\/wp-content\/uploads\/2022\/01\/CREMA-PAIS-VALENCIA-4-e1642019612159.jpg","contentUrl":"https:\/\/www.copealcoy.es\/wp-content\/uploads\/2022\/01\/CREMA-PAIS-VALENCIA-4-e1642019612159.jpg","width":640,"height":350},{"@type":"BreadcrumbList","@id":"https:\/\/www.copealcoy.es\/es\/123-contenidors-cremats-a-alcoi-des-de-2018\/#breadcrumb","itemListElement":[{"@type":"ListItem","position":1,"name":"Portada","item":"https:\/\/www.copealcoy.es\/es\/"},{"@type":"ListItem","position":2,"name":"123 contenidors cremats a Alcoi des de 2018"}]},{"@type":"WebSite","@id":"https:\/\/www.copealcoy.es\/es\/#website","url":"https:\/\/www.copealcoy.es\/es\/","name":"COPE Alcoy","description":"Emisora COPE de radio local con emisi\u00f3n online. Pont de Sant Jordi 8-10 03803 Alcoy","potentialAction":[{"@type":"SearchAction","target":{"@type":"EntryPoint","urlTemplate":"https:\/\/www.copealcoy.es\/es\/?s={search_term_string}"},"query-input":{"@type":"PropertyValueSpecification","valueRequired":true,"valueName":"search_term_string"}}],"inLanguage":"es"},{"@type":"Person","@id":"https:\/\/www.copealcoy.es\/es\/#\/schema\/person\/e777c87fa024e57d40170af9df39882c","name":"Cope Alcoy","image":{"@type":"ImageObject","inLanguage":"es","@id":"https:\/\/secure.gravatar.com\/avatar\/bb65d0283347e303893ba14f0692005417c1e0e690a325a4c5d8bb2b3943ee14?s=96&d=mm&r=g","url":"https:\/\/secure.gravatar.com\/avatar\/bb65d0283347e303893ba14f0692005417c1e0e690a325a4c5d8bb2b3943ee14?s=96&d=mm&r=g","contentUrl":"https:\/\/secure.gravatar.com\/avatar\/bb65d0283347e303893ba14f0692005417c1e0e690a325a4c5d8bb2b3943ee14?s=96&d=mm&r=g","caption":"Cope Alcoy"}}]}},"_links":{"self":[{"href":"https:\/\/www.copealcoy.es\/es\/wp-json\/wp\/v2\/posts\/82443","targetHints":{"allow":["GET"]}}],"collection":[{"href":"https:\/\/www.copealcoy.es\/es\/wp-json\/wp\/v2\/posts"}],"about":[{"href":"https:\/\/www.copealcoy.es\/es\/wp-json\/wp\/v2\/types\/post"}],"author":[{"embeddable":true,"href":"https:\/\/www.copealcoy.es\/es\/wp-json\/wp\/v2\/users\/1"}],"replies":[{"embeddable":true,"href":"https:\/\/www.copealcoy.es\/es\/wp-json\/wp\/v2\/comments?post=82443"}],"version-history":[{"count":0,"href":"https:\/\/www.copealcoy.es\/es\/wp-json\/wp\/v2\/posts\/82443\/revisions"}],"wp:featuredmedia":[{"embeddable":true,"href":"https:\/\/www.copealcoy.es\/es\/wp-json\/wp\/v2\/media\/82444"}],"wp:attachment":[{"href":"https:\/\/www.copealcoy.es\/es\/wp-json\/wp\/v2\/media?parent=82443"}],"wp:term":[{"taxonomy":"category","embeddable":true,"href":"https:\/\/www.copealcoy.es\/es\/wp-json\/wp\/v2\/categories?post=82443"},{"taxonomy":"post_tag","embeddable":true,"href":"https:\/\/www.copealcoy.es\/es\/wp-json\/wp\/v2\/tags?post=82443"}],"curies":[{"name":"wp","href":"https:\/\/api.w.org\/{rel}","templated":true}]}}