{"id":82412,"date":"2022-01-11T16:51:41","date_gmt":"2022-01-11T15:51:41","guid":{"rendered":"https:\/\/www.copealcoy.es\/?p=82412"},"modified":"2022-01-11T17:58:55","modified_gmt":"2022-01-11T16:58:55","slug":"no-hi-haura-romeria-de-sant-antoni-a-alcoi","status":"publish","type":"post","link":"https:\/\/www.copealcoy.es\/es\/no-hi-haura-romeria-de-sant-antoni-a-alcoi\/","title":{"rendered":"No hi haur\u00e0 romeria de Sant Antoni a Alcoi"},"content":{"rendered":"<p style=\"text-align: justify;\">L&#8217;Ajuntament d&#8217;Alcoi <strong>ha decidit suspendre la &#8216;rostida&#8217; aix\u00ed com la tradicional Romeria en honor a Sant Antoni<\/strong> que estava prevista per a aquest diumenge. Des del Consistori <strong>remarquen que l\u2019actual normativa auton\u00f2mica per a la prevenci\u00f3 de la Covid-19<\/strong> no permet <strong>el consum d\u2019aliments i begudes<\/strong> en aquests tipus d\u2019esdeveniments, excepte en una zona exclusiva habilitada de restauraci\u00f3 separada del context de l&#8217;acte per tal de complir amb les mesures pr\u00f2pies dels establiments d\u2019hostaleria i restauraci\u00f3. D&#8217;aquesta forma <strong>no es pot fer la tradicional rostida en Sant Antoni<\/strong>, ja que no es pot complir amb la normativa que tamb\u00e9 determina <strong>un aforament a ra\u00f3 de 2,25 metres quadrats per persona<\/strong>. Com que no es pot menjar en Sant Antoni, <strong>tampoc s\u2019organitza la Romeria<\/strong>.<\/p>\n<p style=\"text-align: justify;\">L&#8217;\u00fanic acte que es dur\u00e0 a terme ser\u00e0 <strong>la benedicci\u00f3 dels animals del dissabte<\/strong> al costat de la Parr\u00f2quia de Sant Maure i Sant Francesc. La cita tindr\u00e0 lloc a les 17.30 hores <strong>al Parc de La Glorieta<\/strong>, amb entrada per Pla\u00e7a Ram\u00f3n y Cajal o Sant Nicolau en els casos que no puguen entrar per les escales i eixida per Sant Mateu &#8220;<em>seguim en pand\u00e8mia i hi ha una normativa que s&#8217;ha d&#8217;acomplir. S\u2019especifica clarament que aquests tipus d\u2019esdeveniments, no es pot menjar excepte en zones habilitades per a la restauraci\u00f3 i amb la normativa espec\u00edfica de restauraci\u00f3, per tant i lamentant-ho molt no podem organitzar un acte que incompliria la normativa. Esperem que el pr\u00f2xim any puguem viure una celebraci\u00f3 com a tots ens agradaria, per\u00f2 hui en dia \u00e9s impossible. Demane comprensi\u00f3 a la ciutadania davant aquesta situaci\u00f3, per\u00f2 com Ajuntament som els primers que hem de seguir la normativa, tal com hem fet fins al moment en tots els actes que hem organitzat<\/em>&#8220;, afirma la regidora de Festes; <strong>Carol Ortiz<\/strong>.<\/p>\n<p style=\"text-align: justify;\">Cal assenyalar que la Parr\u00f2quia de Sant Maure i Sant Francesc acollir\u00e0 dilluns 17 de gener, a les 19:00h, <strong>una missa solemne en honor a Sant Antoni<\/strong>. La celebraci\u00f3 substituir\u00e0 aquesta tradicional Romeria que t\u00e9 lloc a la nostra ciutat inicis de gener.<\/p>\n","protected":false},"excerpt":{"rendered":"<p>L&#8217;Ajuntament d&#8217;Alcoi ha decidit suspendre la &#8216;rostida&#8217; aix\u00ed com la tradicional Romeria en honor a Sant Antoni que estava prevista&#8230;<\/p>\n","protected":false},"author":1,"featured_media":58978,"comment_status":"open","ping_status":"open","sticky":false,"template":"","format":"standard","meta":{"footnotes":""},"categories":[97,78,75],"tags":[160,12285,566,545,542],"class_list":["post-82412","post","type-post","status-publish","format-standard","has-post-thumbnail","hentry","category-alcoy","category-fiestaycultura","category-noticias","tag-alcoi","tag-benediccio-animals","tag-romeria","tag-rostida","tag-sant-antoni"],"yoast_head":"<!-- This site is optimized with the Yoast SEO plugin v27.3 - https:\/\/yoast.com\/product\/yoast-seo-wordpress\/ -->\n<title>No hi haur\u00e0 romeria de Sant Antoni a Alcoi - COPE Alcoy<\/title>\n<meta name=\"robots\" content=\"index, follow, max-snippet:-1, max-image-preview:large, max-video-preview:-1\" \/>\n<link rel=\"canonical\" href=\"https:\/\/www.copealcoy.es\/es\/no-hi-haura-romeria-de-sant-antoni-a-alcoi\/\" \/>\n<meta property=\"og:locale\" content=\"es_ES\" \/>\n<meta property=\"og:type\" content=\"article\" \/>\n<meta property=\"og:title\" content=\"No hi haur\u00e0 romeria de Sant Antoni a Alcoi - COPE Alcoy\" \/>\n<meta property=\"og:description\" content=\"L&#8217;Ajuntament d&#8217;Alcoi ha decidit suspendre la &#8216;rostida&#8217; aix\u00ed com la tradicional Romeria en honor a Sant Antoni que estava prevista...\" \/>\n<meta property=\"og:url\" content=\"https:\/\/www.copealcoy.es\/es\/no-hi-haura-romeria-de-sant-antoni-a-alcoi\/\" \/>\n<meta property=\"og:site_name\" content=\"COPE Alcoy\" \/>\n<meta property=\"article:published_time\" content=\"2022-01-11T15:51:41+00:00\" \/>\n<meta property=\"article:modified_time\" content=\"2022-01-11T16:58:55+00:00\" \/>\n<meta property=\"og:image\" content=\"https:\/\/www.copealcoy.es\/wp-content\/uploads\/2020\/01\/82241818_1908666835943459_2481576226104279040_n-e1579371257263-1.jpg\" \/>\n\t<meta property=\"og:image:width\" content=\"878\" \/>\n\t<meta property=\"og:image:height\" content=\"496\" \/>\n\t<meta property=\"og:image:type\" content=\"image\/jpeg\" \/>\n<meta name=\"author\" content=\"Cope Alcoy\" \/>\n<meta name=\"twitter:label1\" content=\"Escrito por\" \/>\n\t<meta name=\"twitter:data1\" content=\"Cope Alcoy\" \/>\n\t<meta name=\"twitter:label2\" content=\"Tiempo de lectura\" \/>\n\t<meta name=\"twitter:data2\" content=\"2 minutos\" \/>\n<script type=\"application\/ld+json\" class=\"yoast-schema-graph\">{\"@context\":\"https:\\\/\\\/schema.org\",\"@graph\":[{\"@type\":\"Article\",\"@id\":\"https:\\\/\\\/www.copealcoy.es\\\/es\\\/no-hi-haura-romeria-de-sant-antoni-a-alcoi\\\/#article\",\"isPartOf\":{\"@id\":\"https:\\\/\\\/www.copealcoy.es\\\/es\\\/no-hi-haura-romeria-de-sant-antoni-a-alcoi\\\/\"},\"author\":{\"name\":\"Cope Alcoy\",\"@id\":\"https:\\\/\\\/www.copealcoy.es\\\/es\\\/#\\\/schema\\\/person\\\/e777c87fa024e57d40170af9df39882c\"},\"headline\":\"No hi haur\u00e0 romeria de Sant Antoni a Alcoi\",\"datePublished\":\"2022-01-11T15:51:41+00:00\",\"dateModified\":\"2022-01-11T16:58:55+00:00\",\"mainEntityOfPage\":{\"@id\":\"https:\\\/\\\/www.copealcoy.es\\\/es\\\/no-hi-haura-romeria-de-sant-antoni-a-alcoi\\\/\"},\"wordCount\":369,\"commentCount\":0,\"image\":{\"@id\":\"https:\\\/\\\/www.copealcoy.es\\\/es\\\/no-hi-haura-romeria-de-sant-antoni-a-alcoi\\\/#primaryimage\"},\"thumbnailUrl\":\"https:\\\/\\\/www.copealcoy.es\\\/wp-content\\\/uploads\\\/2020\\\/01\\\/82241818_1908666835943459_2481576226104279040_n-e1579371257263-1.jpg\",\"keywords\":[\"Alcoi\",\"Benedicci\u00f3 Animals\",\"Romer\u00eda\",\"Rostida\",\"Sant Antoni\"],\"articleSection\":[\"Alcoy\",\"Fiesta y Cultura\",\"Noticias\"],\"inLanguage\":\"es\"},{\"@type\":\"WebPage\",\"@id\":\"https:\\\/\\\/www.copealcoy.es\\\/es\\\/no-hi-haura-romeria-de-sant-antoni-a-alcoi\\\/\",\"url\":\"https:\\\/\\\/www.copealcoy.es\\\/es\\\/no-hi-haura-romeria-de-sant-antoni-a-alcoi\\\/\",\"name\":\"No hi haur\u00e0 romeria de Sant Antoni a Alcoi - COPE Alcoy\",\"isPartOf\":{\"@id\":\"https:\\\/\\\/www.copealcoy.es\\\/es\\\/#website\"},\"primaryImageOfPage\":{\"@id\":\"https:\\\/\\\/www.copealcoy.es\\\/es\\\/no-hi-haura-romeria-de-sant-antoni-a-alcoi\\\/#primaryimage\"},\"image\":{\"@id\":\"https:\\\/\\\/www.copealcoy.es\\\/es\\\/no-hi-haura-romeria-de-sant-antoni-a-alcoi\\\/#primaryimage\"},\"thumbnailUrl\":\"https:\\\/\\\/www.copealcoy.es\\\/wp-content\\\/uploads\\\/2020\\\/01\\\/82241818_1908666835943459_2481576226104279040_n-e1579371257263-1.jpg\",\"datePublished\":\"2022-01-11T15:51:41+00:00\",\"dateModified\":\"2022-01-11T16:58:55+00:00\",\"author\":{\"@id\":\"https:\\\/\\\/www.copealcoy.es\\\/es\\\/#\\\/schema\\\/person\\\/e777c87fa024e57d40170af9df39882c\"},\"breadcrumb\":{\"@id\":\"https:\\\/\\\/www.copealcoy.es\\\/es\\\/no-hi-haura-romeria-de-sant-antoni-a-alcoi\\\/#breadcrumb\"},\"inLanguage\":\"es\",\"potentialAction\":[{\"@type\":\"ReadAction\",\"target\":[\"https:\\\/\\\/www.copealcoy.es\\\/es\\\/no-hi-haura-romeria-de-sant-antoni-a-alcoi\\\/\"]}]},{\"@type\":\"ImageObject\",\"inLanguage\":\"es\",\"@id\":\"https:\\\/\\\/www.copealcoy.es\\\/es\\\/no-hi-haura-romeria-de-sant-antoni-a-alcoi\\\/#primaryimage\",\"url\":\"https:\\\/\\\/www.copealcoy.es\\\/wp-content\\\/uploads\\\/2020\\\/01\\\/82241818_1908666835943459_2481576226104279040_n-e1579371257263-1.jpg\",\"contentUrl\":\"https:\\\/\\\/www.copealcoy.es\\\/wp-content\\\/uploads\\\/2020\\\/01\\\/82241818_1908666835943459_2481576226104279040_n-e1579371257263-1.jpg\",\"width\":878,\"height\":496,\"caption\":\"La bendici\u00f3n de animales ha tenido lugar esta tarde \\\/ Foto: Miguel Juan Reig\"},{\"@type\":\"BreadcrumbList\",\"@id\":\"https:\\\/\\\/www.copealcoy.es\\\/es\\\/no-hi-haura-romeria-de-sant-antoni-a-alcoi\\\/#breadcrumb\",\"itemListElement\":[{\"@type\":\"ListItem\",\"position\":1,\"name\":\"Portada\",\"item\":\"https:\\\/\\\/www.copealcoy.es\\\/es\\\/\"},{\"@type\":\"ListItem\",\"position\":2,\"name\":\"No hi haur\u00e0 romeria de Sant Antoni a Alcoi\"}]},{\"@type\":\"WebSite\",\"@id\":\"https:\\\/\\\/www.copealcoy.es\\\/es\\\/#website\",\"url\":\"https:\\\/\\\/www.copealcoy.es\\\/es\\\/\",\"name\":\"COPE Alcoy\",\"description\":\"Emisora COPE de radio local con emisi\u00f3n online. Pont de Sant Jordi 8-10 03803 Alcoy\",\"potentialAction\":[{\"@type\":\"SearchAction\",\"target\":{\"@type\":\"EntryPoint\",\"urlTemplate\":\"https:\\\/\\\/www.copealcoy.es\\\/es\\\/?s={search_term_string}\"},\"query-input\":{\"@type\":\"PropertyValueSpecification\",\"valueRequired\":true,\"valueName\":\"search_term_string\"}}],\"inLanguage\":\"es\"},{\"@type\":\"Person\",\"@id\":\"https:\\\/\\\/www.copealcoy.es\\\/es\\\/#\\\/schema\\\/person\\\/e777c87fa024e57d40170af9df39882c\",\"name\":\"Cope Alcoy\",\"image\":{\"@type\":\"ImageObject\",\"inLanguage\":\"es\",\"@id\":\"https:\\\/\\\/secure.gravatar.com\\\/avatar\\\/bb65d0283347e303893ba14f0692005417c1e0e690a325a4c5d8bb2b3943ee14?s=96&d=mm&r=g\",\"url\":\"https:\\\/\\\/secure.gravatar.com\\\/avatar\\\/bb65d0283347e303893ba14f0692005417c1e0e690a325a4c5d8bb2b3943ee14?s=96&d=mm&r=g\",\"contentUrl\":\"https:\\\/\\\/secure.gravatar.com\\\/avatar\\\/bb65d0283347e303893ba14f0692005417c1e0e690a325a4c5d8bb2b3943ee14?s=96&d=mm&r=g\",\"caption\":\"Cope Alcoy\"}}]}<\/script>\n<!-- \/ Yoast SEO plugin. -->","yoast_head_json":{"title":"No hi haur\u00e0 romeria de Sant Antoni a Alcoi - COPE Alcoy","robots":{"index":"index","follow":"follow","max-snippet":"max-snippet:-1","max-image-preview":"max-image-preview:large","max-video-preview":"max-video-preview:-1"},"canonical":"https:\/\/www.copealcoy.es\/es\/no-hi-haura-romeria-de-sant-antoni-a-alcoi\/","og_locale":"es_ES","og_type":"article","og_title":"No hi haur\u00e0 romeria de Sant Antoni a Alcoi - COPE Alcoy","og_description":"L&#8217;Ajuntament d&#8217;Alcoi ha decidit suspendre la &#8216;rostida&#8217; aix\u00ed com la tradicional Romeria en honor a Sant Antoni que estava prevista...","og_url":"https:\/\/www.copealcoy.es\/es\/no-hi-haura-romeria-de-sant-antoni-a-alcoi\/","og_site_name":"COPE Alcoy","article_published_time":"2022-01-11T15:51:41+00:00","article_modified_time":"2022-01-11T16:58:55+00:00","og_image":[{"width":878,"height":496,"url":"https:\/\/www.copealcoy.es\/wp-content\/uploads\/2020\/01\/82241818_1908666835943459_2481576226104279040_n-e1579371257263-1.jpg","type":"image\/jpeg"}],"author":"Cope Alcoy","twitter_misc":{"Escrito por":"Cope Alcoy","Tiempo de lectura":"2 minutos"},"schema":{"@context":"https:\/\/schema.org","@graph":[{"@type":"Article","@id":"https:\/\/www.copealcoy.es\/es\/no-hi-haura-romeria-de-sant-antoni-a-alcoi\/#article","isPartOf":{"@id":"https:\/\/www.copealcoy.es\/es\/no-hi-haura-romeria-de-sant-antoni-a-alcoi\/"},"author":{"name":"Cope Alcoy","@id":"https:\/\/www.copealcoy.es\/es\/#\/schema\/person\/e777c87fa024e57d40170af9df39882c"},"headline":"No hi haur\u00e0 romeria de Sant Antoni a Alcoi","datePublished":"2022-01-11T15:51:41+00:00","dateModified":"2022-01-11T16:58:55+00:00","mainEntityOfPage":{"@id":"https:\/\/www.copealcoy.es\/es\/no-hi-haura-romeria-de-sant-antoni-a-alcoi\/"},"wordCount":369,"commentCount":0,"image":{"@id":"https:\/\/www.copealcoy.es\/es\/no-hi-haura-romeria-de-sant-antoni-a-alcoi\/#primaryimage"},"thumbnailUrl":"https:\/\/www.copealcoy.es\/wp-content\/uploads\/2020\/01\/82241818_1908666835943459_2481576226104279040_n-e1579371257263-1.jpg","keywords":["Alcoi","Benedicci\u00f3 Animals","Romer\u00eda","Rostida","Sant Antoni"],"articleSection":["Alcoy","Fiesta y Cultura","Noticias"],"inLanguage":"es"},{"@type":"WebPage","@id":"https:\/\/www.copealcoy.es\/es\/no-hi-haura-romeria-de-sant-antoni-a-alcoi\/","url":"https:\/\/www.copealcoy.es\/es\/no-hi-haura-romeria-de-sant-antoni-a-alcoi\/","name":"No hi haur\u00e0 romeria de Sant Antoni a Alcoi - COPE Alcoy","isPartOf":{"@id":"https:\/\/www.copealcoy.es\/es\/#website"},"primaryImageOfPage":{"@id":"https:\/\/www.copealcoy.es\/es\/no-hi-haura-romeria-de-sant-antoni-a-alcoi\/#primaryimage"},"image":{"@id":"https:\/\/www.copealcoy.es\/es\/no-hi-haura-romeria-de-sant-antoni-a-alcoi\/#primaryimage"},"thumbnailUrl":"https:\/\/www.copealcoy.es\/wp-content\/uploads\/2020\/01\/82241818_1908666835943459_2481576226104279040_n-e1579371257263-1.jpg","datePublished":"2022-01-11T15:51:41+00:00","dateModified":"2022-01-11T16:58:55+00:00","author":{"@id":"https:\/\/www.copealcoy.es\/es\/#\/schema\/person\/e777c87fa024e57d40170af9df39882c"},"breadcrumb":{"@id":"https:\/\/www.copealcoy.es\/es\/no-hi-haura-romeria-de-sant-antoni-a-alcoi\/#breadcrumb"},"inLanguage":"es","potentialAction":[{"@type":"ReadAction","target":["https:\/\/www.copealcoy.es\/es\/no-hi-haura-romeria-de-sant-antoni-a-alcoi\/"]}]},{"@type":"ImageObject","inLanguage":"es","@id":"https:\/\/www.copealcoy.es\/es\/no-hi-haura-romeria-de-sant-antoni-a-alcoi\/#primaryimage","url":"https:\/\/www.copealcoy.es\/wp-content\/uploads\/2020\/01\/82241818_1908666835943459_2481576226104279040_n-e1579371257263-1.jpg","contentUrl":"https:\/\/www.copealcoy.es\/wp-content\/uploads\/2020\/01\/82241818_1908666835943459_2481576226104279040_n-e1579371257263-1.jpg","width":878,"height":496,"caption":"La bendici\u00f3n de animales ha tenido lugar esta tarde \/ Foto: Miguel Juan Reig"},{"@type":"BreadcrumbList","@id":"https:\/\/www.copealcoy.es\/es\/no-hi-haura-romeria-de-sant-antoni-a-alcoi\/#breadcrumb","itemListElement":[{"@type":"ListItem","position":1,"name":"Portada","item":"https:\/\/www.copealcoy.es\/es\/"},{"@type":"ListItem","position":2,"name":"No hi haur\u00e0 romeria de Sant Antoni a Alcoi"}]},{"@type":"WebSite","@id":"https:\/\/www.copealcoy.es\/es\/#website","url":"https:\/\/www.copealcoy.es\/es\/","name":"COPE Alcoy","description":"Emisora COPE de radio local con emisi\u00f3n online. Pont de Sant Jordi 8-10 03803 Alcoy","potentialAction":[{"@type":"SearchAction","target":{"@type":"EntryPoint","urlTemplate":"https:\/\/www.copealcoy.es\/es\/?s={search_term_string}"},"query-input":{"@type":"PropertyValueSpecification","valueRequired":true,"valueName":"search_term_string"}}],"inLanguage":"es"},{"@type":"Person","@id":"https:\/\/www.copealcoy.es\/es\/#\/schema\/person\/e777c87fa024e57d40170af9df39882c","name":"Cope Alcoy","image":{"@type":"ImageObject","inLanguage":"es","@id":"https:\/\/secure.gravatar.com\/avatar\/bb65d0283347e303893ba14f0692005417c1e0e690a325a4c5d8bb2b3943ee14?s=96&d=mm&r=g","url":"https:\/\/secure.gravatar.com\/avatar\/bb65d0283347e303893ba14f0692005417c1e0e690a325a4c5d8bb2b3943ee14?s=96&d=mm&r=g","contentUrl":"https:\/\/secure.gravatar.com\/avatar\/bb65d0283347e303893ba14f0692005417c1e0e690a325a4c5d8bb2b3943ee14?s=96&d=mm&r=g","caption":"Cope Alcoy"}}]}},"_links":{"self":[{"href":"https:\/\/www.copealcoy.es\/es\/wp-json\/wp\/v2\/posts\/82412","targetHints":{"allow":["GET"]}}],"collection":[{"href":"https:\/\/www.copealcoy.es\/es\/wp-json\/wp\/v2\/posts"}],"about":[{"href":"https:\/\/www.copealcoy.es\/es\/wp-json\/wp\/v2\/types\/post"}],"author":[{"embeddable":true,"href":"https:\/\/www.copealcoy.es\/es\/wp-json\/wp\/v2\/users\/1"}],"replies":[{"embeddable":true,"href":"https:\/\/www.copealcoy.es\/es\/wp-json\/wp\/v2\/comments?post=82412"}],"version-history":[{"count":0,"href":"https:\/\/www.copealcoy.es\/es\/wp-json\/wp\/v2\/posts\/82412\/revisions"}],"wp:featuredmedia":[{"embeddable":true,"href":"https:\/\/www.copealcoy.es\/es\/wp-json\/wp\/v2\/media\/58978"}],"wp:attachment":[{"href":"https:\/\/www.copealcoy.es\/es\/wp-json\/wp\/v2\/media?parent=82412"}],"wp:term":[{"taxonomy":"category","embeddable":true,"href":"https:\/\/www.copealcoy.es\/es\/wp-json\/wp\/v2\/categories?post=82412"},{"taxonomy":"post_tag","embeddable":true,"href":"https:\/\/www.copealcoy.es\/es\/wp-json\/wp\/v2\/tags?post=82412"}],"curies":[{"name":"wp","href":"https:\/\/api.w.org\/{rel}","templated":true}]}}