{"id":81991,"date":"2021-12-31T00:48:49","date_gmt":"2021-12-30T23:48:49","guid":{"rendered":"https:\/\/www.copealcoy.es\/?p=81991"},"modified":"2021-12-31T07:43:08","modified_gmt":"2021-12-31T06:43:08","slug":"aixi-podras-aconseguir-entrada-gratuita-per-veure-ladoracio-dels-reis","status":"publish","type":"post","link":"https:\/\/www.copealcoy.es\/es\/aixi-podras-aconseguir-entrada-gratuita-per-veure-ladoracio-dels-reis\/","title":{"rendered":"Aix\u00ed podr\u00e0s aconseguir entrada gratu\u00efta per veure l&#8217;Adoraci\u00f3 dels Reis"},"content":{"rendered":"<p style=\"text-align: justify;\">Alcoi <strong>ultima els preparatius per a la celebraci\u00f3 de la Cavalcada dels Reis Mags<\/strong>, una cita que <strong>tindr\u00e0 lloc el pr\u00f2xim 5 de gener de 2022<\/strong>. La mateixa <strong>estar\u00e0 adaptada a la pand\u00e8mia<\/strong> i la principal novetat per aquest any \u00e9s que, per a complir amb la normativa actual; <strong>l&#8217;aforament de la Pla\u00e7a d\u2019Espanya ser\u00e0 limitat<\/strong> <strong>i controlat<\/strong> per a l&#8217;acte de l&#8217;Adoraci\u00f3, ja que \u00e9s est\u00e0tic.<\/p>\n<p style=\"text-align: justify;\">Hi haur\u00e0 <strong>1.240 entrades distribu\u00efdes en 7 sectors<\/strong> que <strong>es podran aconseguir de forma gratu\u00efta a trav\u00e9s de <span style=\"color: #0000ff;\"><a style=\"color: #0000ff;\" href=\"https:\/\/home.ticketalcoi.com\/\">ticketalcoi.com<\/a><\/span><\/strong> el diumenge 2 de gener\u00a0a les 18 hores amb <strong>un m\u00e0xim de 5 entrades per persona<\/strong>. Seran nominatives, \u00e9s a dir <strong>cada entrada tindr\u00e0 el nom de la persona corresponent<\/strong>. Per accedir <strong>caldr\u00e0 dur l\u2019entrada, presentar el certificat de vacunaci\u00f3 i el DNI<\/strong>.<\/p>\n<p style=\"text-align: justify;\">Els <strong>ve\u00efns i les seues visites<\/strong> podran accedir als seus domicilis. S\u2019habilitar\u00e0 un punt on <strong>en els dies previs podran anar per una polsera identificativa<\/strong> que els permetr\u00e0 passar per anar a l\u2019habitatge, sense poder quedar-se al carrer. S\u2019enviar\u00e0 la informaci\u00f3 als habitatges afectats amb <strong>un tel\u00e8fon de contacte<\/strong> per resoldre els seus dubtes.<\/p>\n<p style=\"text-align: justify;\">La <strong>Pla\u00e7a\u00a0d\u2019Espanya es tancar\u00e0 excepte per als ve\u00efns i les seues visites a les 16 hores<\/strong>. Les persones amb entrada<strong> podran accedir entre les 17 i les 19 hores<\/strong>.<\/p>\n","protected":false},"excerpt":{"rendered":"<p>Alcoi ultima els preparatius per a la celebraci\u00f3 de la Cavalcada dels Reis Mags, una cita que tindr\u00e0 lloc el&#8230;<\/p>\n","protected":false},"author":1,"featured_media":27742,"comment_status":"open","ping_status":"open","sticky":false,"template":"","format":"standard","meta":{"footnotes":""},"categories":[6909,97,78,75,125],"tags":[12255,160,10551,12148,10136],"class_list":["post-81991","post","type-post","status-publish","format-standard","has-post-thumbnail","hentry","category-actualidad","category-alcoy","category-fiestaycultura","category-noticias","category-portada","tag-adoracio","tag-alcoi","tag-cavalcada","tag-entrades","tag-reis-mags"],"yoast_head":"<!-- This site is optimized with the Yoast SEO plugin v27.3 - https:\/\/yoast.com\/product\/yoast-seo-wordpress\/ -->\n<title>Aix\u00ed podr\u00e0s aconseguir entrada gratu\u00efta per veure l&#039;Adoraci\u00f3 dels Reis - COPE Alcoy<\/title>\n<meta name=\"robots\" content=\"index, follow, max-snippet:-1, max-image-preview:large, max-video-preview:-1\" \/>\n<link rel=\"canonical\" href=\"https:\/\/www.copealcoy.es\/es\/aixi-podras-aconseguir-entrada-gratuita-per-veure-ladoracio-dels-reis\/\" \/>\n<meta property=\"og:locale\" content=\"es_ES\" \/>\n<meta property=\"og:type\" content=\"article\" \/>\n<meta property=\"og:title\" content=\"Aix\u00ed podr\u00e0s aconseguir entrada gratu\u00efta per veure l&#039;Adoraci\u00f3 dels Reis - COPE Alcoy\" \/>\n<meta property=\"og:description\" content=\"Alcoi ultima els preparatius per a la celebraci\u00f3 de la Cavalcada dels Reis Mags, una cita que tindr\u00e0 lloc el...\" \/>\n<meta property=\"og:url\" content=\"https:\/\/www.copealcoy.es\/es\/aixi-podras-aconseguir-entrada-gratuita-per-veure-ladoracio-dels-reis\/\" \/>\n<meta property=\"og:site_name\" content=\"COPE Alcoy\" \/>\n<meta property=\"article:published_time\" content=\"2021-12-30T23:48:49+00:00\" \/>\n<meta property=\"article:modified_time\" content=\"2021-12-31T06:43:08+00:00\" \/>\n<meta property=\"og:image\" content=\"https:\/\/www.copealcoy.es\/wp-content\/uploads\/2017\/01\/PAU9583-e1640908893719.jpg\" \/>\n\t<meta property=\"og:image:width\" content=\"640\" \/>\n\t<meta property=\"og:image:height\" content=\"350\" \/>\n\t<meta property=\"og:image:type\" content=\"image\/jpeg\" \/>\n<meta name=\"author\" content=\"Cope Alcoy\" \/>\n<meta name=\"twitter:label1\" content=\"Escrito por\" \/>\n\t<meta name=\"twitter:data1\" content=\"Cope Alcoy\" \/>\n\t<meta name=\"twitter:label2\" content=\"Tiempo de lectura\" \/>\n\t<meta name=\"twitter:data2\" content=\"1 minuto\" \/>\n<script type=\"application\/ld+json\" class=\"yoast-schema-graph\">{\"@context\":\"https:\\\/\\\/schema.org\",\"@graph\":[{\"@type\":\"Article\",\"@id\":\"https:\\\/\\\/www.copealcoy.es\\\/es\\\/aixi-podras-aconseguir-entrada-gratuita-per-veure-ladoracio-dels-reis\\\/#article\",\"isPartOf\":{\"@id\":\"https:\\\/\\\/www.copealcoy.es\\\/es\\\/aixi-podras-aconseguir-entrada-gratuita-per-veure-ladoracio-dels-reis\\\/\"},\"author\":{\"name\":\"Cope Alcoy\",\"@id\":\"https:\\\/\\\/www.copealcoy.es\\\/es\\\/#\\\/schema\\\/person\\\/e777c87fa024e57d40170af9df39882c\"},\"headline\":\"Aix\u00ed podr\u00e0s aconseguir entrada gratu\u00efta per veure l&#8217;Adoraci\u00f3 dels Reis\",\"datePublished\":\"2021-12-30T23:48:49+00:00\",\"dateModified\":\"2021-12-31T06:43:08+00:00\",\"mainEntityOfPage\":{\"@id\":\"https:\\\/\\\/www.copealcoy.es\\\/es\\\/aixi-podras-aconseguir-entrada-gratuita-per-veure-ladoracio-dels-reis\\\/\"},\"wordCount\":239,\"commentCount\":0,\"image\":{\"@id\":\"https:\\\/\\\/www.copealcoy.es\\\/es\\\/aixi-podras-aconseguir-entrada-gratuita-per-veure-ladoracio-dels-reis\\\/#primaryimage\"},\"thumbnailUrl\":\"https:\\\/\\\/www.copealcoy.es\\\/wp-content\\\/uploads\\\/2017\\\/01\\\/PAU9583-e1640908893719.jpg\",\"keywords\":[\"Adoraci\u00f3\",\"Alcoi\",\"Cavalcada\",\"entrades\",\"Reis Mags\"],\"articleSection\":[\"Actualidad\",\"Alcoy\",\"Fiesta y Cultura\",\"Noticias\",\"Portada\"],\"inLanguage\":\"es\"},{\"@type\":\"WebPage\",\"@id\":\"https:\\\/\\\/www.copealcoy.es\\\/es\\\/aixi-podras-aconseguir-entrada-gratuita-per-veure-ladoracio-dels-reis\\\/\",\"url\":\"https:\\\/\\\/www.copealcoy.es\\\/es\\\/aixi-podras-aconseguir-entrada-gratuita-per-veure-ladoracio-dels-reis\\\/\",\"name\":\"Aix\u00ed podr\u00e0s aconseguir entrada gratu\u00efta per veure l'Adoraci\u00f3 dels Reis - COPE Alcoy\",\"isPartOf\":{\"@id\":\"https:\\\/\\\/www.copealcoy.es\\\/es\\\/#website\"},\"primaryImageOfPage\":{\"@id\":\"https:\\\/\\\/www.copealcoy.es\\\/es\\\/aixi-podras-aconseguir-entrada-gratuita-per-veure-ladoracio-dels-reis\\\/#primaryimage\"},\"image\":{\"@id\":\"https:\\\/\\\/www.copealcoy.es\\\/es\\\/aixi-podras-aconseguir-entrada-gratuita-per-veure-ladoracio-dels-reis\\\/#primaryimage\"},\"thumbnailUrl\":\"https:\\\/\\\/www.copealcoy.es\\\/wp-content\\\/uploads\\\/2017\\\/01\\\/PAU9583-e1640908893719.jpg\",\"datePublished\":\"2021-12-30T23:48:49+00:00\",\"dateModified\":\"2021-12-31T06:43:08+00:00\",\"author\":{\"@id\":\"https:\\\/\\\/www.copealcoy.es\\\/es\\\/#\\\/schema\\\/person\\\/e777c87fa024e57d40170af9df39882c\"},\"breadcrumb\":{\"@id\":\"https:\\\/\\\/www.copealcoy.es\\\/es\\\/aixi-podras-aconseguir-entrada-gratuita-per-veure-ladoracio-dels-reis\\\/#breadcrumb\"},\"inLanguage\":\"es\",\"potentialAction\":[{\"@type\":\"ReadAction\",\"target\":[\"https:\\\/\\\/www.copealcoy.es\\\/es\\\/aixi-podras-aconseguir-entrada-gratuita-per-veure-ladoracio-dels-reis\\\/\"]}]},{\"@type\":\"ImageObject\",\"inLanguage\":\"es\",\"@id\":\"https:\\\/\\\/www.copealcoy.es\\\/es\\\/aixi-podras-aconseguir-entrada-gratuita-per-veure-ladoracio-dels-reis\\\/#primaryimage\",\"url\":\"https:\\\/\\\/www.copealcoy.es\\\/wp-content\\\/uploads\\\/2017\\\/01\\\/PAU9583-e1640908893719.jpg\",\"contentUrl\":\"https:\\\/\\\/www.copealcoy.es\\\/wp-content\\\/uploads\\\/2017\\\/01\\\/PAU9583-e1640908893719.jpg\",\"width\":640,\"height\":350,\"caption\":\"La Adoraci\u00f3n siempre es un momento m\u00e1gico en la Cabalgata de Alcoy \\\/ Foto: PST Fotograf\u00eda (Pau Sanchis Tarraz\u00f3)\"},{\"@type\":\"BreadcrumbList\",\"@id\":\"https:\\\/\\\/www.copealcoy.es\\\/es\\\/aixi-podras-aconseguir-entrada-gratuita-per-veure-ladoracio-dels-reis\\\/#breadcrumb\",\"itemListElement\":[{\"@type\":\"ListItem\",\"position\":1,\"name\":\"Portada\",\"item\":\"https:\\\/\\\/www.copealcoy.es\\\/es\\\/\"},{\"@type\":\"ListItem\",\"position\":2,\"name\":\"Aix\u00ed podr\u00e0s aconseguir entrada gratu\u00efta per veure l&#8217;Adoraci\u00f3 dels Reis\"}]},{\"@type\":\"WebSite\",\"@id\":\"https:\\\/\\\/www.copealcoy.es\\\/es\\\/#website\",\"url\":\"https:\\\/\\\/www.copealcoy.es\\\/es\\\/\",\"name\":\"COPE Alcoy\",\"description\":\"Emisora COPE de radio local con emisi\u00f3n online. Pont de Sant Jordi 8-10 03803 Alcoy\",\"potentialAction\":[{\"@type\":\"SearchAction\",\"target\":{\"@type\":\"EntryPoint\",\"urlTemplate\":\"https:\\\/\\\/www.copealcoy.es\\\/es\\\/?s={search_term_string}\"},\"query-input\":{\"@type\":\"PropertyValueSpecification\",\"valueRequired\":true,\"valueName\":\"search_term_string\"}}],\"inLanguage\":\"es\"},{\"@type\":\"Person\",\"@id\":\"https:\\\/\\\/www.copealcoy.es\\\/es\\\/#\\\/schema\\\/person\\\/e777c87fa024e57d40170af9df39882c\",\"name\":\"Cope Alcoy\",\"image\":{\"@type\":\"ImageObject\",\"inLanguage\":\"es\",\"@id\":\"https:\\\/\\\/secure.gravatar.com\\\/avatar\\\/bb65d0283347e303893ba14f0692005417c1e0e690a325a4c5d8bb2b3943ee14?s=96&d=mm&r=g\",\"url\":\"https:\\\/\\\/secure.gravatar.com\\\/avatar\\\/bb65d0283347e303893ba14f0692005417c1e0e690a325a4c5d8bb2b3943ee14?s=96&d=mm&r=g\",\"contentUrl\":\"https:\\\/\\\/secure.gravatar.com\\\/avatar\\\/bb65d0283347e303893ba14f0692005417c1e0e690a325a4c5d8bb2b3943ee14?s=96&d=mm&r=g\",\"caption\":\"Cope Alcoy\"}}]}<\/script>\n<!-- \/ Yoast SEO plugin. -->","yoast_head_json":{"title":"Aix\u00ed podr\u00e0s aconseguir entrada gratu\u00efta per veure l'Adoraci\u00f3 dels Reis - COPE Alcoy","robots":{"index":"index","follow":"follow","max-snippet":"max-snippet:-1","max-image-preview":"max-image-preview:large","max-video-preview":"max-video-preview:-1"},"canonical":"https:\/\/www.copealcoy.es\/es\/aixi-podras-aconseguir-entrada-gratuita-per-veure-ladoracio-dels-reis\/","og_locale":"es_ES","og_type":"article","og_title":"Aix\u00ed podr\u00e0s aconseguir entrada gratu\u00efta per veure l'Adoraci\u00f3 dels Reis - COPE Alcoy","og_description":"Alcoi ultima els preparatius per a la celebraci\u00f3 de la Cavalcada dels Reis Mags, una cita que tindr\u00e0 lloc el...","og_url":"https:\/\/www.copealcoy.es\/es\/aixi-podras-aconseguir-entrada-gratuita-per-veure-ladoracio-dels-reis\/","og_site_name":"COPE Alcoy","article_published_time":"2021-12-30T23:48:49+00:00","article_modified_time":"2021-12-31T06:43:08+00:00","og_image":[{"width":640,"height":350,"url":"https:\/\/www.copealcoy.es\/wp-content\/uploads\/2017\/01\/PAU9583-e1640908893719.jpg","type":"image\/jpeg"}],"author":"Cope Alcoy","twitter_misc":{"Escrito por":"Cope Alcoy","Tiempo de lectura":"1 minuto"},"schema":{"@context":"https:\/\/schema.org","@graph":[{"@type":"Article","@id":"https:\/\/www.copealcoy.es\/es\/aixi-podras-aconseguir-entrada-gratuita-per-veure-ladoracio-dels-reis\/#article","isPartOf":{"@id":"https:\/\/www.copealcoy.es\/es\/aixi-podras-aconseguir-entrada-gratuita-per-veure-ladoracio-dels-reis\/"},"author":{"name":"Cope Alcoy","@id":"https:\/\/www.copealcoy.es\/es\/#\/schema\/person\/e777c87fa024e57d40170af9df39882c"},"headline":"Aix\u00ed podr\u00e0s aconseguir entrada gratu\u00efta per veure l&#8217;Adoraci\u00f3 dels Reis","datePublished":"2021-12-30T23:48:49+00:00","dateModified":"2021-12-31T06:43:08+00:00","mainEntityOfPage":{"@id":"https:\/\/www.copealcoy.es\/es\/aixi-podras-aconseguir-entrada-gratuita-per-veure-ladoracio-dels-reis\/"},"wordCount":239,"commentCount":0,"image":{"@id":"https:\/\/www.copealcoy.es\/es\/aixi-podras-aconseguir-entrada-gratuita-per-veure-ladoracio-dels-reis\/#primaryimage"},"thumbnailUrl":"https:\/\/www.copealcoy.es\/wp-content\/uploads\/2017\/01\/PAU9583-e1640908893719.jpg","keywords":["Adoraci\u00f3","Alcoi","Cavalcada","entrades","Reis Mags"],"articleSection":["Actualidad","Alcoy","Fiesta y Cultura","Noticias","Portada"],"inLanguage":"es"},{"@type":"WebPage","@id":"https:\/\/www.copealcoy.es\/es\/aixi-podras-aconseguir-entrada-gratuita-per-veure-ladoracio-dels-reis\/","url":"https:\/\/www.copealcoy.es\/es\/aixi-podras-aconseguir-entrada-gratuita-per-veure-ladoracio-dels-reis\/","name":"Aix\u00ed podr\u00e0s aconseguir entrada gratu\u00efta per veure l'Adoraci\u00f3 dels Reis - COPE Alcoy","isPartOf":{"@id":"https:\/\/www.copealcoy.es\/es\/#website"},"primaryImageOfPage":{"@id":"https:\/\/www.copealcoy.es\/es\/aixi-podras-aconseguir-entrada-gratuita-per-veure-ladoracio-dels-reis\/#primaryimage"},"image":{"@id":"https:\/\/www.copealcoy.es\/es\/aixi-podras-aconseguir-entrada-gratuita-per-veure-ladoracio-dels-reis\/#primaryimage"},"thumbnailUrl":"https:\/\/www.copealcoy.es\/wp-content\/uploads\/2017\/01\/PAU9583-e1640908893719.jpg","datePublished":"2021-12-30T23:48:49+00:00","dateModified":"2021-12-31T06:43:08+00:00","author":{"@id":"https:\/\/www.copealcoy.es\/es\/#\/schema\/person\/e777c87fa024e57d40170af9df39882c"},"breadcrumb":{"@id":"https:\/\/www.copealcoy.es\/es\/aixi-podras-aconseguir-entrada-gratuita-per-veure-ladoracio-dels-reis\/#breadcrumb"},"inLanguage":"es","potentialAction":[{"@type":"ReadAction","target":["https:\/\/www.copealcoy.es\/es\/aixi-podras-aconseguir-entrada-gratuita-per-veure-ladoracio-dels-reis\/"]}]},{"@type":"ImageObject","inLanguage":"es","@id":"https:\/\/www.copealcoy.es\/es\/aixi-podras-aconseguir-entrada-gratuita-per-veure-ladoracio-dels-reis\/#primaryimage","url":"https:\/\/www.copealcoy.es\/wp-content\/uploads\/2017\/01\/PAU9583-e1640908893719.jpg","contentUrl":"https:\/\/www.copealcoy.es\/wp-content\/uploads\/2017\/01\/PAU9583-e1640908893719.jpg","width":640,"height":350,"caption":"La Adoraci\u00f3n siempre es un momento m\u00e1gico en la Cabalgata de Alcoy \/ Foto: PST Fotograf\u00eda (Pau Sanchis Tarraz\u00f3)"},{"@type":"BreadcrumbList","@id":"https:\/\/www.copealcoy.es\/es\/aixi-podras-aconseguir-entrada-gratuita-per-veure-ladoracio-dels-reis\/#breadcrumb","itemListElement":[{"@type":"ListItem","position":1,"name":"Portada","item":"https:\/\/www.copealcoy.es\/es\/"},{"@type":"ListItem","position":2,"name":"Aix\u00ed podr\u00e0s aconseguir entrada gratu\u00efta per veure l&#8217;Adoraci\u00f3 dels Reis"}]},{"@type":"WebSite","@id":"https:\/\/www.copealcoy.es\/es\/#website","url":"https:\/\/www.copealcoy.es\/es\/","name":"COPE Alcoy","description":"Emisora COPE de radio local con emisi\u00f3n online. Pont de Sant Jordi 8-10 03803 Alcoy","potentialAction":[{"@type":"SearchAction","target":{"@type":"EntryPoint","urlTemplate":"https:\/\/www.copealcoy.es\/es\/?s={search_term_string}"},"query-input":{"@type":"PropertyValueSpecification","valueRequired":true,"valueName":"search_term_string"}}],"inLanguage":"es"},{"@type":"Person","@id":"https:\/\/www.copealcoy.es\/es\/#\/schema\/person\/e777c87fa024e57d40170af9df39882c","name":"Cope Alcoy","image":{"@type":"ImageObject","inLanguage":"es","@id":"https:\/\/secure.gravatar.com\/avatar\/bb65d0283347e303893ba14f0692005417c1e0e690a325a4c5d8bb2b3943ee14?s=96&d=mm&r=g","url":"https:\/\/secure.gravatar.com\/avatar\/bb65d0283347e303893ba14f0692005417c1e0e690a325a4c5d8bb2b3943ee14?s=96&d=mm&r=g","contentUrl":"https:\/\/secure.gravatar.com\/avatar\/bb65d0283347e303893ba14f0692005417c1e0e690a325a4c5d8bb2b3943ee14?s=96&d=mm&r=g","caption":"Cope Alcoy"}}]}},"_links":{"self":[{"href":"https:\/\/www.copealcoy.es\/es\/wp-json\/wp\/v2\/posts\/81991","targetHints":{"allow":["GET"]}}],"collection":[{"href":"https:\/\/www.copealcoy.es\/es\/wp-json\/wp\/v2\/posts"}],"about":[{"href":"https:\/\/www.copealcoy.es\/es\/wp-json\/wp\/v2\/types\/post"}],"author":[{"embeddable":true,"href":"https:\/\/www.copealcoy.es\/es\/wp-json\/wp\/v2\/users\/1"}],"replies":[{"embeddable":true,"href":"https:\/\/www.copealcoy.es\/es\/wp-json\/wp\/v2\/comments?post=81991"}],"version-history":[{"count":0,"href":"https:\/\/www.copealcoy.es\/es\/wp-json\/wp\/v2\/posts\/81991\/revisions"}],"wp:featuredmedia":[{"embeddable":true,"href":"https:\/\/www.copealcoy.es\/es\/wp-json\/wp\/v2\/media\/27742"}],"wp:attachment":[{"href":"https:\/\/www.copealcoy.es\/es\/wp-json\/wp\/v2\/media?parent=81991"}],"wp:term":[{"taxonomy":"category","embeddable":true,"href":"https:\/\/www.copealcoy.es\/es\/wp-json\/wp\/v2\/categories?post=81991"},{"taxonomy":"post_tag","embeddable":true,"href":"https:\/\/www.copealcoy.es\/es\/wp-json\/wp\/v2\/tags?post=81991"}],"curies":[{"name":"wp","href":"https:\/\/api.w.org\/{rel}","templated":true}]}}