{"id":81986,"date":"2021-12-31T00:37:41","date_gmt":"2021-12-30T23:37:41","guid":{"rendered":"https:\/\/www.copealcoy.es\/?p=81986"},"modified":"2021-12-31T00:44:19","modified_gmt":"2021-12-30T23:44:19","slug":"el-paje-real-inicia-sus-visitas-a-nuestras-comarcas","status":"publish","type":"post","link":"https:\/\/www.copealcoy.es\/es\/el-paje-real-inicia-sus-visitas-a-nuestras-comarcas\/","title":{"rendered":"El Paje Real inicia sus visitas a nuestras comarcas"},"content":{"rendered":"<p style=\"text-align: justify;\">La <strong>inminente llegada de los Reyes Magos de Oriente<\/strong> a los diferentes municipios de las comarcas de l&#8217;Alcoi\u00e0 y el Comtat har\u00e1 que <strong>el Emisario de los mismos pase por cada localidad a partir de este 1 de enero<\/strong>. Ser\u00e1, como es habitual, para <strong>recoger las cartas de los m\u00e1s peque\u00f1os<\/strong> y <strong>anunciar la visita de los tres monarcas<\/strong>.<\/p>\n<p style=\"text-align: justify;\">En el caso de Cocentaina es <strong>la Federaci\u00f3n Junta de Fiestas de Moros y Cristianos del municipio<\/strong> la encargada de coordinar todo lo relacionado con la visita real. La primera de las citas tendr\u00e1 lugar ma\u00f1ana, a partir de las 19:00h, con <strong>el desfile del Paje Real desde la parte alta del Passeig del Comtat y hasta El Pla<\/strong>. Los ni\u00f1os <strong>podr\u00e1n depositar sus cartas en las burritas<\/strong> mientras que <strong>el Emisario leer\u00e1 el bando<\/strong> escrito en esta ocasi\u00f3n por la locutora de Radio Cocentaina Mari Nieves Pascual. Ya <strong>en Muro<\/strong> ma\u00f1ana s\u00e1bado, a las 18:00h, <strong>el Paje Real acudir\u00e1 a la Pla\u00e7a del Matzem para situarse a las puertas del castillo de fiestas<\/strong>. All\u00ed <strong>ir\u00e1 recibiendo a los ni\u00f1os<\/strong>, que podr\u00e1n al mismo tiempo depositar las cartas en los buzones que se habilitar\u00e1n para la ocasi\u00f3n, y\u00a0 la brass band Fanf\u00e0rrics amenizar\u00e1 con m\u00fasica la ceremonia.<\/p>\n<p style=\"text-align: justify;\">Otras localidades de la comarca tambi\u00e9n se han adaptado para recibir a Sus Majestades. Por ejemplo, <strong>en Agres<\/strong> El Chamberl\u00e1n no visitar\u00e1 el pueblo, pero dejar\u00e1 un buz\u00f3n en la plaza el domingo para que se entreguen las cartas entre las 12 y las 14 horas del mediod\u00eda. En <strong>Alfafara<\/strong> el Embajador Real visita ma\u00f1ana el pueblo a las 13:00h\u00a0 y en <strong>Benilloba<\/strong> lo har\u00e1 el 3 de enero mientras que en <strong>l&#8217;Alqueria d&#8217;Asnar<\/strong> desfilar\u00e1 por las calles del pueblo el martes 4.<\/p>\n","protected":false},"excerpt":{"rendered":"<p>La inminente llegada de los Reyes Magos de Oriente a los diferentes municipios de las comarcas de l&#8217;Alcoi\u00e0 y el&#8230;<\/p>\n","protected":false},"author":1,"featured_media":48384,"comment_status":"open","ping_status":"open","sticky":false,"template":"","format":"standard","meta":{"footnotes":""},"categories":[6909,98,75],"tags":[132,135,1699,488,1154],"class_list":["post-81986","post","type-post","status-publish","format-standard","has-post-thumbnail","hentry","category-actualidad","category-comarcas","category-noticias","tag-cocentaina","tag-muro","tag-paje-real","tag-reyes-magos","tag-visita"],"yoast_head":"<!-- This site is optimized with the Yoast SEO plugin v27.3 - https:\/\/yoast.com\/product\/yoast-seo-wordpress\/ -->\n<title>El Paje Real inicia sus visitas a nuestras comarcas - COPE Alcoy<\/title>\n<meta name=\"robots\" content=\"index, follow, max-snippet:-1, max-image-preview:large, max-video-preview:-1\" \/>\n<link rel=\"canonical\" href=\"https:\/\/www.copealcoy.es\/es\/el-paje-real-inicia-sus-visitas-a-nuestras-comarcas\/\" \/>\n<meta property=\"og:locale\" content=\"es_ES\" \/>\n<meta property=\"og:type\" content=\"article\" \/>\n<meta property=\"og:title\" content=\"El Paje Real inicia sus visitas a nuestras comarcas - COPE Alcoy\" \/>\n<meta property=\"og:description\" content=\"La inminente llegada de los Reyes Magos de Oriente a los diferentes municipios de las comarcas de l&#8217;Alcoi\u00e0 y el...\" \/>\n<meta property=\"og:url\" content=\"https:\/\/www.copealcoy.es\/es\/el-paje-real-inicia-sus-visitas-a-nuestras-comarcas\/\" \/>\n<meta property=\"og:site_name\" content=\"COPE Alcoy\" \/>\n<meta property=\"article:published_time\" content=\"2021-12-30T23:37:41+00:00\" \/>\n<meta property=\"article:modified_time\" content=\"2021-12-30T23:44:19+00:00\" \/>\n<meta property=\"og:image\" content=\"https:\/\/www.copealcoy.es\/wp-content\/uploads\/2019\/01\/2-El-Paje-Real-recorri\u00f3-las-calles-contestanas-en-el-primer-d\u00eda-del-a\u00f1o-e1547374417440-1-scaled.jpg\" \/>\n\t<meta property=\"og:image:width\" content=\"2560\" \/>\n\t<meta property=\"og:image:height\" content=\"1532\" \/>\n\t<meta property=\"og:image:type\" content=\"image\/jpeg\" \/>\n<meta name=\"author\" content=\"Cope Alcoy\" \/>\n<meta name=\"twitter:label1\" content=\"Escrito por\" \/>\n\t<meta name=\"twitter:data1\" content=\"Cope Alcoy\" \/>\n\t<meta name=\"twitter:label2\" content=\"Tiempo de lectura\" \/>\n\t<meta name=\"twitter:data2\" content=\"2 minutos\" \/>\n<script type=\"application\/ld+json\" class=\"yoast-schema-graph\">{\"@context\":\"https:\\\/\\\/schema.org\",\"@graph\":[{\"@type\":\"Article\",\"@id\":\"https:\\\/\\\/www.copealcoy.es\\\/es\\\/el-paje-real-inicia-sus-visitas-a-nuestras-comarcas\\\/#article\",\"isPartOf\":{\"@id\":\"https:\\\/\\\/www.copealcoy.es\\\/es\\\/el-paje-real-inicia-sus-visitas-a-nuestras-comarcas\\\/\"},\"author\":{\"name\":\"Cope Alcoy\",\"@id\":\"https:\\\/\\\/www.copealcoy.es\\\/es\\\/#\\\/schema\\\/person\\\/e777c87fa024e57d40170af9df39882c\"},\"headline\":\"El Paje Real inicia sus visitas a nuestras comarcas\",\"datePublished\":\"2021-12-30T23:37:41+00:00\",\"dateModified\":\"2021-12-30T23:44:19+00:00\",\"mainEntityOfPage\":{\"@id\":\"https:\\\/\\\/www.copealcoy.es\\\/es\\\/el-paje-real-inicia-sus-visitas-a-nuestras-comarcas\\\/\"},\"wordCount\":317,\"commentCount\":0,\"image\":{\"@id\":\"https:\\\/\\\/www.copealcoy.es\\\/es\\\/el-paje-real-inicia-sus-visitas-a-nuestras-comarcas\\\/#primaryimage\"},\"thumbnailUrl\":\"https:\\\/\\\/www.copealcoy.es\\\/wp-content\\\/uploads\\\/2019\\\/01\\\/2-El-Paje-Real-recorri\u00f3-las-calles-contestanas-en-el-primer-d\u00eda-del-a\u00f1o-e1547374417440-1-scaled.jpg\",\"keywords\":[\"Cocentaina\",\"Muro\",\"Paje Real\",\"Reyes Magos\",\"Visita\"],\"articleSection\":[\"Actualidad\",\"Comarcas\",\"Noticias\"],\"inLanguage\":\"es\"},{\"@type\":\"WebPage\",\"@id\":\"https:\\\/\\\/www.copealcoy.es\\\/es\\\/el-paje-real-inicia-sus-visitas-a-nuestras-comarcas\\\/\",\"url\":\"https:\\\/\\\/www.copealcoy.es\\\/es\\\/el-paje-real-inicia-sus-visitas-a-nuestras-comarcas\\\/\",\"name\":\"El Paje Real inicia sus visitas a nuestras comarcas - COPE Alcoy\",\"isPartOf\":{\"@id\":\"https:\\\/\\\/www.copealcoy.es\\\/es\\\/#website\"},\"primaryImageOfPage\":{\"@id\":\"https:\\\/\\\/www.copealcoy.es\\\/es\\\/el-paje-real-inicia-sus-visitas-a-nuestras-comarcas\\\/#primaryimage\"},\"image\":{\"@id\":\"https:\\\/\\\/www.copealcoy.es\\\/es\\\/el-paje-real-inicia-sus-visitas-a-nuestras-comarcas\\\/#primaryimage\"},\"thumbnailUrl\":\"https:\\\/\\\/www.copealcoy.es\\\/wp-content\\\/uploads\\\/2019\\\/01\\\/2-El-Paje-Real-recorri\u00f3-las-calles-contestanas-en-el-primer-d\u00eda-del-a\u00f1o-e1547374417440-1-scaled.jpg\",\"datePublished\":\"2021-12-30T23:37:41+00:00\",\"dateModified\":\"2021-12-30T23:44:19+00:00\",\"author\":{\"@id\":\"https:\\\/\\\/www.copealcoy.es\\\/es\\\/#\\\/schema\\\/person\\\/e777c87fa024e57d40170af9df39882c\"},\"breadcrumb\":{\"@id\":\"https:\\\/\\\/www.copealcoy.es\\\/es\\\/el-paje-real-inicia-sus-visitas-a-nuestras-comarcas\\\/#breadcrumb\"},\"inLanguage\":\"es\",\"potentialAction\":[{\"@type\":\"ReadAction\",\"target\":[\"https:\\\/\\\/www.copealcoy.es\\\/es\\\/el-paje-real-inicia-sus-visitas-a-nuestras-comarcas\\\/\"]}]},{\"@type\":\"ImageObject\",\"inLanguage\":\"es\",\"@id\":\"https:\\\/\\\/www.copealcoy.es\\\/es\\\/el-paje-real-inicia-sus-visitas-a-nuestras-comarcas\\\/#primaryimage\",\"url\":\"https:\\\/\\\/www.copealcoy.es\\\/wp-content\\\/uploads\\\/2019\\\/01\\\/2-El-Paje-Real-recorri\u00f3-las-calles-contestanas-en-el-primer-d\u00eda-del-a\u00f1o-e1547374417440-1-scaled.jpg\",\"contentUrl\":\"https:\\\/\\\/www.copealcoy.es\\\/wp-content\\\/uploads\\\/2019\\\/01\\\/2-El-Paje-Real-recorri\u00f3-las-calles-contestanas-en-el-primer-d\u00eda-del-a\u00f1o-e1547374417440-1-scaled.jpg\",\"width\":2560,\"height\":1532,\"caption\":\"El Paje Real recorri\u00f3 las calles contestanas en el primer d\u00eda del a\u00f1o \\\/ Foto: G. Pascual\"},{\"@type\":\"BreadcrumbList\",\"@id\":\"https:\\\/\\\/www.copealcoy.es\\\/es\\\/el-paje-real-inicia-sus-visitas-a-nuestras-comarcas\\\/#breadcrumb\",\"itemListElement\":[{\"@type\":\"ListItem\",\"position\":1,\"name\":\"Portada\",\"item\":\"https:\\\/\\\/www.copealcoy.es\\\/es\\\/\"},{\"@type\":\"ListItem\",\"position\":2,\"name\":\"El Paje Real inicia sus visitas a nuestras comarcas\"}]},{\"@type\":\"WebSite\",\"@id\":\"https:\\\/\\\/www.copealcoy.es\\\/es\\\/#website\",\"url\":\"https:\\\/\\\/www.copealcoy.es\\\/es\\\/\",\"name\":\"COPE Alcoy\",\"description\":\"Emisora COPE de radio local con emisi\u00f3n online. Pont de Sant Jordi 8-10 03803 Alcoy\",\"potentialAction\":[{\"@type\":\"SearchAction\",\"target\":{\"@type\":\"EntryPoint\",\"urlTemplate\":\"https:\\\/\\\/www.copealcoy.es\\\/es\\\/?s={search_term_string}\"},\"query-input\":{\"@type\":\"PropertyValueSpecification\",\"valueRequired\":true,\"valueName\":\"search_term_string\"}}],\"inLanguage\":\"es\"},{\"@type\":\"Person\",\"@id\":\"https:\\\/\\\/www.copealcoy.es\\\/es\\\/#\\\/schema\\\/person\\\/e777c87fa024e57d40170af9df39882c\",\"name\":\"Cope Alcoy\",\"image\":{\"@type\":\"ImageObject\",\"inLanguage\":\"es\",\"@id\":\"https:\\\/\\\/secure.gravatar.com\\\/avatar\\\/bb65d0283347e303893ba14f0692005417c1e0e690a325a4c5d8bb2b3943ee14?s=96&d=mm&r=g\",\"url\":\"https:\\\/\\\/secure.gravatar.com\\\/avatar\\\/bb65d0283347e303893ba14f0692005417c1e0e690a325a4c5d8bb2b3943ee14?s=96&d=mm&r=g\",\"contentUrl\":\"https:\\\/\\\/secure.gravatar.com\\\/avatar\\\/bb65d0283347e303893ba14f0692005417c1e0e690a325a4c5d8bb2b3943ee14?s=96&d=mm&r=g\",\"caption\":\"Cope Alcoy\"}}]}<\/script>\n<!-- \/ Yoast SEO plugin. -->","yoast_head_json":{"title":"El Paje Real inicia sus visitas a nuestras comarcas - COPE Alcoy","robots":{"index":"index","follow":"follow","max-snippet":"max-snippet:-1","max-image-preview":"max-image-preview:large","max-video-preview":"max-video-preview:-1"},"canonical":"https:\/\/www.copealcoy.es\/es\/el-paje-real-inicia-sus-visitas-a-nuestras-comarcas\/","og_locale":"es_ES","og_type":"article","og_title":"El Paje Real inicia sus visitas a nuestras comarcas - COPE Alcoy","og_description":"La inminente llegada de los Reyes Magos de Oriente a los diferentes municipios de las comarcas de l&#8217;Alcoi\u00e0 y el...","og_url":"https:\/\/www.copealcoy.es\/es\/el-paje-real-inicia-sus-visitas-a-nuestras-comarcas\/","og_site_name":"COPE Alcoy","article_published_time":"2021-12-30T23:37:41+00:00","article_modified_time":"2021-12-30T23:44:19+00:00","og_image":[{"width":2560,"height":1532,"url":"https:\/\/www.copealcoy.es\/wp-content\/uploads\/2019\/01\/2-El-Paje-Real-recorri\u00f3-las-calles-contestanas-en-el-primer-d\u00eda-del-a\u00f1o-e1547374417440-1-scaled.jpg","type":"image\/jpeg"}],"author":"Cope Alcoy","twitter_misc":{"Escrito por":"Cope Alcoy","Tiempo de lectura":"2 minutos"},"schema":{"@context":"https:\/\/schema.org","@graph":[{"@type":"Article","@id":"https:\/\/www.copealcoy.es\/es\/el-paje-real-inicia-sus-visitas-a-nuestras-comarcas\/#article","isPartOf":{"@id":"https:\/\/www.copealcoy.es\/es\/el-paje-real-inicia-sus-visitas-a-nuestras-comarcas\/"},"author":{"name":"Cope Alcoy","@id":"https:\/\/www.copealcoy.es\/es\/#\/schema\/person\/e777c87fa024e57d40170af9df39882c"},"headline":"El Paje Real inicia sus visitas a nuestras comarcas","datePublished":"2021-12-30T23:37:41+00:00","dateModified":"2021-12-30T23:44:19+00:00","mainEntityOfPage":{"@id":"https:\/\/www.copealcoy.es\/es\/el-paje-real-inicia-sus-visitas-a-nuestras-comarcas\/"},"wordCount":317,"commentCount":0,"image":{"@id":"https:\/\/www.copealcoy.es\/es\/el-paje-real-inicia-sus-visitas-a-nuestras-comarcas\/#primaryimage"},"thumbnailUrl":"https:\/\/www.copealcoy.es\/wp-content\/uploads\/2019\/01\/2-El-Paje-Real-recorri\u00f3-las-calles-contestanas-en-el-primer-d\u00eda-del-a\u00f1o-e1547374417440-1-scaled.jpg","keywords":["Cocentaina","Muro","Paje Real","Reyes Magos","Visita"],"articleSection":["Actualidad","Comarcas","Noticias"],"inLanguage":"es"},{"@type":"WebPage","@id":"https:\/\/www.copealcoy.es\/es\/el-paje-real-inicia-sus-visitas-a-nuestras-comarcas\/","url":"https:\/\/www.copealcoy.es\/es\/el-paje-real-inicia-sus-visitas-a-nuestras-comarcas\/","name":"El Paje Real inicia sus visitas a nuestras comarcas - COPE Alcoy","isPartOf":{"@id":"https:\/\/www.copealcoy.es\/es\/#website"},"primaryImageOfPage":{"@id":"https:\/\/www.copealcoy.es\/es\/el-paje-real-inicia-sus-visitas-a-nuestras-comarcas\/#primaryimage"},"image":{"@id":"https:\/\/www.copealcoy.es\/es\/el-paje-real-inicia-sus-visitas-a-nuestras-comarcas\/#primaryimage"},"thumbnailUrl":"https:\/\/www.copealcoy.es\/wp-content\/uploads\/2019\/01\/2-El-Paje-Real-recorri\u00f3-las-calles-contestanas-en-el-primer-d\u00eda-del-a\u00f1o-e1547374417440-1-scaled.jpg","datePublished":"2021-12-30T23:37:41+00:00","dateModified":"2021-12-30T23:44:19+00:00","author":{"@id":"https:\/\/www.copealcoy.es\/es\/#\/schema\/person\/e777c87fa024e57d40170af9df39882c"},"breadcrumb":{"@id":"https:\/\/www.copealcoy.es\/es\/el-paje-real-inicia-sus-visitas-a-nuestras-comarcas\/#breadcrumb"},"inLanguage":"es","potentialAction":[{"@type":"ReadAction","target":["https:\/\/www.copealcoy.es\/es\/el-paje-real-inicia-sus-visitas-a-nuestras-comarcas\/"]}]},{"@type":"ImageObject","inLanguage":"es","@id":"https:\/\/www.copealcoy.es\/es\/el-paje-real-inicia-sus-visitas-a-nuestras-comarcas\/#primaryimage","url":"https:\/\/www.copealcoy.es\/wp-content\/uploads\/2019\/01\/2-El-Paje-Real-recorri\u00f3-las-calles-contestanas-en-el-primer-d\u00eda-del-a\u00f1o-e1547374417440-1-scaled.jpg","contentUrl":"https:\/\/www.copealcoy.es\/wp-content\/uploads\/2019\/01\/2-El-Paje-Real-recorri\u00f3-las-calles-contestanas-en-el-primer-d\u00eda-del-a\u00f1o-e1547374417440-1-scaled.jpg","width":2560,"height":1532,"caption":"El Paje Real recorri\u00f3 las calles contestanas en el primer d\u00eda del a\u00f1o \/ Foto: G. Pascual"},{"@type":"BreadcrumbList","@id":"https:\/\/www.copealcoy.es\/es\/el-paje-real-inicia-sus-visitas-a-nuestras-comarcas\/#breadcrumb","itemListElement":[{"@type":"ListItem","position":1,"name":"Portada","item":"https:\/\/www.copealcoy.es\/es\/"},{"@type":"ListItem","position":2,"name":"El Paje Real inicia sus visitas a nuestras comarcas"}]},{"@type":"WebSite","@id":"https:\/\/www.copealcoy.es\/es\/#website","url":"https:\/\/www.copealcoy.es\/es\/","name":"COPE Alcoy","description":"Emisora COPE de radio local con emisi\u00f3n online. Pont de Sant Jordi 8-10 03803 Alcoy","potentialAction":[{"@type":"SearchAction","target":{"@type":"EntryPoint","urlTemplate":"https:\/\/www.copealcoy.es\/es\/?s={search_term_string}"},"query-input":{"@type":"PropertyValueSpecification","valueRequired":true,"valueName":"search_term_string"}}],"inLanguage":"es"},{"@type":"Person","@id":"https:\/\/www.copealcoy.es\/es\/#\/schema\/person\/e777c87fa024e57d40170af9df39882c","name":"Cope Alcoy","image":{"@type":"ImageObject","inLanguage":"es","@id":"https:\/\/secure.gravatar.com\/avatar\/bb65d0283347e303893ba14f0692005417c1e0e690a325a4c5d8bb2b3943ee14?s=96&d=mm&r=g","url":"https:\/\/secure.gravatar.com\/avatar\/bb65d0283347e303893ba14f0692005417c1e0e690a325a4c5d8bb2b3943ee14?s=96&d=mm&r=g","contentUrl":"https:\/\/secure.gravatar.com\/avatar\/bb65d0283347e303893ba14f0692005417c1e0e690a325a4c5d8bb2b3943ee14?s=96&d=mm&r=g","caption":"Cope Alcoy"}}]}},"_links":{"self":[{"href":"https:\/\/www.copealcoy.es\/es\/wp-json\/wp\/v2\/posts\/81986","targetHints":{"allow":["GET"]}}],"collection":[{"href":"https:\/\/www.copealcoy.es\/es\/wp-json\/wp\/v2\/posts"}],"about":[{"href":"https:\/\/www.copealcoy.es\/es\/wp-json\/wp\/v2\/types\/post"}],"author":[{"embeddable":true,"href":"https:\/\/www.copealcoy.es\/es\/wp-json\/wp\/v2\/users\/1"}],"replies":[{"embeddable":true,"href":"https:\/\/www.copealcoy.es\/es\/wp-json\/wp\/v2\/comments?post=81986"}],"version-history":[{"count":0,"href":"https:\/\/www.copealcoy.es\/es\/wp-json\/wp\/v2\/posts\/81986\/revisions"}],"wp:featuredmedia":[{"embeddable":true,"href":"https:\/\/www.copealcoy.es\/es\/wp-json\/wp\/v2\/media\/48384"}],"wp:attachment":[{"href":"https:\/\/www.copealcoy.es\/es\/wp-json\/wp\/v2\/media?parent=81986"}],"wp:term":[{"taxonomy":"category","embeddable":true,"href":"https:\/\/www.copealcoy.es\/es\/wp-json\/wp\/v2\/categories?post=81986"},{"taxonomy":"post_tag","embeddable":true,"href":"https:\/\/www.copealcoy.es\/es\/wp-json\/wp\/v2\/tags?post=81986"}],"curies":[{"name":"wp","href":"https:\/\/api.w.org\/{rel}","templated":true}]}}