{"id":81927,"date":"2021-12-30T11:44:12","date_gmt":"2021-12-30T10:44:12","guid":{"rendered":"https:\/\/www.copealcoy.es\/?p=81927"},"modified":"2021-12-30T11:51:12","modified_gmt":"2021-12-30T10:51:12","slug":"la-generalitat-se-inclina-por-una-vuelta-presencial-a-las-aulas-tras-las-navidades","status":"publish","type":"post","link":"https:\/\/www.copealcoy.es\/es\/la-generalitat-se-inclina-por-una-vuelta-presencial-a-las-aulas-tras-las-navidades\/","title":{"rendered":"La Generalitat se inclina por una vuelta presencial a las aulas tras las Navidades"},"content":{"rendered":"<p style=\"text-align: justify;\">De momento, <strong>no hay ning\u00fan cambio en la previsi\u00f3n para la vuelta a las aulas de los estudiantes tras las vacaciones de Navidad<\/strong>, que en la Comunitat Valenciana est\u00e1 fijada para el 10 de enero.<\/p>\n<p style=\"text-align: justify;\">As\u00ed lo ha se\u00f1alado en declaraciones facilitadas a los medios el Conseller de Educaci\u00f3n, <strong>Vicent Marz\u00e1<\/strong>, en las que ha asegurado que, en su departamento, har\u00e1n siempre <em>&#8220;lo que digan las autoridades sanitarias, como siempre hemos hecho ante esta pandemia&#8221;<\/em>, y en las que ha recordado que los centros <strong>son los espacios de socializaci\u00f3n<\/strong>\u00a0<em>&#8220;m\u00e1s seguros&#8221;<\/em>\u00a0para los alumnos.<\/p>\n<p style=\"text-align: justify;\"><em>&#8220;Hasta el momento, siempre nos han recomendado, y recordemos el a\u00f1o pasado, que cuanto m\u00e1s tiempo est\u00e9n los ni\u00f1os en los centros educativos, que son los espacios de socializaci\u00f3n m\u00e1s seguros para ellos porque tienen las mayores medidas de prevenci\u00f3n y unos planes de contingencia que se han demostrado efectivos, mejor&#8221;<\/em>, ha defendido.<\/p>\n<p style=\"text-align: justify;\">En esta l\u00ednea, ha recordado que <strong>se est\u00e1 reforzando la inmunizaci\u00f3n del personal docente<\/strong>, ahora con la administraci\u00f3n de las terceras dosis,\u00a0<em>&#8220;para que vuelvan, as\u00ed nos lo ha asegurado Sanidad, con la m\u00e1xima inmunizaci\u00f3n posible&#8221;.<\/em><\/p>\n<p style=\"text-align: justify;\">No obstante, Marz\u00e0 ha hecho hincapi\u00e9 en que <strong>su departamento<\/strong> estar\u00e1<em>&#8220;atento a lo que nos puedan decir las autoridades sanitarias&#8221;<\/em>\u00a0pero,\u00a0<em>&#8220;hasta el momento, no hay ning\u00fan cambio en la previsi\u00f3n para la vuelta del curso&#8221;.<\/em><\/p>\n<p style=\"text-align: justify;\">El Ministerio de Sanidad y el de Educaci\u00f3n y FP <strong>celebrar\u00e1n una reuni\u00f3n conjunta con los consejeros de las comunidades aut\u00f3nomas el pr\u00f3ximo martes<\/strong>, 4 de enero, para analizar el regreso a las aulas tras las vacaciones de Navidad.<\/p>\n<p style=\"text-align: justify;\">En l\u00edneas generales, <strong>las comunidades apuestan por no retrasar el regreso a las clases y por la presencialidad<\/strong>, pero piden al Gobierno que haya coordinaci\u00f3n para saber c\u00f3mo actuar de cara al 10 de enero, fecha de vuelta de los ni\u00f1os a clase.<\/p>\n<p style=\"text-align: justify;\">La vacunaci\u00f3n contra la Covid-19 de <strong>los alumnos de entre 9 y 11 a\u00f1os<\/strong> en los colegios de la Comunitat Valenciana, <strong>los estudiantes de los centros de educaci\u00f3n especial y de los Centros Rurales Agrupados<\/strong> arranc\u00f3 el pasado 15 de septiembre en la Comunitat Valenciana, con el objetivo de <strong>alcanzar la administraci\u00f3n de 150.000 dosis de la vacuna hasta el 22 de diciembre<\/strong>, \u00faltimo d\u00eda antes de las vacaciones de Navidad, y <strong>continuar a la vuelta de las fiestas con los ni\u00f1os de 8 a 10 a\u00f1os<\/strong>. La <strong>siguiente dosis<\/strong> que recibir\u00e1n ser\u00e1 en ocho semanas.<\/p>\n<p style=\"text-align: justify;\">En cuanto a <strong>la vacunaci\u00f3n del personal docente<\/strong>, la Conselleria de Sanidad estableci\u00f3 la pasada semana una nueva estrategia de vacunaci\u00f3n frente a la covid para acelerar el ritmo de inmunizaci\u00f3n de la poblaci\u00f3n pendiente de recibir la dosis de recuerdo o que a\u00fan no cuente con la pauta completa.<\/p>\n","protected":false},"excerpt":{"rendered":"<p>De momento, no hay ning\u00fan cambio en la previsi\u00f3n para la vuelta a las aulas de los estudiantes tras las&#8230;<\/p>\n","protected":false},"author":1,"featured_media":81928,"comment_status":"open","ping_status":"open","sticky":false,"template":"","format":"standard","meta":{"footnotes":""},"categories":[6909,900,75],"tags":[561,7281,994,12250,7477,1529],"class_list":["post-81927","post","type-post","status-publish","format-standard","has-post-thumbnail","hentry","category-actualidad","category-educacion","category-noticias","tag-conselleria","tag-coronavirus","tag-generalitat-valenciana","tag-inmunizacion","tag-pandemia","tag-vacunacion"],"yoast_head":"<!-- This site is optimized with the Yoast SEO plugin v27.3 - https:\/\/yoast.com\/product\/yoast-seo-wordpress\/ -->\n<title>La Generalitat se inclina por una vuelta presencial a las aulas tras las Navidades - COPE Alcoy<\/title>\n<meta name=\"robots\" content=\"index, follow, max-snippet:-1, max-image-preview:large, max-video-preview:-1\" \/>\n<link rel=\"canonical\" href=\"https:\/\/www.copealcoy.es\/es\/la-generalitat-se-inclina-por-una-vuelta-presencial-a-las-aulas-tras-las-navidades\/\" \/>\n<meta property=\"og:locale\" content=\"es_ES\" \/>\n<meta property=\"og:type\" content=\"article\" \/>\n<meta property=\"og:title\" content=\"La Generalitat se inclina por una vuelta presencial a las aulas tras las Navidades - COPE Alcoy\" \/>\n<meta property=\"og:description\" content=\"De momento, no hay ning\u00fan cambio en la previsi\u00f3n para la vuelta a las aulas de los estudiantes tras las...\" \/>\n<meta property=\"og:url\" content=\"https:\/\/www.copealcoy.es\/es\/la-generalitat-se-inclina-por-una-vuelta-presencial-a-las-aulas-tras-las-navidades\/\" \/>\n<meta property=\"og:site_name\" content=\"COPE Alcoy\" \/>\n<meta property=\"article:published_time\" content=\"2021-12-30T10:44:12+00:00\" \/>\n<meta property=\"article:modified_time\" content=\"2021-12-30T10:51:12+00:00\" \/>\n<meta property=\"og:image\" content=\"https:\/\/www.copealcoy.es\/wp-content\/uploads\/2021\/12\/1640859479245.jpg\" \/>\n\t<meta property=\"og:image:width\" content=\"976\" \/>\n\t<meta property=\"og:image:height\" content=\"651\" \/>\n\t<meta property=\"og:image:type\" content=\"image\/jpeg\" \/>\n<meta name=\"author\" content=\"Cope Alcoy\" \/>\n<meta name=\"twitter:label1\" content=\"Escrito por\" \/>\n\t<meta name=\"twitter:data1\" content=\"Cope Alcoy\" \/>\n\t<meta name=\"twitter:label2\" content=\"Tiempo de lectura\" \/>\n\t<meta name=\"twitter:data2\" content=\"2 minutos\" \/>\n<script type=\"application\/ld+json\" class=\"yoast-schema-graph\">{\"@context\":\"https:\\\/\\\/schema.org\",\"@graph\":[{\"@type\":\"Article\",\"@id\":\"https:\\\/\\\/www.copealcoy.es\\\/es\\\/la-generalitat-se-inclina-por-una-vuelta-presencial-a-las-aulas-tras-las-navidades\\\/#article\",\"isPartOf\":{\"@id\":\"https:\\\/\\\/www.copealcoy.es\\\/es\\\/la-generalitat-se-inclina-por-una-vuelta-presencial-a-las-aulas-tras-las-navidades\\\/\"},\"author\":{\"name\":\"Cope Alcoy\",\"@id\":\"https:\\\/\\\/www.copealcoy.es\\\/es\\\/#\\\/schema\\\/person\\\/e777c87fa024e57d40170af9df39882c\"},\"headline\":\"La Generalitat se inclina por una vuelta presencial a las aulas tras las Navidades\",\"datePublished\":\"2021-12-30T10:44:12+00:00\",\"dateModified\":\"2021-12-30T10:51:12+00:00\",\"mainEntityOfPage\":{\"@id\":\"https:\\\/\\\/www.copealcoy.es\\\/es\\\/la-generalitat-se-inclina-por-una-vuelta-presencial-a-las-aulas-tras-las-navidades\\\/\"},\"wordCount\":495,\"commentCount\":0,\"image\":{\"@id\":\"https:\\\/\\\/www.copealcoy.es\\\/es\\\/la-generalitat-se-inclina-por-una-vuelta-presencial-a-las-aulas-tras-las-navidades\\\/#primaryimage\"},\"thumbnailUrl\":\"https:\\\/\\\/www.copealcoy.es\\\/wp-content\\\/uploads\\\/2021\\\/12\\\/1640859479245.jpg\",\"keywords\":[\"Conseller\u00eda\",\"Coronavirus\",\"Generalitat Valenciana\",\"inmunizaci\u00f3n\",\"pandemia\",\"Vacunaci\u00f3n\"],\"articleSection\":[\"Actualidad\",\"Educaci\u00f3n\",\"Noticias\"],\"inLanguage\":\"es\"},{\"@type\":\"WebPage\",\"@id\":\"https:\\\/\\\/www.copealcoy.es\\\/es\\\/la-generalitat-se-inclina-por-una-vuelta-presencial-a-las-aulas-tras-las-navidades\\\/\",\"url\":\"https:\\\/\\\/www.copealcoy.es\\\/es\\\/la-generalitat-se-inclina-por-una-vuelta-presencial-a-las-aulas-tras-las-navidades\\\/\",\"name\":\"La Generalitat se inclina por una vuelta presencial a las aulas tras las Navidades - COPE Alcoy\",\"isPartOf\":{\"@id\":\"https:\\\/\\\/www.copealcoy.es\\\/es\\\/#website\"},\"primaryImageOfPage\":{\"@id\":\"https:\\\/\\\/www.copealcoy.es\\\/es\\\/la-generalitat-se-inclina-por-una-vuelta-presencial-a-las-aulas-tras-las-navidades\\\/#primaryimage\"},\"image\":{\"@id\":\"https:\\\/\\\/www.copealcoy.es\\\/es\\\/la-generalitat-se-inclina-por-una-vuelta-presencial-a-las-aulas-tras-las-navidades\\\/#primaryimage\"},\"thumbnailUrl\":\"https:\\\/\\\/www.copealcoy.es\\\/wp-content\\\/uploads\\\/2021\\\/12\\\/1640859479245.jpg\",\"datePublished\":\"2021-12-30T10:44:12+00:00\",\"dateModified\":\"2021-12-30T10:51:12+00:00\",\"author\":{\"@id\":\"https:\\\/\\\/www.copealcoy.es\\\/es\\\/#\\\/schema\\\/person\\\/e777c87fa024e57d40170af9df39882c\"},\"breadcrumb\":{\"@id\":\"https:\\\/\\\/www.copealcoy.es\\\/es\\\/la-generalitat-se-inclina-por-una-vuelta-presencial-a-las-aulas-tras-las-navidades\\\/#breadcrumb\"},\"inLanguage\":\"es\",\"potentialAction\":[{\"@type\":\"ReadAction\",\"target\":[\"https:\\\/\\\/www.copealcoy.es\\\/es\\\/la-generalitat-se-inclina-por-una-vuelta-presencial-a-las-aulas-tras-las-navidades\\\/\"]}]},{\"@type\":\"ImageObject\",\"inLanguage\":\"es\",\"@id\":\"https:\\\/\\\/www.copealcoy.es\\\/es\\\/la-generalitat-se-inclina-por-una-vuelta-presencial-a-las-aulas-tras-las-navidades\\\/#primaryimage\",\"url\":\"https:\\\/\\\/www.copealcoy.es\\\/wp-content\\\/uploads\\\/2021\\\/12\\\/1640859479245.jpg\",\"contentUrl\":\"https:\\\/\\\/www.copealcoy.es\\\/wp-content\\\/uploads\\\/2021\\\/12\\\/1640859479245.jpg\",\"width\":976,\"height\":651},{\"@type\":\"BreadcrumbList\",\"@id\":\"https:\\\/\\\/www.copealcoy.es\\\/es\\\/la-generalitat-se-inclina-por-una-vuelta-presencial-a-las-aulas-tras-las-navidades\\\/#breadcrumb\",\"itemListElement\":[{\"@type\":\"ListItem\",\"position\":1,\"name\":\"Portada\",\"item\":\"https:\\\/\\\/www.copealcoy.es\\\/es\\\/\"},{\"@type\":\"ListItem\",\"position\":2,\"name\":\"La Generalitat se inclina por una vuelta presencial a las aulas tras las Navidades\"}]},{\"@type\":\"WebSite\",\"@id\":\"https:\\\/\\\/www.copealcoy.es\\\/es\\\/#website\",\"url\":\"https:\\\/\\\/www.copealcoy.es\\\/es\\\/\",\"name\":\"COPE Alcoy\",\"description\":\"Emisora COPE de radio local con emisi\u00f3n online. Pont de Sant Jordi 8-10 03803 Alcoy\",\"potentialAction\":[{\"@type\":\"SearchAction\",\"target\":{\"@type\":\"EntryPoint\",\"urlTemplate\":\"https:\\\/\\\/www.copealcoy.es\\\/es\\\/?s={search_term_string}\"},\"query-input\":{\"@type\":\"PropertyValueSpecification\",\"valueRequired\":true,\"valueName\":\"search_term_string\"}}],\"inLanguage\":\"es\"},{\"@type\":\"Person\",\"@id\":\"https:\\\/\\\/www.copealcoy.es\\\/es\\\/#\\\/schema\\\/person\\\/e777c87fa024e57d40170af9df39882c\",\"name\":\"Cope Alcoy\",\"image\":{\"@type\":\"ImageObject\",\"inLanguage\":\"es\",\"@id\":\"https:\\\/\\\/secure.gravatar.com\\\/avatar\\\/bb65d0283347e303893ba14f0692005417c1e0e690a325a4c5d8bb2b3943ee14?s=96&d=mm&r=g\",\"url\":\"https:\\\/\\\/secure.gravatar.com\\\/avatar\\\/bb65d0283347e303893ba14f0692005417c1e0e690a325a4c5d8bb2b3943ee14?s=96&d=mm&r=g\",\"contentUrl\":\"https:\\\/\\\/secure.gravatar.com\\\/avatar\\\/bb65d0283347e303893ba14f0692005417c1e0e690a325a4c5d8bb2b3943ee14?s=96&d=mm&r=g\",\"caption\":\"Cope Alcoy\"}}]}<\/script>\n<!-- \/ Yoast SEO plugin. -->","yoast_head_json":{"title":"La Generalitat se inclina por una vuelta presencial a las aulas tras las Navidades - COPE Alcoy","robots":{"index":"index","follow":"follow","max-snippet":"max-snippet:-1","max-image-preview":"max-image-preview:large","max-video-preview":"max-video-preview:-1"},"canonical":"https:\/\/www.copealcoy.es\/es\/la-generalitat-se-inclina-por-una-vuelta-presencial-a-las-aulas-tras-las-navidades\/","og_locale":"es_ES","og_type":"article","og_title":"La Generalitat se inclina por una vuelta presencial a las aulas tras las Navidades - COPE Alcoy","og_description":"De momento, no hay ning\u00fan cambio en la previsi\u00f3n para la vuelta a las aulas de los estudiantes tras las...","og_url":"https:\/\/www.copealcoy.es\/es\/la-generalitat-se-inclina-por-una-vuelta-presencial-a-las-aulas-tras-las-navidades\/","og_site_name":"COPE Alcoy","article_published_time":"2021-12-30T10:44:12+00:00","article_modified_time":"2021-12-30T10:51:12+00:00","og_image":[{"width":976,"height":651,"url":"https:\/\/www.copealcoy.es\/wp-content\/uploads\/2021\/12\/1640859479245.jpg","type":"image\/jpeg"}],"author":"Cope Alcoy","twitter_misc":{"Escrito por":"Cope Alcoy","Tiempo de lectura":"2 minutos"},"schema":{"@context":"https:\/\/schema.org","@graph":[{"@type":"Article","@id":"https:\/\/www.copealcoy.es\/es\/la-generalitat-se-inclina-por-una-vuelta-presencial-a-las-aulas-tras-las-navidades\/#article","isPartOf":{"@id":"https:\/\/www.copealcoy.es\/es\/la-generalitat-se-inclina-por-una-vuelta-presencial-a-las-aulas-tras-las-navidades\/"},"author":{"name":"Cope Alcoy","@id":"https:\/\/www.copealcoy.es\/es\/#\/schema\/person\/e777c87fa024e57d40170af9df39882c"},"headline":"La Generalitat se inclina por una vuelta presencial a las aulas tras las Navidades","datePublished":"2021-12-30T10:44:12+00:00","dateModified":"2021-12-30T10:51:12+00:00","mainEntityOfPage":{"@id":"https:\/\/www.copealcoy.es\/es\/la-generalitat-se-inclina-por-una-vuelta-presencial-a-las-aulas-tras-las-navidades\/"},"wordCount":495,"commentCount":0,"image":{"@id":"https:\/\/www.copealcoy.es\/es\/la-generalitat-se-inclina-por-una-vuelta-presencial-a-las-aulas-tras-las-navidades\/#primaryimage"},"thumbnailUrl":"https:\/\/www.copealcoy.es\/wp-content\/uploads\/2021\/12\/1640859479245.jpg","keywords":["Conseller\u00eda","Coronavirus","Generalitat Valenciana","inmunizaci\u00f3n","pandemia","Vacunaci\u00f3n"],"articleSection":["Actualidad","Educaci\u00f3n","Noticias"],"inLanguage":"es"},{"@type":"WebPage","@id":"https:\/\/www.copealcoy.es\/es\/la-generalitat-se-inclina-por-una-vuelta-presencial-a-las-aulas-tras-las-navidades\/","url":"https:\/\/www.copealcoy.es\/es\/la-generalitat-se-inclina-por-una-vuelta-presencial-a-las-aulas-tras-las-navidades\/","name":"La Generalitat se inclina por una vuelta presencial a las aulas tras las Navidades - COPE Alcoy","isPartOf":{"@id":"https:\/\/www.copealcoy.es\/es\/#website"},"primaryImageOfPage":{"@id":"https:\/\/www.copealcoy.es\/es\/la-generalitat-se-inclina-por-una-vuelta-presencial-a-las-aulas-tras-las-navidades\/#primaryimage"},"image":{"@id":"https:\/\/www.copealcoy.es\/es\/la-generalitat-se-inclina-por-una-vuelta-presencial-a-las-aulas-tras-las-navidades\/#primaryimage"},"thumbnailUrl":"https:\/\/www.copealcoy.es\/wp-content\/uploads\/2021\/12\/1640859479245.jpg","datePublished":"2021-12-30T10:44:12+00:00","dateModified":"2021-12-30T10:51:12+00:00","author":{"@id":"https:\/\/www.copealcoy.es\/es\/#\/schema\/person\/e777c87fa024e57d40170af9df39882c"},"breadcrumb":{"@id":"https:\/\/www.copealcoy.es\/es\/la-generalitat-se-inclina-por-una-vuelta-presencial-a-las-aulas-tras-las-navidades\/#breadcrumb"},"inLanguage":"es","potentialAction":[{"@type":"ReadAction","target":["https:\/\/www.copealcoy.es\/es\/la-generalitat-se-inclina-por-una-vuelta-presencial-a-las-aulas-tras-las-navidades\/"]}]},{"@type":"ImageObject","inLanguage":"es","@id":"https:\/\/www.copealcoy.es\/es\/la-generalitat-se-inclina-por-una-vuelta-presencial-a-las-aulas-tras-las-navidades\/#primaryimage","url":"https:\/\/www.copealcoy.es\/wp-content\/uploads\/2021\/12\/1640859479245.jpg","contentUrl":"https:\/\/www.copealcoy.es\/wp-content\/uploads\/2021\/12\/1640859479245.jpg","width":976,"height":651},{"@type":"BreadcrumbList","@id":"https:\/\/www.copealcoy.es\/es\/la-generalitat-se-inclina-por-una-vuelta-presencial-a-las-aulas-tras-las-navidades\/#breadcrumb","itemListElement":[{"@type":"ListItem","position":1,"name":"Portada","item":"https:\/\/www.copealcoy.es\/es\/"},{"@type":"ListItem","position":2,"name":"La Generalitat se inclina por una vuelta presencial a las aulas tras las Navidades"}]},{"@type":"WebSite","@id":"https:\/\/www.copealcoy.es\/es\/#website","url":"https:\/\/www.copealcoy.es\/es\/","name":"COPE Alcoy","description":"Emisora COPE de radio local con emisi\u00f3n online. Pont de Sant Jordi 8-10 03803 Alcoy","potentialAction":[{"@type":"SearchAction","target":{"@type":"EntryPoint","urlTemplate":"https:\/\/www.copealcoy.es\/es\/?s={search_term_string}"},"query-input":{"@type":"PropertyValueSpecification","valueRequired":true,"valueName":"search_term_string"}}],"inLanguage":"es"},{"@type":"Person","@id":"https:\/\/www.copealcoy.es\/es\/#\/schema\/person\/e777c87fa024e57d40170af9df39882c","name":"Cope Alcoy","image":{"@type":"ImageObject","inLanguage":"es","@id":"https:\/\/secure.gravatar.com\/avatar\/bb65d0283347e303893ba14f0692005417c1e0e690a325a4c5d8bb2b3943ee14?s=96&d=mm&r=g","url":"https:\/\/secure.gravatar.com\/avatar\/bb65d0283347e303893ba14f0692005417c1e0e690a325a4c5d8bb2b3943ee14?s=96&d=mm&r=g","contentUrl":"https:\/\/secure.gravatar.com\/avatar\/bb65d0283347e303893ba14f0692005417c1e0e690a325a4c5d8bb2b3943ee14?s=96&d=mm&r=g","caption":"Cope Alcoy"}}]}},"_links":{"self":[{"href":"https:\/\/www.copealcoy.es\/es\/wp-json\/wp\/v2\/posts\/81927","targetHints":{"allow":["GET"]}}],"collection":[{"href":"https:\/\/www.copealcoy.es\/es\/wp-json\/wp\/v2\/posts"}],"about":[{"href":"https:\/\/www.copealcoy.es\/es\/wp-json\/wp\/v2\/types\/post"}],"author":[{"embeddable":true,"href":"https:\/\/www.copealcoy.es\/es\/wp-json\/wp\/v2\/users\/1"}],"replies":[{"embeddable":true,"href":"https:\/\/www.copealcoy.es\/es\/wp-json\/wp\/v2\/comments?post=81927"}],"version-history":[{"count":0,"href":"https:\/\/www.copealcoy.es\/es\/wp-json\/wp\/v2\/posts\/81927\/revisions"}],"wp:featuredmedia":[{"embeddable":true,"href":"https:\/\/www.copealcoy.es\/es\/wp-json\/wp\/v2\/media\/81928"}],"wp:attachment":[{"href":"https:\/\/www.copealcoy.es\/es\/wp-json\/wp\/v2\/media?parent=81927"}],"wp:term":[{"taxonomy":"category","embeddable":true,"href":"https:\/\/www.copealcoy.es\/es\/wp-json\/wp\/v2\/categories?post=81927"},{"taxonomy":"post_tag","embeddable":true,"href":"https:\/\/www.copealcoy.es\/es\/wp-json\/wp\/v2\/tags?post=81927"}],"curies":[{"name":"wp","href":"https:\/\/api.w.org\/{rel}","templated":true}]}}