{"id":81895,"date":"2021-12-29T11:57:11","date_gmt":"2021-12-29T10:57:11","guid":{"rendered":"https:\/\/www.copealcoy.es\/?p=81895"},"modified":"2021-12-29T12:45:53","modified_gmt":"2021-12-29T11:45:53","slug":"videomarcador-per-al-collao-proposta-mes-votada-en-els-pressupostos-participatius","status":"publish","type":"post","link":"https:\/\/www.copealcoy.es\/es\/videomarcador-per-al-collao-proposta-mes-votada-en-els-pressupostos-participatius\/","title":{"rendered":"Videomarcador per al Collao, proposta m\u00e9s votada en els Pressupostos Participatius"},"content":{"rendered":"<p style=\"text-align: justify;\">La <strong>campanya dels Pressupostos Participatius d&#8217;Alcoi<\/strong> ja ha finalitzat <strong>despr\u00e9s del per\u00edode de votaci\u00f3 de la ciutadania<\/strong>. En aquesta ocasi\u00f3 <strong>la proposta m\u00e9s votada, amb 672 sufragis<\/strong>, ha sigut<strong> la col\u00b7locaci\u00f3 d&#8217;un videomarcador en el Camp Municipal del\u00a0<span class=\"hiddenSpellError\">Collao<\/span><\/strong>, una actuaci\u00f3 que t\u00e9 un pressupost de 42.000 euros.<\/p>\n<p style=\"text-align: justify;\">A m\u00e9s en<strong> les propostes d&#8217;inversi\u00f3<\/strong> han quedat en segon lloc la instal\u00b7laci\u00f3 d&#8217;un ascensor en el Centre de Majors d&#8217;Oliver (611 vots i un cost 48.000 euros), la realitzaci\u00f3\u00a0<span class=\"hiddenGreenError\" style=\"padding-bottom: 2px; background-image: url('..\/..\/..\/..\/..\/images\/squiggle_green.png'); background-repeat: repeat-x; background-position: left bottom; vertical-align: text-top; cursor: default; color: #000000; font-family: Verdana, Arial, Helvetica, sans-serif; font-size: 12px; font-style: normal; font-variant-ligatures: normal; font-variant-caps: normal; font-weight: 400; letter-spacing: normal; orphans: 2; text-align: start; text-indent: 0px; text-transform: none; white-space: normal; widows: 2; word-spacing: 0px; -webkit-text-stroke-width: 0px; background-color: #f7f7f7; text-decoration-thickness: initial; text-decoration-style: initial; text-decoration-color: initial;\">i\/o<\/span>\u00a0adequaci\u00f3 d&#8217;una pista poliesportiva per a la pr\u00e0ctica de patinatge o hoquei patines (590 vots i un cost de 95.000 euros) i millores en els t\u00fanels de la Via Verda (571 vots i 135.000 euros de pressupost). Respecte a <strong>la despesa corrent<\/strong> han resultat guanyadores aquestes iniciatives: oci alternatiu per a joves (743 vots),\u00a0<span class=\"hiddenSpellError\">FUNtastic<\/span>\u00a0<span class=\"hiddenSpellError\">House<\/span>\u00a0(395 vots), servei d&#8217;atenci\u00f3 a la sexualitat per a joves (378 vots) i la instal\u00b7laci\u00f3 de retrats amb codis QR en el nucli antic (349 vots).<\/p>\n<p style=\"text-align: justify;\">La participaci\u00f3 en l&#8217;esmentada campanya <strong>ha sigut del\u00a0<span class=\"hiddenGrammarError\">7\u20196%<\/span>, un total de 3.955 sufragis entre votaci\u00f3 presencial i en l\u00ednia<\/strong>, i s\u2019ha incrementat respecte a l\u2019any passat. El Govern Municipal, a trav\u00e9s de la regidora de Participaci\u00f3 Ciutadana <strong>Tere\u00a0<span class=\"hiddenSpellError\">Sanjuan<\/span><\/strong>, fan <strong>un balan\u00e7\u00a0positiu d&#8217;aquesta darrera edici\u00f3 dels Pressupostos Participatius<\/strong>.<\/p>\n","protected":false},"excerpt":{"rendered":"<p>La campanya dels Pressupostos Participatius d&#8217;Alcoi ja ha finalitzat despr\u00e9s del per\u00edode de votaci\u00f3 de la ciutadania. En aquesta ocasi\u00f3&#8230;<\/p>\n","protected":false},"author":1,"featured_media":76851,"comment_status":"open","ping_status":"open","sticky":false,"template":"","format":"standard","meta":{"footnotes":""},"categories":[97,92,75,79],"tags":[160,284,9669,6962],"class_list":["post-81895","post","type-post","status-publish","format-standard","has-post-thumbnail","hentry","category-alcoy","category-deportes","category-noticias","category-politicayeconomia","tag-alcoi","tag-collao","tag-pressupostos-participatius","tag-tere-sanjuan"],"yoast_head":"<!-- This site is optimized with the Yoast SEO plugin v27.3 - https:\/\/yoast.com\/product\/yoast-seo-wordpress\/ -->\n<title>Videomarcador per al Collao, proposta m\u00e9s votada en els Pressupostos Participatius - COPE Alcoy<\/title>\n<meta name=\"robots\" content=\"index, follow, max-snippet:-1, max-image-preview:large, max-video-preview:-1\" \/>\n<link rel=\"canonical\" href=\"https:\/\/www.copealcoy.es\/es\/videomarcador-per-al-collao-proposta-mes-votada-en-els-pressupostos-participatius\/\" \/>\n<meta property=\"og:locale\" content=\"es_ES\" \/>\n<meta property=\"og:type\" content=\"article\" \/>\n<meta property=\"og:title\" content=\"Videomarcador per al Collao, proposta m\u00e9s votada en els Pressupostos Participatius - COPE Alcoy\" \/>\n<meta property=\"og:description\" content=\"La campanya dels Pressupostos Participatius d&#8217;Alcoi ja ha finalitzat despr\u00e9s del per\u00edode de votaci\u00f3 de la ciutadania. En aquesta ocasi\u00f3...\" \/>\n<meta property=\"og:url\" content=\"https:\/\/www.copealcoy.es\/es\/videomarcador-per-al-collao-proposta-mes-votada-en-els-pressupostos-participatius\/\" \/>\n<meta property=\"og:site_name\" content=\"COPE Alcoy\" \/>\n<meta property=\"article:published_time\" content=\"2021-12-29T10:57:11+00:00\" \/>\n<meta property=\"article:modified_time\" content=\"2021-12-29T11:45:53+00:00\" \/>\n<meta property=\"og:image\" content=\"https:\/\/www.copealcoy.es\/wp-content\/uploads\/2021\/08\/Camp-de-futbol-municipal-El-Collao.jpg\" \/>\n\t<meta property=\"og:image:width\" content=\"1600\" \/>\n\t<meta property=\"og:image:height\" content=\"1200\" \/>\n\t<meta property=\"og:image:type\" content=\"image\/jpeg\" \/>\n<meta name=\"author\" content=\"Cope Alcoy\" \/>\n<meta name=\"twitter:label1\" content=\"Escrito por\" \/>\n\t<meta name=\"twitter:data1\" content=\"Cope Alcoy\" \/>\n\t<meta name=\"twitter:label2\" content=\"Tiempo de lectura\" \/>\n\t<meta name=\"twitter:data2\" content=\"1 minuto\" \/>\n<script type=\"application\/ld+json\" class=\"yoast-schema-graph\">{\"@context\":\"https:\\\/\\\/schema.org\",\"@graph\":[{\"@type\":\"Article\",\"@id\":\"https:\\\/\\\/www.copealcoy.es\\\/es\\\/videomarcador-per-al-collao-proposta-mes-votada-en-els-pressupostos-participatius\\\/#article\",\"isPartOf\":{\"@id\":\"https:\\\/\\\/www.copealcoy.es\\\/es\\\/videomarcador-per-al-collao-proposta-mes-votada-en-els-pressupostos-participatius\\\/\"},\"author\":{\"name\":\"Cope Alcoy\",\"@id\":\"https:\\\/\\\/www.copealcoy.es\\\/es\\\/#\\\/schema\\\/person\\\/e777c87fa024e57d40170af9df39882c\"},\"headline\":\"Videomarcador per al Collao, proposta m\u00e9s votada en els Pressupostos Participatius\",\"datePublished\":\"2021-12-29T10:57:11+00:00\",\"dateModified\":\"2021-12-29T11:45:53+00:00\",\"mainEntityOfPage\":{\"@id\":\"https:\\\/\\\/www.copealcoy.es\\\/es\\\/videomarcador-per-al-collao-proposta-mes-votada-en-els-pressupostos-participatius\\\/\"},\"wordCount\":232,\"commentCount\":0,\"image\":{\"@id\":\"https:\\\/\\\/www.copealcoy.es\\\/es\\\/videomarcador-per-al-collao-proposta-mes-votada-en-els-pressupostos-participatius\\\/#primaryimage\"},\"thumbnailUrl\":\"https:\\\/\\\/www.copealcoy.es\\\/wp-content\\\/uploads\\\/2021\\\/08\\\/Camp-de-futbol-municipal-El-Collao-e1641574273355.jpg\",\"keywords\":[\"Alcoi\",\"Collao\",\"Pressupostos Participatius\",\"Tere Sanjuan\"],\"articleSection\":[\"Alcoy\",\"Deportes\",\"Noticias\",\"Pol\u00edtica y Econom\u00eda\"],\"inLanguage\":\"es\"},{\"@type\":\"WebPage\",\"@id\":\"https:\\\/\\\/www.copealcoy.es\\\/es\\\/videomarcador-per-al-collao-proposta-mes-votada-en-els-pressupostos-participatius\\\/\",\"url\":\"https:\\\/\\\/www.copealcoy.es\\\/es\\\/videomarcador-per-al-collao-proposta-mes-votada-en-els-pressupostos-participatius\\\/\",\"name\":\"Videomarcador per al Collao, proposta m\u00e9s votada en els Pressupostos Participatius - COPE Alcoy\",\"isPartOf\":{\"@id\":\"https:\\\/\\\/www.copealcoy.es\\\/es\\\/#website\"},\"primaryImageOfPage\":{\"@id\":\"https:\\\/\\\/www.copealcoy.es\\\/es\\\/videomarcador-per-al-collao-proposta-mes-votada-en-els-pressupostos-participatius\\\/#primaryimage\"},\"image\":{\"@id\":\"https:\\\/\\\/www.copealcoy.es\\\/es\\\/videomarcador-per-al-collao-proposta-mes-votada-en-els-pressupostos-participatius\\\/#primaryimage\"},\"thumbnailUrl\":\"https:\\\/\\\/www.copealcoy.es\\\/wp-content\\\/uploads\\\/2021\\\/08\\\/Camp-de-futbol-municipal-El-Collao-e1641574273355.jpg\",\"datePublished\":\"2021-12-29T10:57:11+00:00\",\"dateModified\":\"2021-12-29T11:45:53+00:00\",\"author\":{\"@id\":\"https:\\\/\\\/www.copealcoy.es\\\/es\\\/#\\\/schema\\\/person\\\/e777c87fa024e57d40170af9df39882c\"},\"breadcrumb\":{\"@id\":\"https:\\\/\\\/www.copealcoy.es\\\/es\\\/videomarcador-per-al-collao-proposta-mes-votada-en-els-pressupostos-participatius\\\/#breadcrumb\"},\"inLanguage\":\"es\",\"potentialAction\":[{\"@type\":\"ReadAction\",\"target\":[\"https:\\\/\\\/www.copealcoy.es\\\/es\\\/videomarcador-per-al-collao-proposta-mes-votada-en-els-pressupostos-participatius\\\/\"]}]},{\"@type\":\"ImageObject\",\"inLanguage\":\"es\",\"@id\":\"https:\\\/\\\/www.copealcoy.es\\\/es\\\/videomarcador-per-al-collao-proposta-mes-votada-en-els-pressupostos-participatius\\\/#primaryimage\",\"url\":\"https:\\\/\\\/www.copealcoy.es\\\/wp-content\\\/uploads\\\/2021\\\/08\\\/Camp-de-futbol-municipal-El-Collao-e1641574273355.jpg\",\"contentUrl\":\"https:\\\/\\\/www.copealcoy.es\\\/wp-content\\\/uploads\\\/2021\\\/08\\\/Camp-de-futbol-municipal-El-Collao-e1641574273355.jpg\",\"width\":640,\"height\":480},{\"@type\":\"BreadcrumbList\",\"@id\":\"https:\\\/\\\/www.copealcoy.es\\\/es\\\/videomarcador-per-al-collao-proposta-mes-votada-en-els-pressupostos-participatius\\\/#breadcrumb\",\"itemListElement\":[{\"@type\":\"ListItem\",\"position\":1,\"name\":\"Portada\",\"item\":\"https:\\\/\\\/www.copealcoy.es\\\/es\\\/\"},{\"@type\":\"ListItem\",\"position\":2,\"name\":\"Videomarcador per al Collao, proposta m\u00e9s votada en els Pressupostos Participatius\"}]},{\"@type\":\"WebSite\",\"@id\":\"https:\\\/\\\/www.copealcoy.es\\\/es\\\/#website\",\"url\":\"https:\\\/\\\/www.copealcoy.es\\\/es\\\/\",\"name\":\"COPE Alcoy\",\"description\":\"Emisora COPE de radio local con emisi\u00f3n online. Pont de Sant Jordi 8-10 03803 Alcoy\",\"potentialAction\":[{\"@type\":\"SearchAction\",\"target\":{\"@type\":\"EntryPoint\",\"urlTemplate\":\"https:\\\/\\\/www.copealcoy.es\\\/es\\\/?s={search_term_string}\"},\"query-input\":{\"@type\":\"PropertyValueSpecification\",\"valueRequired\":true,\"valueName\":\"search_term_string\"}}],\"inLanguage\":\"es\"},{\"@type\":\"Person\",\"@id\":\"https:\\\/\\\/www.copealcoy.es\\\/es\\\/#\\\/schema\\\/person\\\/e777c87fa024e57d40170af9df39882c\",\"name\":\"Cope Alcoy\",\"image\":{\"@type\":\"ImageObject\",\"inLanguage\":\"es\",\"@id\":\"https:\\\/\\\/secure.gravatar.com\\\/avatar\\\/bb65d0283347e303893ba14f0692005417c1e0e690a325a4c5d8bb2b3943ee14?s=96&d=mm&r=g\",\"url\":\"https:\\\/\\\/secure.gravatar.com\\\/avatar\\\/bb65d0283347e303893ba14f0692005417c1e0e690a325a4c5d8bb2b3943ee14?s=96&d=mm&r=g\",\"contentUrl\":\"https:\\\/\\\/secure.gravatar.com\\\/avatar\\\/bb65d0283347e303893ba14f0692005417c1e0e690a325a4c5d8bb2b3943ee14?s=96&d=mm&r=g\",\"caption\":\"Cope Alcoy\"}}]}<\/script>\n<!-- \/ Yoast SEO plugin. -->","yoast_head_json":{"title":"Videomarcador per al Collao, proposta m\u00e9s votada en els Pressupostos Participatius - COPE Alcoy","robots":{"index":"index","follow":"follow","max-snippet":"max-snippet:-1","max-image-preview":"max-image-preview:large","max-video-preview":"max-video-preview:-1"},"canonical":"https:\/\/www.copealcoy.es\/es\/videomarcador-per-al-collao-proposta-mes-votada-en-els-pressupostos-participatius\/","og_locale":"es_ES","og_type":"article","og_title":"Videomarcador per al Collao, proposta m\u00e9s votada en els Pressupostos Participatius - COPE Alcoy","og_description":"La campanya dels Pressupostos Participatius d&#8217;Alcoi ja ha finalitzat despr\u00e9s del per\u00edode de votaci\u00f3 de la ciutadania. En aquesta ocasi\u00f3...","og_url":"https:\/\/www.copealcoy.es\/es\/videomarcador-per-al-collao-proposta-mes-votada-en-els-pressupostos-participatius\/","og_site_name":"COPE Alcoy","article_published_time":"2021-12-29T10:57:11+00:00","article_modified_time":"2021-12-29T11:45:53+00:00","og_image":[{"width":1600,"height":1200,"url":"https:\/\/www.copealcoy.es\/wp-content\/uploads\/2021\/08\/Camp-de-futbol-municipal-El-Collao.jpg","type":"image\/jpeg"}],"author":"Cope Alcoy","twitter_misc":{"Escrito por":"Cope Alcoy","Tiempo de lectura":"1 minuto"},"schema":{"@context":"https:\/\/schema.org","@graph":[{"@type":"Article","@id":"https:\/\/www.copealcoy.es\/es\/videomarcador-per-al-collao-proposta-mes-votada-en-els-pressupostos-participatius\/#article","isPartOf":{"@id":"https:\/\/www.copealcoy.es\/es\/videomarcador-per-al-collao-proposta-mes-votada-en-els-pressupostos-participatius\/"},"author":{"name":"Cope Alcoy","@id":"https:\/\/www.copealcoy.es\/es\/#\/schema\/person\/e777c87fa024e57d40170af9df39882c"},"headline":"Videomarcador per al Collao, proposta m\u00e9s votada en els Pressupostos Participatius","datePublished":"2021-12-29T10:57:11+00:00","dateModified":"2021-12-29T11:45:53+00:00","mainEntityOfPage":{"@id":"https:\/\/www.copealcoy.es\/es\/videomarcador-per-al-collao-proposta-mes-votada-en-els-pressupostos-participatius\/"},"wordCount":232,"commentCount":0,"image":{"@id":"https:\/\/www.copealcoy.es\/es\/videomarcador-per-al-collao-proposta-mes-votada-en-els-pressupostos-participatius\/#primaryimage"},"thumbnailUrl":"https:\/\/www.copealcoy.es\/wp-content\/uploads\/2021\/08\/Camp-de-futbol-municipal-El-Collao-e1641574273355.jpg","keywords":["Alcoi","Collao","Pressupostos Participatius","Tere Sanjuan"],"articleSection":["Alcoy","Deportes","Noticias","Pol\u00edtica y Econom\u00eda"],"inLanguage":"es"},{"@type":"WebPage","@id":"https:\/\/www.copealcoy.es\/es\/videomarcador-per-al-collao-proposta-mes-votada-en-els-pressupostos-participatius\/","url":"https:\/\/www.copealcoy.es\/es\/videomarcador-per-al-collao-proposta-mes-votada-en-els-pressupostos-participatius\/","name":"Videomarcador per al Collao, proposta m\u00e9s votada en els Pressupostos Participatius - COPE Alcoy","isPartOf":{"@id":"https:\/\/www.copealcoy.es\/es\/#website"},"primaryImageOfPage":{"@id":"https:\/\/www.copealcoy.es\/es\/videomarcador-per-al-collao-proposta-mes-votada-en-els-pressupostos-participatius\/#primaryimage"},"image":{"@id":"https:\/\/www.copealcoy.es\/es\/videomarcador-per-al-collao-proposta-mes-votada-en-els-pressupostos-participatius\/#primaryimage"},"thumbnailUrl":"https:\/\/www.copealcoy.es\/wp-content\/uploads\/2021\/08\/Camp-de-futbol-municipal-El-Collao-e1641574273355.jpg","datePublished":"2021-12-29T10:57:11+00:00","dateModified":"2021-12-29T11:45:53+00:00","author":{"@id":"https:\/\/www.copealcoy.es\/es\/#\/schema\/person\/e777c87fa024e57d40170af9df39882c"},"breadcrumb":{"@id":"https:\/\/www.copealcoy.es\/es\/videomarcador-per-al-collao-proposta-mes-votada-en-els-pressupostos-participatius\/#breadcrumb"},"inLanguage":"es","potentialAction":[{"@type":"ReadAction","target":["https:\/\/www.copealcoy.es\/es\/videomarcador-per-al-collao-proposta-mes-votada-en-els-pressupostos-participatius\/"]}]},{"@type":"ImageObject","inLanguage":"es","@id":"https:\/\/www.copealcoy.es\/es\/videomarcador-per-al-collao-proposta-mes-votada-en-els-pressupostos-participatius\/#primaryimage","url":"https:\/\/www.copealcoy.es\/wp-content\/uploads\/2021\/08\/Camp-de-futbol-municipal-El-Collao-e1641574273355.jpg","contentUrl":"https:\/\/www.copealcoy.es\/wp-content\/uploads\/2021\/08\/Camp-de-futbol-municipal-El-Collao-e1641574273355.jpg","width":640,"height":480},{"@type":"BreadcrumbList","@id":"https:\/\/www.copealcoy.es\/es\/videomarcador-per-al-collao-proposta-mes-votada-en-els-pressupostos-participatius\/#breadcrumb","itemListElement":[{"@type":"ListItem","position":1,"name":"Portada","item":"https:\/\/www.copealcoy.es\/es\/"},{"@type":"ListItem","position":2,"name":"Videomarcador per al Collao, proposta m\u00e9s votada en els Pressupostos Participatius"}]},{"@type":"WebSite","@id":"https:\/\/www.copealcoy.es\/es\/#website","url":"https:\/\/www.copealcoy.es\/es\/","name":"COPE Alcoy","description":"Emisora COPE de radio local con emisi\u00f3n online. Pont de Sant Jordi 8-10 03803 Alcoy","potentialAction":[{"@type":"SearchAction","target":{"@type":"EntryPoint","urlTemplate":"https:\/\/www.copealcoy.es\/es\/?s={search_term_string}"},"query-input":{"@type":"PropertyValueSpecification","valueRequired":true,"valueName":"search_term_string"}}],"inLanguage":"es"},{"@type":"Person","@id":"https:\/\/www.copealcoy.es\/es\/#\/schema\/person\/e777c87fa024e57d40170af9df39882c","name":"Cope Alcoy","image":{"@type":"ImageObject","inLanguage":"es","@id":"https:\/\/secure.gravatar.com\/avatar\/bb65d0283347e303893ba14f0692005417c1e0e690a325a4c5d8bb2b3943ee14?s=96&d=mm&r=g","url":"https:\/\/secure.gravatar.com\/avatar\/bb65d0283347e303893ba14f0692005417c1e0e690a325a4c5d8bb2b3943ee14?s=96&d=mm&r=g","contentUrl":"https:\/\/secure.gravatar.com\/avatar\/bb65d0283347e303893ba14f0692005417c1e0e690a325a4c5d8bb2b3943ee14?s=96&d=mm&r=g","caption":"Cope Alcoy"}}]}},"_links":{"self":[{"href":"https:\/\/www.copealcoy.es\/es\/wp-json\/wp\/v2\/posts\/81895","targetHints":{"allow":["GET"]}}],"collection":[{"href":"https:\/\/www.copealcoy.es\/es\/wp-json\/wp\/v2\/posts"}],"about":[{"href":"https:\/\/www.copealcoy.es\/es\/wp-json\/wp\/v2\/types\/post"}],"author":[{"embeddable":true,"href":"https:\/\/www.copealcoy.es\/es\/wp-json\/wp\/v2\/users\/1"}],"replies":[{"embeddable":true,"href":"https:\/\/www.copealcoy.es\/es\/wp-json\/wp\/v2\/comments?post=81895"}],"version-history":[{"count":0,"href":"https:\/\/www.copealcoy.es\/es\/wp-json\/wp\/v2\/posts\/81895\/revisions"}],"wp:featuredmedia":[{"embeddable":true,"href":"https:\/\/www.copealcoy.es\/es\/wp-json\/wp\/v2\/media\/76851"}],"wp:attachment":[{"href":"https:\/\/www.copealcoy.es\/es\/wp-json\/wp\/v2\/media?parent=81895"}],"wp:term":[{"taxonomy":"category","embeddable":true,"href":"https:\/\/www.copealcoy.es\/es\/wp-json\/wp\/v2\/categories?post=81895"},{"taxonomy":"post_tag","embeddable":true,"href":"https:\/\/www.copealcoy.es\/es\/wp-json\/wp\/v2\/tags?post=81895"}],"curies":[{"name":"wp","href":"https:\/\/api.w.org\/{rel}","templated":true}]}}