{"id":81871,"date":"2021-12-28T15:21:33","date_gmt":"2021-12-28T14:21:33","guid":{"rendered":"https:\/\/www.copealcoy.es\/?p=81871"},"modified":"2021-12-28T15:39:21","modified_gmt":"2021-12-28T14:39:21","slug":"la-cavalcada-de-muro-tornara-a-ser-estatica","status":"publish","type":"post","link":"https:\/\/www.copealcoy.es\/es\/la-cavalcada-de-muro-tornara-a-ser-estatica\/","title":{"rendered":"La Cavalcada de Muro tornar\u00e0 a ser est\u00e0tica"},"content":{"rendered":"<p style=\"text-align: justify;\">L&#8217;<strong>Associaci\u00f3 dels Reis Mags de Muro<\/strong> ha comunicat <strong>el format que tindr\u00e0 la Cavalcada del municipi el pr\u00f2xim 5 de gener de 2020<\/strong>. La desfilada<strong> tornar\u00e0 a ser est\u00e0tica<\/strong>, per tal de <strong>garantir les mesures de seguretat<\/strong> enfront de la Covid-19, i tindr\u00e0 lloc <strong>a la Pla\u00e7a l&#8217;Ermita<\/strong>.<\/p>\n<p style=\"text-align: justify;\">L&#8217;acte <strong>comen\u00e7ar\u00e0 a les 17:30 hores i finalitzar\u00e0 a les 20:30 hores<\/strong>. L&#8217;acc\u00e9s <strong>ser\u00e0 exclusivament pel carrer La Patrona<\/strong>, on estar\u00e0 el punt d&#8217;entrada, i per a accedir <strong>faran falta uns tiquets que es podran retirar al Centre Cultural els dies 29 i 30 de desembre de 2021 i els dies 3 i 4 de gener de 2022<\/strong>. Ser\u00e0 <strong>en horari de 8:30 hores a 14:30 hores<\/strong>. L&#8217;entrada i el recorregut <strong>estar\u00e0 marcat per tanques<\/strong> mentre que els Reis <strong>estaran acompanyats per la Xafig\u00e0\u00a0i per la Uni\u00f3 Musical de Muro<\/strong> &#8220;<em>ten\u00edem la intenci\u00f3 de fer la Cavalcada pel recorregut habitual, i aix\u00ed ho hav\u00edem planificat, per\u00f2 l&#8217;increment de contagis que hem patit a les nostres comarques en els \u00faltims dies ens ha obligat a tornar a fer el mateix que l&#8217;any passat. El m\u00e9s important\u00a0<span class=\"hiddenSpellError\">es<\/span> que Ses Majestats no faltaran a la seua cita amb el poble de Muro i els m\u00e9s menuts podran gaudir de la seua pres\u00e8ncia. Es prega m\u00e0xim respecte per les recomanacions sanit\u00e0ries. Si en algun moment no es compliren les normes, l&#8217;acte ser\u00e0 susp\u00e9s immediatament<\/em>&#8220;, destacava en COPE ALCOI <strong>Abraham Molina<\/strong>, President\u00a0de l&#8217;esmentada Associaci\u00f3 dels Reis Mags.<\/p>\n<p style=\"text-align: justify;\">Abans d&#8217;a\u00e7\u00f2, <strong>el dia 1 de gener el Patge Reial estar\u00e0 a les portes del Castell de la Pla\u00e7a\u00a0<span class=\"hiddenSpellError\">Matzem<\/span><\/strong>\u00a0perqu\u00e8 els m\u00e9s menuts li puguen fer arribar les seues cartes. Romandr\u00e0\u00a0all\u00ed <strong>fins a les 20 hores<\/strong> i ser\u00e0 acompanyat per <strong>la B<span class=\"hiddenSpellError\">rass<\/span> B<span class=\"hiddenSpellError\">and<\/span>\u00a0<span class=\"hiddenSpellError\">Fanf\u00e0rrics<\/span><\/strong>, la qual oferir\u00e0 un concert mentre estiga l&#8217;Emissari al municipi.<\/p>\n","protected":false},"excerpt":{"rendered":"<p>L&#8217;Associaci\u00f3 dels Reis Mags de Muro ha comunicat el format que tindr\u00e0 la Cavalcada del municipi el pr\u00f2xim 5 de&#8230;<\/p>\n","protected":false},"author":1,"featured_media":81872,"comment_status":"open","ping_status":"open","sticky":false,"template":"","format":"standard","meta":{"footnotes":""},"categories":[98,75],"tags":[10551,12243,135,10136],"class_list":["post-81871","post","type-post","status-publish","format-standard","has-post-thumbnail","hentry","category-comarcas","category-noticias","tag-cavalcada","tag-format-estatic","tag-muro","tag-reis-mags"],"yoast_head":"<!-- This site is optimized with the Yoast SEO plugin v27.3 - https:\/\/yoast.com\/product\/yoast-seo-wordpress\/ -->\n<title>La Cavalcada de Muro tornar\u00e0 a ser est\u00e0tica - COPE Alcoy<\/title>\n<meta name=\"robots\" content=\"index, follow, max-snippet:-1, max-image-preview:large, max-video-preview:-1\" \/>\n<link rel=\"canonical\" href=\"https:\/\/www.copealcoy.es\/es\/la-cavalcada-de-muro-tornara-a-ser-estatica\/\" \/>\n<meta property=\"og:locale\" content=\"es_ES\" \/>\n<meta property=\"og:type\" content=\"article\" \/>\n<meta property=\"og:title\" content=\"La Cavalcada de Muro tornar\u00e0 a ser est\u00e0tica - COPE Alcoy\" \/>\n<meta property=\"og:description\" content=\"L&#8217;Associaci\u00f3 dels Reis Mags de Muro ha comunicat el format que tindr\u00e0 la Cavalcada del municipi el pr\u00f2xim 5 de...\" \/>\n<meta property=\"og:url\" content=\"https:\/\/www.copealcoy.es\/es\/la-cavalcada-de-muro-tornara-a-ser-estatica\/\" \/>\n<meta property=\"og:site_name\" content=\"COPE Alcoy\" \/>\n<meta property=\"article:published_time\" content=\"2021-12-28T14:21:33+00:00\" \/>\n<meta property=\"article:modified_time\" content=\"2021-12-28T14:39:21+00:00\" \/>\n<meta property=\"og:image\" content=\"https:\/\/www.copealcoy.es\/wp-content\/uploads\/2021\/12\/135792159_220739849538339_4195304139088361732_n.jpg\" \/>\n\t<meta property=\"og:image:width\" content=\"1440\" \/>\n\t<meta property=\"og:image:height\" content=\"1080\" \/>\n\t<meta property=\"og:image:type\" content=\"image\/jpeg\" \/>\n<meta name=\"author\" content=\"Cope Alcoy\" \/>\n<meta name=\"twitter:label1\" content=\"Escrito por\" \/>\n\t<meta name=\"twitter:data1\" content=\"Cope Alcoy\" \/>\n\t<meta name=\"twitter:label2\" content=\"Tiempo de lectura\" \/>\n\t<meta name=\"twitter:data2\" content=\"2 minutos\" \/>\n<script type=\"application\/ld+json\" class=\"yoast-schema-graph\">{\"@context\":\"https:\\\/\\\/schema.org\",\"@graph\":[{\"@type\":\"Article\",\"@id\":\"https:\\\/\\\/www.copealcoy.es\\\/es\\\/la-cavalcada-de-muro-tornara-a-ser-estatica\\\/#article\",\"isPartOf\":{\"@id\":\"https:\\\/\\\/www.copealcoy.es\\\/es\\\/la-cavalcada-de-muro-tornara-a-ser-estatica\\\/\"},\"author\":{\"name\":\"Cope Alcoy\",\"@id\":\"https:\\\/\\\/www.copealcoy.es\\\/es\\\/#\\\/schema\\\/person\\\/e777c87fa024e57d40170af9df39882c\"},\"headline\":\"La Cavalcada de Muro tornar\u00e0 a ser est\u00e0tica\",\"datePublished\":\"2021-12-28T14:21:33+00:00\",\"dateModified\":\"2021-12-28T14:39:21+00:00\",\"mainEntityOfPage\":{\"@id\":\"https:\\\/\\\/www.copealcoy.es\\\/es\\\/la-cavalcada-de-muro-tornara-a-ser-estatica\\\/\"},\"wordCount\":322,\"commentCount\":0,\"image\":{\"@id\":\"https:\\\/\\\/www.copealcoy.es\\\/es\\\/la-cavalcada-de-muro-tornara-a-ser-estatica\\\/#primaryimage\"},\"thumbnailUrl\":\"https:\\\/\\\/www.copealcoy.es\\\/wp-content\\\/uploads\\\/2021\\\/12\\\/135792159_220739849538339_4195304139088361732_n.jpg\",\"keywords\":[\"Cavalcada\",\"format est\u00e0tic\",\"Muro\",\"Reis Mags\"],\"articleSection\":[\"Comarcas\",\"Noticias\"],\"inLanguage\":\"es\"},{\"@type\":\"WebPage\",\"@id\":\"https:\\\/\\\/www.copealcoy.es\\\/es\\\/la-cavalcada-de-muro-tornara-a-ser-estatica\\\/\",\"url\":\"https:\\\/\\\/www.copealcoy.es\\\/es\\\/la-cavalcada-de-muro-tornara-a-ser-estatica\\\/\",\"name\":\"La Cavalcada de Muro tornar\u00e0 a ser est\u00e0tica - COPE Alcoy\",\"isPartOf\":{\"@id\":\"https:\\\/\\\/www.copealcoy.es\\\/es\\\/#website\"},\"primaryImageOfPage\":{\"@id\":\"https:\\\/\\\/www.copealcoy.es\\\/es\\\/la-cavalcada-de-muro-tornara-a-ser-estatica\\\/#primaryimage\"},\"image\":{\"@id\":\"https:\\\/\\\/www.copealcoy.es\\\/es\\\/la-cavalcada-de-muro-tornara-a-ser-estatica\\\/#primaryimage\"},\"thumbnailUrl\":\"https:\\\/\\\/www.copealcoy.es\\\/wp-content\\\/uploads\\\/2021\\\/12\\\/135792159_220739849538339_4195304139088361732_n.jpg\",\"datePublished\":\"2021-12-28T14:21:33+00:00\",\"dateModified\":\"2021-12-28T14:39:21+00:00\",\"author\":{\"@id\":\"https:\\\/\\\/www.copealcoy.es\\\/es\\\/#\\\/schema\\\/person\\\/e777c87fa024e57d40170af9df39882c\"},\"breadcrumb\":{\"@id\":\"https:\\\/\\\/www.copealcoy.es\\\/es\\\/la-cavalcada-de-muro-tornara-a-ser-estatica\\\/#breadcrumb\"},\"inLanguage\":\"es\",\"potentialAction\":[{\"@type\":\"ReadAction\",\"target\":[\"https:\\\/\\\/www.copealcoy.es\\\/es\\\/la-cavalcada-de-muro-tornara-a-ser-estatica\\\/\"]}]},{\"@type\":\"ImageObject\",\"inLanguage\":\"es\",\"@id\":\"https:\\\/\\\/www.copealcoy.es\\\/es\\\/la-cavalcada-de-muro-tornara-a-ser-estatica\\\/#primaryimage\",\"url\":\"https:\\\/\\\/www.copealcoy.es\\\/wp-content\\\/uploads\\\/2021\\\/12\\\/135792159_220739849538339_4195304139088361732_n.jpg\",\"contentUrl\":\"https:\\\/\\\/www.copealcoy.es\\\/wp-content\\\/uploads\\\/2021\\\/12\\\/135792159_220739849538339_4195304139088361732_n.jpg\",\"width\":1440,\"height\":1080},{\"@type\":\"BreadcrumbList\",\"@id\":\"https:\\\/\\\/www.copealcoy.es\\\/es\\\/la-cavalcada-de-muro-tornara-a-ser-estatica\\\/#breadcrumb\",\"itemListElement\":[{\"@type\":\"ListItem\",\"position\":1,\"name\":\"Portada\",\"item\":\"https:\\\/\\\/www.copealcoy.es\\\/es\\\/\"},{\"@type\":\"ListItem\",\"position\":2,\"name\":\"La Cavalcada de Muro tornar\u00e0 a ser est\u00e0tica\"}]},{\"@type\":\"WebSite\",\"@id\":\"https:\\\/\\\/www.copealcoy.es\\\/es\\\/#website\",\"url\":\"https:\\\/\\\/www.copealcoy.es\\\/es\\\/\",\"name\":\"COPE Alcoy\",\"description\":\"Emisora COPE de radio local con emisi\u00f3n online. Pont de Sant Jordi 8-10 03803 Alcoy\",\"potentialAction\":[{\"@type\":\"SearchAction\",\"target\":{\"@type\":\"EntryPoint\",\"urlTemplate\":\"https:\\\/\\\/www.copealcoy.es\\\/es\\\/?s={search_term_string}\"},\"query-input\":{\"@type\":\"PropertyValueSpecification\",\"valueRequired\":true,\"valueName\":\"search_term_string\"}}],\"inLanguage\":\"es\"},{\"@type\":\"Person\",\"@id\":\"https:\\\/\\\/www.copealcoy.es\\\/es\\\/#\\\/schema\\\/person\\\/e777c87fa024e57d40170af9df39882c\",\"name\":\"Cope Alcoy\",\"image\":{\"@type\":\"ImageObject\",\"inLanguage\":\"es\",\"@id\":\"https:\\\/\\\/secure.gravatar.com\\\/avatar\\\/bb65d0283347e303893ba14f0692005417c1e0e690a325a4c5d8bb2b3943ee14?s=96&d=mm&r=g\",\"url\":\"https:\\\/\\\/secure.gravatar.com\\\/avatar\\\/bb65d0283347e303893ba14f0692005417c1e0e690a325a4c5d8bb2b3943ee14?s=96&d=mm&r=g\",\"contentUrl\":\"https:\\\/\\\/secure.gravatar.com\\\/avatar\\\/bb65d0283347e303893ba14f0692005417c1e0e690a325a4c5d8bb2b3943ee14?s=96&d=mm&r=g\",\"caption\":\"Cope Alcoy\"}}]}<\/script>\n<!-- \/ Yoast SEO plugin. -->","yoast_head_json":{"title":"La Cavalcada de Muro tornar\u00e0 a ser est\u00e0tica - COPE Alcoy","robots":{"index":"index","follow":"follow","max-snippet":"max-snippet:-1","max-image-preview":"max-image-preview:large","max-video-preview":"max-video-preview:-1"},"canonical":"https:\/\/www.copealcoy.es\/es\/la-cavalcada-de-muro-tornara-a-ser-estatica\/","og_locale":"es_ES","og_type":"article","og_title":"La Cavalcada de Muro tornar\u00e0 a ser est\u00e0tica - COPE Alcoy","og_description":"L&#8217;Associaci\u00f3 dels Reis Mags de Muro ha comunicat el format que tindr\u00e0 la Cavalcada del municipi el pr\u00f2xim 5 de...","og_url":"https:\/\/www.copealcoy.es\/es\/la-cavalcada-de-muro-tornara-a-ser-estatica\/","og_site_name":"COPE Alcoy","article_published_time":"2021-12-28T14:21:33+00:00","article_modified_time":"2021-12-28T14:39:21+00:00","og_image":[{"width":1440,"height":1080,"url":"https:\/\/www.copealcoy.es\/wp-content\/uploads\/2021\/12\/135792159_220739849538339_4195304139088361732_n.jpg","type":"image\/jpeg"}],"author":"Cope Alcoy","twitter_misc":{"Escrito por":"Cope Alcoy","Tiempo de lectura":"2 minutos"},"schema":{"@context":"https:\/\/schema.org","@graph":[{"@type":"Article","@id":"https:\/\/www.copealcoy.es\/es\/la-cavalcada-de-muro-tornara-a-ser-estatica\/#article","isPartOf":{"@id":"https:\/\/www.copealcoy.es\/es\/la-cavalcada-de-muro-tornara-a-ser-estatica\/"},"author":{"name":"Cope Alcoy","@id":"https:\/\/www.copealcoy.es\/es\/#\/schema\/person\/e777c87fa024e57d40170af9df39882c"},"headline":"La Cavalcada de Muro tornar\u00e0 a ser est\u00e0tica","datePublished":"2021-12-28T14:21:33+00:00","dateModified":"2021-12-28T14:39:21+00:00","mainEntityOfPage":{"@id":"https:\/\/www.copealcoy.es\/es\/la-cavalcada-de-muro-tornara-a-ser-estatica\/"},"wordCount":322,"commentCount":0,"image":{"@id":"https:\/\/www.copealcoy.es\/es\/la-cavalcada-de-muro-tornara-a-ser-estatica\/#primaryimage"},"thumbnailUrl":"https:\/\/www.copealcoy.es\/wp-content\/uploads\/2021\/12\/135792159_220739849538339_4195304139088361732_n.jpg","keywords":["Cavalcada","format est\u00e0tic","Muro","Reis Mags"],"articleSection":["Comarcas","Noticias"],"inLanguage":"es"},{"@type":"WebPage","@id":"https:\/\/www.copealcoy.es\/es\/la-cavalcada-de-muro-tornara-a-ser-estatica\/","url":"https:\/\/www.copealcoy.es\/es\/la-cavalcada-de-muro-tornara-a-ser-estatica\/","name":"La Cavalcada de Muro tornar\u00e0 a ser est\u00e0tica - COPE Alcoy","isPartOf":{"@id":"https:\/\/www.copealcoy.es\/es\/#website"},"primaryImageOfPage":{"@id":"https:\/\/www.copealcoy.es\/es\/la-cavalcada-de-muro-tornara-a-ser-estatica\/#primaryimage"},"image":{"@id":"https:\/\/www.copealcoy.es\/es\/la-cavalcada-de-muro-tornara-a-ser-estatica\/#primaryimage"},"thumbnailUrl":"https:\/\/www.copealcoy.es\/wp-content\/uploads\/2021\/12\/135792159_220739849538339_4195304139088361732_n.jpg","datePublished":"2021-12-28T14:21:33+00:00","dateModified":"2021-12-28T14:39:21+00:00","author":{"@id":"https:\/\/www.copealcoy.es\/es\/#\/schema\/person\/e777c87fa024e57d40170af9df39882c"},"breadcrumb":{"@id":"https:\/\/www.copealcoy.es\/es\/la-cavalcada-de-muro-tornara-a-ser-estatica\/#breadcrumb"},"inLanguage":"es","potentialAction":[{"@type":"ReadAction","target":["https:\/\/www.copealcoy.es\/es\/la-cavalcada-de-muro-tornara-a-ser-estatica\/"]}]},{"@type":"ImageObject","inLanguage":"es","@id":"https:\/\/www.copealcoy.es\/es\/la-cavalcada-de-muro-tornara-a-ser-estatica\/#primaryimage","url":"https:\/\/www.copealcoy.es\/wp-content\/uploads\/2021\/12\/135792159_220739849538339_4195304139088361732_n.jpg","contentUrl":"https:\/\/www.copealcoy.es\/wp-content\/uploads\/2021\/12\/135792159_220739849538339_4195304139088361732_n.jpg","width":1440,"height":1080},{"@type":"BreadcrumbList","@id":"https:\/\/www.copealcoy.es\/es\/la-cavalcada-de-muro-tornara-a-ser-estatica\/#breadcrumb","itemListElement":[{"@type":"ListItem","position":1,"name":"Portada","item":"https:\/\/www.copealcoy.es\/es\/"},{"@type":"ListItem","position":2,"name":"La Cavalcada de Muro tornar\u00e0 a ser est\u00e0tica"}]},{"@type":"WebSite","@id":"https:\/\/www.copealcoy.es\/es\/#website","url":"https:\/\/www.copealcoy.es\/es\/","name":"COPE Alcoy","description":"Emisora COPE de radio local con emisi\u00f3n online. Pont de Sant Jordi 8-10 03803 Alcoy","potentialAction":[{"@type":"SearchAction","target":{"@type":"EntryPoint","urlTemplate":"https:\/\/www.copealcoy.es\/es\/?s={search_term_string}"},"query-input":{"@type":"PropertyValueSpecification","valueRequired":true,"valueName":"search_term_string"}}],"inLanguage":"es"},{"@type":"Person","@id":"https:\/\/www.copealcoy.es\/es\/#\/schema\/person\/e777c87fa024e57d40170af9df39882c","name":"Cope Alcoy","image":{"@type":"ImageObject","inLanguage":"es","@id":"https:\/\/secure.gravatar.com\/avatar\/bb65d0283347e303893ba14f0692005417c1e0e690a325a4c5d8bb2b3943ee14?s=96&d=mm&r=g","url":"https:\/\/secure.gravatar.com\/avatar\/bb65d0283347e303893ba14f0692005417c1e0e690a325a4c5d8bb2b3943ee14?s=96&d=mm&r=g","contentUrl":"https:\/\/secure.gravatar.com\/avatar\/bb65d0283347e303893ba14f0692005417c1e0e690a325a4c5d8bb2b3943ee14?s=96&d=mm&r=g","caption":"Cope Alcoy"}}]}},"_links":{"self":[{"href":"https:\/\/www.copealcoy.es\/es\/wp-json\/wp\/v2\/posts\/81871","targetHints":{"allow":["GET"]}}],"collection":[{"href":"https:\/\/www.copealcoy.es\/es\/wp-json\/wp\/v2\/posts"}],"about":[{"href":"https:\/\/www.copealcoy.es\/es\/wp-json\/wp\/v2\/types\/post"}],"author":[{"embeddable":true,"href":"https:\/\/www.copealcoy.es\/es\/wp-json\/wp\/v2\/users\/1"}],"replies":[{"embeddable":true,"href":"https:\/\/www.copealcoy.es\/es\/wp-json\/wp\/v2\/comments?post=81871"}],"version-history":[{"count":0,"href":"https:\/\/www.copealcoy.es\/es\/wp-json\/wp\/v2\/posts\/81871\/revisions"}],"wp:featuredmedia":[{"embeddable":true,"href":"https:\/\/www.copealcoy.es\/es\/wp-json\/wp\/v2\/media\/81872"}],"wp:attachment":[{"href":"https:\/\/www.copealcoy.es\/es\/wp-json\/wp\/v2\/media?parent=81871"}],"wp:term":[{"taxonomy":"category","embeddable":true,"href":"https:\/\/www.copealcoy.es\/es\/wp-json\/wp\/v2\/categories?post=81871"},{"taxonomy":"post_tag","embeddable":true,"href":"https:\/\/www.copealcoy.es\/es\/wp-json\/wp\/v2\/tags?post=81871"}],"curies":[{"name":"wp","href":"https:\/\/api.w.org\/{rel}","templated":true}]}}