{"id":81802,"date":"2021-12-27T13:53:18","date_gmt":"2021-12-27T12:53:18","guid":{"rendered":"https:\/\/www.copealcoy.es\/?p=81802"},"modified":"2021-12-27T15:59:30","modified_gmt":"2021-12-27T14:59:30","slug":"alcoy-trabaja-en-su-plan-de-sostenibilidad-turistica","status":"publish","type":"post","link":"https:\/\/www.copealcoy.es\/es\/alcoy-trabaja-en-su-plan-de-sostenibilidad-turistica\/","title":{"rendered":"Alcoy trabaja en su Plan de Sostenibilidad Tur\u00edstica"},"content":{"rendered":"<p style=\"text-align: justify;\">Alcoy <strong>percibir\u00e1 un total de 3 millones de euros de los Fondos Next Generation de la Uni\u00f3n Europea<\/strong> para desarrollar <strong>su Plan de Sostenibilidad Tur\u00edstica<\/strong>. La iniciativa<strong> se articula en torno a varios ejes<\/strong> y contempla l<strong>a ejecuci\u00f3n de importantes proyectos<\/strong> para nuestra ciudad.<\/p>\n<p style=\"text-align: justify;\">Ser\u00e1n <strong>un total de seis intervenciones<\/strong> como l<strong>a adecuaci\u00f3n paisaj\u00edstica junto a la conexi\u00f3n verde peatonal del BIC del Molinar<\/strong> con el acceso sur, con un coste de m\u00e1s de 1&#8217;7 millones de euros, y <strong>la renovaci\u00f3n de los alumbrados para embellecer espacios tur\u00edsticos<\/strong> que supondr\u00e1 una inversi\u00f3n de 600.000 euros. Asimismo destaca el <strong>proyecto de realidad virtual<\/strong> con 210.000 euros, destinado a recrear las principales industrias del pasado de Alcoy, y <strong>la instalaci\u00f3n de puntos de wifi p\u00fablico<\/strong> en espacios tur\u00edsticos por m\u00e1s de 100.000 euros. Finalmente se prev\u00e9 destinar cerca de 225.000 euros a <strong>la creaci\u00f3n de un centro de interpretaci\u00f3n de la sociedad industrial<\/strong> en el conjunto del Molinar y unos 87.000 euros para <strong>consolidar el &#8216;Mol\u00ed de Tort&#8217;<\/strong> en el citado BIC del Molinar &#8220;<em>un total de 45 ciudades de la Comunidad Valenciana presentaron proyectos para obtener esta financiaci\u00f3n y nosotros nos hemos quedado entre las 11 primeras. Este Plan de Sostenibilidad tur\u00edstica sit\u00faa a Alcoy como ciudad modelo de c\u00f3mo impulsar un destino tur\u00edstico de interior<\/em>&#8220;, afirma el alcalde; <strong>Antonio Franc\u00e9s<\/strong>. Por su parte, la edil de Turismo incide en que todos los proyectos anteriormente comentados <strong>cumplen con los requisitos para acceder los fondos europeos para tal fin<\/strong> &#8220;<em>el objetivo que se persigue es crear una oferta tur\u00edstica diferenciada, de alta calidad, innovadora y sostenible. Son iniciativas que apuestan por la accesibilidad, movilidad, eficiencia y digitalizaci\u00f3n<\/em>&#8220;, remarca <strong>Lorena Zamorano<\/strong>.<\/p>\n<p style=\"text-align: justify;\">Todos los proyectos, seg\u00fan ha recordado el Gobierno Municipal del PSOE, <strong>se ejecutar\u00e1n entre los a\u00f1os 2022 y 2023<\/strong>.<\/p>\n","protected":false},"excerpt":{"rendered":"<p>Alcoy percibir\u00e1 un total de 3 millones de euros de los Fondos Next Generation de la Uni\u00f3n Europea para desarrollar&#8230;<\/p>\n","protected":false},"author":1,"featured_media":81803,"comment_status":"open","ping_status":"open","sticky":false,"template":"","format":"standard","meta":{"footnotes":""},"categories":[6909,97,75,125],"tags":[1494,1796,2457,12237,681,12238],"class_list":["post-81802","post","type-post","status-publish","format-standard","has-post-thumbnail","hentry","category-actualidad","category-alcoy","category-noticias","category-portada","tag-alcoy","tag-lorena-zamorano","tag-plan","tag-sostenibilidad-turistica","tag-toni-frances","tag-turismo-sostenible"],"yoast_head":"<!-- This site is optimized with the Yoast SEO plugin v27.3 - https:\/\/yoast.com\/product\/yoast-seo-wordpress\/ -->\n<title>Alcoy trabaja en su Plan de Sostenibilidad Tur\u00edstica - COPE Alcoy<\/title>\n<meta name=\"robots\" content=\"index, follow, max-snippet:-1, max-image-preview:large, max-video-preview:-1\" \/>\n<link rel=\"canonical\" href=\"https:\/\/www.copealcoy.es\/es\/alcoy-trabaja-en-su-plan-de-sostenibilidad-turistica\/\" \/>\n<meta property=\"og:locale\" content=\"es_ES\" \/>\n<meta property=\"og:type\" content=\"article\" \/>\n<meta property=\"og:title\" content=\"Alcoy trabaja en su Plan de Sostenibilidad Tur\u00edstica - COPE Alcoy\" \/>\n<meta property=\"og:description\" content=\"Alcoy percibir\u00e1 un total de 3 millones de euros de los Fondos Next Generation de la Uni\u00f3n Europea para desarrollar...\" \/>\n<meta property=\"og:url\" content=\"https:\/\/www.copealcoy.es\/es\/alcoy-trabaja-en-su-plan-de-sostenibilidad-turistica\/\" \/>\n<meta property=\"og:site_name\" content=\"COPE Alcoy\" \/>\n<meta property=\"article:published_time\" content=\"2021-12-27T12:53:18+00:00\" \/>\n<meta property=\"article:modified_time\" content=\"2021-12-27T14:59:30+00:00\" \/>\n<meta property=\"og:image\" content=\"https:\/\/www.copealcoy.es\/wp-content\/uploads\/2021\/12\/foto-de-la-roda-de-premsa-pla-de-sostenibilitat-turistica-dalcoi.jpg\" \/>\n\t<meta property=\"og:image:width\" content=\"1620\" \/>\n\t<meta property=\"og:image:height\" content=\"1080\" \/>\n\t<meta property=\"og:image:type\" content=\"image\/jpeg\" \/>\n<meta name=\"author\" content=\"Cope Alcoy\" \/>\n<meta name=\"twitter:label1\" content=\"Escrito por\" \/>\n\t<meta name=\"twitter:data1\" content=\"Cope Alcoy\" \/>\n\t<meta name=\"twitter:label2\" content=\"Tiempo de lectura\" \/>\n\t<meta name=\"twitter:data2\" content=\"2 minutos\" \/>\n<script type=\"application\/ld+json\" class=\"yoast-schema-graph\">{\"@context\":\"https:\\\/\\\/schema.org\",\"@graph\":[{\"@type\":\"Article\",\"@id\":\"https:\\\/\\\/www.copealcoy.es\\\/es\\\/alcoy-trabaja-en-su-plan-de-sostenibilidad-turistica\\\/#article\",\"isPartOf\":{\"@id\":\"https:\\\/\\\/www.copealcoy.es\\\/es\\\/alcoy-trabaja-en-su-plan-de-sostenibilidad-turistica\\\/\"},\"author\":{\"name\":\"Cope Alcoy\",\"@id\":\"https:\\\/\\\/www.copealcoy.es\\\/es\\\/#\\\/schema\\\/person\\\/e777c87fa024e57d40170af9df39882c\"},\"headline\":\"Alcoy trabaja en su Plan de Sostenibilidad Tur\u00edstica\",\"datePublished\":\"2021-12-27T12:53:18+00:00\",\"dateModified\":\"2021-12-27T14:59:30+00:00\",\"mainEntityOfPage\":{\"@id\":\"https:\\\/\\\/www.copealcoy.es\\\/es\\\/alcoy-trabaja-en-su-plan-de-sostenibilidad-turistica\\\/\"},\"wordCount\":323,\"commentCount\":0,\"image\":{\"@id\":\"https:\\\/\\\/www.copealcoy.es\\\/es\\\/alcoy-trabaja-en-su-plan-de-sostenibilidad-turistica\\\/#primaryimage\"},\"thumbnailUrl\":\"https:\\\/\\\/www.copealcoy.es\\\/wp-content\\\/uploads\\\/2021\\\/12\\\/foto-de-la-roda-de-premsa-pla-de-sostenibilitat-turistica-dalcoi.jpg\",\"keywords\":[\"Alcoy\",\"Lorena Zamorano\",\"Plan\",\"Sostenibilidad Tur\u00edstica\",\"Toni Franc\u00e9s\",\"Turismo Sostenible\"],\"articleSection\":[\"Actualidad\",\"Alcoy\",\"Noticias\",\"Portada\"],\"inLanguage\":\"es\"},{\"@type\":\"WebPage\",\"@id\":\"https:\\\/\\\/www.copealcoy.es\\\/es\\\/alcoy-trabaja-en-su-plan-de-sostenibilidad-turistica\\\/\",\"url\":\"https:\\\/\\\/www.copealcoy.es\\\/es\\\/alcoy-trabaja-en-su-plan-de-sostenibilidad-turistica\\\/\",\"name\":\"Alcoy trabaja en su Plan de Sostenibilidad Tur\u00edstica - COPE Alcoy\",\"isPartOf\":{\"@id\":\"https:\\\/\\\/www.copealcoy.es\\\/es\\\/#website\"},\"primaryImageOfPage\":{\"@id\":\"https:\\\/\\\/www.copealcoy.es\\\/es\\\/alcoy-trabaja-en-su-plan-de-sostenibilidad-turistica\\\/#primaryimage\"},\"image\":{\"@id\":\"https:\\\/\\\/www.copealcoy.es\\\/es\\\/alcoy-trabaja-en-su-plan-de-sostenibilidad-turistica\\\/#primaryimage\"},\"thumbnailUrl\":\"https:\\\/\\\/www.copealcoy.es\\\/wp-content\\\/uploads\\\/2021\\\/12\\\/foto-de-la-roda-de-premsa-pla-de-sostenibilitat-turistica-dalcoi.jpg\",\"datePublished\":\"2021-12-27T12:53:18+00:00\",\"dateModified\":\"2021-12-27T14:59:30+00:00\",\"author\":{\"@id\":\"https:\\\/\\\/www.copealcoy.es\\\/es\\\/#\\\/schema\\\/person\\\/e777c87fa024e57d40170af9df39882c\"},\"breadcrumb\":{\"@id\":\"https:\\\/\\\/www.copealcoy.es\\\/es\\\/alcoy-trabaja-en-su-plan-de-sostenibilidad-turistica\\\/#breadcrumb\"},\"inLanguage\":\"es\",\"potentialAction\":[{\"@type\":\"ReadAction\",\"target\":[\"https:\\\/\\\/www.copealcoy.es\\\/es\\\/alcoy-trabaja-en-su-plan-de-sostenibilidad-turistica\\\/\"]}]},{\"@type\":\"ImageObject\",\"inLanguage\":\"es\",\"@id\":\"https:\\\/\\\/www.copealcoy.es\\\/es\\\/alcoy-trabaja-en-su-plan-de-sostenibilidad-turistica\\\/#primaryimage\",\"url\":\"https:\\\/\\\/www.copealcoy.es\\\/wp-content\\\/uploads\\\/2021\\\/12\\\/foto-de-la-roda-de-premsa-pla-de-sostenibilitat-turistica-dalcoi.jpg\",\"contentUrl\":\"https:\\\/\\\/www.copealcoy.es\\\/wp-content\\\/uploads\\\/2021\\\/12\\\/foto-de-la-roda-de-premsa-pla-de-sostenibilitat-turistica-dalcoi.jpg\",\"width\":1620,\"height\":1080},{\"@type\":\"BreadcrumbList\",\"@id\":\"https:\\\/\\\/www.copealcoy.es\\\/es\\\/alcoy-trabaja-en-su-plan-de-sostenibilidad-turistica\\\/#breadcrumb\",\"itemListElement\":[{\"@type\":\"ListItem\",\"position\":1,\"name\":\"Portada\",\"item\":\"https:\\\/\\\/www.copealcoy.es\\\/es\\\/\"},{\"@type\":\"ListItem\",\"position\":2,\"name\":\"Alcoy trabaja en su Plan de Sostenibilidad Tur\u00edstica\"}]},{\"@type\":\"WebSite\",\"@id\":\"https:\\\/\\\/www.copealcoy.es\\\/es\\\/#website\",\"url\":\"https:\\\/\\\/www.copealcoy.es\\\/es\\\/\",\"name\":\"COPE Alcoy\",\"description\":\"Emisora COPE de radio local con emisi\u00f3n online. Pont de Sant Jordi 8-10 03803 Alcoy\",\"potentialAction\":[{\"@type\":\"SearchAction\",\"target\":{\"@type\":\"EntryPoint\",\"urlTemplate\":\"https:\\\/\\\/www.copealcoy.es\\\/es\\\/?s={search_term_string}\"},\"query-input\":{\"@type\":\"PropertyValueSpecification\",\"valueRequired\":true,\"valueName\":\"search_term_string\"}}],\"inLanguage\":\"es\"},{\"@type\":\"Person\",\"@id\":\"https:\\\/\\\/www.copealcoy.es\\\/es\\\/#\\\/schema\\\/person\\\/e777c87fa024e57d40170af9df39882c\",\"name\":\"Cope Alcoy\",\"image\":{\"@type\":\"ImageObject\",\"inLanguage\":\"es\",\"@id\":\"https:\\\/\\\/secure.gravatar.com\\\/avatar\\\/bb65d0283347e303893ba14f0692005417c1e0e690a325a4c5d8bb2b3943ee14?s=96&d=mm&r=g\",\"url\":\"https:\\\/\\\/secure.gravatar.com\\\/avatar\\\/bb65d0283347e303893ba14f0692005417c1e0e690a325a4c5d8bb2b3943ee14?s=96&d=mm&r=g\",\"contentUrl\":\"https:\\\/\\\/secure.gravatar.com\\\/avatar\\\/bb65d0283347e303893ba14f0692005417c1e0e690a325a4c5d8bb2b3943ee14?s=96&d=mm&r=g\",\"caption\":\"Cope Alcoy\"}}]}<\/script>\n<!-- \/ Yoast SEO plugin. -->","yoast_head_json":{"title":"Alcoy trabaja en su Plan de Sostenibilidad Tur\u00edstica - COPE Alcoy","robots":{"index":"index","follow":"follow","max-snippet":"max-snippet:-1","max-image-preview":"max-image-preview:large","max-video-preview":"max-video-preview:-1"},"canonical":"https:\/\/www.copealcoy.es\/es\/alcoy-trabaja-en-su-plan-de-sostenibilidad-turistica\/","og_locale":"es_ES","og_type":"article","og_title":"Alcoy trabaja en su Plan de Sostenibilidad Tur\u00edstica - COPE Alcoy","og_description":"Alcoy percibir\u00e1 un total de 3 millones de euros de los Fondos Next Generation de la Uni\u00f3n Europea para desarrollar...","og_url":"https:\/\/www.copealcoy.es\/es\/alcoy-trabaja-en-su-plan-de-sostenibilidad-turistica\/","og_site_name":"COPE Alcoy","article_published_time":"2021-12-27T12:53:18+00:00","article_modified_time":"2021-12-27T14:59:30+00:00","og_image":[{"width":1620,"height":1080,"url":"https:\/\/www.copealcoy.es\/wp-content\/uploads\/2021\/12\/foto-de-la-roda-de-premsa-pla-de-sostenibilitat-turistica-dalcoi.jpg","type":"image\/jpeg"}],"author":"Cope Alcoy","twitter_misc":{"Escrito por":"Cope Alcoy","Tiempo de lectura":"2 minutos"},"schema":{"@context":"https:\/\/schema.org","@graph":[{"@type":"Article","@id":"https:\/\/www.copealcoy.es\/es\/alcoy-trabaja-en-su-plan-de-sostenibilidad-turistica\/#article","isPartOf":{"@id":"https:\/\/www.copealcoy.es\/es\/alcoy-trabaja-en-su-plan-de-sostenibilidad-turistica\/"},"author":{"name":"Cope Alcoy","@id":"https:\/\/www.copealcoy.es\/es\/#\/schema\/person\/e777c87fa024e57d40170af9df39882c"},"headline":"Alcoy trabaja en su Plan de Sostenibilidad Tur\u00edstica","datePublished":"2021-12-27T12:53:18+00:00","dateModified":"2021-12-27T14:59:30+00:00","mainEntityOfPage":{"@id":"https:\/\/www.copealcoy.es\/es\/alcoy-trabaja-en-su-plan-de-sostenibilidad-turistica\/"},"wordCount":323,"commentCount":0,"image":{"@id":"https:\/\/www.copealcoy.es\/es\/alcoy-trabaja-en-su-plan-de-sostenibilidad-turistica\/#primaryimage"},"thumbnailUrl":"https:\/\/www.copealcoy.es\/wp-content\/uploads\/2021\/12\/foto-de-la-roda-de-premsa-pla-de-sostenibilitat-turistica-dalcoi.jpg","keywords":["Alcoy","Lorena Zamorano","Plan","Sostenibilidad Tur\u00edstica","Toni Franc\u00e9s","Turismo Sostenible"],"articleSection":["Actualidad","Alcoy","Noticias","Portada"],"inLanguage":"es"},{"@type":"WebPage","@id":"https:\/\/www.copealcoy.es\/es\/alcoy-trabaja-en-su-plan-de-sostenibilidad-turistica\/","url":"https:\/\/www.copealcoy.es\/es\/alcoy-trabaja-en-su-plan-de-sostenibilidad-turistica\/","name":"Alcoy trabaja en su Plan de Sostenibilidad Tur\u00edstica - COPE Alcoy","isPartOf":{"@id":"https:\/\/www.copealcoy.es\/es\/#website"},"primaryImageOfPage":{"@id":"https:\/\/www.copealcoy.es\/es\/alcoy-trabaja-en-su-plan-de-sostenibilidad-turistica\/#primaryimage"},"image":{"@id":"https:\/\/www.copealcoy.es\/es\/alcoy-trabaja-en-su-plan-de-sostenibilidad-turistica\/#primaryimage"},"thumbnailUrl":"https:\/\/www.copealcoy.es\/wp-content\/uploads\/2021\/12\/foto-de-la-roda-de-premsa-pla-de-sostenibilitat-turistica-dalcoi.jpg","datePublished":"2021-12-27T12:53:18+00:00","dateModified":"2021-12-27T14:59:30+00:00","author":{"@id":"https:\/\/www.copealcoy.es\/es\/#\/schema\/person\/e777c87fa024e57d40170af9df39882c"},"breadcrumb":{"@id":"https:\/\/www.copealcoy.es\/es\/alcoy-trabaja-en-su-plan-de-sostenibilidad-turistica\/#breadcrumb"},"inLanguage":"es","potentialAction":[{"@type":"ReadAction","target":["https:\/\/www.copealcoy.es\/es\/alcoy-trabaja-en-su-plan-de-sostenibilidad-turistica\/"]}]},{"@type":"ImageObject","inLanguage":"es","@id":"https:\/\/www.copealcoy.es\/es\/alcoy-trabaja-en-su-plan-de-sostenibilidad-turistica\/#primaryimage","url":"https:\/\/www.copealcoy.es\/wp-content\/uploads\/2021\/12\/foto-de-la-roda-de-premsa-pla-de-sostenibilitat-turistica-dalcoi.jpg","contentUrl":"https:\/\/www.copealcoy.es\/wp-content\/uploads\/2021\/12\/foto-de-la-roda-de-premsa-pla-de-sostenibilitat-turistica-dalcoi.jpg","width":1620,"height":1080},{"@type":"BreadcrumbList","@id":"https:\/\/www.copealcoy.es\/es\/alcoy-trabaja-en-su-plan-de-sostenibilidad-turistica\/#breadcrumb","itemListElement":[{"@type":"ListItem","position":1,"name":"Portada","item":"https:\/\/www.copealcoy.es\/es\/"},{"@type":"ListItem","position":2,"name":"Alcoy trabaja en su Plan de Sostenibilidad Tur\u00edstica"}]},{"@type":"WebSite","@id":"https:\/\/www.copealcoy.es\/es\/#website","url":"https:\/\/www.copealcoy.es\/es\/","name":"COPE Alcoy","description":"Emisora COPE de radio local con emisi\u00f3n online. Pont de Sant Jordi 8-10 03803 Alcoy","potentialAction":[{"@type":"SearchAction","target":{"@type":"EntryPoint","urlTemplate":"https:\/\/www.copealcoy.es\/es\/?s={search_term_string}"},"query-input":{"@type":"PropertyValueSpecification","valueRequired":true,"valueName":"search_term_string"}}],"inLanguage":"es"},{"@type":"Person","@id":"https:\/\/www.copealcoy.es\/es\/#\/schema\/person\/e777c87fa024e57d40170af9df39882c","name":"Cope Alcoy","image":{"@type":"ImageObject","inLanguage":"es","@id":"https:\/\/secure.gravatar.com\/avatar\/bb65d0283347e303893ba14f0692005417c1e0e690a325a4c5d8bb2b3943ee14?s=96&d=mm&r=g","url":"https:\/\/secure.gravatar.com\/avatar\/bb65d0283347e303893ba14f0692005417c1e0e690a325a4c5d8bb2b3943ee14?s=96&d=mm&r=g","contentUrl":"https:\/\/secure.gravatar.com\/avatar\/bb65d0283347e303893ba14f0692005417c1e0e690a325a4c5d8bb2b3943ee14?s=96&d=mm&r=g","caption":"Cope Alcoy"}}]}},"_links":{"self":[{"href":"https:\/\/www.copealcoy.es\/es\/wp-json\/wp\/v2\/posts\/81802","targetHints":{"allow":["GET"]}}],"collection":[{"href":"https:\/\/www.copealcoy.es\/es\/wp-json\/wp\/v2\/posts"}],"about":[{"href":"https:\/\/www.copealcoy.es\/es\/wp-json\/wp\/v2\/types\/post"}],"author":[{"embeddable":true,"href":"https:\/\/www.copealcoy.es\/es\/wp-json\/wp\/v2\/users\/1"}],"replies":[{"embeddable":true,"href":"https:\/\/www.copealcoy.es\/es\/wp-json\/wp\/v2\/comments?post=81802"}],"version-history":[{"count":0,"href":"https:\/\/www.copealcoy.es\/es\/wp-json\/wp\/v2\/posts\/81802\/revisions"}],"wp:featuredmedia":[{"embeddable":true,"href":"https:\/\/www.copealcoy.es\/es\/wp-json\/wp\/v2\/media\/81803"}],"wp:attachment":[{"href":"https:\/\/www.copealcoy.es\/es\/wp-json\/wp\/v2\/media?parent=81802"}],"wp:term":[{"taxonomy":"category","embeddable":true,"href":"https:\/\/www.copealcoy.es\/es\/wp-json\/wp\/v2\/categories?post=81802"},{"taxonomy":"post_tag","embeddable":true,"href":"https:\/\/www.copealcoy.es\/es\/wp-json\/wp\/v2\/tags?post=81802"}],"curies":[{"name":"wp","href":"https:\/\/api.w.org\/{rel}","templated":true}]}}