{"id":81720,"date":"2021-12-24T19:23:18","date_gmt":"2021-12-24T18:23:18","guid":{"rendered":"https:\/\/www.copealcoy.es\/?p=81720"},"modified":"2021-12-24T19:35:42","modified_gmt":"2021-12-24T18:35:42","slug":"asi-es-el-belen-de-la-parroquia-de-santa-maria-de-alcoy","status":"publish","type":"post","link":"https:\/\/www.copealcoy.es\/es\/asi-es-el-belen-de-la-parroquia-de-santa-maria-de-alcoy\/","title":{"rendered":"As\u00ed es el Bel\u00e9n de la Parroquia de Santa Mar\u00eda de Alcoy"},"content":{"rendered":"<p style=\"text-align: justify;\">La <strong>Asociaci\u00f3n Belenista de Santa Rosa de Alcoy<\/strong> ha montado <strong>este impresionante Bel\u00e9n<\/strong> en el <strong>interior de la Parroquia de Santa Mar\u00eda<\/strong> de nuestra ciudad. Aqu\u00ed os dejamos <strong>algunas im\u00e1genes de la espectacular puesta en escena<\/strong> y te recomendamos que aproveches esta Navidad para poder visitarlo.<\/p>\n<div id='gallery-1' class='gallery galleryid-81720 gallery-columns-2 gallery-size-medium'><figure class='gallery-item'>\n\t\t\t<div class='gallery-icon landscape'>\n\t\t\t\t<a href='https:\/\/www.copealcoy.es\/es\/asi-es-el-belen-de-la-parroquia-de-santa-maria-de-alcoy\/unnamed-7-5\/'><img loading=\"lazy\" decoding=\"async\" width=\"413\" height=\"455\" src=\"https:\/\/www.copealcoy.es\/wp-content\/uploads\/2021\/12\/unnamed-7-3-413x455.jpg\" class=\"attachment-medium size-medium\" alt=\"\" \/><\/a>\n\t\t\t<\/div><\/figure><figure class='gallery-item'>\n\t\t\t<div class='gallery-icon landscape'>\n\t\t\t\t<a href='https:\/\/www.copealcoy.es\/es\/asi-es-el-belen-de-la-parroquia-de-santa-maria-de-alcoy\/unnamed-6-5\/'><img loading=\"lazy\" decoding=\"async\" width=\"413\" height=\"455\" src=\"https:\/\/www.copealcoy.es\/wp-content\/uploads\/2021\/12\/unnamed-6-3-413x455.jpg\" class=\"attachment-medium size-medium\" alt=\"\" \/><\/a>\n\t\t\t<\/div><\/figure><figure class='gallery-item'>\n\t\t\t<div class='gallery-icon landscape'>\n\t\t\t\t<a href='https:\/\/www.copealcoy.es\/es\/asi-es-el-belen-de-la-parroquia-de-santa-maria-de-alcoy\/unnamed-5-5\/'><img loading=\"lazy\" decoding=\"async\" width=\"413\" height=\"455\" src=\"https:\/\/www.copealcoy.es\/wp-content\/uploads\/2021\/12\/unnamed-5-3-413x455.jpg\" class=\"attachment-medium size-medium\" alt=\"\" \/><\/a>\n\t\t\t<\/div><\/figure><figure class='gallery-item'>\n\t\t\t<div class='gallery-icon landscape'>\n\t\t\t\t<a href='https:\/\/www.copealcoy.es\/es\/asi-es-el-belen-de-la-parroquia-de-santa-maria-de-alcoy\/unnamed-4-4\/'><img loading=\"lazy\" decoding=\"async\" width=\"413\" height=\"455\" src=\"https:\/\/www.copealcoy.es\/wp-content\/uploads\/2021\/12\/unnamed-4-2-413x455.jpg\" class=\"attachment-medium size-medium\" alt=\"\" \/><\/a>\n\t\t\t<\/div><\/figure><figure class='gallery-item'>\n\t\t\t<div class='gallery-icon landscape'>\n\t\t\t\t<a href='https:\/\/www.copealcoy.es\/es\/asi-es-el-belen-de-la-parroquia-de-santa-maria-de-alcoy\/unnamed-3-5\/'><img loading=\"lazy\" decoding=\"async\" width=\"413\" height=\"455\" src=\"https:\/\/www.copealcoy.es\/wp-content\/uploads\/2021\/12\/unnamed-3-4-413x455.jpg\" class=\"attachment-medium size-medium\" alt=\"\" \/><\/a>\n\t\t\t<\/div><\/figure><figure class='gallery-item'>\n\t\t\t<div class='gallery-icon landscape'>\n\t\t\t\t<a href='https:\/\/www.copealcoy.es\/es\/asi-es-el-belen-de-la-parroquia-de-santa-maria-de-alcoy\/unnamed-2-7\/'><img loading=\"lazy\" decoding=\"async\" width=\"413\" height=\"455\" src=\"https:\/\/www.copealcoy.es\/wp-content\/uploads\/2021\/12\/unnamed-2-5-413x455.jpg\" class=\"attachment-medium size-medium\" alt=\"\" \/><\/a>\n\t\t\t<\/div><\/figure><figure class='gallery-item'>\n\t\t\t<div class='gallery-icon landscape'>\n\t\t\t\t<a href='https:\/\/www.copealcoy.es\/es\/asi-es-el-belen-de-la-parroquia-de-santa-maria-de-alcoy\/unnamed-1-15\/'><img loading=\"lazy\" decoding=\"async\" width=\"413\" height=\"455\" src=\"https:\/\/www.copealcoy.es\/wp-content\/uploads\/2021\/12\/unnamed-1-6-413x455.jpg\" class=\"attachment-medium size-medium\" alt=\"\" \/><\/a>\n\t\t\t<\/div><\/figure><figure class='gallery-item'>\n\t\t\t<div class='gallery-icon landscape'>\n\t\t\t\t<a href='https:\/\/www.copealcoy.es\/es\/asi-es-el-belen-de-la-parroquia-de-santa-maria-de-alcoy\/unnamed-131\/'><img loading=\"lazy\" decoding=\"async\" width=\"413\" height=\"455\" src=\"https:\/\/www.copealcoy.es\/wp-content\/uploads\/2021\/12\/unnamed-23-413x455.jpg\" class=\"attachment-medium size-medium\" alt=\"\" \/><\/a>\n\t\t\t<\/div><\/figure><figure class='gallery-item'>\n\t\t\t<div class='gallery-icon landscape'>\n\t\t\t\t<a href='https:\/\/www.copealcoy.es\/es\/asi-es-el-belen-de-la-parroquia-de-santa-maria-de-alcoy\/unnamed-8-5\/'><img loading=\"lazy\" decoding=\"async\" width=\"413\" height=\"455\" src=\"https:\/\/www.copealcoy.es\/wp-content\/uploads\/2021\/12\/unnamed-8-3-413x455.jpg\" class=\"attachment-medium size-medium\" alt=\"\" \/><\/a>\n\t\t\t<\/div><\/figure><figure class='gallery-item'>\n\t\t\t<div class='gallery-icon landscape'>\n\t\t\t\t<a href='https:\/\/www.copealcoy.es\/es\/asi-es-el-belen-de-la-parroquia-de-santa-maria-de-alcoy\/unnamed-130\/'><img loading=\"lazy\" decoding=\"async\" width=\"413\" height=\"455\" src=\"https:\/\/www.copealcoy.es\/wp-content\/uploads\/2021\/12\/unnamed-22-413x455.jpg\" class=\"attachment-medium size-medium\" alt=\"\" \/><\/a>\n\t\t\t<\/div><\/figure>\n\t\t<\/div>\n\n<p>&nbsp;<\/p>\n<p>&nbsp;<\/p>\n","protected":false},"excerpt":{"rendered":"<p>La Asociaci\u00f3n Belenista de Santa Rosa de Alcoy ha montado este impresionante Bel\u00e9n en el interior de la Parroquia de&#8230;<\/p>\n","protected":false},"author":1,"featured_media":81721,"comment_status":"open","ping_status":"open","sticky":false,"template":"","format":"standard","meta":{"footnotes":""},"categories":[97,78,75],"tags":[1494,9502,210,4489],"class_list":["post-81720","post","type-post","status-publish","format-standard","has-post-thumbnail","hentry","category-alcoy","category-fiestaycultura","category-noticias","tag-alcoy","tag-asociacion-belenista-de-santa-rosa","tag-belen","tag-parroquia-de-santa-maria"],"yoast_head":"<!-- This site is optimized with the Yoast SEO plugin v27.3 - https:\/\/yoast.com\/product\/yoast-seo-wordpress\/ -->\n<title>As\u00ed es el Bel\u00e9n de la Parroquia de Santa Mar\u00eda de Alcoy - COPE Alcoy<\/title>\n<meta name=\"robots\" content=\"index, follow, max-snippet:-1, max-image-preview:large, max-video-preview:-1\" \/>\n<link rel=\"canonical\" href=\"https:\/\/www.copealcoy.es\/es\/asi-es-el-belen-de-la-parroquia-de-santa-maria-de-alcoy\/\" \/>\n<meta property=\"og:locale\" content=\"es_ES\" \/>\n<meta property=\"og:type\" content=\"article\" \/>\n<meta property=\"og:title\" content=\"As\u00ed es el Bel\u00e9n de la Parroquia de Santa Mar\u00eda de Alcoy - COPE Alcoy\" \/>\n<meta property=\"og:description\" content=\"La Asociaci\u00f3n Belenista de Santa Rosa de Alcoy ha montado este impresionante Bel\u00e9n en el interior de la Parroquia de...\" \/>\n<meta property=\"og:url\" content=\"https:\/\/www.copealcoy.es\/es\/asi-es-el-belen-de-la-parroquia-de-santa-maria-de-alcoy\/\" \/>\n<meta property=\"og:site_name\" content=\"COPE Alcoy\" \/>\n<meta property=\"article:published_time\" content=\"2021-12-24T18:23:18+00:00\" \/>\n<meta property=\"article:modified_time\" content=\"2021-12-24T18:35:42+00:00\" \/>\n<meta property=\"og:image\" content=\"https:\/\/www.copealcoy.es\/wp-content\/uploads\/2021\/12\/unnamed-22-scaled-e1640370085935.jpg\" \/>\n\t<meta property=\"og:image:width\" content=\"640\" \/>\n\t<meta property=\"og:image:height\" content=\"480\" \/>\n\t<meta property=\"og:image:type\" content=\"image\/jpeg\" \/>\n<meta name=\"author\" content=\"Cope Alcoy\" \/>\n<meta name=\"twitter:label1\" content=\"Escrito por\" \/>\n\t<meta name=\"twitter:data1\" content=\"Cope Alcoy\" \/>\n\t<meta name=\"twitter:label2\" content=\"Tiempo de lectura\" \/>\n\t<meta name=\"twitter:data2\" content=\"1 minuto\" \/>\n<script type=\"application\/ld+json\" class=\"yoast-schema-graph\">{\"@context\":\"https:\\\/\\\/schema.org\",\"@graph\":[{\"@type\":\"Article\",\"@id\":\"https:\\\/\\\/www.copealcoy.es\\\/es\\\/asi-es-el-belen-de-la-parroquia-de-santa-maria-de-alcoy\\\/#article\",\"isPartOf\":{\"@id\":\"https:\\\/\\\/www.copealcoy.es\\\/es\\\/asi-es-el-belen-de-la-parroquia-de-santa-maria-de-alcoy\\\/\"},\"author\":{\"name\":\"Cope Alcoy\",\"@id\":\"https:\\\/\\\/www.copealcoy.es\\\/es\\\/#\\\/schema\\\/person\\\/e777c87fa024e57d40170af9df39882c\"},\"headline\":\"As\u00ed es el Bel\u00e9n de la Parroquia de Santa Mar\u00eda de Alcoy\",\"datePublished\":\"2021-12-24T18:23:18+00:00\",\"dateModified\":\"2021-12-24T18:35:42+00:00\",\"mainEntityOfPage\":{\"@id\":\"https:\\\/\\\/www.copealcoy.es\\\/es\\\/asi-es-el-belen-de-la-parroquia-de-santa-maria-de-alcoy\\\/\"},\"wordCount\":71,\"commentCount\":0,\"image\":{\"@id\":\"https:\\\/\\\/www.copealcoy.es\\\/es\\\/asi-es-el-belen-de-la-parroquia-de-santa-maria-de-alcoy\\\/#primaryimage\"},\"thumbnailUrl\":\"https:\\\/\\\/www.copealcoy.es\\\/wp-content\\\/uploads\\\/2021\\\/12\\\/unnamed-22-scaled-e1640370085935.jpg\",\"keywords\":[\"Alcoy\",\"Asociaci\u00f3n Belenista de Santa Rosa\",\"Bel\u00e9n\",\"parroquia de Santa Mar\u00eda\"],\"articleSection\":[\"Alcoy\",\"Fiesta y Cultura\",\"Noticias\"],\"inLanguage\":\"es\"},{\"@type\":\"WebPage\",\"@id\":\"https:\\\/\\\/www.copealcoy.es\\\/es\\\/asi-es-el-belen-de-la-parroquia-de-santa-maria-de-alcoy\\\/\",\"url\":\"https:\\\/\\\/www.copealcoy.es\\\/es\\\/asi-es-el-belen-de-la-parroquia-de-santa-maria-de-alcoy\\\/\",\"name\":\"As\u00ed es el Bel\u00e9n de la Parroquia de Santa Mar\u00eda de Alcoy - COPE Alcoy\",\"isPartOf\":{\"@id\":\"https:\\\/\\\/www.copealcoy.es\\\/es\\\/#website\"},\"primaryImageOfPage\":{\"@id\":\"https:\\\/\\\/www.copealcoy.es\\\/es\\\/asi-es-el-belen-de-la-parroquia-de-santa-maria-de-alcoy\\\/#primaryimage\"},\"image\":{\"@id\":\"https:\\\/\\\/www.copealcoy.es\\\/es\\\/asi-es-el-belen-de-la-parroquia-de-santa-maria-de-alcoy\\\/#primaryimage\"},\"thumbnailUrl\":\"https:\\\/\\\/www.copealcoy.es\\\/wp-content\\\/uploads\\\/2021\\\/12\\\/unnamed-22-scaled-e1640370085935.jpg\",\"datePublished\":\"2021-12-24T18:23:18+00:00\",\"dateModified\":\"2021-12-24T18:35:42+00:00\",\"author\":{\"@id\":\"https:\\\/\\\/www.copealcoy.es\\\/es\\\/#\\\/schema\\\/person\\\/e777c87fa024e57d40170af9df39882c\"},\"breadcrumb\":{\"@id\":\"https:\\\/\\\/www.copealcoy.es\\\/es\\\/asi-es-el-belen-de-la-parroquia-de-santa-maria-de-alcoy\\\/#breadcrumb\"},\"inLanguage\":\"es\",\"potentialAction\":[{\"@type\":\"ReadAction\",\"target\":[\"https:\\\/\\\/www.copealcoy.es\\\/es\\\/asi-es-el-belen-de-la-parroquia-de-santa-maria-de-alcoy\\\/\"]}]},{\"@type\":\"ImageObject\",\"inLanguage\":\"es\",\"@id\":\"https:\\\/\\\/www.copealcoy.es\\\/es\\\/asi-es-el-belen-de-la-parroquia-de-santa-maria-de-alcoy\\\/#primaryimage\",\"url\":\"https:\\\/\\\/www.copealcoy.es\\\/wp-content\\\/uploads\\\/2021\\\/12\\\/unnamed-22-scaled-e1640370085935.jpg\",\"contentUrl\":\"https:\\\/\\\/www.copealcoy.es\\\/wp-content\\\/uploads\\\/2021\\\/12\\\/unnamed-22-scaled-e1640370085935.jpg\",\"width\":640,\"height\":480},{\"@type\":\"BreadcrumbList\",\"@id\":\"https:\\\/\\\/www.copealcoy.es\\\/es\\\/asi-es-el-belen-de-la-parroquia-de-santa-maria-de-alcoy\\\/#breadcrumb\",\"itemListElement\":[{\"@type\":\"ListItem\",\"position\":1,\"name\":\"Portada\",\"item\":\"https:\\\/\\\/www.copealcoy.es\\\/es\\\/\"},{\"@type\":\"ListItem\",\"position\":2,\"name\":\"As\u00ed es el Bel\u00e9n de la Parroquia de Santa Mar\u00eda de Alcoy\"}]},{\"@type\":\"WebSite\",\"@id\":\"https:\\\/\\\/www.copealcoy.es\\\/es\\\/#website\",\"url\":\"https:\\\/\\\/www.copealcoy.es\\\/es\\\/\",\"name\":\"COPE Alcoy\",\"description\":\"Emisora COPE de radio local con emisi\u00f3n online. Pont de Sant Jordi 8-10 03803 Alcoy\",\"potentialAction\":[{\"@type\":\"SearchAction\",\"target\":{\"@type\":\"EntryPoint\",\"urlTemplate\":\"https:\\\/\\\/www.copealcoy.es\\\/es\\\/?s={search_term_string}\"},\"query-input\":{\"@type\":\"PropertyValueSpecification\",\"valueRequired\":true,\"valueName\":\"search_term_string\"}}],\"inLanguage\":\"es\"},{\"@type\":\"Person\",\"@id\":\"https:\\\/\\\/www.copealcoy.es\\\/es\\\/#\\\/schema\\\/person\\\/e777c87fa024e57d40170af9df39882c\",\"name\":\"Cope Alcoy\",\"image\":{\"@type\":\"ImageObject\",\"inLanguage\":\"es\",\"@id\":\"https:\\\/\\\/secure.gravatar.com\\\/avatar\\\/bb65d0283347e303893ba14f0692005417c1e0e690a325a4c5d8bb2b3943ee14?s=96&d=mm&r=g\",\"url\":\"https:\\\/\\\/secure.gravatar.com\\\/avatar\\\/bb65d0283347e303893ba14f0692005417c1e0e690a325a4c5d8bb2b3943ee14?s=96&d=mm&r=g\",\"contentUrl\":\"https:\\\/\\\/secure.gravatar.com\\\/avatar\\\/bb65d0283347e303893ba14f0692005417c1e0e690a325a4c5d8bb2b3943ee14?s=96&d=mm&r=g\",\"caption\":\"Cope Alcoy\"}}]}<\/script>\n<!-- \/ Yoast SEO plugin. -->","yoast_head_json":{"title":"As\u00ed es el Bel\u00e9n de la Parroquia de Santa Mar\u00eda de Alcoy - COPE Alcoy","robots":{"index":"index","follow":"follow","max-snippet":"max-snippet:-1","max-image-preview":"max-image-preview:large","max-video-preview":"max-video-preview:-1"},"canonical":"https:\/\/www.copealcoy.es\/es\/asi-es-el-belen-de-la-parroquia-de-santa-maria-de-alcoy\/","og_locale":"es_ES","og_type":"article","og_title":"As\u00ed es el Bel\u00e9n de la Parroquia de Santa Mar\u00eda de Alcoy - COPE Alcoy","og_description":"La Asociaci\u00f3n Belenista de Santa Rosa de Alcoy ha montado este impresionante Bel\u00e9n en el interior de la Parroquia de...","og_url":"https:\/\/www.copealcoy.es\/es\/asi-es-el-belen-de-la-parroquia-de-santa-maria-de-alcoy\/","og_site_name":"COPE Alcoy","article_published_time":"2021-12-24T18:23:18+00:00","article_modified_time":"2021-12-24T18:35:42+00:00","og_image":[{"width":640,"height":480,"url":"https:\/\/www.copealcoy.es\/wp-content\/uploads\/2021\/12\/unnamed-22-scaled-e1640370085935.jpg","type":"image\/jpeg"}],"author":"Cope Alcoy","twitter_misc":{"Escrito por":"Cope Alcoy","Tiempo de lectura":"1 minuto"},"schema":{"@context":"https:\/\/schema.org","@graph":[{"@type":"Article","@id":"https:\/\/www.copealcoy.es\/es\/asi-es-el-belen-de-la-parroquia-de-santa-maria-de-alcoy\/#article","isPartOf":{"@id":"https:\/\/www.copealcoy.es\/es\/asi-es-el-belen-de-la-parroquia-de-santa-maria-de-alcoy\/"},"author":{"name":"Cope Alcoy","@id":"https:\/\/www.copealcoy.es\/es\/#\/schema\/person\/e777c87fa024e57d40170af9df39882c"},"headline":"As\u00ed es el Bel\u00e9n de la Parroquia de Santa Mar\u00eda de Alcoy","datePublished":"2021-12-24T18:23:18+00:00","dateModified":"2021-12-24T18:35:42+00:00","mainEntityOfPage":{"@id":"https:\/\/www.copealcoy.es\/es\/asi-es-el-belen-de-la-parroquia-de-santa-maria-de-alcoy\/"},"wordCount":71,"commentCount":0,"image":{"@id":"https:\/\/www.copealcoy.es\/es\/asi-es-el-belen-de-la-parroquia-de-santa-maria-de-alcoy\/#primaryimage"},"thumbnailUrl":"https:\/\/www.copealcoy.es\/wp-content\/uploads\/2021\/12\/unnamed-22-scaled-e1640370085935.jpg","keywords":["Alcoy","Asociaci\u00f3n Belenista de Santa Rosa","Bel\u00e9n","parroquia de Santa Mar\u00eda"],"articleSection":["Alcoy","Fiesta y Cultura","Noticias"],"inLanguage":"es"},{"@type":"WebPage","@id":"https:\/\/www.copealcoy.es\/es\/asi-es-el-belen-de-la-parroquia-de-santa-maria-de-alcoy\/","url":"https:\/\/www.copealcoy.es\/es\/asi-es-el-belen-de-la-parroquia-de-santa-maria-de-alcoy\/","name":"As\u00ed es el Bel\u00e9n de la Parroquia de Santa Mar\u00eda de Alcoy - COPE Alcoy","isPartOf":{"@id":"https:\/\/www.copealcoy.es\/es\/#website"},"primaryImageOfPage":{"@id":"https:\/\/www.copealcoy.es\/es\/asi-es-el-belen-de-la-parroquia-de-santa-maria-de-alcoy\/#primaryimage"},"image":{"@id":"https:\/\/www.copealcoy.es\/es\/asi-es-el-belen-de-la-parroquia-de-santa-maria-de-alcoy\/#primaryimage"},"thumbnailUrl":"https:\/\/www.copealcoy.es\/wp-content\/uploads\/2021\/12\/unnamed-22-scaled-e1640370085935.jpg","datePublished":"2021-12-24T18:23:18+00:00","dateModified":"2021-12-24T18:35:42+00:00","author":{"@id":"https:\/\/www.copealcoy.es\/es\/#\/schema\/person\/e777c87fa024e57d40170af9df39882c"},"breadcrumb":{"@id":"https:\/\/www.copealcoy.es\/es\/asi-es-el-belen-de-la-parroquia-de-santa-maria-de-alcoy\/#breadcrumb"},"inLanguage":"es","potentialAction":[{"@type":"ReadAction","target":["https:\/\/www.copealcoy.es\/es\/asi-es-el-belen-de-la-parroquia-de-santa-maria-de-alcoy\/"]}]},{"@type":"ImageObject","inLanguage":"es","@id":"https:\/\/www.copealcoy.es\/es\/asi-es-el-belen-de-la-parroquia-de-santa-maria-de-alcoy\/#primaryimage","url":"https:\/\/www.copealcoy.es\/wp-content\/uploads\/2021\/12\/unnamed-22-scaled-e1640370085935.jpg","contentUrl":"https:\/\/www.copealcoy.es\/wp-content\/uploads\/2021\/12\/unnamed-22-scaled-e1640370085935.jpg","width":640,"height":480},{"@type":"BreadcrumbList","@id":"https:\/\/www.copealcoy.es\/es\/asi-es-el-belen-de-la-parroquia-de-santa-maria-de-alcoy\/#breadcrumb","itemListElement":[{"@type":"ListItem","position":1,"name":"Portada","item":"https:\/\/www.copealcoy.es\/es\/"},{"@type":"ListItem","position":2,"name":"As\u00ed es el Bel\u00e9n de la Parroquia de Santa Mar\u00eda de Alcoy"}]},{"@type":"WebSite","@id":"https:\/\/www.copealcoy.es\/es\/#website","url":"https:\/\/www.copealcoy.es\/es\/","name":"COPE Alcoy","description":"Emisora COPE de radio local con emisi\u00f3n online. Pont de Sant Jordi 8-10 03803 Alcoy","potentialAction":[{"@type":"SearchAction","target":{"@type":"EntryPoint","urlTemplate":"https:\/\/www.copealcoy.es\/es\/?s={search_term_string}"},"query-input":{"@type":"PropertyValueSpecification","valueRequired":true,"valueName":"search_term_string"}}],"inLanguage":"es"},{"@type":"Person","@id":"https:\/\/www.copealcoy.es\/es\/#\/schema\/person\/e777c87fa024e57d40170af9df39882c","name":"Cope Alcoy","image":{"@type":"ImageObject","inLanguage":"es","@id":"https:\/\/secure.gravatar.com\/avatar\/bb65d0283347e303893ba14f0692005417c1e0e690a325a4c5d8bb2b3943ee14?s=96&d=mm&r=g","url":"https:\/\/secure.gravatar.com\/avatar\/bb65d0283347e303893ba14f0692005417c1e0e690a325a4c5d8bb2b3943ee14?s=96&d=mm&r=g","contentUrl":"https:\/\/secure.gravatar.com\/avatar\/bb65d0283347e303893ba14f0692005417c1e0e690a325a4c5d8bb2b3943ee14?s=96&d=mm&r=g","caption":"Cope Alcoy"}}]}},"_links":{"self":[{"href":"https:\/\/www.copealcoy.es\/es\/wp-json\/wp\/v2\/posts\/81720","targetHints":{"allow":["GET"]}}],"collection":[{"href":"https:\/\/www.copealcoy.es\/es\/wp-json\/wp\/v2\/posts"}],"about":[{"href":"https:\/\/www.copealcoy.es\/es\/wp-json\/wp\/v2\/types\/post"}],"author":[{"embeddable":true,"href":"https:\/\/www.copealcoy.es\/es\/wp-json\/wp\/v2\/users\/1"}],"replies":[{"embeddable":true,"href":"https:\/\/www.copealcoy.es\/es\/wp-json\/wp\/v2\/comments?post=81720"}],"version-history":[{"count":0,"href":"https:\/\/www.copealcoy.es\/es\/wp-json\/wp\/v2\/posts\/81720\/revisions"}],"wp:featuredmedia":[{"embeddable":true,"href":"https:\/\/www.copealcoy.es\/es\/wp-json\/wp\/v2\/media\/81721"}],"wp:attachment":[{"href":"https:\/\/www.copealcoy.es\/es\/wp-json\/wp\/v2\/media?parent=81720"}],"wp:term":[{"taxonomy":"category","embeddable":true,"href":"https:\/\/www.copealcoy.es\/es\/wp-json\/wp\/v2\/categories?post=81720"},{"taxonomy":"post_tag","embeddable":true,"href":"https:\/\/www.copealcoy.es\/es\/wp-json\/wp\/v2\/tags?post=81720"}],"curies":[{"name":"wp","href":"https:\/\/api.w.org\/{rel}","templated":true}]}}