{"id":81677,"date":"2021-12-24T17:37:03","date_gmt":"2021-12-24T16:37:03","guid":{"rendered":"https:\/\/www.copealcoy.es\/?p=81677"},"modified":"2021-12-24T17:49:32","modified_gmt":"2021-12-24T16:49:32","slug":"galeria-els-castanyers-volvieron-a-la-plaza-por-nochebuena","status":"publish","type":"post","link":"https:\/\/www.copealcoy.es\/es\/galeria-els-castanyers-volvieron-a-la-plaza-por-nochebuena\/","title":{"rendered":"GALER\u00cdA | &#8216;Els Castanyers&#8217; volvieron a la Plaza por Nochebuena"},"content":{"rendered":"<p style=\"text-align: justify;\">El <strong>popular personaje de La Casta\u00f1era<\/strong> ha vuelto a<strong> la Plaza de Espa\u00f1a de Alcoy<\/strong> en la ma\u00f1ana del d\u00eda de Nochebuena. Los conocidos como<strong> &#8216;Els Castanyers&#8217;<\/strong> han sido los encargados de dar vida a la misma en <strong>una iniciativa que el a\u00f1o pasado no pudo realizarse<\/strong> a causa de la pandemia del Coronavirus. En este 2021 <strong>s\u00ed que ha sido posible llevarla a cabo adopt\u00e1ndose las oportunas medidas de seguridad para ello<\/strong>. Durante la ma\u00f1ana fueron muchos los que se han acercado hasta el puesto instalado frente al Ayuntamiento para<strong> adquirir un buen cucurucho de casta\u00f1as calentitas y hacer tambi\u00e9n un donativo solidario para la Asociaci\u00f3n Asprohal<\/strong> &#8220;<em>estamos muy contentos, e incluso nerviosos y emocionados, porque hemos vuelto a estar en la calle. Gracias a todos los que nos han acompa\u00f1ado en este d\u00eda tan especial<\/em>&#8220;, dijo <strong>Guillermo Ramos<\/strong> en COPE ALCOY; uno de los art\u00edfices de la actividad.<\/p>\n<p>Aqu\u00ed puedes ver <strong>algunas de las im\u00e1genes<\/strong> que ha dejado el acto:<\/p>\n<div id='gallery-1' class='gallery galleryid-81677 gallery-columns-2 gallery-size-medium'><figure class='gallery-item'>\n\t\t\t<div class='gallery-icon landscape'>\n\t\t\t\t<a href='https:\/\/www.copealcoy.es\/es\/galeria-els-castanyers-volvieron-a-la-plaza-por-nochebuena\/unnamed-1-13\/'><img loading=\"lazy\" decoding=\"async\" width=\"413\" height=\"455\" src=\"https:\/\/www.copealcoy.es\/wp-content\/uploads\/2021\/12\/unnamed-1-4-413x455.jpg\" class=\"attachment-medium size-medium\" alt=\"\" \/><\/a>\n\t\t\t<\/div><\/figure><figure class='gallery-item'>\n\t\t\t<div class='gallery-icon landscape'>\n\t\t\t\t<a href='https:\/\/www.copealcoy.es\/es\/galeria-els-castanyers-volvieron-a-la-plaza-por-nochebuena\/unnamed-2-5\/'><img loading=\"lazy\" decoding=\"async\" width=\"413\" height=\"455\" src=\"https:\/\/www.copealcoy.es\/wp-content\/uploads\/2021\/12\/unnamed-2-3-413x455.jpg\" class=\"attachment-medium size-medium\" alt=\"\" \/><\/a>\n\t\t\t<\/div><\/figure><figure class='gallery-item'>\n\t\t\t<div class='gallery-icon landscape'>\n\t\t\t\t<a href='https:\/\/www.copealcoy.es\/es\/galeria-els-castanyers-volvieron-a-la-plaza-por-nochebuena\/unnamed-3-4\/'><img loading=\"lazy\" decoding=\"async\" width=\"413\" height=\"455\" src=\"https:\/\/www.copealcoy.es\/wp-content\/uploads\/2021\/12\/unnamed-3-3-413x455.jpg\" class=\"attachment-medium size-medium\" alt=\"\" \/><\/a>\n\t\t\t<\/div><\/figure><figure class='gallery-item'>\n\t\t\t<div class='gallery-icon landscape'>\n\t\t\t\t<a href='https:\/\/www.copealcoy.es\/es\/galeria-els-castanyers-volvieron-a-la-plaza-por-nochebuena\/unnamed-5-4\/'><img loading=\"lazy\" decoding=\"async\" width=\"413\" height=\"455\" src=\"https:\/\/www.copealcoy.es\/wp-content\/uploads\/2021\/12\/unnamed-5-2-413x455.jpg\" class=\"attachment-medium size-medium\" alt=\"\" \/><\/a>\n\t\t\t<\/div><\/figure><figure class='gallery-item'>\n\t\t\t<div class='gallery-icon landscape'>\n\t\t\t\t<a href='https:\/\/www.copealcoy.es\/es\/galeria-els-castanyers-volvieron-a-la-plaza-por-nochebuena\/unnamed-6-4\/'><img loading=\"lazy\" decoding=\"async\" width=\"413\" height=\"455\" src=\"https:\/\/www.copealcoy.es\/wp-content\/uploads\/2021\/12\/unnamed-6-2-413x455.jpg\" class=\"attachment-medium size-medium\" alt=\"\" \/><\/a>\n\t\t\t<\/div><\/figure><figure class='gallery-item'>\n\t\t\t<div class='gallery-icon landscape'>\n\t\t\t\t<a href='https:\/\/www.copealcoy.es\/es\/galeria-els-castanyers-volvieron-a-la-plaza-por-nochebuena\/unnamed-7-4\/'><img loading=\"lazy\" decoding=\"async\" width=\"413\" height=\"455\" src=\"https:\/\/www.copealcoy.es\/wp-content\/uploads\/2021\/12\/unnamed-7-2-413x455.jpg\" class=\"attachment-medium size-medium\" alt=\"\" \/><\/a>\n\t\t\t<\/div><\/figure><figure class='gallery-item'>\n\t\t\t<div class='gallery-icon landscape'>\n\t\t\t\t<a href='https:\/\/www.copealcoy.es\/es\/galeria-els-castanyers-volvieron-a-la-plaza-por-nochebuena\/unnamed-8-4\/'><img loading=\"lazy\" decoding=\"async\" width=\"413\" height=\"455\" src=\"https:\/\/www.copealcoy.es\/wp-content\/uploads\/2021\/12\/unnamed-8-2-413x455.jpg\" class=\"attachment-medium size-medium\" alt=\"\" \/><\/a>\n\t\t\t<\/div><\/figure><figure class='gallery-item'>\n\t\t\t<div class='gallery-icon landscape'>\n\t\t\t\t<a href='https:\/\/www.copealcoy.es\/es\/galeria-els-castanyers-volvieron-a-la-plaza-por-nochebuena\/unnamed-9-4\/'><img loading=\"lazy\" decoding=\"async\" width=\"413\" height=\"455\" src=\"https:\/\/www.copealcoy.es\/wp-content\/uploads\/2021\/12\/unnamed-9-2-413x455.jpg\" class=\"attachment-medium size-medium\" alt=\"\" \/><\/a>\n\t\t\t<\/div><\/figure><figure class='gallery-item'>\n\t\t\t<div class='gallery-icon landscape'>\n\t\t\t\t<a href='https:\/\/www.copealcoy.es\/es\/galeria-els-castanyers-volvieron-a-la-plaza-por-nochebuena\/unnamed-127\/'><img loading=\"lazy\" decoding=\"async\" width=\"413\" height=\"455\" src=\"https:\/\/www.copealcoy.es\/wp-content\/uploads\/2021\/12\/unnamed-19-413x455.jpg\" class=\"attachment-medium size-medium\" alt=\"\" \/><\/a>\n\t\t\t<\/div><\/figure><figure class='gallery-item'>\n\t\t\t<div class='gallery-icon landscape'>\n\t\t\t\t<a href='https:\/\/www.copealcoy.es\/es\/galeria-els-castanyers-volvieron-a-la-plaza-por-nochebuena\/unnamed-126\/'><img loading=\"lazy\" decoding=\"async\" width=\"413\" height=\"455\" src=\"https:\/\/www.copealcoy.es\/wp-content\/uploads\/2021\/12\/unnamed-18-413x455.jpg\" class=\"attachment-medium size-medium\" alt=\"\" \/><\/a>\n\t\t\t<\/div><\/figure>\n\t\t<\/div>\n\n","protected":false},"excerpt":{"rendered":"<p>El popular personaje de La Casta\u00f1era ha vuelto a la Plaza de Espa\u00f1a de Alcoy en la ma\u00f1ana del d\u00eda&#8230;<\/p>\n","protected":false},"author":1,"featured_media":81678,"comment_status":"open","ping_status":"open","sticky":false,"template":"","format":"standard","meta":{"footnotes":""},"categories":[6909,97,78,75],"tags":[9520,1494,462,3452,174,464],"class_list":["post-81677","post","type-post","status-publish","format-standard","has-post-thumbnail","hentry","category-actualidad","category-alcoy","category-fiestaycultura","category-noticias","tag-els-castanyers","tag-alcoy","tag-castanera","tag-guillermo-ramos","tag-navidad","tag-nochebuena"],"yoast_head":"<!-- This site is optimized with the Yoast SEO plugin v27.3 - https:\/\/yoast.com\/product\/yoast-seo-wordpress\/ -->\n<title>GALER\u00cdA | &#039;Els Castanyers&#039; volvieron a la Plaza por Nochebuena - COPE Alcoy<\/title>\n<meta name=\"robots\" content=\"index, follow, max-snippet:-1, max-image-preview:large, max-video-preview:-1\" \/>\n<link rel=\"canonical\" href=\"https:\/\/www.copealcoy.es\/es\/galeria-els-castanyers-volvieron-a-la-plaza-por-nochebuena\/\" \/>\n<meta property=\"og:locale\" content=\"es_ES\" \/>\n<meta property=\"og:type\" content=\"article\" \/>\n<meta property=\"og:title\" content=\"GALER\u00cdA | &#039;Els Castanyers&#039; volvieron a la Plaza por Nochebuena - COPE Alcoy\" \/>\n<meta property=\"og:description\" content=\"El popular personaje de La Casta\u00f1era ha vuelto a la Plaza de Espa\u00f1a de Alcoy en la ma\u00f1ana del d\u00eda...\" \/>\n<meta property=\"og:url\" content=\"https:\/\/www.copealcoy.es\/es\/galeria-els-castanyers-volvieron-a-la-plaza-por-nochebuena\/\" \/>\n<meta property=\"og:site_name\" content=\"COPE Alcoy\" \/>\n<meta property=\"article:published_time\" content=\"2021-12-24T16:37:03+00:00\" \/>\n<meta property=\"article:modified_time\" content=\"2021-12-24T16:49:32+00:00\" \/>\n<meta property=\"og:image\" content=\"https:\/\/www.copealcoy.es\/wp-content\/uploads\/2021\/12\/unnamed-18-scaled-e1640364553599.jpg\" \/>\n\t<meta property=\"og:image:width\" content=\"640\" \/>\n\t<meta property=\"og:image:height\" content=\"480\" \/>\n\t<meta property=\"og:image:type\" content=\"image\/jpeg\" \/>\n<meta name=\"author\" content=\"Cope Alcoy\" \/>\n<meta name=\"twitter:label1\" content=\"Escrito por\" \/>\n\t<meta name=\"twitter:data1\" content=\"Cope Alcoy\" \/>\n\t<meta name=\"twitter:label2\" content=\"Tiempo de lectura\" \/>\n\t<meta name=\"twitter:data2\" content=\"1 minuto\" \/>\n<script type=\"application\/ld+json\" class=\"yoast-schema-graph\">{\"@context\":\"https:\\\/\\\/schema.org\",\"@graph\":[{\"@type\":\"Article\",\"@id\":\"https:\\\/\\\/www.copealcoy.es\\\/es\\\/galeria-els-castanyers-volvieron-a-la-plaza-por-nochebuena\\\/#article\",\"isPartOf\":{\"@id\":\"https:\\\/\\\/www.copealcoy.es\\\/es\\\/galeria-els-castanyers-volvieron-a-la-plaza-por-nochebuena\\\/\"},\"author\":{\"name\":\"Cope Alcoy\",\"@id\":\"https:\\\/\\\/www.copealcoy.es\\\/es\\\/#\\\/schema\\\/person\\\/e777c87fa024e57d40170af9df39882c\"},\"headline\":\"GALER\u00cdA | &#8216;Els Castanyers&#8217; volvieron a la Plaza por Nochebuena\",\"datePublished\":\"2021-12-24T16:37:03+00:00\",\"dateModified\":\"2021-12-24T16:49:32+00:00\",\"mainEntityOfPage\":{\"@id\":\"https:\\\/\\\/www.copealcoy.es\\\/es\\\/galeria-els-castanyers-volvieron-a-la-plaza-por-nochebuena\\\/\"},\"wordCount\":190,\"commentCount\":0,\"image\":{\"@id\":\"https:\\\/\\\/www.copealcoy.es\\\/es\\\/galeria-els-castanyers-volvieron-a-la-plaza-por-nochebuena\\\/#primaryimage\"},\"thumbnailUrl\":\"https:\\\/\\\/www.copealcoy.es\\\/wp-content\\\/uploads\\\/2021\\\/12\\\/unnamed-18-scaled-e1640364553599.jpg\",\"keywords\":[\"'Els Castanyers'\",\"Alcoy\",\"Casta\u00f1era\",\"Guillermo Ramos\",\"Navidad\",\"Nochebuena\"],\"articleSection\":[\"Actualidad\",\"Alcoy\",\"Fiesta y Cultura\",\"Noticias\"],\"inLanguage\":\"es\"},{\"@type\":\"WebPage\",\"@id\":\"https:\\\/\\\/www.copealcoy.es\\\/es\\\/galeria-els-castanyers-volvieron-a-la-plaza-por-nochebuena\\\/\",\"url\":\"https:\\\/\\\/www.copealcoy.es\\\/es\\\/galeria-els-castanyers-volvieron-a-la-plaza-por-nochebuena\\\/\",\"name\":\"GALER\u00cdA | 'Els Castanyers' volvieron a la Plaza por Nochebuena - COPE Alcoy\",\"isPartOf\":{\"@id\":\"https:\\\/\\\/www.copealcoy.es\\\/es\\\/#website\"},\"primaryImageOfPage\":{\"@id\":\"https:\\\/\\\/www.copealcoy.es\\\/es\\\/galeria-els-castanyers-volvieron-a-la-plaza-por-nochebuena\\\/#primaryimage\"},\"image\":{\"@id\":\"https:\\\/\\\/www.copealcoy.es\\\/es\\\/galeria-els-castanyers-volvieron-a-la-plaza-por-nochebuena\\\/#primaryimage\"},\"thumbnailUrl\":\"https:\\\/\\\/www.copealcoy.es\\\/wp-content\\\/uploads\\\/2021\\\/12\\\/unnamed-18-scaled-e1640364553599.jpg\",\"datePublished\":\"2021-12-24T16:37:03+00:00\",\"dateModified\":\"2021-12-24T16:49:32+00:00\",\"author\":{\"@id\":\"https:\\\/\\\/www.copealcoy.es\\\/es\\\/#\\\/schema\\\/person\\\/e777c87fa024e57d40170af9df39882c\"},\"breadcrumb\":{\"@id\":\"https:\\\/\\\/www.copealcoy.es\\\/es\\\/galeria-els-castanyers-volvieron-a-la-plaza-por-nochebuena\\\/#breadcrumb\"},\"inLanguage\":\"es\",\"potentialAction\":[{\"@type\":\"ReadAction\",\"target\":[\"https:\\\/\\\/www.copealcoy.es\\\/es\\\/galeria-els-castanyers-volvieron-a-la-plaza-por-nochebuena\\\/\"]}]},{\"@type\":\"ImageObject\",\"inLanguage\":\"es\",\"@id\":\"https:\\\/\\\/www.copealcoy.es\\\/es\\\/galeria-els-castanyers-volvieron-a-la-plaza-por-nochebuena\\\/#primaryimage\",\"url\":\"https:\\\/\\\/www.copealcoy.es\\\/wp-content\\\/uploads\\\/2021\\\/12\\\/unnamed-18-scaled-e1640364553599.jpg\",\"contentUrl\":\"https:\\\/\\\/www.copealcoy.es\\\/wp-content\\\/uploads\\\/2021\\\/12\\\/unnamed-18-scaled-e1640364553599.jpg\",\"width\":640,\"height\":480},{\"@type\":\"BreadcrumbList\",\"@id\":\"https:\\\/\\\/www.copealcoy.es\\\/es\\\/galeria-els-castanyers-volvieron-a-la-plaza-por-nochebuena\\\/#breadcrumb\",\"itemListElement\":[{\"@type\":\"ListItem\",\"position\":1,\"name\":\"Portada\",\"item\":\"https:\\\/\\\/www.copealcoy.es\\\/es\\\/\"},{\"@type\":\"ListItem\",\"position\":2,\"name\":\"GALER\u00cdA | &#8216;Els Castanyers&#8217; volvieron a la Plaza por Nochebuena\"}]},{\"@type\":\"WebSite\",\"@id\":\"https:\\\/\\\/www.copealcoy.es\\\/es\\\/#website\",\"url\":\"https:\\\/\\\/www.copealcoy.es\\\/es\\\/\",\"name\":\"COPE Alcoy\",\"description\":\"Emisora COPE de radio local con emisi\u00f3n online. Pont de Sant Jordi 8-10 03803 Alcoy\",\"potentialAction\":[{\"@type\":\"SearchAction\",\"target\":{\"@type\":\"EntryPoint\",\"urlTemplate\":\"https:\\\/\\\/www.copealcoy.es\\\/es\\\/?s={search_term_string}\"},\"query-input\":{\"@type\":\"PropertyValueSpecification\",\"valueRequired\":true,\"valueName\":\"search_term_string\"}}],\"inLanguage\":\"es\"},{\"@type\":\"Person\",\"@id\":\"https:\\\/\\\/www.copealcoy.es\\\/es\\\/#\\\/schema\\\/person\\\/e777c87fa024e57d40170af9df39882c\",\"name\":\"Cope Alcoy\",\"image\":{\"@type\":\"ImageObject\",\"inLanguage\":\"es\",\"@id\":\"https:\\\/\\\/secure.gravatar.com\\\/avatar\\\/bb65d0283347e303893ba14f0692005417c1e0e690a325a4c5d8bb2b3943ee14?s=96&d=mm&r=g\",\"url\":\"https:\\\/\\\/secure.gravatar.com\\\/avatar\\\/bb65d0283347e303893ba14f0692005417c1e0e690a325a4c5d8bb2b3943ee14?s=96&d=mm&r=g\",\"contentUrl\":\"https:\\\/\\\/secure.gravatar.com\\\/avatar\\\/bb65d0283347e303893ba14f0692005417c1e0e690a325a4c5d8bb2b3943ee14?s=96&d=mm&r=g\",\"caption\":\"Cope Alcoy\"}}]}<\/script>\n<!-- \/ Yoast SEO plugin. -->","yoast_head_json":{"title":"GALER\u00cdA | 'Els Castanyers' volvieron a la Plaza por Nochebuena - COPE Alcoy","robots":{"index":"index","follow":"follow","max-snippet":"max-snippet:-1","max-image-preview":"max-image-preview:large","max-video-preview":"max-video-preview:-1"},"canonical":"https:\/\/www.copealcoy.es\/es\/galeria-els-castanyers-volvieron-a-la-plaza-por-nochebuena\/","og_locale":"es_ES","og_type":"article","og_title":"GALER\u00cdA | 'Els Castanyers' volvieron a la Plaza por Nochebuena - COPE Alcoy","og_description":"El popular personaje de La Casta\u00f1era ha vuelto a la Plaza de Espa\u00f1a de Alcoy en la ma\u00f1ana del d\u00eda...","og_url":"https:\/\/www.copealcoy.es\/es\/galeria-els-castanyers-volvieron-a-la-plaza-por-nochebuena\/","og_site_name":"COPE Alcoy","article_published_time":"2021-12-24T16:37:03+00:00","article_modified_time":"2021-12-24T16:49:32+00:00","og_image":[{"width":640,"height":480,"url":"https:\/\/www.copealcoy.es\/wp-content\/uploads\/2021\/12\/unnamed-18-scaled-e1640364553599.jpg","type":"image\/jpeg"}],"author":"Cope Alcoy","twitter_misc":{"Escrito por":"Cope Alcoy","Tiempo de lectura":"1 minuto"},"schema":{"@context":"https:\/\/schema.org","@graph":[{"@type":"Article","@id":"https:\/\/www.copealcoy.es\/es\/galeria-els-castanyers-volvieron-a-la-plaza-por-nochebuena\/#article","isPartOf":{"@id":"https:\/\/www.copealcoy.es\/es\/galeria-els-castanyers-volvieron-a-la-plaza-por-nochebuena\/"},"author":{"name":"Cope Alcoy","@id":"https:\/\/www.copealcoy.es\/es\/#\/schema\/person\/e777c87fa024e57d40170af9df39882c"},"headline":"GALER\u00cdA | &#8216;Els Castanyers&#8217; volvieron a la Plaza por Nochebuena","datePublished":"2021-12-24T16:37:03+00:00","dateModified":"2021-12-24T16:49:32+00:00","mainEntityOfPage":{"@id":"https:\/\/www.copealcoy.es\/es\/galeria-els-castanyers-volvieron-a-la-plaza-por-nochebuena\/"},"wordCount":190,"commentCount":0,"image":{"@id":"https:\/\/www.copealcoy.es\/es\/galeria-els-castanyers-volvieron-a-la-plaza-por-nochebuena\/#primaryimage"},"thumbnailUrl":"https:\/\/www.copealcoy.es\/wp-content\/uploads\/2021\/12\/unnamed-18-scaled-e1640364553599.jpg","keywords":["'Els Castanyers'","Alcoy","Casta\u00f1era","Guillermo Ramos","Navidad","Nochebuena"],"articleSection":["Actualidad","Alcoy","Fiesta y Cultura","Noticias"],"inLanguage":"es"},{"@type":"WebPage","@id":"https:\/\/www.copealcoy.es\/es\/galeria-els-castanyers-volvieron-a-la-plaza-por-nochebuena\/","url":"https:\/\/www.copealcoy.es\/es\/galeria-els-castanyers-volvieron-a-la-plaza-por-nochebuena\/","name":"GALER\u00cdA | 'Els Castanyers' volvieron a la Plaza por Nochebuena - COPE Alcoy","isPartOf":{"@id":"https:\/\/www.copealcoy.es\/es\/#website"},"primaryImageOfPage":{"@id":"https:\/\/www.copealcoy.es\/es\/galeria-els-castanyers-volvieron-a-la-plaza-por-nochebuena\/#primaryimage"},"image":{"@id":"https:\/\/www.copealcoy.es\/es\/galeria-els-castanyers-volvieron-a-la-plaza-por-nochebuena\/#primaryimage"},"thumbnailUrl":"https:\/\/www.copealcoy.es\/wp-content\/uploads\/2021\/12\/unnamed-18-scaled-e1640364553599.jpg","datePublished":"2021-12-24T16:37:03+00:00","dateModified":"2021-12-24T16:49:32+00:00","author":{"@id":"https:\/\/www.copealcoy.es\/es\/#\/schema\/person\/e777c87fa024e57d40170af9df39882c"},"breadcrumb":{"@id":"https:\/\/www.copealcoy.es\/es\/galeria-els-castanyers-volvieron-a-la-plaza-por-nochebuena\/#breadcrumb"},"inLanguage":"es","potentialAction":[{"@type":"ReadAction","target":["https:\/\/www.copealcoy.es\/es\/galeria-els-castanyers-volvieron-a-la-plaza-por-nochebuena\/"]}]},{"@type":"ImageObject","inLanguage":"es","@id":"https:\/\/www.copealcoy.es\/es\/galeria-els-castanyers-volvieron-a-la-plaza-por-nochebuena\/#primaryimage","url":"https:\/\/www.copealcoy.es\/wp-content\/uploads\/2021\/12\/unnamed-18-scaled-e1640364553599.jpg","contentUrl":"https:\/\/www.copealcoy.es\/wp-content\/uploads\/2021\/12\/unnamed-18-scaled-e1640364553599.jpg","width":640,"height":480},{"@type":"BreadcrumbList","@id":"https:\/\/www.copealcoy.es\/es\/galeria-els-castanyers-volvieron-a-la-plaza-por-nochebuena\/#breadcrumb","itemListElement":[{"@type":"ListItem","position":1,"name":"Portada","item":"https:\/\/www.copealcoy.es\/es\/"},{"@type":"ListItem","position":2,"name":"GALER\u00cdA | &#8216;Els Castanyers&#8217; volvieron a la Plaza por Nochebuena"}]},{"@type":"WebSite","@id":"https:\/\/www.copealcoy.es\/es\/#website","url":"https:\/\/www.copealcoy.es\/es\/","name":"COPE Alcoy","description":"Emisora COPE de radio local con emisi\u00f3n online. Pont de Sant Jordi 8-10 03803 Alcoy","potentialAction":[{"@type":"SearchAction","target":{"@type":"EntryPoint","urlTemplate":"https:\/\/www.copealcoy.es\/es\/?s={search_term_string}"},"query-input":{"@type":"PropertyValueSpecification","valueRequired":true,"valueName":"search_term_string"}}],"inLanguage":"es"},{"@type":"Person","@id":"https:\/\/www.copealcoy.es\/es\/#\/schema\/person\/e777c87fa024e57d40170af9df39882c","name":"Cope Alcoy","image":{"@type":"ImageObject","inLanguage":"es","@id":"https:\/\/secure.gravatar.com\/avatar\/bb65d0283347e303893ba14f0692005417c1e0e690a325a4c5d8bb2b3943ee14?s=96&d=mm&r=g","url":"https:\/\/secure.gravatar.com\/avatar\/bb65d0283347e303893ba14f0692005417c1e0e690a325a4c5d8bb2b3943ee14?s=96&d=mm&r=g","contentUrl":"https:\/\/secure.gravatar.com\/avatar\/bb65d0283347e303893ba14f0692005417c1e0e690a325a4c5d8bb2b3943ee14?s=96&d=mm&r=g","caption":"Cope Alcoy"}}]}},"_links":{"self":[{"href":"https:\/\/www.copealcoy.es\/es\/wp-json\/wp\/v2\/posts\/81677","targetHints":{"allow":["GET"]}}],"collection":[{"href":"https:\/\/www.copealcoy.es\/es\/wp-json\/wp\/v2\/posts"}],"about":[{"href":"https:\/\/www.copealcoy.es\/es\/wp-json\/wp\/v2\/types\/post"}],"author":[{"embeddable":true,"href":"https:\/\/www.copealcoy.es\/es\/wp-json\/wp\/v2\/users\/1"}],"replies":[{"embeddable":true,"href":"https:\/\/www.copealcoy.es\/es\/wp-json\/wp\/v2\/comments?post=81677"}],"version-history":[{"count":0,"href":"https:\/\/www.copealcoy.es\/es\/wp-json\/wp\/v2\/posts\/81677\/revisions"}],"wp:featuredmedia":[{"embeddable":true,"href":"https:\/\/www.copealcoy.es\/es\/wp-json\/wp\/v2\/media\/81678"}],"wp:attachment":[{"href":"https:\/\/www.copealcoy.es\/es\/wp-json\/wp\/v2\/media?parent=81677"}],"wp:term":[{"taxonomy":"category","embeddable":true,"href":"https:\/\/www.copealcoy.es\/es\/wp-json\/wp\/v2\/categories?post=81677"},{"taxonomy":"post_tag","embeddable":true,"href":"https:\/\/www.copealcoy.es\/es\/wp-json\/wp\/v2\/tags?post=81677"}],"curies":[{"name":"wp","href":"https:\/\/api.w.org\/{rel}","templated":true}]}}