{"id":81642,"date":"2021-12-23T20:27:26","date_gmt":"2021-12-23T19:27:26","guid":{"rendered":"https:\/\/www.copealcoy.es\/?p=81642"},"modified":"2021-12-23T20:35:51","modified_gmt":"2021-12-23T19:35:51","slug":"presentades-9-propostes-als-pressupostos-participatius-de-cocentaina","status":"publish","type":"post","link":"https:\/\/www.copealcoy.es\/es\/presentades-9-propostes-als-pressupostos-participatius-de-cocentaina\/","title":{"rendered":"Presentades 9 propostes als Pressupostos Participatius de Cocentaina"},"content":{"rendered":"<p style=\"text-align: justify;\">Un total de <strong>9 propostes<\/strong> han sigut presentades a <strong>la campanya dels Pressupostos Participatius de Cocentaina per al 2021<\/strong>. Aquesta iniciativa va arrancar el passat mes de novembre, m\u00e9s aviat que anys anteriors, <strong>amb la intenci\u00f3 de disposar de m\u00e9s temps per a executar-les<\/strong>.<\/p>\n<p style=\"text-align: justify;\">Les iniciatives presentades al Pressupost Participatiu 2022, <strong>ordenades per registre d\u2019entrada<\/strong> i segons la informaci\u00f3 facilitada pel Consistori, <strong>s\u00f3n les seg\u00fcents<\/strong>: adequar l&#8217;acc\u00e9s a la carrasca de la Caseta Roja, unir els pol\u00edgons de l&#8217;Alc\u00fadia i de les Jovades, esterilitzar gats, col\u00b7locar ressalts a l&#8217;Av. Pa\u00eds Valenci\u00e0 i rehabilitar el llavador de Sant Rafel. Per altre costat es contempla tamb\u00e9 recuperar la muralla del Castell, fabricar un betlem amb figures a mida real, eliminar barreres arquitect\u00f2niques al Monestir de la Mare de D\u00e9u del Miracle i col\u00b7locar ressalts al Passeig del Comtat.<\/p>\n<p style=\"text-align: justify;\">A partir d&#8217;ara, una vegada determinades les que s\u00f3n viables, <strong>s&#8217;obrir\u00e0 el termini de votaci\u00f3 perqu\u00e8 la ciutadania trie aquelles que vol que s&#8217;executen al poble<\/strong>. L&#8217;esmentat per\u00edode d&#8217;elecci\u00f3 tindr\u00e0 lloc <strong>al mes de febrer<\/strong> de l&#8217;any 2022.<\/p>\n","protected":false},"excerpt":{"rendered":"<p>Un total de 9 propostes han sigut presentades a la campanya dels Pressupostos Participatius de Cocentaina per al 2021. Aquesta&#8230;<\/p>\n","protected":false},"author":1,"featured_media":68628,"comment_status":"open","ping_status":"open","sticky":false,"template":"","format":"standard","meta":{"footnotes":""},"categories":[98,75],"tags":[132,10920,9669,12220],"class_list":["post-81642","post","type-post","status-publish","format-standard","has-post-thumbnail","hentry","category-comarcas","category-noticias","tag-cocentaina","tag-maite-valls","tag-pressupostos-participatius","tag-propostes"],"yoast_head":"<!-- This site is optimized with the Yoast SEO plugin v27.3 - https:\/\/yoast.com\/product\/yoast-seo-wordpress\/ -->\n<title>Presentades 9 propostes als Pressupostos Participatius de Cocentaina - COPE Alcoy<\/title>\n<meta name=\"robots\" content=\"index, follow, max-snippet:-1, max-image-preview:large, max-video-preview:-1\" \/>\n<link rel=\"canonical\" href=\"https:\/\/www.copealcoy.es\/es\/presentades-9-propostes-als-pressupostos-participatius-de-cocentaina\/\" \/>\n<meta property=\"og:locale\" content=\"es_ES\" \/>\n<meta property=\"og:type\" content=\"article\" \/>\n<meta property=\"og:title\" content=\"Presentades 9 propostes als Pressupostos Participatius de Cocentaina - COPE Alcoy\" \/>\n<meta property=\"og:description\" content=\"Un total de 9 propostes han sigut presentades a la campanya dels Pressupostos Participatius de Cocentaina per al 2021. Aquesta...\" \/>\n<meta property=\"og:url\" content=\"https:\/\/www.copealcoy.es\/es\/presentades-9-propostes-als-pressupostos-participatius-de-cocentaina\/\" \/>\n<meta property=\"og:site_name\" content=\"COPE Alcoy\" \/>\n<meta property=\"article:published_time\" content=\"2021-12-23T19:27:26+00:00\" \/>\n<meta property=\"article:modified_time\" content=\"2021-12-23T19:35:51+00:00\" \/>\n<meta property=\"og:image\" content=\"https:\/\/www.copealcoy.es\/wp-content\/uploads\/2020\/12\/130810017_222730166029631_1724536222578262797_o.jpg\" \/>\n\t<meta property=\"og:image:width\" content=\"1560\" \/>\n\t<meta property=\"og:image:height\" content=\"1170\" \/>\n\t<meta property=\"og:image:type\" content=\"image\/jpeg\" \/>\n<meta name=\"author\" content=\"Cope Alcoy\" \/>\n<meta name=\"twitter:label1\" content=\"Escrito por\" \/>\n\t<meta name=\"twitter:data1\" content=\"Cope Alcoy\" \/>\n\t<meta name=\"twitter:label2\" content=\"Tiempo de lectura\" \/>\n\t<meta name=\"twitter:data2\" content=\"1 minuto\" \/>\n<script type=\"application\/ld+json\" class=\"yoast-schema-graph\">{\"@context\":\"https:\\\/\\\/schema.org\",\"@graph\":[{\"@type\":\"Article\",\"@id\":\"https:\\\/\\\/www.copealcoy.es\\\/es\\\/presentades-9-propostes-als-pressupostos-participatius-de-cocentaina\\\/#article\",\"isPartOf\":{\"@id\":\"https:\\\/\\\/www.copealcoy.es\\\/es\\\/presentades-9-propostes-als-pressupostos-participatius-de-cocentaina\\\/\"},\"author\":{\"name\":\"Cope Alcoy\",\"@id\":\"https:\\\/\\\/www.copealcoy.es\\\/es\\\/#\\\/schema\\\/person\\\/e777c87fa024e57d40170af9df39882c\"},\"headline\":\"Presentades 9 propostes als Pressupostos Participatius de Cocentaina\",\"datePublished\":\"2021-12-23T19:27:26+00:00\",\"dateModified\":\"2021-12-23T19:35:51+00:00\",\"mainEntityOfPage\":{\"@id\":\"https:\\\/\\\/www.copealcoy.es\\\/es\\\/presentades-9-propostes-als-pressupostos-participatius-de-cocentaina\\\/\"},\"wordCount\":201,\"commentCount\":0,\"image\":{\"@id\":\"https:\\\/\\\/www.copealcoy.es\\\/es\\\/presentades-9-propostes-als-pressupostos-participatius-de-cocentaina\\\/#primaryimage\"},\"thumbnailUrl\":\"https:\\\/\\\/www.copealcoy.es\\\/wp-content\\\/uploads\\\/2020\\\/12\\\/130810017_222730166029631_1724536222578262797_o.jpg\",\"keywords\":[\"Cocentaina\",\"Maite Valls\",\"Pressupostos Participatius\",\"propostes\"],\"articleSection\":[\"Comarcas\",\"Noticias\"],\"inLanguage\":\"es\"},{\"@type\":\"WebPage\",\"@id\":\"https:\\\/\\\/www.copealcoy.es\\\/es\\\/presentades-9-propostes-als-pressupostos-participatius-de-cocentaina\\\/\",\"url\":\"https:\\\/\\\/www.copealcoy.es\\\/es\\\/presentades-9-propostes-als-pressupostos-participatius-de-cocentaina\\\/\",\"name\":\"Presentades 9 propostes als Pressupostos Participatius de Cocentaina - COPE Alcoy\",\"isPartOf\":{\"@id\":\"https:\\\/\\\/www.copealcoy.es\\\/es\\\/#website\"},\"primaryImageOfPage\":{\"@id\":\"https:\\\/\\\/www.copealcoy.es\\\/es\\\/presentades-9-propostes-als-pressupostos-participatius-de-cocentaina\\\/#primaryimage\"},\"image\":{\"@id\":\"https:\\\/\\\/www.copealcoy.es\\\/es\\\/presentades-9-propostes-als-pressupostos-participatius-de-cocentaina\\\/#primaryimage\"},\"thumbnailUrl\":\"https:\\\/\\\/www.copealcoy.es\\\/wp-content\\\/uploads\\\/2020\\\/12\\\/130810017_222730166029631_1724536222578262797_o.jpg\",\"datePublished\":\"2021-12-23T19:27:26+00:00\",\"dateModified\":\"2021-12-23T19:35:51+00:00\",\"author\":{\"@id\":\"https:\\\/\\\/www.copealcoy.es\\\/es\\\/#\\\/schema\\\/person\\\/e777c87fa024e57d40170af9df39882c\"},\"breadcrumb\":{\"@id\":\"https:\\\/\\\/www.copealcoy.es\\\/es\\\/presentades-9-propostes-als-pressupostos-participatius-de-cocentaina\\\/#breadcrumb\"},\"inLanguage\":\"es\",\"potentialAction\":[{\"@type\":\"ReadAction\",\"target\":[\"https:\\\/\\\/www.copealcoy.es\\\/es\\\/presentades-9-propostes-als-pressupostos-participatius-de-cocentaina\\\/\"]}]},{\"@type\":\"ImageObject\",\"inLanguage\":\"es\",\"@id\":\"https:\\\/\\\/www.copealcoy.es\\\/es\\\/presentades-9-propostes-als-pressupostos-participatius-de-cocentaina\\\/#primaryimage\",\"url\":\"https:\\\/\\\/www.copealcoy.es\\\/wp-content\\\/uploads\\\/2020\\\/12\\\/130810017_222730166029631_1724536222578262797_o.jpg\",\"contentUrl\":\"https:\\\/\\\/www.copealcoy.es\\\/wp-content\\\/uploads\\\/2020\\\/12\\\/130810017_222730166029631_1724536222578262797_o.jpg\",\"width\":1560,\"height\":1170},{\"@type\":\"BreadcrumbList\",\"@id\":\"https:\\\/\\\/www.copealcoy.es\\\/es\\\/presentades-9-propostes-als-pressupostos-participatius-de-cocentaina\\\/#breadcrumb\",\"itemListElement\":[{\"@type\":\"ListItem\",\"position\":1,\"name\":\"Portada\",\"item\":\"https:\\\/\\\/www.copealcoy.es\\\/es\\\/\"},{\"@type\":\"ListItem\",\"position\":2,\"name\":\"Presentades 9 propostes als Pressupostos Participatius de Cocentaina\"}]},{\"@type\":\"WebSite\",\"@id\":\"https:\\\/\\\/www.copealcoy.es\\\/es\\\/#website\",\"url\":\"https:\\\/\\\/www.copealcoy.es\\\/es\\\/\",\"name\":\"COPE Alcoy\",\"description\":\"Emisora COPE de radio local con emisi\u00f3n online. Pont de Sant Jordi 8-10 03803 Alcoy\",\"potentialAction\":[{\"@type\":\"SearchAction\",\"target\":{\"@type\":\"EntryPoint\",\"urlTemplate\":\"https:\\\/\\\/www.copealcoy.es\\\/es\\\/?s={search_term_string}\"},\"query-input\":{\"@type\":\"PropertyValueSpecification\",\"valueRequired\":true,\"valueName\":\"search_term_string\"}}],\"inLanguage\":\"es\"},{\"@type\":\"Person\",\"@id\":\"https:\\\/\\\/www.copealcoy.es\\\/es\\\/#\\\/schema\\\/person\\\/e777c87fa024e57d40170af9df39882c\",\"name\":\"Cope Alcoy\",\"image\":{\"@type\":\"ImageObject\",\"inLanguage\":\"es\",\"@id\":\"https:\\\/\\\/secure.gravatar.com\\\/avatar\\\/bb65d0283347e303893ba14f0692005417c1e0e690a325a4c5d8bb2b3943ee14?s=96&d=mm&r=g\",\"url\":\"https:\\\/\\\/secure.gravatar.com\\\/avatar\\\/bb65d0283347e303893ba14f0692005417c1e0e690a325a4c5d8bb2b3943ee14?s=96&d=mm&r=g\",\"contentUrl\":\"https:\\\/\\\/secure.gravatar.com\\\/avatar\\\/bb65d0283347e303893ba14f0692005417c1e0e690a325a4c5d8bb2b3943ee14?s=96&d=mm&r=g\",\"caption\":\"Cope Alcoy\"}}]}<\/script>\n<!-- \/ Yoast SEO plugin. -->","yoast_head_json":{"title":"Presentades 9 propostes als Pressupostos Participatius de Cocentaina - COPE Alcoy","robots":{"index":"index","follow":"follow","max-snippet":"max-snippet:-1","max-image-preview":"max-image-preview:large","max-video-preview":"max-video-preview:-1"},"canonical":"https:\/\/www.copealcoy.es\/es\/presentades-9-propostes-als-pressupostos-participatius-de-cocentaina\/","og_locale":"es_ES","og_type":"article","og_title":"Presentades 9 propostes als Pressupostos Participatius de Cocentaina - COPE Alcoy","og_description":"Un total de 9 propostes han sigut presentades a la campanya dels Pressupostos Participatius de Cocentaina per al 2021. Aquesta...","og_url":"https:\/\/www.copealcoy.es\/es\/presentades-9-propostes-als-pressupostos-participatius-de-cocentaina\/","og_site_name":"COPE Alcoy","article_published_time":"2021-12-23T19:27:26+00:00","article_modified_time":"2021-12-23T19:35:51+00:00","og_image":[{"width":1560,"height":1170,"url":"https:\/\/www.copealcoy.es\/wp-content\/uploads\/2020\/12\/130810017_222730166029631_1724536222578262797_o.jpg","type":"image\/jpeg"}],"author":"Cope Alcoy","twitter_misc":{"Escrito por":"Cope Alcoy","Tiempo de lectura":"1 minuto"},"schema":{"@context":"https:\/\/schema.org","@graph":[{"@type":"Article","@id":"https:\/\/www.copealcoy.es\/es\/presentades-9-propostes-als-pressupostos-participatius-de-cocentaina\/#article","isPartOf":{"@id":"https:\/\/www.copealcoy.es\/es\/presentades-9-propostes-als-pressupostos-participatius-de-cocentaina\/"},"author":{"name":"Cope Alcoy","@id":"https:\/\/www.copealcoy.es\/es\/#\/schema\/person\/e777c87fa024e57d40170af9df39882c"},"headline":"Presentades 9 propostes als Pressupostos Participatius de Cocentaina","datePublished":"2021-12-23T19:27:26+00:00","dateModified":"2021-12-23T19:35:51+00:00","mainEntityOfPage":{"@id":"https:\/\/www.copealcoy.es\/es\/presentades-9-propostes-als-pressupostos-participatius-de-cocentaina\/"},"wordCount":201,"commentCount":0,"image":{"@id":"https:\/\/www.copealcoy.es\/es\/presentades-9-propostes-als-pressupostos-participatius-de-cocentaina\/#primaryimage"},"thumbnailUrl":"https:\/\/www.copealcoy.es\/wp-content\/uploads\/2020\/12\/130810017_222730166029631_1724536222578262797_o.jpg","keywords":["Cocentaina","Maite Valls","Pressupostos Participatius","propostes"],"articleSection":["Comarcas","Noticias"],"inLanguage":"es"},{"@type":"WebPage","@id":"https:\/\/www.copealcoy.es\/es\/presentades-9-propostes-als-pressupostos-participatius-de-cocentaina\/","url":"https:\/\/www.copealcoy.es\/es\/presentades-9-propostes-als-pressupostos-participatius-de-cocentaina\/","name":"Presentades 9 propostes als Pressupostos Participatius de Cocentaina - COPE Alcoy","isPartOf":{"@id":"https:\/\/www.copealcoy.es\/es\/#website"},"primaryImageOfPage":{"@id":"https:\/\/www.copealcoy.es\/es\/presentades-9-propostes-als-pressupostos-participatius-de-cocentaina\/#primaryimage"},"image":{"@id":"https:\/\/www.copealcoy.es\/es\/presentades-9-propostes-als-pressupostos-participatius-de-cocentaina\/#primaryimage"},"thumbnailUrl":"https:\/\/www.copealcoy.es\/wp-content\/uploads\/2020\/12\/130810017_222730166029631_1724536222578262797_o.jpg","datePublished":"2021-12-23T19:27:26+00:00","dateModified":"2021-12-23T19:35:51+00:00","author":{"@id":"https:\/\/www.copealcoy.es\/es\/#\/schema\/person\/e777c87fa024e57d40170af9df39882c"},"breadcrumb":{"@id":"https:\/\/www.copealcoy.es\/es\/presentades-9-propostes-als-pressupostos-participatius-de-cocentaina\/#breadcrumb"},"inLanguage":"es","potentialAction":[{"@type":"ReadAction","target":["https:\/\/www.copealcoy.es\/es\/presentades-9-propostes-als-pressupostos-participatius-de-cocentaina\/"]}]},{"@type":"ImageObject","inLanguage":"es","@id":"https:\/\/www.copealcoy.es\/es\/presentades-9-propostes-als-pressupostos-participatius-de-cocentaina\/#primaryimage","url":"https:\/\/www.copealcoy.es\/wp-content\/uploads\/2020\/12\/130810017_222730166029631_1724536222578262797_o.jpg","contentUrl":"https:\/\/www.copealcoy.es\/wp-content\/uploads\/2020\/12\/130810017_222730166029631_1724536222578262797_o.jpg","width":1560,"height":1170},{"@type":"BreadcrumbList","@id":"https:\/\/www.copealcoy.es\/es\/presentades-9-propostes-als-pressupostos-participatius-de-cocentaina\/#breadcrumb","itemListElement":[{"@type":"ListItem","position":1,"name":"Portada","item":"https:\/\/www.copealcoy.es\/es\/"},{"@type":"ListItem","position":2,"name":"Presentades 9 propostes als Pressupostos Participatius de Cocentaina"}]},{"@type":"WebSite","@id":"https:\/\/www.copealcoy.es\/es\/#website","url":"https:\/\/www.copealcoy.es\/es\/","name":"COPE Alcoy","description":"Emisora COPE de radio local con emisi\u00f3n online. Pont de Sant Jordi 8-10 03803 Alcoy","potentialAction":[{"@type":"SearchAction","target":{"@type":"EntryPoint","urlTemplate":"https:\/\/www.copealcoy.es\/es\/?s={search_term_string}"},"query-input":{"@type":"PropertyValueSpecification","valueRequired":true,"valueName":"search_term_string"}}],"inLanguage":"es"},{"@type":"Person","@id":"https:\/\/www.copealcoy.es\/es\/#\/schema\/person\/e777c87fa024e57d40170af9df39882c","name":"Cope Alcoy","image":{"@type":"ImageObject","inLanguage":"es","@id":"https:\/\/secure.gravatar.com\/avatar\/bb65d0283347e303893ba14f0692005417c1e0e690a325a4c5d8bb2b3943ee14?s=96&d=mm&r=g","url":"https:\/\/secure.gravatar.com\/avatar\/bb65d0283347e303893ba14f0692005417c1e0e690a325a4c5d8bb2b3943ee14?s=96&d=mm&r=g","contentUrl":"https:\/\/secure.gravatar.com\/avatar\/bb65d0283347e303893ba14f0692005417c1e0e690a325a4c5d8bb2b3943ee14?s=96&d=mm&r=g","caption":"Cope Alcoy"}}]}},"_links":{"self":[{"href":"https:\/\/www.copealcoy.es\/es\/wp-json\/wp\/v2\/posts\/81642","targetHints":{"allow":["GET"]}}],"collection":[{"href":"https:\/\/www.copealcoy.es\/es\/wp-json\/wp\/v2\/posts"}],"about":[{"href":"https:\/\/www.copealcoy.es\/es\/wp-json\/wp\/v2\/types\/post"}],"author":[{"embeddable":true,"href":"https:\/\/www.copealcoy.es\/es\/wp-json\/wp\/v2\/users\/1"}],"replies":[{"embeddable":true,"href":"https:\/\/www.copealcoy.es\/es\/wp-json\/wp\/v2\/comments?post=81642"}],"version-history":[{"count":0,"href":"https:\/\/www.copealcoy.es\/es\/wp-json\/wp\/v2\/posts\/81642\/revisions"}],"wp:featuredmedia":[{"embeddable":true,"href":"https:\/\/www.copealcoy.es\/es\/wp-json\/wp\/v2\/media\/68628"}],"wp:attachment":[{"href":"https:\/\/www.copealcoy.es\/es\/wp-json\/wp\/v2\/media?parent=81642"}],"wp:term":[{"taxonomy":"category","embeddable":true,"href":"https:\/\/www.copealcoy.es\/es\/wp-json\/wp\/v2\/categories?post=81642"},{"taxonomy":"post_tag","embeddable":true,"href":"https:\/\/www.copealcoy.es\/es\/wp-json\/wp\/v2\/tags?post=81642"}],"curies":[{"name":"wp","href":"https:\/\/api.w.org\/{rel}","templated":true}]}}