{"id":81593,"date":"2021-12-22T20:34:09","date_gmt":"2021-12-22T19:34:09","guid":{"rendered":"https:\/\/www.copealcoy.es\/?p=81593"},"modified":"2021-12-22T21:05:59","modified_gmt":"2021-12-22T20:05:59","slug":"la-mascarilla-volvera-a-ser-obligatoria-en-exteriores","status":"publish","type":"post","link":"https:\/\/www.copealcoy.es\/es\/la-mascarilla-volvera-a-ser-obligatoria-en-exteriores\/","title":{"rendered":"La mascarilla volver\u00e1 a ser obligatoria en exteriores"},"content":{"rendered":"<p style=\"text-align: justify;\">El Presidente del Gobierno, Pedro S\u00e1nchez, ha anunciado en la Conferencia de Presidentes que <strong>el uso de mascarillas en exteriores ser\u00e1 obligatorio ante el incremento de los contagios en la sexta ola del Coronavirus<\/strong>.<\/p>\n<p style=\"text-align: justify;\">El Ejecutivo ha informado de que esa ha sido la primera de una serie de decisiones que ha transmitido a los presidentes auton\u00f3micos en su intervenci\u00f3n en esa\u00a0<strong>conferencia convocada de urgencia ante la evoluci\u00f3n de la pandemia<\/strong>, y a la que asisten los m\u00e1ximos responsables de todas las comunidades y ciudades aut\u00f3nomas.<\/p>\n<p style=\"text-align: justify;\">La petici\u00f3n de que las\u00a0<strong>mascarillas volvieran a ser obligatorias en exteriores hab\u00eda sido planteada por varias comunidades<\/strong>, y S\u00e1nchez lo ha anunciado junto a otra serie de medidas.<\/p>\n<p style=\"text-align: justify;\">Entre ellas, el refuerzo de los dispositivos con equipos de vacunaci\u00f3n de las Fuerzas Armadas as\u00ed como\u00a0<strong>poner a disposici\u00f3n hospitales de la Red Sanitaria Militar.<\/strong><\/p>\n<p style=\"text-align: justify;\">Tambi\u00e9n se prev\u00e9 la intensificaci\u00f3n y aceleraci\u00f3n del proceso de vacunaci\u00f3n.<\/p>\n<p style=\"text-align: justify;\">S\u00e1nchez ha fijado los siguientes objetivos:<\/p>\n<p style=\"text-align: justify;\">El jefe del Gobierno, Pedro S\u00e1nchez, ha anunciado en la Conferencia de Presidentes que\u00a0<strong>el uso de mascarillas en exteriores ser\u00e1 obligatorio ante el incremento de los contagios en la sexta ola del coronavirus.<\/strong><\/p>\n<div class=\"teads-inread sm-screen\">\n<div class=\"teads-ui-components-label\" style=\"text-align: justify;\">El Ejecutivo ha informado de que esa ha sido la primera de una serie de decisiones que ha transmitido a los presidentes auton\u00f3micos en su intervenci\u00f3n en esa <strong>conferencia convocada de urgencia ante la evoluci\u00f3n de la pandemia<\/strong>, y a la que asisten los m\u00e1ximos responsables de todas las comunidades y ciudades aut\u00f3nomas.<\/div>\n<\/div>\n<p style=\"text-align: justify;\">La petici\u00f3n de que las\u00a0<strong>mascarillas volvieran a ser obligatorias en exteriores hab\u00eda sido planteada por varias comunidades<\/strong>, y S\u00e1nchez lo ha anunciado junto a otra serie de medidas.<\/p>\n<p style=\"text-align: justify;\">Entre ellas, el refuerzo de los dispositivos con equipos de vacunaci\u00f3n de las Fuerzas Armadas as\u00ed como\u00a0<strong>poner a disposici\u00f3n hospitales de la Red Sanitaria Militar.<\/strong><\/p>\n<p style=\"text-align: justify;\">Tambi\u00e9n se prev\u00e9 la intensificaci\u00f3n y aceleraci\u00f3n del proceso de vacunaci\u00f3n.<\/p>\n<p style=\"text-align: justify;\">S\u00e1nchez <strong>ha fijado los siguientes objetivos<\/strong>:<\/p>\n<p style=\"text-align: justify;\">&#8211; El 80 % de la poblaci\u00f3n entre 60-69 a\u00f1os vacunada con tercera dosis antes de que finalice el a\u00f1o.<\/p>\n<p style=\"text-align: justify;\">&#8211; El 80 % de entre 50-59 a\u00f1os en la semana del 24 de enero.<\/p>\n<p style=\"text-align: justify;\">&#8211; El 80 % de entre 40-49 a\u00f1os en la primera semana de marzo.<\/p>\n<p style=\"text-align: justify;\">&#8211; El 70 % de los ni\u00f1os de 5 a 11 a\u00f1os con la primera dosis pedi\u00e1trica en la semana del 7 de febrero.<\/p>\n<p style=\"text-align: justify;\">&#8211; El 70 % de los ni\u00f1os con la segunda dosis pedi\u00e1trica en la semana del 19 de abril.<\/p>\n<p style=\"text-align: justify;\">A ello ha sumado <strong>el anuncio de la contrataci\u00f3n de personal sanitario jubilado y prejubilado<\/strong> y habilitaci\u00f3n para la contrataci\u00f3n de profesionales con t\u00edtulo de especialista obtenido en estados no miembro de la UE.<\/p>\n<p style=\"text-align: justify;\">Otra decisi\u00f3n es un <strong>Plan de Acci\u00f3n en Atenci\u00f3n Primaria<\/strong> y comunitaria que incluir\u00e1 aumentar el n\u00famero de profesionales sanitarios disponibles y mejorar sus condiciones laborales, reduciendo la temporalidad por debajo del 8 %.<\/p>\n<p style=\"text-align: justify;\">Los Presupuestos del Estado <strong>destinar\u00e1n 292 millones de euros<\/strong> a este plan, la mayor parte transferidos a las comunidades.<\/p>\n<p style=\"text-align: justify;\">En cuanto a los test de ant\u00edgenos, <strong>se emitir\u00e1n autorizaciones temporales<\/strong> para permitir la venta en farmacias de determinados de esos test de uso profesional para que est\u00e9n a disposici\u00f3n de toda la poblaci\u00f3n, tal como ha anunciado esta ma\u00f1ana la ministra de Sanidad, Carolina Darias.<\/p>\n<p style=\"text-align: justify;\">Seg\u00fan lo aprobado por la Comisi\u00f3n Europea, a partir del 1 de febrero de 2022, dentro del certificado verde digital COVID, <strong>el periodo de validez de la vacunaci\u00f3n ser\u00e1 de 9 meses<\/strong> desde la fecha de la administraci\u00f3n de la \u00faltima dosis.<\/p>\n","protected":false},"excerpt":{"rendered":"<p>El Presidente del Gobierno, Pedro S\u00e1nchez, ha anunciado en la Conferencia de Presidentes que el uso de mascarillas en exteriores&#8230;<\/p>\n","protected":false},"author":1,"featured_media":61289,"comment_status":"open","ping_status":"open","sticky":false,"template":"","format":"standard","meta":{"footnotes":""},"categories":[97,75,79],"tags":[12215,7341,2822,174,1914],"class_list":["post-81593","post","type-post","status-publish","format-standard","has-post-thumbnail","hentry","category-alcoy","category-noticias","category-politicayeconomia","tag-conferencia-de-presidentes","tag-mascarillas","tag-medidas","tag-navidad","tag-pedro-sanchez"],"yoast_head":"<!-- This site is optimized with the Yoast SEO plugin v27.3 - https:\/\/yoast.com\/product\/yoast-seo-wordpress\/ -->\n<title>La mascarilla volver\u00e1 a ser obligatoria en exteriores - COPE Alcoy<\/title>\n<meta name=\"robots\" content=\"index, follow, max-snippet:-1, max-image-preview:large, max-video-preview:-1\" \/>\n<link rel=\"canonical\" href=\"https:\/\/www.copealcoy.es\/es\/la-mascarilla-volvera-a-ser-obligatoria-en-exteriores\/\" \/>\n<meta property=\"og:locale\" content=\"es_ES\" \/>\n<meta property=\"og:type\" content=\"article\" \/>\n<meta property=\"og:title\" content=\"La mascarilla volver\u00e1 a ser obligatoria en exteriores - COPE Alcoy\" \/>\n<meta property=\"og:description\" content=\"El Presidente del Gobierno, Pedro S\u00e1nchez, ha anunciado en la Conferencia de Presidentes que el uso de mascarillas en exteriores...\" \/>\n<meta property=\"og:url\" content=\"https:\/\/www.copealcoy.es\/es\/la-mascarilla-volvera-a-ser-obligatoria-en-exteriores\/\" \/>\n<meta property=\"og:site_name\" content=\"COPE Alcoy\" \/>\n<meta property=\"article:published_time\" content=\"2021-12-22T19:34:09+00:00\" \/>\n<meta property=\"article:modified_time\" content=\"2021-12-22T20:05:59+00:00\" \/>\n<meta property=\"og:image\" content=\"https:\/\/www.copealcoy.es\/wp-content\/uploads\/2020\/03\/mascarillas-1.jpg\" \/>\n\t<meta property=\"og:image:width\" content=\"690\" \/>\n\t<meta property=\"og:image:height\" content=\"309\" \/>\n\t<meta property=\"og:image:type\" content=\"image\/jpeg\" \/>\n<meta name=\"author\" content=\"Cope Alcoy\" \/>\n<meta name=\"twitter:label1\" content=\"Escrito por\" \/>\n\t<meta name=\"twitter:data1\" content=\"Cope Alcoy\" \/>\n\t<meta name=\"twitter:label2\" content=\"Tiempo de lectura\" \/>\n\t<meta name=\"twitter:data2\" content=\"3 minutos\" \/>\n<script type=\"application\/ld+json\" class=\"yoast-schema-graph\">{\"@context\":\"https:\\\/\\\/schema.org\",\"@graph\":[{\"@type\":\"Article\",\"@id\":\"https:\\\/\\\/www.copealcoy.es\\\/es\\\/la-mascarilla-volvera-a-ser-obligatoria-en-exteriores\\\/#article\",\"isPartOf\":{\"@id\":\"https:\\\/\\\/www.copealcoy.es\\\/es\\\/la-mascarilla-volvera-a-ser-obligatoria-en-exteriores\\\/\"},\"author\":{\"name\":\"Cope Alcoy\",\"@id\":\"https:\\\/\\\/www.copealcoy.es\\\/es\\\/#\\\/schema\\\/person\\\/e777c87fa024e57d40170af9df39882c\"},\"headline\":\"La mascarilla volver\u00e1 a ser obligatoria en exteriores\",\"datePublished\":\"2021-12-22T19:34:09+00:00\",\"dateModified\":\"2021-12-22T20:05:59+00:00\",\"mainEntityOfPage\":{\"@id\":\"https:\\\/\\\/www.copealcoy.es\\\/es\\\/la-mascarilla-volvera-a-ser-obligatoria-en-exteriores\\\/\"},\"wordCount\":633,\"commentCount\":0,\"image\":{\"@id\":\"https:\\\/\\\/www.copealcoy.es\\\/es\\\/la-mascarilla-volvera-a-ser-obligatoria-en-exteriores\\\/#primaryimage\"},\"thumbnailUrl\":\"https:\\\/\\\/www.copealcoy.es\\\/wp-content\\\/uploads\\\/2020\\\/03\\\/mascarillas-1.jpg\",\"keywords\":[\"conferencia de Presidentes\",\"mascarillas\",\"medidas\",\"Navidad\",\"Pedro S\u00e1nchez\"],\"articleSection\":[\"Alcoy\",\"Noticias\",\"Pol\u00edtica y Econom\u00eda\"],\"inLanguage\":\"es\"},{\"@type\":\"WebPage\",\"@id\":\"https:\\\/\\\/www.copealcoy.es\\\/es\\\/la-mascarilla-volvera-a-ser-obligatoria-en-exteriores\\\/\",\"url\":\"https:\\\/\\\/www.copealcoy.es\\\/es\\\/la-mascarilla-volvera-a-ser-obligatoria-en-exteriores\\\/\",\"name\":\"La mascarilla volver\u00e1 a ser obligatoria en exteriores - COPE Alcoy\",\"isPartOf\":{\"@id\":\"https:\\\/\\\/www.copealcoy.es\\\/es\\\/#website\"},\"primaryImageOfPage\":{\"@id\":\"https:\\\/\\\/www.copealcoy.es\\\/es\\\/la-mascarilla-volvera-a-ser-obligatoria-en-exteriores\\\/#primaryimage\"},\"image\":{\"@id\":\"https:\\\/\\\/www.copealcoy.es\\\/es\\\/la-mascarilla-volvera-a-ser-obligatoria-en-exteriores\\\/#primaryimage\"},\"thumbnailUrl\":\"https:\\\/\\\/www.copealcoy.es\\\/wp-content\\\/uploads\\\/2020\\\/03\\\/mascarillas-1.jpg\",\"datePublished\":\"2021-12-22T19:34:09+00:00\",\"dateModified\":\"2021-12-22T20:05:59+00:00\",\"author\":{\"@id\":\"https:\\\/\\\/www.copealcoy.es\\\/es\\\/#\\\/schema\\\/person\\\/e777c87fa024e57d40170af9df39882c\"},\"breadcrumb\":{\"@id\":\"https:\\\/\\\/www.copealcoy.es\\\/es\\\/la-mascarilla-volvera-a-ser-obligatoria-en-exteriores\\\/#breadcrumb\"},\"inLanguage\":\"es\",\"potentialAction\":[{\"@type\":\"ReadAction\",\"target\":[\"https:\\\/\\\/www.copealcoy.es\\\/es\\\/la-mascarilla-volvera-a-ser-obligatoria-en-exteriores\\\/\"]}]},{\"@type\":\"ImageObject\",\"inLanguage\":\"es\",\"@id\":\"https:\\\/\\\/www.copealcoy.es\\\/es\\\/la-mascarilla-volvera-a-ser-obligatoria-en-exteriores\\\/#primaryimage\",\"url\":\"https:\\\/\\\/www.copealcoy.es\\\/wp-content\\\/uploads\\\/2020\\\/03\\\/mascarillas-1.jpg\",\"contentUrl\":\"https:\\\/\\\/www.copealcoy.es\\\/wp-content\\\/uploads\\\/2020\\\/03\\\/mascarillas-1.jpg\",\"width\":690,\"height\":309},{\"@type\":\"BreadcrumbList\",\"@id\":\"https:\\\/\\\/www.copealcoy.es\\\/es\\\/la-mascarilla-volvera-a-ser-obligatoria-en-exteriores\\\/#breadcrumb\",\"itemListElement\":[{\"@type\":\"ListItem\",\"position\":1,\"name\":\"Portada\",\"item\":\"https:\\\/\\\/www.copealcoy.es\\\/es\\\/\"},{\"@type\":\"ListItem\",\"position\":2,\"name\":\"La mascarilla volver\u00e1 a ser obligatoria en exteriores\"}]},{\"@type\":\"WebSite\",\"@id\":\"https:\\\/\\\/www.copealcoy.es\\\/es\\\/#website\",\"url\":\"https:\\\/\\\/www.copealcoy.es\\\/es\\\/\",\"name\":\"COPE Alcoy\",\"description\":\"Emisora COPE de radio local con emisi\u00f3n online. Pont de Sant Jordi 8-10 03803 Alcoy\",\"potentialAction\":[{\"@type\":\"SearchAction\",\"target\":{\"@type\":\"EntryPoint\",\"urlTemplate\":\"https:\\\/\\\/www.copealcoy.es\\\/es\\\/?s={search_term_string}\"},\"query-input\":{\"@type\":\"PropertyValueSpecification\",\"valueRequired\":true,\"valueName\":\"search_term_string\"}}],\"inLanguage\":\"es\"},{\"@type\":\"Person\",\"@id\":\"https:\\\/\\\/www.copealcoy.es\\\/es\\\/#\\\/schema\\\/person\\\/e777c87fa024e57d40170af9df39882c\",\"name\":\"Cope Alcoy\",\"image\":{\"@type\":\"ImageObject\",\"inLanguage\":\"es\",\"@id\":\"https:\\\/\\\/secure.gravatar.com\\\/avatar\\\/bb65d0283347e303893ba14f0692005417c1e0e690a325a4c5d8bb2b3943ee14?s=96&d=mm&r=g\",\"url\":\"https:\\\/\\\/secure.gravatar.com\\\/avatar\\\/bb65d0283347e303893ba14f0692005417c1e0e690a325a4c5d8bb2b3943ee14?s=96&d=mm&r=g\",\"contentUrl\":\"https:\\\/\\\/secure.gravatar.com\\\/avatar\\\/bb65d0283347e303893ba14f0692005417c1e0e690a325a4c5d8bb2b3943ee14?s=96&d=mm&r=g\",\"caption\":\"Cope Alcoy\"}}]}<\/script>\n<!-- \/ Yoast SEO plugin. -->","yoast_head_json":{"title":"La mascarilla volver\u00e1 a ser obligatoria en exteriores - COPE Alcoy","robots":{"index":"index","follow":"follow","max-snippet":"max-snippet:-1","max-image-preview":"max-image-preview:large","max-video-preview":"max-video-preview:-1"},"canonical":"https:\/\/www.copealcoy.es\/es\/la-mascarilla-volvera-a-ser-obligatoria-en-exteriores\/","og_locale":"es_ES","og_type":"article","og_title":"La mascarilla volver\u00e1 a ser obligatoria en exteriores - COPE Alcoy","og_description":"El Presidente del Gobierno, Pedro S\u00e1nchez, ha anunciado en la Conferencia de Presidentes que el uso de mascarillas en exteriores...","og_url":"https:\/\/www.copealcoy.es\/es\/la-mascarilla-volvera-a-ser-obligatoria-en-exteriores\/","og_site_name":"COPE Alcoy","article_published_time":"2021-12-22T19:34:09+00:00","article_modified_time":"2021-12-22T20:05:59+00:00","og_image":[{"width":690,"height":309,"url":"https:\/\/www.copealcoy.es\/wp-content\/uploads\/2020\/03\/mascarillas-1.jpg","type":"image\/jpeg"}],"author":"Cope Alcoy","twitter_misc":{"Escrito por":"Cope Alcoy","Tiempo de lectura":"3 minutos"},"schema":{"@context":"https:\/\/schema.org","@graph":[{"@type":"Article","@id":"https:\/\/www.copealcoy.es\/es\/la-mascarilla-volvera-a-ser-obligatoria-en-exteriores\/#article","isPartOf":{"@id":"https:\/\/www.copealcoy.es\/es\/la-mascarilla-volvera-a-ser-obligatoria-en-exteriores\/"},"author":{"name":"Cope Alcoy","@id":"https:\/\/www.copealcoy.es\/es\/#\/schema\/person\/e777c87fa024e57d40170af9df39882c"},"headline":"La mascarilla volver\u00e1 a ser obligatoria en exteriores","datePublished":"2021-12-22T19:34:09+00:00","dateModified":"2021-12-22T20:05:59+00:00","mainEntityOfPage":{"@id":"https:\/\/www.copealcoy.es\/es\/la-mascarilla-volvera-a-ser-obligatoria-en-exteriores\/"},"wordCount":633,"commentCount":0,"image":{"@id":"https:\/\/www.copealcoy.es\/es\/la-mascarilla-volvera-a-ser-obligatoria-en-exteriores\/#primaryimage"},"thumbnailUrl":"https:\/\/www.copealcoy.es\/wp-content\/uploads\/2020\/03\/mascarillas-1.jpg","keywords":["conferencia de Presidentes","mascarillas","medidas","Navidad","Pedro S\u00e1nchez"],"articleSection":["Alcoy","Noticias","Pol\u00edtica y Econom\u00eda"],"inLanguage":"es"},{"@type":"WebPage","@id":"https:\/\/www.copealcoy.es\/es\/la-mascarilla-volvera-a-ser-obligatoria-en-exteriores\/","url":"https:\/\/www.copealcoy.es\/es\/la-mascarilla-volvera-a-ser-obligatoria-en-exteriores\/","name":"La mascarilla volver\u00e1 a ser obligatoria en exteriores - COPE Alcoy","isPartOf":{"@id":"https:\/\/www.copealcoy.es\/es\/#website"},"primaryImageOfPage":{"@id":"https:\/\/www.copealcoy.es\/es\/la-mascarilla-volvera-a-ser-obligatoria-en-exteriores\/#primaryimage"},"image":{"@id":"https:\/\/www.copealcoy.es\/es\/la-mascarilla-volvera-a-ser-obligatoria-en-exteriores\/#primaryimage"},"thumbnailUrl":"https:\/\/www.copealcoy.es\/wp-content\/uploads\/2020\/03\/mascarillas-1.jpg","datePublished":"2021-12-22T19:34:09+00:00","dateModified":"2021-12-22T20:05:59+00:00","author":{"@id":"https:\/\/www.copealcoy.es\/es\/#\/schema\/person\/e777c87fa024e57d40170af9df39882c"},"breadcrumb":{"@id":"https:\/\/www.copealcoy.es\/es\/la-mascarilla-volvera-a-ser-obligatoria-en-exteriores\/#breadcrumb"},"inLanguage":"es","potentialAction":[{"@type":"ReadAction","target":["https:\/\/www.copealcoy.es\/es\/la-mascarilla-volvera-a-ser-obligatoria-en-exteriores\/"]}]},{"@type":"ImageObject","inLanguage":"es","@id":"https:\/\/www.copealcoy.es\/es\/la-mascarilla-volvera-a-ser-obligatoria-en-exteriores\/#primaryimage","url":"https:\/\/www.copealcoy.es\/wp-content\/uploads\/2020\/03\/mascarillas-1.jpg","contentUrl":"https:\/\/www.copealcoy.es\/wp-content\/uploads\/2020\/03\/mascarillas-1.jpg","width":690,"height":309},{"@type":"BreadcrumbList","@id":"https:\/\/www.copealcoy.es\/es\/la-mascarilla-volvera-a-ser-obligatoria-en-exteriores\/#breadcrumb","itemListElement":[{"@type":"ListItem","position":1,"name":"Portada","item":"https:\/\/www.copealcoy.es\/es\/"},{"@type":"ListItem","position":2,"name":"La mascarilla volver\u00e1 a ser obligatoria en exteriores"}]},{"@type":"WebSite","@id":"https:\/\/www.copealcoy.es\/es\/#website","url":"https:\/\/www.copealcoy.es\/es\/","name":"COPE Alcoy","description":"Emisora COPE de radio local con emisi\u00f3n online. Pont de Sant Jordi 8-10 03803 Alcoy","potentialAction":[{"@type":"SearchAction","target":{"@type":"EntryPoint","urlTemplate":"https:\/\/www.copealcoy.es\/es\/?s={search_term_string}"},"query-input":{"@type":"PropertyValueSpecification","valueRequired":true,"valueName":"search_term_string"}}],"inLanguage":"es"},{"@type":"Person","@id":"https:\/\/www.copealcoy.es\/es\/#\/schema\/person\/e777c87fa024e57d40170af9df39882c","name":"Cope Alcoy","image":{"@type":"ImageObject","inLanguage":"es","@id":"https:\/\/secure.gravatar.com\/avatar\/bb65d0283347e303893ba14f0692005417c1e0e690a325a4c5d8bb2b3943ee14?s=96&d=mm&r=g","url":"https:\/\/secure.gravatar.com\/avatar\/bb65d0283347e303893ba14f0692005417c1e0e690a325a4c5d8bb2b3943ee14?s=96&d=mm&r=g","contentUrl":"https:\/\/secure.gravatar.com\/avatar\/bb65d0283347e303893ba14f0692005417c1e0e690a325a4c5d8bb2b3943ee14?s=96&d=mm&r=g","caption":"Cope Alcoy"}}]}},"_links":{"self":[{"href":"https:\/\/www.copealcoy.es\/es\/wp-json\/wp\/v2\/posts\/81593","targetHints":{"allow":["GET"]}}],"collection":[{"href":"https:\/\/www.copealcoy.es\/es\/wp-json\/wp\/v2\/posts"}],"about":[{"href":"https:\/\/www.copealcoy.es\/es\/wp-json\/wp\/v2\/types\/post"}],"author":[{"embeddable":true,"href":"https:\/\/www.copealcoy.es\/es\/wp-json\/wp\/v2\/users\/1"}],"replies":[{"embeddable":true,"href":"https:\/\/www.copealcoy.es\/es\/wp-json\/wp\/v2\/comments?post=81593"}],"version-history":[{"count":0,"href":"https:\/\/www.copealcoy.es\/es\/wp-json\/wp\/v2\/posts\/81593\/revisions"}],"wp:featuredmedia":[{"embeddable":true,"href":"https:\/\/www.copealcoy.es\/es\/wp-json\/wp\/v2\/media\/61289"}],"wp:attachment":[{"href":"https:\/\/www.copealcoy.es\/es\/wp-json\/wp\/v2\/media?parent=81593"}],"wp:term":[{"taxonomy":"category","embeddable":true,"href":"https:\/\/www.copealcoy.es\/es\/wp-json\/wp\/v2\/categories?post=81593"},{"taxonomy":"post_tag","embeddable":true,"href":"https:\/\/www.copealcoy.es\/es\/wp-json\/wp\/v2\/tags?post=81593"}],"curies":[{"name":"wp","href":"https:\/\/api.w.org\/{rel}","templated":true}]}}