{"id":81563,"date":"2021-12-22T18:49:37","date_gmt":"2021-12-22T17:49:37","guid":{"rendered":"https:\/\/www.copealcoy.es\/?p=81563"},"modified":"2022-02-19T22:08:53","modified_gmt":"2022-02-19T21:08:53","slug":"jose-arnauda-participan-asi-en-nuestro-certamen-de-villancicos","status":"publish","type":"post","link":"https:\/\/www.copealcoy.es\/es\/jose-arnauda-participan-asi-en-nuestro-certamen-de-villancicos\/","title":{"rendered":"Jos\u00e9 Arnauda participan as\u00ed en nuestro Certamen de Villancicos"},"content":{"rendered":"<p style=\"text-align: justify;\">El <strong>Colegio Jos\u00e9 Arnauda de Alcoy<\/strong> ha vuelto a estar presente en el Certamen Escolar de Villancicos de COPE ALCOY y en su XVII edici\u00f3n nos han ofrecido esta bonita actuaci\u00f3n. \u00a1Gracias por sumaros cada a\u00f1o a esta iniciativa!.<\/p>\n<p style=\"text-align: justify;\">En este 2021\u00a0<strong>hacen posible el Certamen Escolar de Villancicos de COPE ALCOY<\/strong> el Centro Comercial Alzamora, Fernando Cano Ropa Hombre, Comesco, Mani Musical, Mundomar, Aqualia, Caba\u00f1ero Ventanas, Economy Cash, De Tot Cor, Museo Provincial de Bomberos (Muboma), Espabrok, Sarao Colorao y Vectalia. Adem\u00e1s colaboran P\u00e1gina 66, Impridekor, el Rotary Club Font Roja y la Oficina de Turismo de Alcoy.<\/p>\n<p style=\"text-align: justify;\">\u00a1GRACIAS A TODOS POR HACERLO POSIBLE!<\/p>\n<p><iframe loading=\"lazy\" title=\"Certamen Escolar de Villancicos 2021-Colegio Jos\u00e9 Arnauda\" width=\"1200\" height=\"675\" src=\"https:\/\/www.youtube.com\/embed\/nt8xQqDI0R0?feature=oembed\" frameborder=\"0\" allow=\"accelerometer; autoplay; clipboard-write; encrypted-media; gyroscope; picture-in-picture\" allowfullscreen><\/iframe><\/p>\n","protected":false},"excerpt":{"rendered":"<p>El Colegio Jos\u00e9 Arnauda de Alcoy ha vuelto a estar presente en el Certamen Escolar de Villancicos de COPE ALCOY&#8230;<\/p>\n","protected":false},"author":1,"featured_media":81564,"comment_status":"open","ping_status":"open","sticky":false,"template":"","format":"standard","meta":{"footnotes":""},"categories":[6909,97,12216,75,3907],"tags":[1494,4631,470,6885,1674],"class_list":["post-81563","post","type-post","status-publish","format-standard","has-post-thumbnail","hentry","category-actualidad","category-alcoy","category-certamen-2021","category-noticias","category-videos","tag-alcoy","tag-certamen-escolar","tag-colegios","tag-jose-arnauda","tag-villancicos"],"yoast_head":"<!-- This site is optimized with the Yoast SEO plugin v27.3 - https:\/\/yoast.com\/product\/yoast-seo-wordpress\/ -->\n<title>Jos\u00e9 Arnauda participan as\u00ed en nuestro Certamen de Villancicos - COPE Alcoy<\/title>\n<meta name=\"robots\" content=\"index, follow, max-snippet:-1, max-image-preview:large, max-video-preview:-1\" \/>\n<link rel=\"canonical\" href=\"https:\/\/www.copealcoy.es\/es\/jose-arnauda-participan-asi-en-nuestro-certamen-de-villancicos\/\" \/>\n<meta property=\"og:locale\" content=\"es_ES\" \/>\n<meta property=\"og:type\" content=\"article\" \/>\n<meta property=\"og:title\" content=\"Jos\u00e9 Arnauda participan as\u00ed en nuestro Certamen de Villancicos - COPE Alcoy\" \/>\n<meta property=\"og:description\" content=\"El Colegio Jos\u00e9 Arnauda de Alcoy ha vuelto a estar presente en el Certamen Escolar de Villancicos de COPE ALCOY...\" \/>\n<meta property=\"og:url\" content=\"https:\/\/www.copealcoy.es\/es\/jose-arnauda-participan-asi-en-nuestro-certamen-de-villancicos\/\" \/>\n<meta property=\"og:site_name\" content=\"COPE Alcoy\" \/>\n<meta property=\"article:published_time\" content=\"2021-12-22T17:49:37+00:00\" \/>\n<meta property=\"article:modified_time\" content=\"2022-02-19T21:08:53+00:00\" \/>\n<meta property=\"og:image\" content=\"https:\/\/www.copealcoy.es\/wp-content\/uploads\/2021\/12\/Captura-de-pantalla-2021-12-22-a-las-17.09.23-copia-e1640195537964.png\" \/>\n\t<meta property=\"og:image:width\" content=\"437\" \/>\n\t<meta property=\"og:image:height\" content=\"200\" \/>\n\t<meta property=\"og:image:type\" content=\"image\/png\" \/>\n<meta name=\"author\" content=\"Cope Alcoy\" \/>\n<meta name=\"twitter:label1\" content=\"Escrito por\" \/>\n\t<meta name=\"twitter:data1\" content=\"Cope Alcoy\" \/>\n\t<meta name=\"twitter:label2\" content=\"Tiempo de lectura\" \/>\n\t<meta name=\"twitter:data2\" content=\"1 minuto\" \/>\n<script type=\"application\/ld+json\" class=\"yoast-schema-graph\">{\"@context\":\"https:\\\/\\\/schema.org\",\"@graph\":[{\"@type\":\"Article\",\"@id\":\"https:\\\/\\\/www.copealcoy.es\\\/es\\\/jose-arnauda-participan-asi-en-nuestro-certamen-de-villancicos\\\/#article\",\"isPartOf\":{\"@id\":\"https:\\\/\\\/www.copealcoy.es\\\/es\\\/jose-arnauda-participan-asi-en-nuestro-certamen-de-villancicos\\\/\"},\"author\":{\"name\":\"Cope Alcoy\",\"@id\":\"https:\\\/\\\/www.copealcoy.es\\\/es\\\/#\\\/schema\\\/person\\\/e777c87fa024e57d40170af9df39882c\"},\"headline\":\"Jos\u00e9 Arnauda participan as\u00ed en nuestro Certamen de Villancicos\",\"datePublished\":\"2021-12-22T17:49:37+00:00\",\"dateModified\":\"2022-02-19T21:08:53+00:00\",\"mainEntityOfPage\":{\"@id\":\"https:\\\/\\\/www.copealcoy.es\\\/es\\\/jose-arnauda-participan-asi-en-nuestro-certamen-de-villancicos\\\/\"},\"wordCount\":127,\"commentCount\":0,\"image\":{\"@id\":\"https:\\\/\\\/www.copealcoy.es\\\/es\\\/jose-arnauda-participan-asi-en-nuestro-certamen-de-villancicos\\\/#primaryimage\"},\"thumbnailUrl\":\"https:\\\/\\\/www.copealcoy.es\\\/wp-content\\\/uploads\\\/2021\\\/12\\\/Captura-de-pantalla-2021-12-22-a-las-17.09.23-copia-e1640195537964.png\",\"keywords\":[\"Alcoy\",\"Certamen Escolar\",\"Colegios\",\"Jos\u00e9 Arnauda\",\"Villancicos\"],\"articleSection\":[\"Actualidad\",\"Alcoy\",\"Certamen 2021\",\"Noticias\",\"V\u00eddeos\"],\"inLanguage\":\"es\"},{\"@type\":\"WebPage\",\"@id\":\"https:\\\/\\\/www.copealcoy.es\\\/es\\\/jose-arnauda-participan-asi-en-nuestro-certamen-de-villancicos\\\/\",\"url\":\"https:\\\/\\\/www.copealcoy.es\\\/es\\\/jose-arnauda-participan-asi-en-nuestro-certamen-de-villancicos\\\/\",\"name\":\"Jos\u00e9 Arnauda participan as\u00ed en nuestro Certamen de Villancicos - COPE Alcoy\",\"isPartOf\":{\"@id\":\"https:\\\/\\\/www.copealcoy.es\\\/es\\\/#website\"},\"primaryImageOfPage\":{\"@id\":\"https:\\\/\\\/www.copealcoy.es\\\/es\\\/jose-arnauda-participan-asi-en-nuestro-certamen-de-villancicos\\\/#primaryimage\"},\"image\":{\"@id\":\"https:\\\/\\\/www.copealcoy.es\\\/es\\\/jose-arnauda-participan-asi-en-nuestro-certamen-de-villancicos\\\/#primaryimage\"},\"thumbnailUrl\":\"https:\\\/\\\/www.copealcoy.es\\\/wp-content\\\/uploads\\\/2021\\\/12\\\/Captura-de-pantalla-2021-12-22-a-las-17.09.23-copia-e1640195537964.png\",\"datePublished\":\"2021-12-22T17:49:37+00:00\",\"dateModified\":\"2022-02-19T21:08:53+00:00\",\"author\":{\"@id\":\"https:\\\/\\\/www.copealcoy.es\\\/es\\\/#\\\/schema\\\/person\\\/e777c87fa024e57d40170af9df39882c\"},\"breadcrumb\":{\"@id\":\"https:\\\/\\\/www.copealcoy.es\\\/es\\\/jose-arnauda-participan-asi-en-nuestro-certamen-de-villancicos\\\/#breadcrumb\"},\"inLanguage\":\"es\",\"potentialAction\":[{\"@type\":\"ReadAction\",\"target\":[\"https:\\\/\\\/www.copealcoy.es\\\/es\\\/jose-arnauda-participan-asi-en-nuestro-certamen-de-villancicos\\\/\"]}]},{\"@type\":\"ImageObject\",\"inLanguage\":\"es\",\"@id\":\"https:\\\/\\\/www.copealcoy.es\\\/es\\\/jose-arnauda-participan-asi-en-nuestro-certamen-de-villancicos\\\/#primaryimage\",\"url\":\"https:\\\/\\\/www.copealcoy.es\\\/wp-content\\\/uploads\\\/2021\\\/12\\\/Captura-de-pantalla-2021-12-22-a-las-17.09.23-copia-e1640195537964.png\",\"contentUrl\":\"https:\\\/\\\/www.copealcoy.es\\\/wp-content\\\/uploads\\\/2021\\\/12\\\/Captura-de-pantalla-2021-12-22-a-las-17.09.23-copia-e1640195537964.png\",\"width\":437,\"height\":200},{\"@type\":\"BreadcrumbList\",\"@id\":\"https:\\\/\\\/www.copealcoy.es\\\/es\\\/jose-arnauda-participan-asi-en-nuestro-certamen-de-villancicos\\\/#breadcrumb\",\"itemListElement\":[{\"@type\":\"ListItem\",\"position\":1,\"name\":\"Portada\",\"item\":\"https:\\\/\\\/www.copealcoy.es\\\/es\\\/\"},{\"@type\":\"ListItem\",\"position\":2,\"name\":\"Jos\u00e9 Arnauda participan as\u00ed en nuestro Certamen de Villancicos\"}]},{\"@type\":\"WebSite\",\"@id\":\"https:\\\/\\\/www.copealcoy.es\\\/es\\\/#website\",\"url\":\"https:\\\/\\\/www.copealcoy.es\\\/es\\\/\",\"name\":\"COPE Alcoy\",\"description\":\"Emisora COPE de radio local con emisi\u00f3n online. Pont de Sant Jordi 8-10 03803 Alcoy\",\"potentialAction\":[{\"@type\":\"SearchAction\",\"target\":{\"@type\":\"EntryPoint\",\"urlTemplate\":\"https:\\\/\\\/www.copealcoy.es\\\/es\\\/?s={search_term_string}\"},\"query-input\":{\"@type\":\"PropertyValueSpecification\",\"valueRequired\":true,\"valueName\":\"search_term_string\"}}],\"inLanguage\":\"es\"},{\"@type\":\"Person\",\"@id\":\"https:\\\/\\\/www.copealcoy.es\\\/es\\\/#\\\/schema\\\/person\\\/e777c87fa024e57d40170af9df39882c\",\"name\":\"Cope Alcoy\",\"image\":{\"@type\":\"ImageObject\",\"inLanguage\":\"es\",\"@id\":\"https:\\\/\\\/secure.gravatar.com\\\/avatar\\\/bb65d0283347e303893ba14f0692005417c1e0e690a325a4c5d8bb2b3943ee14?s=96&d=mm&r=g\",\"url\":\"https:\\\/\\\/secure.gravatar.com\\\/avatar\\\/bb65d0283347e303893ba14f0692005417c1e0e690a325a4c5d8bb2b3943ee14?s=96&d=mm&r=g\",\"contentUrl\":\"https:\\\/\\\/secure.gravatar.com\\\/avatar\\\/bb65d0283347e303893ba14f0692005417c1e0e690a325a4c5d8bb2b3943ee14?s=96&d=mm&r=g\",\"caption\":\"Cope Alcoy\"}}]}<\/script>\n<!-- \/ Yoast SEO plugin. -->","yoast_head_json":{"title":"Jos\u00e9 Arnauda participan as\u00ed en nuestro Certamen de Villancicos - COPE Alcoy","robots":{"index":"index","follow":"follow","max-snippet":"max-snippet:-1","max-image-preview":"max-image-preview:large","max-video-preview":"max-video-preview:-1"},"canonical":"https:\/\/www.copealcoy.es\/es\/jose-arnauda-participan-asi-en-nuestro-certamen-de-villancicos\/","og_locale":"es_ES","og_type":"article","og_title":"Jos\u00e9 Arnauda participan as\u00ed en nuestro Certamen de Villancicos - COPE Alcoy","og_description":"El Colegio Jos\u00e9 Arnauda de Alcoy ha vuelto a estar presente en el Certamen Escolar de Villancicos de COPE ALCOY...","og_url":"https:\/\/www.copealcoy.es\/es\/jose-arnauda-participan-asi-en-nuestro-certamen-de-villancicos\/","og_site_name":"COPE Alcoy","article_published_time":"2021-12-22T17:49:37+00:00","article_modified_time":"2022-02-19T21:08:53+00:00","og_image":[{"width":437,"height":200,"url":"https:\/\/www.copealcoy.es\/wp-content\/uploads\/2021\/12\/Captura-de-pantalla-2021-12-22-a-las-17.09.23-copia-e1640195537964.png","type":"image\/png"}],"author":"Cope Alcoy","twitter_misc":{"Escrito por":"Cope Alcoy","Tiempo de lectura":"1 minuto"},"schema":{"@context":"https:\/\/schema.org","@graph":[{"@type":"Article","@id":"https:\/\/www.copealcoy.es\/es\/jose-arnauda-participan-asi-en-nuestro-certamen-de-villancicos\/#article","isPartOf":{"@id":"https:\/\/www.copealcoy.es\/es\/jose-arnauda-participan-asi-en-nuestro-certamen-de-villancicos\/"},"author":{"name":"Cope Alcoy","@id":"https:\/\/www.copealcoy.es\/es\/#\/schema\/person\/e777c87fa024e57d40170af9df39882c"},"headline":"Jos\u00e9 Arnauda participan as\u00ed en nuestro Certamen de Villancicos","datePublished":"2021-12-22T17:49:37+00:00","dateModified":"2022-02-19T21:08:53+00:00","mainEntityOfPage":{"@id":"https:\/\/www.copealcoy.es\/es\/jose-arnauda-participan-asi-en-nuestro-certamen-de-villancicos\/"},"wordCount":127,"commentCount":0,"image":{"@id":"https:\/\/www.copealcoy.es\/es\/jose-arnauda-participan-asi-en-nuestro-certamen-de-villancicos\/#primaryimage"},"thumbnailUrl":"https:\/\/www.copealcoy.es\/wp-content\/uploads\/2021\/12\/Captura-de-pantalla-2021-12-22-a-las-17.09.23-copia-e1640195537964.png","keywords":["Alcoy","Certamen Escolar","Colegios","Jos\u00e9 Arnauda","Villancicos"],"articleSection":["Actualidad","Alcoy","Certamen 2021","Noticias","V\u00eddeos"],"inLanguage":"es"},{"@type":"WebPage","@id":"https:\/\/www.copealcoy.es\/es\/jose-arnauda-participan-asi-en-nuestro-certamen-de-villancicos\/","url":"https:\/\/www.copealcoy.es\/es\/jose-arnauda-participan-asi-en-nuestro-certamen-de-villancicos\/","name":"Jos\u00e9 Arnauda participan as\u00ed en nuestro Certamen de Villancicos - COPE Alcoy","isPartOf":{"@id":"https:\/\/www.copealcoy.es\/es\/#website"},"primaryImageOfPage":{"@id":"https:\/\/www.copealcoy.es\/es\/jose-arnauda-participan-asi-en-nuestro-certamen-de-villancicos\/#primaryimage"},"image":{"@id":"https:\/\/www.copealcoy.es\/es\/jose-arnauda-participan-asi-en-nuestro-certamen-de-villancicos\/#primaryimage"},"thumbnailUrl":"https:\/\/www.copealcoy.es\/wp-content\/uploads\/2021\/12\/Captura-de-pantalla-2021-12-22-a-las-17.09.23-copia-e1640195537964.png","datePublished":"2021-12-22T17:49:37+00:00","dateModified":"2022-02-19T21:08:53+00:00","author":{"@id":"https:\/\/www.copealcoy.es\/es\/#\/schema\/person\/e777c87fa024e57d40170af9df39882c"},"breadcrumb":{"@id":"https:\/\/www.copealcoy.es\/es\/jose-arnauda-participan-asi-en-nuestro-certamen-de-villancicos\/#breadcrumb"},"inLanguage":"es","potentialAction":[{"@type":"ReadAction","target":["https:\/\/www.copealcoy.es\/es\/jose-arnauda-participan-asi-en-nuestro-certamen-de-villancicos\/"]}]},{"@type":"ImageObject","inLanguage":"es","@id":"https:\/\/www.copealcoy.es\/es\/jose-arnauda-participan-asi-en-nuestro-certamen-de-villancicos\/#primaryimage","url":"https:\/\/www.copealcoy.es\/wp-content\/uploads\/2021\/12\/Captura-de-pantalla-2021-12-22-a-las-17.09.23-copia-e1640195537964.png","contentUrl":"https:\/\/www.copealcoy.es\/wp-content\/uploads\/2021\/12\/Captura-de-pantalla-2021-12-22-a-las-17.09.23-copia-e1640195537964.png","width":437,"height":200},{"@type":"BreadcrumbList","@id":"https:\/\/www.copealcoy.es\/es\/jose-arnauda-participan-asi-en-nuestro-certamen-de-villancicos\/#breadcrumb","itemListElement":[{"@type":"ListItem","position":1,"name":"Portada","item":"https:\/\/www.copealcoy.es\/es\/"},{"@type":"ListItem","position":2,"name":"Jos\u00e9 Arnauda participan as\u00ed en nuestro Certamen de Villancicos"}]},{"@type":"WebSite","@id":"https:\/\/www.copealcoy.es\/es\/#website","url":"https:\/\/www.copealcoy.es\/es\/","name":"COPE Alcoy","description":"Emisora COPE de radio local con emisi\u00f3n online. Pont de Sant Jordi 8-10 03803 Alcoy","potentialAction":[{"@type":"SearchAction","target":{"@type":"EntryPoint","urlTemplate":"https:\/\/www.copealcoy.es\/es\/?s={search_term_string}"},"query-input":{"@type":"PropertyValueSpecification","valueRequired":true,"valueName":"search_term_string"}}],"inLanguage":"es"},{"@type":"Person","@id":"https:\/\/www.copealcoy.es\/es\/#\/schema\/person\/e777c87fa024e57d40170af9df39882c","name":"Cope Alcoy","image":{"@type":"ImageObject","inLanguage":"es","@id":"https:\/\/secure.gravatar.com\/avatar\/bb65d0283347e303893ba14f0692005417c1e0e690a325a4c5d8bb2b3943ee14?s=96&d=mm&r=g","url":"https:\/\/secure.gravatar.com\/avatar\/bb65d0283347e303893ba14f0692005417c1e0e690a325a4c5d8bb2b3943ee14?s=96&d=mm&r=g","contentUrl":"https:\/\/secure.gravatar.com\/avatar\/bb65d0283347e303893ba14f0692005417c1e0e690a325a4c5d8bb2b3943ee14?s=96&d=mm&r=g","caption":"Cope Alcoy"}}]}},"_links":{"self":[{"href":"https:\/\/www.copealcoy.es\/es\/wp-json\/wp\/v2\/posts\/81563","targetHints":{"allow":["GET"]}}],"collection":[{"href":"https:\/\/www.copealcoy.es\/es\/wp-json\/wp\/v2\/posts"}],"about":[{"href":"https:\/\/www.copealcoy.es\/es\/wp-json\/wp\/v2\/types\/post"}],"author":[{"embeddable":true,"href":"https:\/\/www.copealcoy.es\/es\/wp-json\/wp\/v2\/users\/1"}],"replies":[{"embeddable":true,"href":"https:\/\/www.copealcoy.es\/es\/wp-json\/wp\/v2\/comments?post=81563"}],"version-history":[{"count":0,"href":"https:\/\/www.copealcoy.es\/es\/wp-json\/wp\/v2\/posts\/81563\/revisions"}],"wp:featuredmedia":[{"embeddable":true,"href":"https:\/\/www.copealcoy.es\/es\/wp-json\/wp\/v2\/media\/81564"}],"wp:attachment":[{"href":"https:\/\/www.copealcoy.es\/es\/wp-json\/wp\/v2\/media?parent=81563"}],"wp:term":[{"taxonomy":"category","embeddable":true,"href":"https:\/\/www.copealcoy.es\/es\/wp-json\/wp\/v2\/categories?post=81563"},{"taxonomy":"post_tag","embeddable":true,"href":"https:\/\/www.copealcoy.es\/es\/wp-json\/wp\/v2\/tags?post=81563"}],"curies":[{"name":"wp","href":"https:\/\/api.w.org\/{rel}","templated":true}]}}