{"id":81496,"date":"2021-12-21T12:49:41","date_gmt":"2021-12-21T11:49:41","guid":{"rendered":"https:\/\/www.copealcoy.es\/?p=81496"},"modified":"2021-12-21T15:07:39","modified_gmt":"2021-12-21T14:07:39","slug":"la-comunidad-valenciana-cobrara-tasa-turistica","status":"publish","type":"post","link":"https:\/\/www.copealcoy.es\/es\/la-comunidad-valenciana-cobrara-tasa-turistica\/","title":{"rendered":"La Comunidad Valenciana cobrar\u00e1 tasa tur\u00edstica"},"content":{"rendered":"<p style=\"text-align: justify;\">Los socios del gobierno valenciano <strong>han alcanzado finalmente un acuerdo este martes sobre la implantaci\u00f3n de la tasa tur\u00edstica en la Comunitat<\/strong>, de car\u00e1cter voluntaria y municipal, tras<strong> las reticencias del PSPV<\/strong> durante los \u00faltimos meses a la propuesta conjunta de Comprom\u00eds y Unides Podem. Se comprometen as\u00ed a <strong>presentarla antes de marzo<\/strong> tras consensuarla con el sector, con los ayuntamientos y con los vecinos.<\/p>\n<p style=\"text-align: justify;\">En un escrito conjunto, firmado este martes <strong>a un d\u00eda de la aprobaci\u00f3n de los presupuestos de la Generalitat y de la ley de acompa\u00f1amiento<\/strong> en la que se incluir\u00e1 este impuesto, el Bot\u00e0nic garantiza que entre enero y febrero <strong>llevar\u00e1 a cabo un proceso de di\u00e1logo con el sector tur\u00edstico<\/strong> (empresariado y trabajadores) y <strong>con los ayuntamientos, asociaciones de vecinos, expertos y representantes de administraciones del entorno<\/strong> que cuentan con tasa tur\u00edstica.<\/p>\n<p style=\"text-align: justify;\">A partir de ah\u00ed,<strong> su objetivo es presentar antes de que acabe marzo<\/strong> una proposici\u00f3n de ley creadora del<em>&#8220;impuesto valenciano de estancias tur\u00edsticas&#8221;<\/em>, <strong>un impuesto voluntario y municipal<\/strong> para que los consistorios que lo decidan puedan obtener rendimiento econ\u00f3mico del turismo.<\/p>\n<p style=\"text-align: justify;\">Esta iniciativa asumir\u00e1 como punto de partida <strong>la enmienda conjunta de la tasa tur\u00edstica presentada por Comprom\u00eds y UP<\/strong>, incorporando las mejoras del proceso de di\u00e1logo. Por tanto, para facilitar el acuerdo y la participaci\u00f3n ciudadana, <strong>esta propuesta no se votar\u00e1 en el pleno de este mi\u00e9rcoles<\/strong> para su incorporaci\u00f3n a la ley de acompa\u00f1amiento.<\/p>\n<p style=\"text-align: justify;\">En el &#8216;<strong>Acuerdo valenciano para un turismo m\u00e1s sostenible, responsable y de calidad&#8217;<\/strong>, Manolo Mata (PSPV), Fran Ferri (Comprom\u00eds) y Pilar Lima (UP) recuerdan que los tres partidos comparten la importancia del sector en la econom\u00eda valenciana y la necesidad de trabajar por un modelo generador de calidad de vida para la ciudadan\u00eda.<\/p>\n<p style=\"text-align: justify;\"><strong><span style=\"color: #0000ff;\">El imserso no estar\u00eda sometido\u00a0<\/span><\/strong><\/p>\n<p style=\"text-align: justify;\">Tras sellar el acuerdo, <strong>Mata<\/strong> ha trasladado a los periodistas que esta propuesta es una\u00a0<em>&#8220;v\u00eda valenciana&#8221;<\/em> que\u00a0<em>&#8220;no tiene nada que ver&#8221;<\/em>\u00a0con los impuestos vigentes en Catalunya o Balears, ya que la deja en manos de los ayuntamientos. Ha asegurado que es el modelo<em>&#8220;m\u00e1s razonable&#8221;<\/em>\u00a0y que contar\u00e1 con un marco legal\u00a0<em>&#8220;muy s\u00f3lido&#8221;\u00a0<\/em>que determinar\u00e1 qu\u00e9 \u00e1mbitos no estar\u00e1n penalizados, entre los que ha apuntado al Imserso o a las estancias vinculadas a la salud.<\/p>\n<p style=\"text-align: justify;\"><em>&#8220;No podemos fracasar, tenemos que convencer al m\u00e1ximo de ayuntamientos e instituciones&#8221;,<\/em>\u00a0ha manifestado el socialista, para insistir en que cada municipio tendr\u00e1\u00a0<em>&#8220;libertad&#8221;\u00a0<\/em>de aplicar la tasa o no y en que ya se determinar\u00e1 si ser\u00e1\u00a0<em>&#8220;de uno o dos euros&#8221;.<\/em>\u00a0Y ha confiado en que en 2023, si la situaci\u00f3n sanitaria se normaliza,\u00a0<em>&#8220;muchos ayuntamientos la adopten&#8221;.<\/em><\/p>\n<p style=\"text-align: justify;\">De <strong>Comprom\u00eds<\/strong>, Ferri ha coincidido en que se podr\u00e1n acoger a este impuesto las ciudades que\u00a0<em>&#8220;lo deseen&#8221;\u00a0<\/em>y ha reiterado que era una tasa que deben pagar los visitantes de la Comunitat al igual que los valencianos hacen cuando viajan a Roma o Par\u00eds.\u00a0<em>&#8220;Si no, la estamos pagando los valencianos&#8221;<\/em>, ha advertido.<\/p>\n<p style=\"text-align: justify;\">Fran Ferri, sobre el que ser\u00e1 su \u00faltimo acuerdo como portavoz tras su anuncio de que dejar\u00e1 el acta en unas semanas, ha garantizado que en enero se abrir\u00e1 un proceso de di\u00e1logo con<em>&#8220;todos los sectores implicados, desde la patronal hasta los trabajadores, para presentar la proposici\u00f3n dentro del marco legal&#8221;.<\/em><\/p>\n<p style=\"text-align: justify;\">Y <strong>Lima<\/strong> (UP) ha celebrado el acuerdo y ha llamado a lograr el\u00a0<em>&#8220;m\u00e1ximo apoyo&#8221;\u00a0<\/em>del sector tur\u00edstico, tanto de los empleados como de los empresarios. Ha prometido que la propuesta tendr\u00e1 seguridad jur\u00eddica y ha recordado que el objetivo es caminar hacia un turismo sostenible para\u00a0<em>&#8220;cuidar el medio ambiente y cuidar a los valencianos&#8221;.<\/em><\/p>\n","protected":false},"excerpt":{"rendered":"<p>Los socios del gobierno valenciano han alcanzado finalmente un acuerdo este martes sobre la implantaci\u00f3n de la tasa tur\u00edstica en&#8230;<\/p>\n","protected":false},"author":1,"featured_media":12501,"comment_status":"open","ping_status":"open","sticky":false,"template":"","format":"standard","meta":{"footnotes":""},"categories":[97,75,79],"tags":[276,479,994,11832],"class_list":["post-81496","post","type-post","status-publish","format-standard","has-post-thumbnail","hentry","category-alcoy","category-noticias","category-politicayeconomia","tag-aprobacion","tag-consell","tag-generalitat-valenciana","tag-tasa-turistica"],"yoast_head":"<!-- This site is optimized with the Yoast SEO plugin v27.3 - https:\/\/yoast.com\/product\/yoast-seo-wordpress\/ -->\n<title>La Comunidad Valenciana cobrar\u00e1 tasa tur\u00edstica - COPE Alcoy<\/title>\n<meta name=\"robots\" content=\"index, follow, max-snippet:-1, max-image-preview:large, max-video-preview:-1\" \/>\n<link rel=\"canonical\" href=\"https:\/\/www.copealcoy.es\/es\/la-comunidad-valenciana-cobrara-tasa-turistica\/\" \/>\n<meta property=\"og:locale\" content=\"es_ES\" \/>\n<meta property=\"og:type\" content=\"article\" \/>\n<meta property=\"og:title\" content=\"La Comunidad Valenciana cobrar\u00e1 tasa tur\u00edstica - COPE Alcoy\" \/>\n<meta property=\"og:description\" content=\"Los socios del gobierno valenciano han alcanzado finalmente un acuerdo este martes sobre la implantaci\u00f3n de la tasa tur\u00edstica en...\" \/>\n<meta property=\"og:url\" content=\"https:\/\/www.copealcoy.es\/es\/la-comunidad-valenciana-cobrara-tasa-turistica\/\" \/>\n<meta property=\"og:site_name\" content=\"COPE Alcoy\" \/>\n<meta property=\"article:published_time\" content=\"2021-12-21T11:49:41+00:00\" \/>\n<meta property=\"article:modified_time\" content=\"2021-12-21T14:07:39+00:00\" \/>\n<meta property=\"og:image\" content=\"https:\/\/www.copealcoy.es\/wp-content\/uploads\/2015\/04\/VistaAgres1.jpg\" \/>\n\t<meta property=\"og:image:width\" content=\"600\" \/>\n\t<meta property=\"og:image:height\" content=\"400\" \/>\n\t<meta property=\"og:image:type\" content=\"image\/jpeg\" \/>\n<meta name=\"author\" content=\"Cope Alcoy\" \/>\n<meta name=\"twitter:label1\" content=\"Escrito por\" \/>\n\t<meta name=\"twitter:data1\" content=\"Cope Alcoy\" \/>\n\t<meta name=\"twitter:label2\" content=\"Tiempo de lectura\" \/>\n\t<meta name=\"twitter:data2\" content=\"3 minutos\" \/>\n<script type=\"application\/ld+json\" class=\"yoast-schema-graph\">{\"@context\":\"https:\\\/\\\/schema.org\",\"@graph\":[{\"@type\":\"Article\",\"@id\":\"https:\\\/\\\/www.copealcoy.es\\\/es\\\/la-comunidad-valenciana-cobrara-tasa-turistica\\\/#article\",\"isPartOf\":{\"@id\":\"https:\\\/\\\/www.copealcoy.es\\\/es\\\/la-comunidad-valenciana-cobrara-tasa-turistica\\\/\"},\"author\":{\"name\":\"Cope Alcoy\",\"@id\":\"https:\\\/\\\/www.copealcoy.es\\\/es\\\/#\\\/schema\\\/person\\\/e777c87fa024e57d40170af9df39882c\"},\"headline\":\"La Comunidad Valenciana cobrar\u00e1 tasa tur\u00edstica\",\"datePublished\":\"2021-12-21T11:49:41+00:00\",\"dateModified\":\"2021-12-21T14:07:39+00:00\",\"mainEntityOfPage\":{\"@id\":\"https:\\\/\\\/www.copealcoy.es\\\/es\\\/la-comunidad-valenciana-cobrara-tasa-turistica\\\/\"},\"wordCount\":640,\"commentCount\":0,\"image\":{\"@id\":\"https:\\\/\\\/www.copealcoy.es\\\/es\\\/la-comunidad-valenciana-cobrara-tasa-turistica\\\/#primaryimage\"},\"thumbnailUrl\":\"https:\\\/\\\/www.copealcoy.es\\\/wp-content\\\/uploads\\\/2015\\\/04\\\/VistaAgres1.jpg\",\"keywords\":[\"Aprobaci\u00f3n\",\"Consell\",\"Generalitat Valenciana\",\"tasa tur\u00edstica\"],\"articleSection\":[\"Alcoy\",\"Noticias\",\"Pol\u00edtica y Econom\u00eda\"],\"inLanguage\":\"es\"},{\"@type\":\"WebPage\",\"@id\":\"https:\\\/\\\/www.copealcoy.es\\\/es\\\/la-comunidad-valenciana-cobrara-tasa-turistica\\\/\",\"url\":\"https:\\\/\\\/www.copealcoy.es\\\/es\\\/la-comunidad-valenciana-cobrara-tasa-turistica\\\/\",\"name\":\"La Comunidad Valenciana cobrar\u00e1 tasa tur\u00edstica - COPE Alcoy\",\"isPartOf\":{\"@id\":\"https:\\\/\\\/www.copealcoy.es\\\/es\\\/#website\"},\"primaryImageOfPage\":{\"@id\":\"https:\\\/\\\/www.copealcoy.es\\\/es\\\/la-comunidad-valenciana-cobrara-tasa-turistica\\\/#primaryimage\"},\"image\":{\"@id\":\"https:\\\/\\\/www.copealcoy.es\\\/es\\\/la-comunidad-valenciana-cobrara-tasa-turistica\\\/#primaryimage\"},\"thumbnailUrl\":\"https:\\\/\\\/www.copealcoy.es\\\/wp-content\\\/uploads\\\/2015\\\/04\\\/VistaAgres1.jpg\",\"datePublished\":\"2021-12-21T11:49:41+00:00\",\"dateModified\":\"2021-12-21T14:07:39+00:00\",\"author\":{\"@id\":\"https:\\\/\\\/www.copealcoy.es\\\/es\\\/#\\\/schema\\\/person\\\/e777c87fa024e57d40170af9df39882c\"},\"breadcrumb\":{\"@id\":\"https:\\\/\\\/www.copealcoy.es\\\/es\\\/la-comunidad-valenciana-cobrara-tasa-turistica\\\/#breadcrumb\"},\"inLanguage\":\"es\",\"potentialAction\":[{\"@type\":\"ReadAction\",\"target\":[\"https:\\\/\\\/www.copealcoy.es\\\/es\\\/la-comunidad-valenciana-cobrara-tasa-turistica\\\/\"]}]},{\"@type\":\"ImageObject\",\"inLanguage\":\"es\",\"@id\":\"https:\\\/\\\/www.copealcoy.es\\\/es\\\/la-comunidad-valenciana-cobrara-tasa-turistica\\\/#primaryimage\",\"url\":\"https:\\\/\\\/www.copealcoy.es\\\/wp-content\\\/uploads\\\/2015\\\/04\\\/VistaAgres1.jpg\",\"contentUrl\":\"https:\\\/\\\/www.copealcoy.es\\\/wp-content\\\/uploads\\\/2015\\\/04\\\/VistaAgres1.jpg\",\"width\":600,\"height\":400},{\"@type\":\"BreadcrumbList\",\"@id\":\"https:\\\/\\\/www.copealcoy.es\\\/es\\\/la-comunidad-valenciana-cobrara-tasa-turistica\\\/#breadcrumb\",\"itemListElement\":[{\"@type\":\"ListItem\",\"position\":1,\"name\":\"Portada\",\"item\":\"https:\\\/\\\/www.copealcoy.es\\\/es\\\/\"},{\"@type\":\"ListItem\",\"position\":2,\"name\":\"La Comunidad Valenciana cobrar\u00e1 tasa tur\u00edstica\"}]},{\"@type\":\"WebSite\",\"@id\":\"https:\\\/\\\/www.copealcoy.es\\\/es\\\/#website\",\"url\":\"https:\\\/\\\/www.copealcoy.es\\\/es\\\/\",\"name\":\"COPE Alcoy\",\"description\":\"Emisora COPE de radio local con emisi\u00f3n online. Pont de Sant Jordi 8-10 03803 Alcoy\",\"potentialAction\":[{\"@type\":\"SearchAction\",\"target\":{\"@type\":\"EntryPoint\",\"urlTemplate\":\"https:\\\/\\\/www.copealcoy.es\\\/es\\\/?s={search_term_string}\"},\"query-input\":{\"@type\":\"PropertyValueSpecification\",\"valueRequired\":true,\"valueName\":\"search_term_string\"}}],\"inLanguage\":\"es\"},{\"@type\":\"Person\",\"@id\":\"https:\\\/\\\/www.copealcoy.es\\\/es\\\/#\\\/schema\\\/person\\\/e777c87fa024e57d40170af9df39882c\",\"name\":\"Cope Alcoy\",\"image\":{\"@type\":\"ImageObject\",\"inLanguage\":\"es\",\"@id\":\"https:\\\/\\\/secure.gravatar.com\\\/avatar\\\/bb65d0283347e303893ba14f0692005417c1e0e690a325a4c5d8bb2b3943ee14?s=96&d=mm&r=g\",\"url\":\"https:\\\/\\\/secure.gravatar.com\\\/avatar\\\/bb65d0283347e303893ba14f0692005417c1e0e690a325a4c5d8bb2b3943ee14?s=96&d=mm&r=g\",\"contentUrl\":\"https:\\\/\\\/secure.gravatar.com\\\/avatar\\\/bb65d0283347e303893ba14f0692005417c1e0e690a325a4c5d8bb2b3943ee14?s=96&d=mm&r=g\",\"caption\":\"Cope Alcoy\"}}]}<\/script>\n<!-- \/ Yoast SEO plugin. -->","yoast_head_json":{"title":"La Comunidad Valenciana cobrar\u00e1 tasa tur\u00edstica - COPE Alcoy","robots":{"index":"index","follow":"follow","max-snippet":"max-snippet:-1","max-image-preview":"max-image-preview:large","max-video-preview":"max-video-preview:-1"},"canonical":"https:\/\/www.copealcoy.es\/es\/la-comunidad-valenciana-cobrara-tasa-turistica\/","og_locale":"es_ES","og_type":"article","og_title":"La Comunidad Valenciana cobrar\u00e1 tasa tur\u00edstica - COPE Alcoy","og_description":"Los socios del gobierno valenciano han alcanzado finalmente un acuerdo este martes sobre la implantaci\u00f3n de la tasa tur\u00edstica en...","og_url":"https:\/\/www.copealcoy.es\/es\/la-comunidad-valenciana-cobrara-tasa-turistica\/","og_site_name":"COPE Alcoy","article_published_time":"2021-12-21T11:49:41+00:00","article_modified_time":"2021-12-21T14:07:39+00:00","og_image":[{"width":600,"height":400,"url":"https:\/\/www.copealcoy.es\/wp-content\/uploads\/2015\/04\/VistaAgres1.jpg","type":"image\/jpeg"}],"author":"Cope Alcoy","twitter_misc":{"Escrito por":"Cope Alcoy","Tiempo de lectura":"3 minutos"},"schema":{"@context":"https:\/\/schema.org","@graph":[{"@type":"Article","@id":"https:\/\/www.copealcoy.es\/es\/la-comunidad-valenciana-cobrara-tasa-turistica\/#article","isPartOf":{"@id":"https:\/\/www.copealcoy.es\/es\/la-comunidad-valenciana-cobrara-tasa-turistica\/"},"author":{"name":"Cope Alcoy","@id":"https:\/\/www.copealcoy.es\/es\/#\/schema\/person\/e777c87fa024e57d40170af9df39882c"},"headline":"La Comunidad Valenciana cobrar\u00e1 tasa tur\u00edstica","datePublished":"2021-12-21T11:49:41+00:00","dateModified":"2021-12-21T14:07:39+00:00","mainEntityOfPage":{"@id":"https:\/\/www.copealcoy.es\/es\/la-comunidad-valenciana-cobrara-tasa-turistica\/"},"wordCount":640,"commentCount":0,"image":{"@id":"https:\/\/www.copealcoy.es\/es\/la-comunidad-valenciana-cobrara-tasa-turistica\/#primaryimage"},"thumbnailUrl":"https:\/\/www.copealcoy.es\/wp-content\/uploads\/2015\/04\/VistaAgres1.jpg","keywords":["Aprobaci\u00f3n","Consell","Generalitat Valenciana","tasa tur\u00edstica"],"articleSection":["Alcoy","Noticias","Pol\u00edtica y Econom\u00eda"],"inLanguage":"es"},{"@type":"WebPage","@id":"https:\/\/www.copealcoy.es\/es\/la-comunidad-valenciana-cobrara-tasa-turistica\/","url":"https:\/\/www.copealcoy.es\/es\/la-comunidad-valenciana-cobrara-tasa-turistica\/","name":"La Comunidad Valenciana cobrar\u00e1 tasa tur\u00edstica - COPE Alcoy","isPartOf":{"@id":"https:\/\/www.copealcoy.es\/es\/#website"},"primaryImageOfPage":{"@id":"https:\/\/www.copealcoy.es\/es\/la-comunidad-valenciana-cobrara-tasa-turistica\/#primaryimage"},"image":{"@id":"https:\/\/www.copealcoy.es\/es\/la-comunidad-valenciana-cobrara-tasa-turistica\/#primaryimage"},"thumbnailUrl":"https:\/\/www.copealcoy.es\/wp-content\/uploads\/2015\/04\/VistaAgres1.jpg","datePublished":"2021-12-21T11:49:41+00:00","dateModified":"2021-12-21T14:07:39+00:00","author":{"@id":"https:\/\/www.copealcoy.es\/es\/#\/schema\/person\/e777c87fa024e57d40170af9df39882c"},"breadcrumb":{"@id":"https:\/\/www.copealcoy.es\/es\/la-comunidad-valenciana-cobrara-tasa-turistica\/#breadcrumb"},"inLanguage":"es","potentialAction":[{"@type":"ReadAction","target":["https:\/\/www.copealcoy.es\/es\/la-comunidad-valenciana-cobrara-tasa-turistica\/"]}]},{"@type":"ImageObject","inLanguage":"es","@id":"https:\/\/www.copealcoy.es\/es\/la-comunidad-valenciana-cobrara-tasa-turistica\/#primaryimage","url":"https:\/\/www.copealcoy.es\/wp-content\/uploads\/2015\/04\/VistaAgres1.jpg","contentUrl":"https:\/\/www.copealcoy.es\/wp-content\/uploads\/2015\/04\/VistaAgres1.jpg","width":600,"height":400},{"@type":"BreadcrumbList","@id":"https:\/\/www.copealcoy.es\/es\/la-comunidad-valenciana-cobrara-tasa-turistica\/#breadcrumb","itemListElement":[{"@type":"ListItem","position":1,"name":"Portada","item":"https:\/\/www.copealcoy.es\/es\/"},{"@type":"ListItem","position":2,"name":"La Comunidad Valenciana cobrar\u00e1 tasa tur\u00edstica"}]},{"@type":"WebSite","@id":"https:\/\/www.copealcoy.es\/es\/#website","url":"https:\/\/www.copealcoy.es\/es\/","name":"COPE Alcoy","description":"Emisora COPE de radio local con emisi\u00f3n online. Pont de Sant Jordi 8-10 03803 Alcoy","potentialAction":[{"@type":"SearchAction","target":{"@type":"EntryPoint","urlTemplate":"https:\/\/www.copealcoy.es\/es\/?s={search_term_string}"},"query-input":{"@type":"PropertyValueSpecification","valueRequired":true,"valueName":"search_term_string"}}],"inLanguage":"es"},{"@type":"Person","@id":"https:\/\/www.copealcoy.es\/es\/#\/schema\/person\/e777c87fa024e57d40170af9df39882c","name":"Cope Alcoy","image":{"@type":"ImageObject","inLanguage":"es","@id":"https:\/\/secure.gravatar.com\/avatar\/bb65d0283347e303893ba14f0692005417c1e0e690a325a4c5d8bb2b3943ee14?s=96&d=mm&r=g","url":"https:\/\/secure.gravatar.com\/avatar\/bb65d0283347e303893ba14f0692005417c1e0e690a325a4c5d8bb2b3943ee14?s=96&d=mm&r=g","contentUrl":"https:\/\/secure.gravatar.com\/avatar\/bb65d0283347e303893ba14f0692005417c1e0e690a325a4c5d8bb2b3943ee14?s=96&d=mm&r=g","caption":"Cope Alcoy"}}]}},"_links":{"self":[{"href":"https:\/\/www.copealcoy.es\/es\/wp-json\/wp\/v2\/posts\/81496","targetHints":{"allow":["GET"]}}],"collection":[{"href":"https:\/\/www.copealcoy.es\/es\/wp-json\/wp\/v2\/posts"}],"about":[{"href":"https:\/\/www.copealcoy.es\/es\/wp-json\/wp\/v2\/types\/post"}],"author":[{"embeddable":true,"href":"https:\/\/www.copealcoy.es\/es\/wp-json\/wp\/v2\/users\/1"}],"replies":[{"embeddable":true,"href":"https:\/\/www.copealcoy.es\/es\/wp-json\/wp\/v2\/comments?post=81496"}],"version-history":[{"count":0,"href":"https:\/\/www.copealcoy.es\/es\/wp-json\/wp\/v2\/posts\/81496\/revisions"}],"wp:featuredmedia":[{"embeddable":true,"href":"https:\/\/www.copealcoy.es\/es\/wp-json\/wp\/v2\/media\/12501"}],"wp:attachment":[{"href":"https:\/\/www.copealcoy.es\/es\/wp-json\/wp\/v2\/media?parent=81496"}],"wp:term":[{"taxonomy":"category","embeddable":true,"href":"https:\/\/www.copealcoy.es\/es\/wp-json\/wp\/v2\/categories?post=81496"},{"taxonomy":"post_tag","embeddable":true,"href":"https:\/\/www.copealcoy.es\/es\/wp-json\/wp\/v2\/tags?post=81496"}],"curies":[{"name":"wp","href":"https:\/\/api.w.org\/{rel}","templated":true}]}}