{"id":81246,"date":"2021-12-14T22:58:34","date_gmt":"2021-12-14T21:58:34","guid":{"rendered":"https:\/\/www.copealcoy.es\/?p=81246"},"modified":"2021-12-14T23:05:36","modified_gmt":"2021-12-14T22:05:36","slug":"detectado-el-primer-caso-de-omicron-en-la-comunidad-valenciana","status":"publish","type":"post","link":"https:\/\/www.copealcoy.es\/es\/detectado-el-primer-caso-de-omicron-en-la-comunidad-valenciana\/","title":{"rendered":"Detectado el primer caso de \u00d3micron en la Comunidad Valenciana"},"content":{"rendered":"<p style=\"text-align: justify;\">Este martes se ha detectado el primer caso de la variable del coronavirus \u00d3micron.\u00a0<strong>Se trata de un paciente con s\u00edntomas leves en Elche, aunque, a falta de confirmaci\u00f3n, es probable que el origen fuera de \u00e1mbito social en una comida en Valencia<\/strong>. Con este nuevo caso de la variable,<strong>\u00a0ya son 37 confirmados en toda Espa\u00f1a<\/strong>\u00a0mediante secuenciaci\u00f3n despu\u00e9s de ya se haya detectado en varias comunidades. Madrid detect\u00f3 el primero de ellos el 29 de noviembre, y le siguieron Catalu\u00f1a, Galicia y Extremadura.<\/p>\n<p style=\"text-align: justify;\">En esta l\u00ednea, el\u00a0<strong>Centro Europeo para el Control y la Prevenci\u00f3n de Enfermedades tiene registrados un total de 1.686 casos de \u00f3micron en la Uni\u00f3n Europea y el Espacio Econ\u00f3mico Europeo<\/strong>, tras la confirmaci\u00f3n de 920 positivos en las \u00faltimas 24 horas. A pesar de que inicialmente esta variable era importada principalmente por los viajes, el organismo europeo ha indicado que se ha notificado\u00a0<strong>&#8220;un n\u00famero creciente&#8221;<\/strong>\u00a0de casos adquiridos dentro de Europa.<\/p>\n<p style=\"text-align: justify;\">Este primer contagio de \u00d3micron en Elche se ha notificado en un momento en el que la Comunidad Valenciana se encuentra sumergida en plena sexta ola del virus. Ayer mismo se notificaron\u00a0<strong>6.696 nuevos contagios tras el fin de semana<\/strong>, el doble que los registrados el viernes, con 3.996 positivos, y que suponen unas cifras que no se registraban desde el pasado mes de julio.<\/p>\n<p style=\"text-align: justify;\">Adem\u00e1s, la presi\u00f3n hospitalaria tampoco deja buenos datos. En la actualizaci\u00f3n de ayer, Conselleria informaba que hay\u00a0<strong>717 personas ingresadas (154 m\u00e1s que el viernes), 109 de las cuales se encuentran en UCI y que suponen 16 m\u00e1s que en la \u00faltima actualizaci\u00f3n del viernes.<\/strong>\u00a0La cifra de fallecimientos, aunque menor que el pasado viernes, supone tambi\u00e9n un indicador de la gravedad de la situaci\u00f3n sanitaria en la Comunidad Valenciana. Ayer eran 11 nuevos decesos de personas de 64, 67, 72, 75, 95, 97 y 100 a\u00f1os.<\/p>\n<p style=\"text-align: justify;\">Ante estos datos que evidencian una nueva ola del coronavirus a las puertas de la Navidad,\u00a0<strong>la vacunaci\u00f3n de menores de 12 a\u00f1os en la Comunitat ya es posible esta misma semana<\/strong>. Ayer lunes llegaron 150.000 dosis pedi\u00e1tricas de la vacuna Pfizer y ma\u00f1ana se empezar\u00e1n a administrar en todos los centros educativos de la mano de los equipos de vacunaci\u00f3n de la Comunidad Valenciana. Respecto a esto, y al carecer de obligaci\u00f3n legal para vacunarse,\u00a0<strong>el presidente de la Generalitat, Ximo Puig, insiti\u00f3 el viernes pasado en la importancia de la vacunaci\u00f3n y solicit\u00f3 a los padres que autoricen la vacunaci\u00f3n de sus hijos<\/strong>.<\/p>\n","protected":false},"excerpt":{"rendered":"<p>Este martes se ha detectado el primer caso de la variable del coronavirus \u00d3micron.\u00a0Se trata de un paciente con s\u00edntomas&#8230;<\/p>\n","protected":false},"author":1,"featured_media":62059,"comment_status":"open","ping_status":"open","sticky":false,"template":"","format":"standard","meta":{"footnotes":""},"categories":[6909,97,75,79],"tags":[639,7281,12190,12155,7335],"class_list":["post-81246","post","type-post","status-publish","format-standard","has-post-thumbnail","hentry","category-actualidad","category-alcoy","category-noticias","category-politicayeconomia","tag-comunidad-valenciana","tag-coronavirus","tag-deteccion","tag-omicron","tag-primer-caso"],"yoast_head":"<!-- This site is optimized with the Yoast SEO plugin v27.3 - https:\/\/yoast.com\/product\/yoast-seo-wordpress\/ -->\n<title>Detectado el primer caso de \u00d3micron en la Comunidad Valenciana - COPE Alcoy<\/title>\n<meta name=\"robots\" content=\"index, follow, max-snippet:-1, max-image-preview:large, max-video-preview:-1\" \/>\n<link rel=\"canonical\" href=\"https:\/\/www.copealcoy.es\/es\/detectado-el-primer-caso-de-omicron-en-la-comunidad-valenciana\/\" \/>\n<meta property=\"og:locale\" content=\"es_ES\" \/>\n<meta property=\"og:type\" content=\"article\" \/>\n<meta property=\"og:title\" content=\"Detectado el primer caso de \u00d3micron en la Comunidad Valenciana - COPE Alcoy\" \/>\n<meta property=\"og:description\" content=\"Este martes se ha detectado el primer caso de la variable del coronavirus \u00d3micron.\u00a0Se trata de un paciente con s\u00edntomas...\" \/>\n<meta property=\"og:url\" content=\"https:\/\/www.copealcoy.es\/es\/detectado-el-primer-caso-de-omicron-en-la-comunidad-valenciana\/\" \/>\n<meta property=\"og:site_name\" content=\"COPE Alcoy\" \/>\n<meta property=\"article:published_time\" content=\"2021-12-14T21:58:34+00:00\" \/>\n<meta property=\"article:modified_time\" content=\"2021-12-14T22:05:36+00:00\" \/>\n<meta property=\"og:image\" content=\"https:\/\/www.copealcoy.es\/wp-content\/uploads\/2020\/04\/Captura-de-pantalla-2020-04-22-a-las-17.34.34-1.jpg\" \/>\n\t<meta property=\"og:image:width\" content=\"931\" \/>\n\t<meta property=\"og:image:height\" content=\"436\" \/>\n\t<meta property=\"og:image:type\" content=\"image\/jpeg\" \/>\n<meta name=\"author\" content=\"Cope Alcoy\" \/>\n<meta name=\"twitter:label1\" content=\"Escrito por\" \/>\n\t<meta name=\"twitter:data1\" content=\"Cope Alcoy\" \/>\n\t<meta name=\"twitter:label2\" content=\"Tiempo de lectura\" \/>\n\t<meta name=\"twitter:data2\" content=\"2 minutos\" \/>\n<script type=\"application\/ld+json\" class=\"yoast-schema-graph\">{\"@context\":\"https:\\\/\\\/schema.org\",\"@graph\":[{\"@type\":\"Article\",\"@id\":\"https:\\\/\\\/www.copealcoy.es\\\/es\\\/detectado-el-primer-caso-de-omicron-en-la-comunidad-valenciana\\\/#article\",\"isPartOf\":{\"@id\":\"https:\\\/\\\/www.copealcoy.es\\\/es\\\/detectado-el-primer-caso-de-omicron-en-la-comunidad-valenciana\\\/\"},\"author\":{\"name\":\"Cope Alcoy\",\"@id\":\"https:\\\/\\\/www.copealcoy.es\\\/es\\\/#\\\/schema\\\/person\\\/e777c87fa024e57d40170af9df39882c\"},\"headline\":\"Detectado el primer caso de \u00d3micron en la Comunidad Valenciana\",\"datePublished\":\"2021-12-14T21:58:34+00:00\",\"dateModified\":\"2021-12-14T22:05:36+00:00\",\"mainEntityOfPage\":{\"@id\":\"https:\\\/\\\/www.copealcoy.es\\\/es\\\/detectado-el-primer-caso-de-omicron-en-la-comunidad-valenciana\\\/\"},\"wordCount\":435,\"commentCount\":0,\"image\":{\"@id\":\"https:\\\/\\\/www.copealcoy.es\\\/es\\\/detectado-el-primer-caso-de-omicron-en-la-comunidad-valenciana\\\/#primaryimage\"},\"thumbnailUrl\":\"https:\\\/\\\/www.copealcoy.es\\\/wp-content\\\/uploads\\\/2020\\\/04\\\/Captura-de-pantalla-2020-04-22-a-las-17.34.34-1.jpg\",\"keywords\":[\"Comunidad Valenciana\",\"Coronavirus\",\"detecci\u00f3n\",\"\u00d2micron\",\"primer caso\"],\"articleSection\":[\"Actualidad\",\"Alcoy\",\"Noticias\",\"Pol\u00edtica y Econom\u00eda\"],\"inLanguage\":\"es\"},{\"@type\":\"WebPage\",\"@id\":\"https:\\\/\\\/www.copealcoy.es\\\/es\\\/detectado-el-primer-caso-de-omicron-en-la-comunidad-valenciana\\\/\",\"url\":\"https:\\\/\\\/www.copealcoy.es\\\/es\\\/detectado-el-primer-caso-de-omicron-en-la-comunidad-valenciana\\\/\",\"name\":\"Detectado el primer caso de \u00d3micron en la Comunidad Valenciana - COPE Alcoy\",\"isPartOf\":{\"@id\":\"https:\\\/\\\/www.copealcoy.es\\\/es\\\/#website\"},\"primaryImageOfPage\":{\"@id\":\"https:\\\/\\\/www.copealcoy.es\\\/es\\\/detectado-el-primer-caso-de-omicron-en-la-comunidad-valenciana\\\/#primaryimage\"},\"image\":{\"@id\":\"https:\\\/\\\/www.copealcoy.es\\\/es\\\/detectado-el-primer-caso-de-omicron-en-la-comunidad-valenciana\\\/#primaryimage\"},\"thumbnailUrl\":\"https:\\\/\\\/www.copealcoy.es\\\/wp-content\\\/uploads\\\/2020\\\/04\\\/Captura-de-pantalla-2020-04-22-a-las-17.34.34-1.jpg\",\"datePublished\":\"2021-12-14T21:58:34+00:00\",\"dateModified\":\"2021-12-14T22:05:36+00:00\",\"author\":{\"@id\":\"https:\\\/\\\/www.copealcoy.es\\\/es\\\/#\\\/schema\\\/person\\\/e777c87fa024e57d40170af9df39882c\"},\"breadcrumb\":{\"@id\":\"https:\\\/\\\/www.copealcoy.es\\\/es\\\/detectado-el-primer-caso-de-omicron-en-la-comunidad-valenciana\\\/#breadcrumb\"},\"inLanguage\":\"es\",\"potentialAction\":[{\"@type\":\"ReadAction\",\"target\":[\"https:\\\/\\\/www.copealcoy.es\\\/es\\\/detectado-el-primer-caso-de-omicron-en-la-comunidad-valenciana\\\/\"]}]},{\"@type\":\"ImageObject\",\"inLanguage\":\"es\",\"@id\":\"https:\\\/\\\/www.copealcoy.es\\\/es\\\/detectado-el-primer-caso-de-omicron-en-la-comunidad-valenciana\\\/#primaryimage\",\"url\":\"https:\\\/\\\/www.copealcoy.es\\\/wp-content\\\/uploads\\\/2020\\\/04\\\/Captura-de-pantalla-2020-04-22-a-las-17.34.34-1.jpg\",\"contentUrl\":\"https:\\\/\\\/www.copealcoy.es\\\/wp-content\\\/uploads\\\/2020\\\/04\\\/Captura-de-pantalla-2020-04-22-a-las-17.34.34-1.jpg\",\"width\":931,\"height\":436},{\"@type\":\"BreadcrumbList\",\"@id\":\"https:\\\/\\\/www.copealcoy.es\\\/es\\\/detectado-el-primer-caso-de-omicron-en-la-comunidad-valenciana\\\/#breadcrumb\",\"itemListElement\":[{\"@type\":\"ListItem\",\"position\":1,\"name\":\"Portada\",\"item\":\"https:\\\/\\\/www.copealcoy.es\\\/es\\\/\"},{\"@type\":\"ListItem\",\"position\":2,\"name\":\"Detectado el primer caso de \u00d3micron en la Comunidad Valenciana\"}]},{\"@type\":\"WebSite\",\"@id\":\"https:\\\/\\\/www.copealcoy.es\\\/es\\\/#website\",\"url\":\"https:\\\/\\\/www.copealcoy.es\\\/es\\\/\",\"name\":\"COPE Alcoy\",\"description\":\"Emisora COPE de radio local con emisi\u00f3n online. Pont de Sant Jordi 8-10 03803 Alcoy\",\"potentialAction\":[{\"@type\":\"SearchAction\",\"target\":{\"@type\":\"EntryPoint\",\"urlTemplate\":\"https:\\\/\\\/www.copealcoy.es\\\/es\\\/?s={search_term_string}\"},\"query-input\":{\"@type\":\"PropertyValueSpecification\",\"valueRequired\":true,\"valueName\":\"search_term_string\"}}],\"inLanguage\":\"es\"},{\"@type\":\"Person\",\"@id\":\"https:\\\/\\\/www.copealcoy.es\\\/es\\\/#\\\/schema\\\/person\\\/e777c87fa024e57d40170af9df39882c\",\"name\":\"Cope Alcoy\",\"image\":{\"@type\":\"ImageObject\",\"inLanguage\":\"es\",\"@id\":\"https:\\\/\\\/secure.gravatar.com\\\/avatar\\\/bb65d0283347e303893ba14f0692005417c1e0e690a325a4c5d8bb2b3943ee14?s=96&d=mm&r=g\",\"url\":\"https:\\\/\\\/secure.gravatar.com\\\/avatar\\\/bb65d0283347e303893ba14f0692005417c1e0e690a325a4c5d8bb2b3943ee14?s=96&d=mm&r=g\",\"contentUrl\":\"https:\\\/\\\/secure.gravatar.com\\\/avatar\\\/bb65d0283347e303893ba14f0692005417c1e0e690a325a4c5d8bb2b3943ee14?s=96&d=mm&r=g\",\"caption\":\"Cope Alcoy\"}}]}<\/script>\n<!-- \/ Yoast SEO plugin. -->","yoast_head_json":{"title":"Detectado el primer caso de \u00d3micron en la Comunidad Valenciana - COPE Alcoy","robots":{"index":"index","follow":"follow","max-snippet":"max-snippet:-1","max-image-preview":"max-image-preview:large","max-video-preview":"max-video-preview:-1"},"canonical":"https:\/\/www.copealcoy.es\/es\/detectado-el-primer-caso-de-omicron-en-la-comunidad-valenciana\/","og_locale":"es_ES","og_type":"article","og_title":"Detectado el primer caso de \u00d3micron en la Comunidad Valenciana - COPE Alcoy","og_description":"Este martes se ha detectado el primer caso de la variable del coronavirus \u00d3micron.\u00a0Se trata de un paciente con s\u00edntomas...","og_url":"https:\/\/www.copealcoy.es\/es\/detectado-el-primer-caso-de-omicron-en-la-comunidad-valenciana\/","og_site_name":"COPE Alcoy","article_published_time":"2021-12-14T21:58:34+00:00","article_modified_time":"2021-12-14T22:05:36+00:00","og_image":[{"width":931,"height":436,"url":"https:\/\/www.copealcoy.es\/wp-content\/uploads\/2020\/04\/Captura-de-pantalla-2020-04-22-a-las-17.34.34-1.jpg","type":"image\/jpeg"}],"author":"Cope Alcoy","twitter_misc":{"Escrito por":"Cope Alcoy","Tiempo de lectura":"2 minutos"},"schema":{"@context":"https:\/\/schema.org","@graph":[{"@type":"Article","@id":"https:\/\/www.copealcoy.es\/es\/detectado-el-primer-caso-de-omicron-en-la-comunidad-valenciana\/#article","isPartOf":{"@id":"https:\/\/www.copealcoy.es\/es\/detectado-el-primer-caso-de-omicron-en-la-comunidad-valenciana\/"},"author":{"name":"Cope Alcoy","@id":"https:\/\/www.copealcoy.es\/es\/#\/schema\/person\/e777c87fa024e57d40170af9df39882c"},"headline":"Detectado el primer caso de \u00d3micron en la Comunidad Valenciana","datePublished":"2021-12-14T21:58:34+00:00","dateModified":"2021-12-14T22:05:36+00:00","mainEntityOfPage":{"@id":"https:\/\/www.copealcoy.es\/es\/detectado-el-primer-caso-de-omicron-en-la-comunidad-valenciana\/"},"wordCount":435,"commentCount":0,"image":{"@id":"https:\/\/www.copealcoy.es\/es\/detectado-el-primer-caso-de-omicron-en-la-comunidad-valenciana\/#primaryimage"},"thumbnailUrl":"https:\/\/www.copealcoy.es\/wp-content\/uploads\/2020\/04\/Captura-de-pantalla-2020-04-22-a-las-17.34.34-1.jpg","keywords":["Comunidad Valenciana","Coronavirus","detecci\u00f3n","\u00d2micron","primer caso"],"articleSection":["Actualidad","Alcoy","Noticias","Pol\u00edtica y Econom\u00eda"],"inLanguage":"es"},{"@type":"WebPage","@id":"https:\/\/www.copealcoy.es\/es\/detectado-el-primer-caso-de-omicron-en-la-comunidad-valenciana\/","url":"https:\/\/www.copealcoy.es\/es\/detectado-el-primer-caso-de-omicron-en-la-comunidad-valenciana\/","name":"Detectado el primer caso de \u00d3micron en la Comunidad Valenciana - COPE Alcoy","isPartOf":{"@id":"https:\/\/www.copealcoy.es\/es\/#website"},"primaryImageOfPage":{"@id":"https:\/\/www.copealcoy.es\/es\/detectado-el-primer-caso-de-omicron-en-la-comunidad-valenciana\/#primaryimage"},"image":{"@id":"https:\/\/www.copealcoy.es\/es\/detectado-el-primer-caso-de-omicron-en-la-comunidad-valenciana\/#primaryimage"},"thumbnailUrl":"https:\/\/www.copealcoy.es\/wp-content\/uploads\/2020\/04\/Captura-de-pantalla-2020-04-22-a-las-17.34.34-1.jpg","datePublished":"2021-12-14T21:58:34+00:00","dateModified":"2021-12-14T22:05:36+00:00","author":{"@id":"https:\/\/www.copealcoy.es\/es\/#\/schema\/person\/e777c87fa024e57d40170af9df39882c"},"breadcrumb":{"@id":"https:\/\/www.copealcoy.es\/es\/detectado-el-primer-caso-de-omicron-en-la-comunidad-valenciana\/#breadcrumb"},"inLanguage":"es","potentialAction":[{"@type":"ReadAction","target":["https:\/\/www.copealcoy.es\/es\/detectado-el-primer-caso-de-omicron-en-la-comunidad-valenciana\/"]}]},{"@type":"ImageObject","inLanguage":"es","@id":"https:\/\/www.copealcoy.es\/es\/detectado-el-primer-caso-de-omicron-en-la-comunidad-valenciana\/#primaryimage","url":"https:\/\/www.copealcoy.es\/wp-content\/uploads\/2020\/04\/Captura-de-pantalla-2020-04-22-a-las-17.34.34-1.jpg","contentUrl":"https:\/\/www.copealcoy.es\/wp-content\/uploads\/2020\/04\/Captura-de-pantalla-2020-04-22-a-las-17.34.34-1.jpg","width":931,"height":436},{"@type":"BreadcrumbList","@id":"https:\/\/www.copealcoy.es\/es\/detectado-el-primer-caso-de-omicron-en-la-comunidad-valenciana\/#breadcrumb","itemListElement":[{"@type":"ListItem","position":1,"name":"Portada","item":"https:\/\/www.copealcoy.es\/es\/"},{"@type":"ListItem","position":2,"name":"Detectado el primer caso de \u00d3micron en la Comunidad Valenciana"}]},{"@type":"WebSite","@id":"https:\/\/www.copealcoy.es\/es\/#website","url":"https:\/\/www.copealcoy.es\/es\/","name":"COPE Alcoy","description":"Emisora COPE de radio local con emisi\u00f3n online. Pont de Sant Jordi 8-10 03803 Alcoy","potentialAction":[{"@type":"SearchAction","target":{"@type":"EntryPoint","urlTemplate":"https:\/\/www.copealcoy.es\/es\/?s={search_term_string}"},"query-input":{"@type":"PropertyValueSpecification","valueRequired":true,"valueName":"search_term_string"}}],"inLanguage":"es"},{"@type":"Person","@id":"https:\/\/www.copealcoy.es\/es\/#\/schema\/person\/e777c87fa024e57d40170af9df39882c","name":"Cope Alcoy","image":{"@type":"ImageObject","inLanguage":"es","@id":"https:\/\/secure.gravatar.com\/avatar\/bb65d0283347e303893ba14f0692005417c1e0e690a325a4c5d8bb2b3943ee14?s=96&d=mm&r=g","url":"https:\/\/secure.gravatar.com\/avatar\/bb65d0283347e303893ba14f0692005417c1e0e690a325a4c5d8bb2b3943ee14?s=96&d=mm&r=g","contentUrl":"https:\/\/secure.gravatar.com\/avatar\/bb65d0283347e303893ba14f0692005417c1e0e690a325a4c5d8bb2b3943ee14?s=96&d=mm&r=g","caption":"Cope Alcoy"}}]}},"_links":{"self":[{"href":"https:\/\/www.copealcoy.es\/es\/wp-json\/wp\/v2\/posts\/81246","targetHints":{"allow":["GET"]}}],"collection":[{"href":"https:\/\/www.copealcoy.es\/es\/wp-json\/wp\/v2\/posts"}],"about":[{"href":"https:\/\/www.copealcoy.es\/es\/wp-json\/wp\/v2\/types\/post"}],"author":[{"embeddable":true,"href":"https:\/\/www.copealcoy.es\/es\/wp-json\/wp\/v2\/users\/1"}],"replies":[{"embeddable":true,"href":"https:\/\/www.copealcoy.es\/es\/wp-json\/wp\/v2\/comments?post=81246"}],"version-history":[{"count":0,"href":"https:\/\/www.copealcoy.es\/es\/wp-json\/wp\/v2\/posts\/81246\/revisions"}],"wp:featuredmedia":[{"embeddable":true,"href":"https:\/\/www.copealcoy.es\/es\/wp-json\/wp\/v2\/media\/62059"}],"wp:attachment":[{"href":"https:\/\/www.copealcoy.es\/es\/wp-json\/wp\/v2\/media?parent=81246"}],"wp:term":[{"taxonomy":"category","embeddable":true,"href":"https:\/\/www.copealcoy.es\/es\/wp-json\/wp\/v2\/categories?post=81246"},{"taxonomy":"post_tag","embeddable":true,"href":"https:\/\/www.copealcoy.es\/es\/wp-json\/wp\/v2\/tags?post=81246"}],"curies":[{"name":"wp","href":"https:\/\/api.w.org\/{rel}","templated":true}]}}