{"id":81225,"date":"2021-12-14T20:47:08","date_gmt":"2021-12-14T19:47:08","guid":{"rendered":"https:\/\/www.copealcoy.es\/?p=81225"},"modified":"2021-12-15T15:29:37","modified_gmt":"2021-12-15T14:29:37","slug":"todo-listo-para-el-gran-estreno","status":"publish","type":"post","link":"https:\/\/www.copealcoy.es\/es\/todo-listo-para-el-gran-estreno\/","title":{"rendered":"Todo listo para el gran estreno"},"content":{"rendered":"<p style=\"text-align: justify;\">Alcoy <strong>se preparara parar vivir un d\u00eda m\u00e1gico y esperado por muchos<\/strong>. Este mi\u00e9rcoles 15 de diciembre, pasadas las ocho de la tarde, t<strong>endr\u00e1 lugar el gran estreno del espect\u00e1culo <em>Vivir As\u00ed es Morir de Amor<\/em><\/strong>; una <strong>cita musical sin precedentes<\/strong> que tendr\u00e1 lugar en el <strong>Teatro Calder\u00f3n<\/strong> durante las pr\u00f3ximas jornadas.<\/p>\n<p style=\"text-align: justify;\">Artistas internacionales de primer nivel <strong>interpretan las canciones m\u00e1s emblem\u00e1ticas de Camilo Sesto<\/strong> en <strong>un escenario \u00fanico<\/strong> que combina gran cantidad de efectos especiales y tambi\u00e9n luces. La producci\u00f3n <strong>inicia en la ciudad natal del artista un recorrido que le llevar\u00e1 a partir de ahora a recorrer las principales capitales espa\u00f1olas<\/strong> &#8220;<em>es todo un orgullo estar aqu\u00ed en Alcoy, la tierra que vio nacer a Camilo Sesto, y estamos muy contentos por la gran acogida que ha tenido este espect\u00e1culo. Estamos ante una puesta en escena que a va dejar impresionado al p\u00fablico<\/em>&#8220;, ha manifestado el productor del montaje; <strong>Juanfran Senabre<\/strong>. Por su parte <strong>desde el Ayuntamiento de Alcoy<\/strong> han manifestado <strong>la gran difusi\u00f3n<\/strong> que dar\u00e1 <em>Vivir As\u00ed es Morir de Amor<\/em> a la capital de l&#8217;Alcoi\u00e0 &#8220;<em>Alcoy vuelve a situarse en el panorama internacional de la m\u00fasica gracias a un artista como Camilo Sesto, una figura que siempre llev\u00f3 el nombre de esta ciudad por todo el mundo<\/em>&#8220;; manifest\u00f3 esta tarde ante los medios de comunicaci\u00f3n el edil de Cultura; <strong>Ra\u00fcl Llopis<\/strong>. Los artistas participantes en el espect\u00e1culo <strong>tambi\u00e9n se han mostrado enormemente satisfechos por estar en el municipio en el que Camilo Sesto vivi\u00f3 su infancia y juventud<\/strong> &#8220;<em>es impresionante estar en este escenario, donde recibi\u00f3 uno de sus \u00faltimos homenajes, y se me pone la piel de gallina al pensar que le estamos haciendo un homenaje tan bonito<\/em>&#8220;, asever\u00f3 en los micr\u00f3fonos de COPE ALCOY <strong>Pino Rovereto<\/strong>; baterista y director musical durante sus numerosas giras por Latinoam\u00e9rica hasta el fin de sus d\u00edas.<\/p>\n<p style=\"text-align: justify;\">Ser\u00e1n <strong>un total de seis las funciones<\/strong> que se podr\u00e1n ver en el Teatro Calder\u00f3n hasta el domingo. Una de ellas,<strong> la del s\u00e1bado 18 de diciembre a las cinco de la tarde<\/strong>, se a\u00f1adi\u00f3 despu\u00e9s al plan inicial previsto debido a la elevada demanda de entradas registrada desde que las localidades se pusieron a la venta el pasado mes de octubre.<\/p>\n","protected":false},"excerpt":{"rendered":"<p>Alcoy se preparara parar vivir un d\u00eda m\u00e1gico y esperado por muchos. Este mi\u00e9rcoles 15 de diciembre, pasadas las ocho&#8230;<\/p>\n","protected":false},"author":1,"featured_media":81226,"comment_status":"open","ping_status":"open","sticky":false,"template":"","format":"standard","meta":{"footnotes":""},"categories":[6909,97,78,75,125],"tags":[1494,2559,5025,4127,1763],"class_list":["post-81225","post","type-post","status-publish","format-standard","has-post-thumbnail","hentry","category-actualidad","category-alcoy","category-fiestaycultura","category-noticias","category-portada","tag-alcoy","tag-camilo-sesto","tag-espectaculo","tag-estreno","tag-teatro-calderon"],"yoast_head":"<!-- This site is optimized with the Yoast SEO plugin v27.3 - https:\/\/yoast.com\/product\/yoast-seo-wordpress\/ -->\n<title>Todo listo para el gran estreno - COPE Alcoy<\/title>\n<meta name=\"robots\" content=\"index, follow, max-snippet:-1, max-image-preview:large, max-video-preview:-1\" \/>\n<link rel=\"canonical\" href=\"https:\/\/www.copealcoy.es\/es\/todo-listo-para-el-gran-estreno\/\" \/>\n<meta property=\"og:locale\" content=\"es_ES\" \/>\n<meta property=\"og:type\" content=\"article\" \/>\n<meta property=\"og:title\" content=\"Todo listo para el gran estreno - COPE Alcoy\" \/>\n<meta property=\"og:description\" content=\"Alcoy se preparara parar vivir un d\u00eda m\u00e1gico y esperado por muchos. Este mi\u00e9rcoles 15 de diciembre, pasadas las ocho...\" \/>\n<meta property=\"og:url\" content=\"https:\/\/www.copealcoy.es\/es\/todo-listo-para-el-gran-estreno\/\" \/>\n<meta property=\"og:site_name\" content=\"COPE Alcoy\" \/>\n<meta property=\"article:published_time\" content=\"2021-12-14T19:47:08+00:00\" \/>\n<meta property=\"article:modified_time\" content=\"2021-12-15T14:29:37+00:00\" \/>\n<meta property=\"og:image\" content=\"https:\/\/www.copealcoy.es\/wp-content\/uploads\/2021\/12\/unnamed-13-scaled-e1639512242718.jpg\" \/>\n\t<meta property=\"og:image:width\" content=\"640\" \/>\n\t<meta property=\"og:image:height\" content=\"369\" \/>\n\t<meta property=\"og:image:type\" content=\"image\/jpeg\" \/>\n<meta name=\"author\" content=\"Cope Alcoy\" \/>\n<meta name=\"twitter:label1\" content=\"Escrito por\" \/>\n\t<meta name=\"twitter:data1\" content=\"Cope Alcoy\" \/>\n\t<meta name=\"twitter:label2\" content=\"Tiempo de lectura\" \/>\n\t<meta name=\"twitter:data2\" content=\"2 minutos\" \/>\n<script type=\"application\/ld+json\" class=\"yoast-schema-graph\">{\"@context\":\"https:\\\/\\\/schema.org\",\"@graph\":[{\"@type\":\"Article\",\"@id\":\"https:\\\/\\\/www.copealcoy.es\\\/es\\\/todo-listo-para-el-gran-estreno\\\/#article\",\"isPartOf\":{\"@id\":\"https:\\\/\\\/www.copealcoy.es\\\/es\\\/todo-listo-para-el-gran-estreno\\\/\"},\"author\":{\"name\":\"Cope Alcoy\",\"@id\":\"https:\\\/\\\/www.copealcoy.es\\\/es\\\/#\\\/schema\\\/person\\\/e777c87fa024e57d40170af9df39882c\"},\"headline\":\"Todo listo para el gran estreno\",\"datePublished\":\"2021-12-14T19:47:08+00:00\",\"dateModified\":\"2021-12-15T14:29:37+00:00\",\"mainEntityOfPage\":{\"@id\":\"https:\\\/\\\/www.copealcoy.es\\\/es\\\/todo-listo-para-el-gran-estreno\\\/\"},\"wordCount\":403,\"commentCount\":0,\"image\":{\"@id\":\"https:\\\/\\\/www.copealcoy.es\\\/es\\\/todo-listo-para-el-gran-estreno\\\/#primaryimage\"},\"thumbnailUrl\":\"https:\\\/\\\/www.copealcoy.es\\\/wp-content\\\/uploads\\\/2021\\\/12\\\/unnamed-13-scaled-e1639512242718.jpg\",\"keywords\":[\"Alcoy\",\"Camilo Sesto\",\"espect\u00e1culo\",\"estreno\",\"Teatro Calder\u00f3n\"],\"articleSection\":[\"Actualidad\",\"Alcoy\",\"Fiesta y Cultura\",\"Noticias\",\"Portada\"],\"inLanguage\":\"es\"},{\"@type\":\"WebPage\",\"@id\":\"https:\\\/\\\/www.copealcoy.es\\\/es\\\/todo-listo-para-el-gran-estreno\\\/\",\"url\":\"https:\\\/\\\/www.copealcoy.es\\\/es\\\/todo-listo-para-el-gran-estreno\\\/\",\"name\":\"Todo listo para el gran estreno - COPE Alcoy\",\"isPartOf\":{\"@id\":\"https:\\\/\\\/www.copealcoy.es\\\/es\\\/#website\"},\"primaryImageOfPage\":{\"@id\":\"https:\\\/\\\/www.copealcoy.es\\\/es\\\/todo-listo-para-el-gran-estreno\\\/#primaryimage\"},\"image\":{\"@id\":\"https:\\\/\\\/www.copealcoy.es\\\/es\\\/todo-listo-para-el-gran-estreno\\\/#primaryimage\"},\"thumbnailUrl\":\"https:\\\/\\\/www.copealcoy.es\\\/wp-content\\\/uploads\\\/2021\\\/12\\\/unnamed-13-scaled-e1639512242718.jpg\",\"datePublished\":\"2021-12-14T19:47:08+00:00\",\"dateModified\":\"2021-12-15T14:29:37+00:00\",\"author\":{\"@id\":\"https:\\\/\\\/www.copealcoy.es\\\/es\\\/#\\\/schema\\\/person\\\/e777c87fa024e57d40170af9df39882c\"},\"breadcrumb\":{\"@id\":\"https:\\\/\\\/www.copealcoy.es\\\/es\\\/todo-listo-para-el-gran-estreno\\\/#breadcrumb\"},\"inLanguage\":\"es\",\"potentialAction\":[{\"@type\":\"ReadAction\",\"target\":[\"https:\\\/\\\/www.copealcoy.es\\\/es\\\/todo-listo-para-el-gran-estreno\\\/\"]}]},{\"@type\":\"ImageObject\",\"inLanguage\":\"es\",\"@id\":\"https:\\\/\\\/www.copealcoy.es\\\/es\\\/todo-listo-para-el-gran-estreno\\\/#primaryimage\",\"url\":\"https:\\\/\\\/www.copealcoy.es\\\/wp-content\\\/uploads\\\/2021\\\/12\\\/unnamed-13-scaled-e1639512242718.jpg\",\"contentUrl\":\"https:\\\/\\\/www.copealcoy.es\\\/wp-content\\\/uploads\\\/2021\\\/12\\\/unnamed-13-scaled-e1639512242718.jpg\",\"width\":640,\"height\":369},{\"@type\":\"BreadcrumbList\",\"@id\":\"https:\\\/\\\/www.copealcoy.es\\\/es\\\/todo-listo-para-el-gran-estreno\\\/#breadcrumb\",\"itemListElement\":[{\"@type\":\"ListItem\",\"position\":1,\"name\":\"Portada\",\"item\":\"https:\\\/\\\/www.copealcoy.es\\\/es\\\/\"},{\"@type\":\"ListItem\",\"position\":2,\"name\":\"Todo listo para el gran estreno\"}]},{\"@type\":\"WebSite\",\"@id\":\"https:\\\/\\\/www.copealcoy.es\\\/es\\\/#website\",\"url\":\"https:\\\/\\\/www.copealcoy.es\\\/es\\\/\",\"name\":\"COPE Alcoy\",\"description\":\"Emisora COPE de radio local con emisi\u00f3n online. Pont de Sant Jordi 8-10 03803 Alcoy\",\"potentialAction\":[{\"@type\":\"SearchAction\",\"target\":{\"@type\":\"EntryPoint\",\"urlTemplate\":\"https:\\\/\\\/www.copealcoy.es\\\/es\\\/?s={search_term_string}\"},\"query-input\":{\"@type\":\"PropertyValueSpecification\",\"valueRequired\":true,\"valueName\":\"search_term_string\"}}],\"inLanguage\":\"es\"},{\"@type\":\"Person\",\"@id\":\"https:\\\/\\\/www.copealcoy.es\\\/es\\\/#\\\/schema\\\/person\\\/e777c87fa024e57d40170af9df39882c\",\"name\":\"Cope Alcoy\",\"image\":{\"@type\":\"ImageObject\",\"inLanguage\":\"es\",\"@id\":\"https:\\\/\\\/secure.gravatar.com\\\/avatar\\\/bb65d0283347e303893ba14f0692005417c1e0e690a325a4c5d8bb2b3943ee14?s=96&d=mm&r=g\",\"url\":\"https:\\\/\\\/secure.gravatar.com\\\/avatar\\\/bb65d0283347e303893ba14f0692005417c1e0e690a325a4c5d8bb2b3943ee14?s=96&d=mm&r=g\",\"contentUrl\":\"https:\\\/\\\/secure.gravatar.com\\\/avatar\\\/bb65d0283347e303893ba14f0692005417c1e0e690a325a4c5d8bb2b3943ee14?s=96&d=mm&r=g\",\"caption\":\"Cope Alcoy\"}}]}<\/script>\n<!-- \/ Yoast SEO plugin. -->","yoast_head_json":{"title":"Todo listo para el gran estreno - COPE Alcoy","robots":{"index":"index","follow":"follow","max-snippet":"max-snippet:-1","max-image-preview":"max-image-preview:large","max-video-preview":"max-video-preview:-1"},"canonical":"https:\/\/www.copealcoy.es\/es\/todo-listo-para-el-gran-estreno\/","og_locale":"es_ES","og_type":"article","og_title":"Todo listo para el gran estreno - COPE Alcoy","og_description":"Alcoy se preparara parar vivir un d\u00eda m\u00e1gico y esperado por muchos. Este mi\u00e9rcoles 15 de diciembre, pasadas las ocho...","og_url":"https:\/\/www.copealcoy.es\/es\/todo-listo-para-el-gran-estreno\/","og_site_name":"COPE Alcoy","article_published_time":"2021-12-14T19:47:08+00:00","article_modified_time":"2021-12-15T14:29:37+00:00","og_image":[{"width":640,"height":369,"url":"https:\/\/www.copealcoy.es\/wp-content\/uploads\/2021\/12\/unnamed-13-scaled-e1639512242718.jpg","type":"image\/jpeg"}],"author":"Cope Alcoy","twitter_misc":{"Escrito por":"Cope Alcoy","Tiempo de lectura":"2 minutos"},"schema":{"@context":"https:\/\/schema.org","@graph":[{"@type":"Article","@id":"https:\/\/www.copealcoy.es\/es\/todo-listo-para-el-gran-estreno\/#article","isPartOf":{"@id":"https:\/\/www.copealcoy.es\/es\/todo-listo-para-el-gran-estreno\/"},"author":{"name":"Cope Alcoy","@id":"https:\/\/www.copealcoy.es\/es\/#\/schema\/person\/e777c87fa024e57d40170af9df39882c"},"headline":"Todo listo para el gran estreno","datePublished":"2021-12-14T19:47:08+00:00","dateModified":"2021-12-15T14:29:37+00:00","mainEntityOfPage":{"@id":"https:\/\/www.copealcoy.es\/es\/todo-listo-para-el-gran-estreno\/"},"wordCount":403,"commentCount":0,"image":{"@id":"https:\/\/www.copealcoy.es\/es\/todo-listo-para-el-gran-estreno\/#primaryimage"},"thumbnailUrl":"https:\/\/www.copealcoy.es\/wp-content\/uploads\/2021\/12\/unnamed-13-scaled-e1639512242718.jpg","keywords":["Alcoy","Camilo Sesto","espect\u00e1culo","estreno","Teatro Calder\u00f3n"],"articleSection":["Actualidad","Alcoy","Fiesta y Cultura","Noticias","Portada"],"inLanguage":"es"},{"@type":"WebPage","@id":"https:\/\/www.copealcoy.es\/es\/todo-listo-para-el-gran-estreno\/","url":"https:\/\/www.copealcoy.es\/es\/todo-listo-para-el-gran-estreno\/","name":"Todo listo para el gran estreno - COPE Alcoy","isPartOf":{"@id":"https:\/\/www.copealcoy.es\/es\/#website"},"primaryImageOfPage":{"@id":"https:\/\/www.copealcoy.es\/es\/todo-listo-para-el-gran-estreno\/#primaryimage"},"image":{"@id":"https:\/\/www.copealcoy.es\/es\/todo-listo-para-el-gran-estreno\/#primaryimage"},"thumbnailUrl":"https:\/\/www.copealcoy.es\/wp-content\/uploads\/2021\/12\/unnamed-13-scaled-e1639512242718.jpg","datePublished":"2021-12-14T19:47:08+00:00","dateModified":"2021-12-15T14:29:37+00:00","author":{"@id":"https:\/\/www.copealcoy.es\/es\/#\/schema\/person\/e777c87fa024e57d40170af9df39882c"},"breadcrumb":{"@id":"https:\/\/www.copealcoy.es\/es\/todo-listo-para-el-gran-estreno\/#breadcrumb"},"inLanguage":"es","potentialAction":[{"@type":"ReadAction","target":["https:\/\/www.copealcoy.es\/es\/todo-listo-para-el-gran-estreno\/"]}]},{"@type":"ImageObject","inLanguage":"es","@id":"https:\/\/www.copealcoy.es\/es\/todo-listo-para-el-gran-estreno\/#primaryimage","url":"https:\/\/www.copealcoy.es\/wp-content\/uploads\/2021\/12\/unnamed-13-scaled-e1639512242718.jpg","contentUrl":"https:\/\/www.copealcoy.es\/wp-content\/uploads\/2021\/12\/unnamed-13-scaled-e1639512242718.jpg","width":640,"height":369},{"@type":"BreadcrumbList","@id":"https:\/\/www.copealcoy.es\/es\/todo-listo-para-el-gran-estreno\/#breadcrumb","itemListElement":[{"@type":"ListItem","position":1,"name":"Portada","item":"https:\/\/www.copealcoy.es\/es\/"},{"@type":"ListItem","position":2,"name":"Todo listo para el gran estreno"}]},{"@type":"WebSite","@id":"https:\/\/www.copealcoy.es\/es\/#website","url":"https:\/\/www.copealcoy.es\/es\/","name":"COPE Alcoy","description":"Emisora COPE de radio local con emisi\u00f3n online. Pont de Sant Jordi 8-10 03803 Alcoy","potentialAction":[{"@type":"SearchAction","target":{"@type":"EntryPoint","urlTemplate":"https:\/\/www.copealcoy.es\/es\/?s={search_term_string}"},"query-input":{"@type":"PropertyValueSpecification","valueRequired":true,"valueName":"search_term_string"}}],"inLanguage":"es"},{"@type":"Person","@id":"https:\/\/www.copealcoy.es\/es\/#\/schema\/person\/e777c87fa024e57d40170af9df39882c","name":"Cope Alcoy","image":{"@type":"ImageObject","inLanguage":"es","@id":"https:\/\/secure.gravatar.com\/avatar\/bb65d0283347e303893ba14f0692005417c1e0e690a325a4c5d8bb2b3943ee14?s=96&d=mm&r=g","url":"https:\/\/secure.gravatar.com\/avatar\/bb65d0283347e303893ba14f0692005417c1e0e690a325a4c5d8bb2b3943ee14?s=96&d=mm&r=g","contentUrl":"https:\/\/secure.gravatar.com\/avatar\/bb65d0283347e303893ba14f0692005417c1e0e690a325a4c5d8bb2b3943ee14?s=96&d=mm&r=g","caption":"Cope Alcoy"}}]}},"_links":{"self":[{"href":"https:\/\/www.copealcoy.es\/es\/wp-json\/wp\/v2\/posts\/81225","targetHints":{"allow":["GET"]}}],"collection":[{"href":"https:\/\/www.copealcoy.es\/es\/wp-json\/wp\/v2\/posts"}],"about":[{"href":"https:\/\/www.copealcoy.es\/es\/wp-json\/wp\/v2\/types\/post"}],"author":[{"embeddable":true,"href":"https:\/\/www.copealcoy.es\/es\/wp-json\/wp\/v2\/users\/1"}],"replies":[{"embeddable":true,"href":"https:\/\/www.copealcoy.es\/es\/wp-json\/wp\/v2\/comments?post=81225"}],"version-history":[{"count":0,"href":"https:\/\/www.copealcoy.es\/es\/wp-json\/wp\/v2\/posts\/81225\/revisions"}],"wp:featuredmedia":[{"embeddable":true,"href":"https:\/\/www.copealcoy.es\/es\/wp-json\/wp\/v2\/media\/81226"}],"wp:attachment":[{"href":"https:\/\/www.copealcoy.es\/es\/wp-json\/wp\/v2\/media?parent=81225"}],"wp:term":[{"taxonomy":"category","embeddable":true,"href":"https:\/\/www.copealcoy.es\/es\/wp-json\/wp\/v2\/categories?post=81225"},{"taxonomy":"post_tag","embeddable":true,"href":"https:\/\/www.copealcoy.es\/es\/wp-json\/wp\/v2\/tags?post=81225"}],"curies":[{"name":"wp","href":"https:\/\/api.w.org\/{rel}","templated":true}]}}