{"id":81158,"date":"2021-12-12T18:58:19","date_gmt":"2021-12-12T17:58:19","guid":{"rendered":"https:\/\/www.copealcoy.es\/?p=81158"},"modified":"2021-12-12T19:41:41","modified_gmt":"2021-12-12T18:41:41","slug":"vivir-asi-es-morir-de-amor-a-punto-de-alzar-el-telon-en-alcoy","status":"publish","type":"post","link":"https:\/\/www.copealcoy.es\/es\/vivir-asi-es-morir-de-amor-a-punto-de-alzar-el-telon-en-alcoy\/","title":{"rendered":"&#8216;Vivir as\u00ed es morir de amor&#8217; a punto de alzar el tel\u00f3n en Alcoy"},"content":{"rendered":"<p style=\"text-align: justify;\">La semana que arranca <strong>ser\u00e1 la del estreno mundial en Alcoy del gran espect\u00e1culo\u00a0<\/strong><em><strong>Vivir as\u00ed es morir de amor<\/strong>,<\/em> un musical sin precedentes <strong>dedicado a Camilo Sesto<\/strong> que <strong>podremos ver en el Teatro Calder\u00f3n<\/strong> de nuestra ciudad a partir de este mi\u00e9rcoles. La gira <strong>arranca en la tierra natal de Camilo Blanes Cort\u00e9s<\/strong> entre el 15 y 19 de diciembre para seguir despu\u00e9s por <strong>las principales capitales espa\u00f1olas as\u00ed como otras grandes ciudades de nuestro pa\u00eds<\/strong>.<\/p>\n<p style=\"text-align: justify;\"><em>Vivir as\u00ed es morir de amor <\/em><strong>ofrece un amplio recorrido por las canciones m\u00e1s grandes y emblem\u00e1ticas<\/strong> de la mete\u00f3rica carrera de Camilo Sesto, todas ellas himnos y n\u00fameros uno en decenas de pa\u00edses. En la producci\u00f3n <strong>participar\u00e1n artistas internacionales de primer\u00edsimo nivel<\/strong>, adem\u00e1s de <strong>m\u00fasicos que formaron parte de la banda original de Camilo<\/strong>, como Pino Rovereto, baterista y director musical durante sus numerosas giras por Latinoam\u00e9rica hasta el fin de sus d\u00edas. A ello <strong>se le une impresionante puesta en escena de luces, sonido y multi pantallas<\/strong> sobre un escenario a diferentes alturas.<\/p>\n<p style=\"text-align: justify;\">Durante las \u00faltimas semanas la venta de entradas<strong> ha sido todo un \u00e9xito<\/strong> y todo ello ha obligado a habilitar una nueva funci\u00f3n el s\u00e1bado 18 de diciembre a partir de las cinco de la tarde. Las localidades restantes tras la venta anticipada se pueden adquirir en la web oficial <strong><a href=\"http:\/\/www.vivirasiesmorirdeamor.com\/\"><span style=\"color: #0000ff;\">www.vivirasiesmorirdeamor.com, en ticketalcoi.com<\/span><\/a><\/strong>\u00a0y en\u00a0<strong>la taquilla del Teatro Calder\u00f3n<\/strong>.<\/p>\n","protected":false},"excerpt":{"rendered":"<p>La semana que arranca ser\u00e1 la del estreno mundial en Alcoy del gran espect\u00e1culo\u00a0Vivir as\u00ed es morir de amor, un&#8230;<\/p>\n","protected":false},"author":1,"featured_media":81159,"comment_status":"open","ping_status":"open","sticky":false,"template":"","format":"standard","meta":{"footnotes":""},"categories":[6909,97,78,75,125],"tags":[11330,1494,2559,4127,8637,1763],"class_list":["post-81158","post","type-post","status-publish","format-standard","has-post-thumbnail","hentry","category-actualidad","category-alcoy","category-fiestaycultura","category-noticias","category-portada","tag-vivir-asi-es-morir-de-amor","tag-alcoy","tag-camilo-sesto","tag-estreno","tag-musical","tag-teatro-calderon"],"yoast_head":"<!-- This site is optimized with the Yoast SEO plugin v27.3 - https:\/\/yoast.com\/product\/yoast-seo-wordpress\/ -->\n<title>&#039;Vivir as\u00ed es morir de amor&#039; a punto de alzar el tel\u00f3n en Alcoy - COPE Alcoy<\/title>\n<meta name=\"robots\" content=\"index, follow, max-snippet:-1, max-image-preview:large, max-video-preview:-1\" \/>\n<link rel=\"canonical\" href=\"https:\/\/www.copealcoy.es\/es\/vivir-asi-es-morir-de-amor-a-punto-de-alzar-el-telon-en-alcoy\/\" \/>\n<meta property=\"og:locale\" content=\"es_ES\" \/>\n<meta property=\"og:type\" content=\"article\" \/>\n<meta property=\"og:title\" content=\"&#039;Vivir as\u00ed es morir de amor&#039; a punto de alzar el tel\u00f3n en Alcoy - COPE Alcoy\" \/>\n<meta property=\"og:description\" content=\"La semana que arranca ser\u00e1 la del estreno mundial en Alcoy del gran espect\u00e1culo\u00a0Vivir as\u00ed es morir de amor, un...\" \/>\n<meta property=\"og:url\" content=\"https:\/\/www.copealcoy.es\/es\/vivir-asi-es-morir-de-amor-a-punto-de-alzar-el-telon-en-alcoy\/\" \/>\n<meta property=\"og:site_name\" content=\"COPE Alcoy\" \/>\n<meta property=\"article:published_time\" content=\"2021-12-12T17:58:19+00:00\" \/>\n<meta property=\"article:modified_time\" content=\"2021-12-12T18:41:41+00:00\" \/>\n<meta property=\"og:image\" content=\"https:\/\/www.copealcoy.es\/wp-content\/uploads\/2021\/12\/264598543_456229269193042_3121105932376265376_n.jpg\" \/>\n\t<meta property=\"og:image:width\" content=\"960\" \/>\n\t<meta property=\"og:image:height\" content=\"720\" \/>\n\t<meta property=\"og:image:type\" content=\"image\/jpeg\" \/>\n<meta name=\"author\" content=\"Cope Alcoy\" \/>\n<meta name=\"twitter:label1\" content=\"Escrito por\" \/>\n\t<meta name=\"twitter:data1\" content=\"Cope Alcoy\" \/>\n\t<meta name=\"twitter:label2\" content=\"Tiempo de lectura\" \/>\n\t<meta name=\"twitter:data2\" content=\"2 minutos\" \/>\n<script type=\"application\/ld+json\" class=\"yoast-schema-graph\">{\"@context\":\"https:\\\/\\\/schema.org\",\"@graph\":[{\"@type\":\"Article\",\"@id\":\"https:\\\/\\\/www.copealcoy.es\\\/es\\\/vivir-asi-es-morir-de-amor-a-punto-de-alzar-el-telon-en-alcoy\\\/#article\",\"isPartOf\":{\"@id\":\"https:\\\/\\\/www.copealcoy.es\\\/es\\\/vivir-asi-es-morir-de-amor-a-punto-de-alzar-el-telon-en-alcoy\\\/\"},\"author\":{\"name\":\"Cope Alcoy\",\"@id\":\"https:\\\/\\\/www.copealcoy.es\\\/es\\\/#\\\/schema\\\/person\\\/e777c87fa024e57d40170af9df39882c\"},\"headline\":\"&#8216;Vivir as\u00ed es morir de amor&#8217; a punto de alzar el tel\u00f3n en Alcoy\",\"datePublished\":\"2021-12-12T17:58:19+00:00\",\"dateModified\":\"2021-12-12T18:41:41+00:00\",\"mainEntityOfPage\":{\"@id\":\"https:\\\/\\\/www.copealcoy.es\\\/es\\\/vivir-asi-es-morir-de-amor-a-punto-de-alzar-el-telon-en-alcoy\\\/\"},\"wordCount\":269,\"commentCount\":0,\"image\":{\"@id\":\"https:\\\/\\\/www.copealcoy.es\\\/es\\\/vivir-asi-es-morir-de-amor-a-punto-de-alzar-el-telon-en-alcoy\\\/#primaryimage\"},\"thumbnailUrl\":\"https:\\\/\\\/www.copealcoy.es\\\/wp-content\\\/uploads\\\/2021\\\/12\\\/264598543_456229269193042_3121105932376265376_n.jpg\",\"keywords\":[\"'Vivir as\u00ed es morir de amor'\",\"Alcoy\",\"Camilo Sesto\",\"estreno\",\"musical\",\"Teatro Calder\u00f3n\"],\"articleSection\":[\"Actualidad\",\"Alcoy\",\"Fiesta y Cultura\",\"Noticias\",\"Portada\"],\"inLanguage\":\"es\"},{\"@type\":\"WebPage\",\"@id\":\"https:\\\/\\\/www.copealcoy.es\\\/es\\\/vivir-asi-es-morir-de-amor-a-punto-de-alzar-el-telon-en-alcoy\\\/\",\"url\":\"https:\\\/\\\/www.copealcoy.es\\\/es\\\/vivir-asi-es-morir-de-amor-a-punto-de-alzar-el-telon-en-alcoy\\\/\",\"name\":\"'Vivir as\u00ed es morir de amor' a punto de alzar el tel\u00f3n en Alcoy - COPE Alcoy\",\"isPartOf\":{\"@id\":\"https:\\\/\\\/www.copealcoy.es\\\/es\\\/#website\"},\"primaryImageOfPage\":{\"@id\":\"https:\\\/\\\/www.copealcoy.es\\\/es\\\/vivir-asi-es-morir-de-amor-a-punto-de-alzar-el-telon-en-alcoy\\\/#primaryimage\"},\"image\":{\"@id\":\"https:\\\/\\\/www.copealcoy.es\\\/es\\\/vivir-asi-es-morir-de-amor-a-punto-de-alzar-el-telon-en-alcoy\\\/#primaryimage\"},\"thumbnailUrl\":\"https:\\\/\\\/www.copealcoy.es\\\/wp-content\\\/uploads\\\/2021\\\/12\\\/264598543_456229269193042_3121105932376265376_n.jpg\",\"datePublished\":\"2021-12-12T17:58:19+00:00\",\"dateModified\":\"2021-12-12T18:41:41+00:00\",\"author\":{\"@id\":\"https:\\\/\\\/www.copealcoy.es\\\/es\\\/#\\\/schema\\\/person\\\/e777c87fa024e57d40170af9df39882c\"},\"breadcrumb\":{\"@id\":\"https:\\\/\\\/www.copealcoy.es\\\/es\\\/vivir-asi-es-morir-de-amor-a-punto-de-alzar-el-telon-en-alcoy\\\/#breadcrumb\"},\"inLanguage\":\"es\",\"potentialAction\":[{\"@type\":\"ReadAction\",\"target\":[\"https:\\\/\\\/www.copealcoy.es\\\/es\\\/vivir-asi-es-morir-de-amor-a-punto-de-alzar-el-telon-en-alcoy\\\/\"]}]},{\"@type\":\"ImageObject\",\"inLanguage\":\"es\",\"@id\":\"https:\\\/\\\/www.copealcoy.es\\\/es\\\/vivir-asi-es-morir-de-amor-a-punto-de-alzar-el-telon-en-alcoy\\\/#primaryimage\",\"url\":\"https:\\\/\\\/www.copealcoy.es\\\/wp-content\\\/uploads\\\/2021\\\/12\\\/264598543_456229269193042_3121105932376265376_n.jpg\",\"contentUrl\":\"https:\\\/\\\/www.copealcoy.es\\\/wp-content\\\/uploads\\\/2021\\\/12\\\/264598543_456229269193042_3121105932376265376_n.jpg\",\"width\":960,\"height\":720},{\"@type\":\"BreadcrumbList\",\"@id\":\"https:\\\/\\\/www.copealcoy.es\\\/es\\\/vivir-asi-es-morir-de-amor-a-punto-de-alzar-el-telon-en-alcoy\\\/#breadcrumb\",\"itemListElement\":[{\"@type\":\"ListItem\",\"position\":1,\"name\":\"Portada\",\"item\":\"https:\\\/\\\/www.copealcoy.es\\\/es\\\/\"},{\"@type\":\"ListItem\",\"position\":2,\"name\":\"&#8216;Vivir as\u00ed es morir de amor&#8217; a punto de alzar el tel\u00f3n en Alcoy\"}]},{\"@type\":\"WebSite\",\"@id\":\"https:\\\/\\\/www.copealcoy.es\\\/es\\\/#website\",\"url\":\"https:\\\/\\\/www.copealcoy.es\\\/es\\\/\",\"name\":\"COPE Alcoy\",\"description\":\"Emisora COPE de radio local con emisi\u00f3n online. Pont de Sant Jordi 8-10 03803 Alcoy\",\"potentialAction\":[{\"@type\":\"SearchAction\",\"target\":{\"@type\":\"EntryPoint\",\"urlTemplate\":\"https:\\\/\\\/www.copealcoy.es\\\/es\\\/?s={search_term_string}\"},\"query-input\":{\"@type\":\"PropertyValueSpecification\",\"valueRequired\":true,\"valueName\":\"search_term_string\"}}],\"inLanguage\":\"es\"},{\"@type\":\"Person\",\"@id\":\"https:\\\/\\\/www.copealcoy.es\\\/es\\\/#\\\/schema\\\/person\\\/e777c87fa024e57d40170af9df39882c\",\"name\":\"Cope Alcoy\",\"image\":{\"@type\":\"ImageObject\",\"inLanguage\":\"es\",\"@id\":\"https:\\\/\\\/secure.gravatar.com\\\/avatar\\\/bb65d0283347e303893ba14f0692005417c1e0e690a325a4c5d8bb2b3943ee14?s=96&d=mm&r=g\",\"url\":\"https:\\\/\\\/secure.gravatar.com\\\/avatar\\\/bb65d0283347e303893ba14f0692005417c1e0e690a325a4c5d8bb2b3943ee14?s=96&d=mm&r=g\",\"contentUrl\":\"https:\\\/\\\/secure.gravatar.com\\\/avatar\\\/bb65d0283347e303893ba14f0692005417c1e0e690a325a4c5d8bb2b3943ee14?s=96&d=mm&r=g\",\"caption\":\"Cope Alcoy\"}}]}<\/script>\n<!-- \/ Yoast SEO plugin. -->","yoast_head_json":{"title":"'Vivir as\u00ed es morir de amor' a punto de alzar el tel\u00f3n en Alcoy - COPE Alcoy","robots":{"index":"index","follow":"follow","max-snippet":"max-snippet:-1","max-image-preview":"max-image-preview:large","max-video-preview":"max-video-preview:-1"},"canonical":"https:\/\/www.copealcoy.es\/es\/vivir-asi-es-morir-de-amor-a-punto-de-alzar-el-telon-en-alcoy\/","og_locale":"es_ES","og_type":"article","og_title":"'Vivir as\u00ed es morir de amor' a punto de alzar el tel\u00f3n en Alcoy - COPE Alcoy","og_description":"La semana que arranca ser\u00e1 la del estreno mundial en Alcoy del gran espect\u00e1culo\u00a0Vivir as\u00ed es morir de amor, un...","og_url":"https:\/\/www.copealcoy.es\/es\/vivir-asi-es-morir-de-amor-a-punto-de-alzar-el-telon-en-alcoy\/","og_site_name":"COPE Alcoy","article_published_time":"2021-12-12T17:58:19+00:00","article_modified_time":"2021-12-12T18:41:41+00:00","og_image":[{"width":960,"height":720,"url":"https:\/\/www.copealcoy.es\/wp-content\/uploads\/2021\/12\/264598543_456229269193042_3121105932376265376_n.jpg","type":"image\/jpeg"}],"author":"Cope Alcoy","twitter_misc":{"Escrito por":"Cope Alcoy","Tiempo de lectura":"2 minutos"},"schema":{"@context":"https:\/\/schema.org","@graph":[{"@type":"Article","@id":"https:\/\/www.copealcoy.es\/es\/vivir-asi-es-morir-de-amor-a-punto-de-alzar-el-telon-en-alcoy\/#article","isPartOf":{"@id":"https:\/\/www.copealcoy.es\/es\/vivir-asi-es-morir-de-amor-a-punto-de-alzar-el-telon-en-alcoy\/"},"author":{"name":"Cope Alcoy","@id":"https:\/\/www.copealcoy.es\/es\/#\/schema\/person\/e777c87fa024e57d40170af9df39882c"},"headline":"&#8216;Vivir as\u00ed es morir de amor&#8217; a punto de alzar el tel\u00f3n en Alcoy","datePublished":"2021-12-12T17:58:19+00:00","dateModified":"2021-12-12T18:41:41+00:00","mainEntityOfPage":{"@id":"https:\/\/www.copealcoy.es\/es\/vivir-asi-es-morir-de-amor-a-punto-de-alzar-el-telon-en-alcoy\/"},"wordCount":269,"commentCount":0,"image":{"@id":"https:\/\/www.copealcoy.es\/es\/vivir-asi-es-morir-de-amor-a-punto-de-alzar-el-telon-en-alcoy\/#primaryimage"},"thumbnailUrl":"https:\/\/www.copealcoy.es\/wp-content\/uploads\/2021\/12\/264598543_456229269193042_3121105932376265376_n.jpg","keywords":["'Vivir as\u00ed es morir de amor'","Alcoy","Camilo Sesto","estreno","musical","Teatro Calder\u00f3n"],"articleSection":["Actualidad","Alcoy","Fiesta y Cultura","Noticias","Portada"],"inLanguage":"es"},{"@type":"WebPage","@id":"https:\/\/www.copealcoy.es\/es\/vivir-asi-es-morir-de-amor-a-punto-de-alzar-el-telon-en-alcoy\/","url":"https:\/\/www.copealcoy.es\/es\/vivir-asi-es-morir-de-amor-a-punto-de-alzar-el-telon-en-alcoy\/","name":"'Vivir as\u00ed es morir de amor' a punto de alzar el tel\u00f3n en Alcoy - COPE Alcoy","isPartOf":{"@id":"https:\/\/www.copealcoy.es\/es\/#website"},"primaryImageOfPage":{"@id":"https:\/\/www.copealcoy.es\/es\/vivir-asi-es-morir-de-amor-a-punto-de-alzar-el-telon-en-alcoy\/#primaryimage"},"image":{"@id":"https:\/\/www.copealcoy.es\/es\/vivir-asi-es-morir-de-amor-a-punto-de-alzar-el-telon-en-alcoy\/#primaryimage"},"thumbnailUrl":"https:\/\/www.copealcoy.es\/wp-content\/uploads\/2021\/12\/264598543_456229269193042_3121105932376265376_n.jpg","datePublished":"2021-12-12T17:58:19+00:00","dateModified":"2021-12-12T18:41:41+00:00","author":{"@id":"https:\/\/www.copealcoy.es\/es\/#\/schema\/person\/e777c87fa024e57d40170af9df39882c"},"breadcrumb":{"@id":"https:\/\/www.copealcoy.es\/es\/vivir-asi-es-morir-de-amor-a-punto-de-alzar-el-telon-en-alcoy\/#breadcrumb"},"inLanguage":"es","potentialAction":[{"@type":"ReadAction","target":["https:\/\/www.copealcoy.es\/es\/vivir-asi-es-morir-de-amor-a-punto-de-alzar-el-telon-en-alcoy\/"]}]},{"@type":"ImageObject","inLanguage":"es","@id":"https:\/\/www.copealcoy.es\/es\/vivir-asi-es-morir-de-amor-a-punto-de-alzar-el-telon-en-alcoy\/#primaryimage","url":"https:\/\/www.copealcoy.es\/wp-content\/uploads\/2021\/12\/264598543_456229269193042_3121105932376265376_n.jpg","contentUrl":"https:\/\/www.copealcoy.es\/wp-content\/uploads\/2021\/12\/264598543_456229269193042_3121105932376265376_n.jpg","width":960,"height":720},{"@type":"BreadcrumbList","@id":"https:\/\/www.copealcoy.es\/es\/vivir-asi-es-morir-de-amor-a-punto-de-alzar-el-telon-en-alcoy\/#breadcrumb","itemListElement":[{"@type":"ListItem","position":1,"name":"Portada","item":"https:\/\/www.copealcoy.es\/es\/"},{"@type":"ListItem","position":2,"name":"&#8216;Vivir as\u00ed es morir de amor&#8217; a punto de alzar el tel\u00f3n en Alcoy"}]},{"@type":"WebSite","@id":"https:\/\/www.copealcoy.es\/es\/#website","url":"https:\/\/www.copealcoy.es\/es\/","name":"COPE Alcoy","description":"Emisora COPE de radio local con emisi\u00f3n online. Pont de Sant Jordi 8-10 03803 Alcoy","potentialAction":[{"@type":"SearchAction","target":{"@type":"EntryPoint","urlTemplate":"https:\/\/www.copealcoy.es\/es\/?s={search_term_string}"},"query-input":{"@type":"PropertyValueSpecification","valueRequired":true,"valueName":"search_term_string"}}],"inLanguage":"es"},{"@type":"Person","@id":"https:\/\/www.copealcoy.es\/es\/#\/schema\/person\/e777c87fa024e57d40170af9df39882c","name":"Cope Alcoy","image":{"@type":"ImageObject","inLanguage":"es","@id":"https:\/\/secure.gravatar.com\/avatar\/bb65d0283347e303893ba14f0692005417c1e0e690a325a4c5d8bb2b3943ee14?s=96&d=mm&r=g","url":"https:\/\/secure.gravatar.com\/avatar\/bb65d0283347e303893ba14f0692005417c1e0e690a325a4c5d8bb2b3943ee14?s=96&d=mm&r=g","contentUrl":"https:\/\/secure.gravatar.com\/avatar\/bb65d0283347e303893ba14f0692005417c1e0e690a325a4c5d8bb2b3943ee14?s=96&d=mm&r=g","caption":"Cope Alcoy"}}]}},"_links":{"self":[{"href":"https:\/\/www.copealcoy.es\/es\/wp-json\/wp\/v2\/posts\/81158","targetHints":{"allow":["GET"]}}],"collection":[{"href":"https:\/\/www.copealcoy.es\/es\/wp-json\/wp\/v2\/posts"}],"about":[{"href":"https:\/\/www.copealcoy.es\/es\/wp-json\/wp\/v2\/types\/post"}],"author":[{"embeddable":true,"href":"https:\/\/www.copealcoy.es\/es\/wp-json\/wp\/v2\/users\/1"}],"replies":[{"embeddable":true,"href":"https:\/\/www.copealcoy.es\/es\/wp-json\/wp\/v2\/comments?post=81158"}],"version-history":[{"count":0,"href":"https:\/\/www.copealcoy.es\/es\/wp-json\/wp\/v2\/posts\/81158\/revisions"}],"wp:featuredmedia":[{"embeddable":true,"href":"https:\/\/www.copealcoy.es\/es\/wp-json\/wp\/v2\/media\/81159"}],"wp:attachment":[{"href":"https:\/\/www.copealcoy.es\/es\/wp-json\/wp\/v2\/media?parent=81158"}],"wp:term":[{"taxonomy":"category","embeddable":true,"href":"https:\/\/www.copealcoy.es\/es\/wp-json\/wp\/v2\/categories?post=81158"},{"taxonomy":"post_tag","embeddable":true,"href":"https:\/\/www.copealcoy.es\/es\/wp-json\/wp\/v2\/tags?post=81158"}],"curies":[{"name":"wp","href":"https:\/\/api.w.org\/{rel}","templated":true}]}}