{"id":81129,"date":"2021-12-10T10:13:26","date_gmt":"2021-12-10T09:13:26","guid":{"rendered":"https:\/\/www.copealcoy.es\/?p=81129"},"modified":"2021-12-10T21:33:42","modified_gmt":"2021-12-10T20:33:42","slug":"mes-de-28-000-visitants-en-el-mercat-de-nadal","status":"publish","type":"post","link":"https:\/\/www.copealcoy.es\/es\/mes-de-28-000-visitants-en-el-mercat-de-nadal\/","title":{"rendered":"M\u00e9s de 28.000 visitants en el &#8216;Mercat de Nadal&#8217;"},"content":{"rendered":"<p style=\"text-align: justify;\">El &#8216;Mercat de Nadal&#8217; d&#8217;Alcoi<strong> va tancar les portes el passat dimecres despr\u00e9s de cinc intenses jornades<\/strong> que van arrancar el dissabte a migdia amb <strong>la inauguraci\u00f3 oficial d&#8217;aquest<\/strong>. <strong>M\u00e9s de trenta establiments<\/strong> van participar en una fira en la qual <strong>pod\u00edem trobar<\/strong> decoraci\u00f3 nadalenca, productes artesanals, gastronomia o iniciatives per als m\u00e9s menuts com tallers o passejades en burreta i dromedari.<\/p>\n<p style=\"text-align: justify;\">Les xifres oferides per l&#8217;Ajuntament d&#8217;Alcoi indiquen que <strong>s\u2019han comptabilitzat 28.281 visitants<\/strong>, \u00e9s a dir una mitjana de 5.686 diaris. Les xifres<strong> superen \u00e0mpliament a les del passat any quan va haver-hi 10.723<\/strong>, amb un dia menys de Mercat, i<strong> la mitjana era de 2.681 diaris<\/strong> &#8220;<em>tanquem una nova edici\u00f3 del Mercat de Nadal amb \u00e8xit. Gr\u00e0cies a les entitats comercials que participen, als visitants i a tots els que hem treballat per a portar endavant aquest projecte, sens dubte, aquest Mercat \u00e9s ja una proposta imprescindible\u00a0<span class=\"hiddenGreenError\">del Nadal<\/span>\u00a0Alcoi\u00e0, una atracci\u00f3 m\u00e9s que demostra que tenim una ciutat viva, amb el millor Nadal del m\u00f3n, que cada vegada atrau a m\u00e9s i m\u00e9s gent durant tot el mes de desembr<\/em>e&#8221;, afirma la regidora de Comer\u00e7; <strong>Vanessa Molt\u00f3<\/strong>.<\/p>\n<p style=\"text-align: justify;\">La fira nadalenca <strong>va tindre tamb\u00e9 un important component solidari<\/strong> amb la campanya de <strong>C\u00e0ritas<\/strong> \u2018Que ning\u00fa passe fred aquest hivern\u2019, una iniciativa destinada a ajudar a les fam\u00edlies m\u00e9s desfavorides de la ciutat. Finalment, Tamb\u00e9 va estar en el &#8216;Mercat de Nadal&#8217; de 2021<strong> <span class=\"hiddenGrammarError\">l&#8217; \u2018<\/span><span class=\"hiddenSpellError\">Asociaci\u00f3n<\/span>\u00a0Cultural\u00a0<span class=\"hiddenSpellError\">Amigos<\/span>\u00a0del\u00a0<span class=\"hiddenSpellError\">Modernismo<\/span>\u2019<\/strong> amb un estand a benefici de l<strong>a &#8216;<span class=\"hiddenSpellError\">Asociaci\u00f3n<\/span>\u00a0de\u00a0<span class=\"hiddenSpellError\">Familiares<\/span>\u00a0<span class=\"hiddenGrammarError\">y<\/span>\u00a0<span class=\"hiddenSpellError\">Amigos<\/span>\u00a0<span class=\"hiddenGrammarError\">de Enfermos<\/span>\u00a0<span class=\"hiddenGrammarError\">de Alzheimer<\/span>\u00a0<span class=\"hiddenGrammarError\">de Alcoy<\/span>\u00a0<span class=\"hiddenGrammarError\">y<\/span>\u00a0Comarca (AFA\u00a0<span class=\"hiddenSpellError\">ALCOY<\/span>)<span class=\"hiddenGrammarError\">&#8216;<\/span>\u00a0<\/strong>i\u00a0<strong><span class=\"hiddenGrammarError\">l\u2019 &#8216;<\/span><span class=\"hiddenSpellError\">Asociaci\u00f3n<\/span>\u00a0Cultural\u00a0<span class=\"hiddenSpellError\">Samarita<\/span><span class=\"hiddenGrammarError\">\u2019<\/span>\u00a0<\/strong>amb les entrades al campament reial.<\/p>\n","protected":false},"excerpt":{"rendered":"<p>El &#8216;Mercat de Nadal&#8217; d&#8217;Alcoi va tancar les portes el passat dimecres despr\u00e9s de cinc intenses jornades que van arrancar&#8230;<\/p>\n","protected":false},"author":1,"featured_media":80991,"comment_status":"open","ping_status":"open","sticky":false,"template":"","format":"standard","meta":{"footnotes":""},"categories":[97,78,75],"tags":[160,3882,4970,12180],"class_list":["post-81129","post","type-post","status-publish","format-standard","has-post-thumbnail","hentry","category-alcoy","category-fiestaycultura","category-noticias","tag-alcoi","tag-la-glorieta","tag-mercat-de-nadal","tag-visitants"],"yoast_head":"<!-- This site is optimized with the Yoast SEO plugin v27.3 - https:\/\/yoast.com\/product\/yoast-seo-wordpress\/ -->\n<title>M\u00e9s de 28.000 visitants en el &#039;Mercat de Nadal&#039; - COPE Alcoy<\/title>\n<meta name=\"robots\" content=\"index, follow, max-snippet:-1, max-image-preview:large, max-video-preview:-1\" \/>\n<link rel=\"canonical\" href=\"https:\/\/www.copealcoy.es\/es\/mes-de-28-000-visitants-en-el-mercat-de-nadal\/\" \/>\n<meta property=\"og:locale\" content=\"es_ES\" \/>\n<meta property=\"og:type\" content=\"article\" \/>\n<meta property=\"og:title\" content=\"M\u00e9s de 28.000 visitants en el &#039;Mercat de Nadal&#039; - COPE Alcoy\" \/>\n<meta property=\"og:description\" content=\"El &#8216;Mercat de Nadal&#8217; d&#8217;Alcoi va tancar les portes el passat dimecres despr\u00e9s de cinc intenses jornades que van arrancar...\" \/>\n<meta property=\"og:url\" content=\"https:\/\/www.copealcoy.es\/es\/mes-de-28-000-visitants-en-el-mercat-de-nadal\/\" \/>\n<meta property=\"og:site_name\" content=\"COPE Alcoy\" \/>\n<meta property=\"article:published_time\" content=\"2021-12-10T09:13:26+00:00\" \/>\n<meta property=\"article:modified_time\" content=\"2021-12-10T20:33:42+00:00\" \/>\n<meta property=\"og:image\" content=\"https:\/\/www.copealcoy.es\/wp-content\/uploads\/2021\/12\/262738583_7253745677984887_4049088132060287399_n.jpg\" \/>\n\t<meta property=\"og:image:width\" content=\"2048\" \/>\n\t<meta property=\"og:image:height\" content=\"1365\" \/>\n\t<meta property=\"og:image:type\" content=\"image\/jpeg\" \/>\n<meta name=\"author\" content=\"Cope Alcoy\" \/>\n<meta name=\"twitter:label1\" content=\"Escrito por\" \/>\n\t<meta name=\"twitter:data1\" content=\"Cope Alcoy\" \/>\n\t<meta name=\"twitter:label2\" content=\"Tiempo de lectura\" \/>\n\t<meta name=\"twitter:data2\" content=\"2 minutos\" \/>\n<script type=\"application\/ld+json\" class=\"yoast-schema-graph\">{\"@context\":\"https:\\\/\\\/schema.org\",\"@graph\":[{\"@type\":\"Article\",\"@id\":\"https:\\\/\\\/www.copealcoy.es\\\/es\\\/mes-de-28-000-visitants-en-el-mercat-de-nadal\\\/#article\",\"isPartOf\":{\"@id\":\"https:\\\/\\\/www.copealcoy.es\\\/es\\\/mes-de-28-000-visitants-en-el-mercat-de-nadal\\\/\"},\"author\":{\"name\":\"Cope Alcoy\",\"@id\":\"https:\\\/\\\/www.copealcoy.es\\\/es\\\/#\\\/schema\\\/person\\\/e777c87fa024e57d40170af9df39882c\"},\"headline\":\"M\u00e9s de 28.000 visitants en el &#8216;Mercat de Nadal&#8217;\",\"datePublished\":\"2021-12-10T09:13:26+00:00\",\"dateModified\":\"2021-12-10T20:33:42+00:00\",\"mainEntityOfPage\":{\"@id\":\"https:\\\/\\\/www.copealcoy.es\\\/es\\\/mes-de-28-000-visitants-en-el-mercat-de-nadal\\\/\"},\"wordCount\":298,\"commentCount\":0,\"image\":{\"@id\":\"https:\\\/\\\/www.copealcoy.es\\\/es\\\/mes-de-28-000-visitants-en-el-mercat-de-nadal\\\/#primaryimage\"},\"thumbnailUrl\":\"https:\\\/\\\/www.copealcoy.es\\\/wp-content\\\/uploads\\\/2021\\\/12\\\/262738583_7253745677984887_4049088132060287399_n.jpg\",\"keywords\":[\"Alcoi\",\"La Glorieta\",\"Mercat de Nadal\",\"visitants\"],\"articleSection\":[\"Alcoy\",\"Fiesta y Cultura\",\"Noticias\"],\"inLanguage\":\"es\"},{\"@type\":\"WebPage\",\"@id\":\"https:\\\/\\\/www.copealcoy.es\\\/es\\\/mes-de-28-000-visitants-en-el-mercat-de-nadal\\\/\",\"url\":\"https:\\\/\\\/www.copealcoy.es\\\/es\\\/mes-de-28-000-visitants-en-el-mercat-de-nadal\\\/\",\"name\":\"M\u00e9s de 28.000 visitants en el 'Mercat de Nadal' - COPE Alcoy\",\"isPartOf\":{\"@id\":\"https:\\\/\\\/www.copealcoy.es\\\/es\\\/#website\"},\"primaryImageOfPage\":{\"@id\":\"https:\\\/\\\/www.copealcoy.es\\\/es\\\/mes-de-28-000-visitants-en-el-mercat-de-nadal\\\/#primaryimage\"},\"image\":{\"@id\":\"https:\\\/\\\/www.copealcoy.es\\\/es\\\/mes-de-28-000-visitants-en-el-mercat-de-nadal\\\/#primaryimage\"},\"thumbnailUrl\":\"https:\\\/\\\/www.copealcoy.es\\\/wp-content\\\/uploads\\\/2021\\\/12\\\/262738583_7253745677984887_4049088132060287399_n.jpg\",\"datePublished\":\"2021-12-10T09:13:26+00:00\",\"dateModified\":\"2021-12-10T20:33:42+00:00\",\"author\":{\"@id\":\"https:\\\/\\\/www.copealcoy.es\\\/es\\\/#\\\/schema\\\/person\\\/e777c87fa024e57d40170af9df39882c\"},\"breadcrumb\":{\"@id\":\"https:\\\/\\\/www.copealcoy.es\\\/es\\\/mes-de-28-000-visitants-en-el-mercat-de-nadal\\\/#breadcrumb\"},\"inLanguage\":\"es\",\"potentialAction\":[{\"@type\":\"ReadAction\",\"target\":[\"https:\\\/\\\/www.copealcoy.es\\\/es\\\/mes-de-28-000-visitants-en-el-mercat-de-nadal\\\/\"]}]},{\"@type\":\"ImageObject\",\"inLanguage\":\"es\",\"@id\":\"https:\\\/\\\/www.copealcoy.es\\\/es\\\/mes-de-28-000-visitants-en-el-mercat-de-nadal\\\/#primaryimage\",\"url\":\"https:\\\/\\\/www.copealcoy.es\\\/wp-content\\\/uploads\\\/2021\\\/12\\\/262738583_7253745677984887_4049088132060287399_n.jpg\",\"contentUrl\":\"https:\\\/\\\/www.copealcoy.es\\\/wp-content\\\/uploads\\\/2021\\\/12\\\/262738583_7253745677984887_4049088132060287399_n.jpg\",\"width\":2048,\"height\":1365},{\"@type\":\"BreadcrumbList\",\"@id\":\"https:\\\/\\\/www.copealcoy.es\\\/es\\\/mes-de-28-000-visitants-en-el-mercat-de-nadal\\\/#breadcrumb\",\"itemListElement\":[{\"@type\":\"ListItem\",\"position\":1,\"name\":\"Portada\",\"item\":\"https:\\\/\\\/www.copealcoy.es\\\/es\\\/\"},{\"@type\":\"ListItem\",\"position\":2,\"name\":\"M\u00e9s de 28.000 visitants en el &#8216;Mercat de Nadal&#8217;\"}]},{\"@type\":\"WebSite\",\"@id\":\"https:\\\/\\\/www.copealcoy.es\\\/es\\\/#website\",\"url\":\"https:\\\/\\\/www.copealcoy.es\\\/es\\\/\",\"name\":\"COPE Alcoy\",\"description\":\"Emisora COPE de radio local con emisi\u00f3n online. Pont de Sant Jordi 8-10 03803 Alcoy\",\"potentialAction\":[{\"@type\":\"SearchAction\",\"target\":{\"@type\":\"EntryPoint\",\"urlTemplate\":\"https:\\\/\\\/www.copealcoy.es\\\/es\\\/?s={search_term_string}\"},\"query-input\":{\"@type\":\"PropertyValueSpecification\",\"valueRequired\":true,\"valueName\":\"search_term_string\"}}],\"inLanguage\":\"es\"},{\"@type\":\"Person\",\"@id\":\"https:\\\/\\\/www.copealcoy.es\\\/es\\\/#\\\/schema\\\/person\\\/e777c87fa024e57d40170af9df39882c\",\"name\":\"Cope Alcoy\",\"image\":{\"@type\":\"ImageObject\",\"inLanguage\":\"es\",\"@id\":\"https:\\\/\\\/secure.gravatar.com\\\/avatar\\\/bb65d0283347e303893ba14f0692005417c1e0e690a325a4c5d8bb2b3943ee14?s=96&d=mm&r=g\",\"url\":\"https:\\\/\\\/secure.gravatar.com\\\/avatar\\\/bb65d0283347e303893ba14f0692005417c1e0e690a325a4c5d8bb2b3943ee14?s=96&d=mm&r=g\",\"contentUrl\":\"https:\\\/\\\/secure.gravatar.com\\\/avatar\\\/bb65d0283347e303893ba14f0692005417c1e0e690a325a4c5d8bb2b3943ee14?s=96&d=mm&r=g\",\"caption\":\"Cope Alcoy\"}}]}<\/script>\n<!-- \/ Yoast SEO plugin. -->","yoast_head_json":{"title":"M\u00e9s de 28.000 visitants en el 'Mercat de Nadal' - COPE Alcoy","robots":{"index":"index","follow":"follow","max-snippet":"max-snippet:-1","max-image-preview":"max-image-preview:large","max-video-preview":"max-video-preview:-1"},"canonical":"https:\/\/www.copealcoy.es\/es\/mes-de-28-000-visitants-en-el-mercat-de-nadal\/","og_locale":"es_ES","og_type":"article","og_title":"M\u00e9s de 28.000 visitants en el 'Mercat de Nadal' - COPE Alcoy","og_description":"El &#8216;Mercat de Nadal&#8217; d&#8217;Alcoi va tancar les portes el passat dimecres despr\u00e9s de cinc intenses jornades que van arrancar...","og_url":"https:\/\/www.copealcoy.es\/es\/mes-de-28-000-visitants-en-el-mercat-de-nadal\/","og_site_name":"COPE Alcoy","article_published_time":"2021-12-10T09:13:26+00:00","article_modified_time":"2021-12-10T20:33:42+00:00","og_image":[{"width":2048,"height":1365,"url":"https:\/\/www.copealcoy.es\/wp-content\/uploads\/2021\/12\/262738583_7253745677984887_4049088132060287399_n.jpg","type":"image\/jpeg"}],"author":"Cope Alcoy","twitter_misc":{"Escrito por":"Cope Alcoy","Tiempo de lectura":"2 minutos"},"schema":{"@context":"https:\/\/schema.org","@graph":[{"@type":"Article","@id":"https:\/\/www.copealcoy.es\/es\/mes-de-28-000-visitants-en-el-mercat-de-nadal\/#article","isPartOf":{"@id":"https:\/\/www.copealcoy.es\/es\/mes-de-28-000-visitants-en-el-mercat-de-nadal\/"},"author":{"name":"Cope Alcoy","@id":"https:\/\/www.copealcoy.es\/es\/#\/schema\/person\/e777c87fa024e57d40170af9df39882c"},"headline":"M\u00e9s de 28.000 visitants en el &#8216;Mercat de Nadal&#8217;","datePublished":"2021-12-10T09:13:26+00:00","dateModified":"2021-12-10T20:33:42+00:00","mainEntityOfPage":{"@id":"https:\/\/www.copealcoy.es\/es\/mes-de-28-000-visitants-en-el-mercat-de-nadal\/"},"wordCount":298,"commentCount":0,"image":{"@id":"https:\/\/www.copealcoy.es\/es\/mes-de-28-000-visitants-en-el-mercat-de-nadal\/#primaryimage"},"thumbnailUrl":"https:\/\/www.copealcoy.es\/wp-content\/uploads\/2021\/12\/262738583_7253745677984887_4049088132060287399_n.jpg","keywords":["Alcoi","La Glorieta","Mercat de Nadal","visitants"],"articleSection":["Alcoy","Fiesta y Cultura","Noticias"],"inLanguage":"es"},{"@type":"WebPage","@id":"https:\/\/www.copealcoy.es\/es\/mes-de-28-000-visitants-en-el-mercat-de-nadal\/","url":"https:\/\/www.copealcoy.es\/es\/mes-de-28-000-visitants-en-el-mercat-de-nadal\/","name":"M\u00e9s de 28.000 visitants en el 'Mercat de Nadal' - COPE Alcoy","isPartOf":{"@id":"https:\/\/www.copealcoy.es\/es\/#website"},"primaryImageOfPage":{"@id":"https:\/\/www.copealcoy.es\/es\/mes-de-28-000-visitants-en-el-mercat-de-nadal\/#primaryimage"},"image":{"@id":"https:\/\/www.copealcoy.es\/es\/mes-de-28-000-visitants-en-el-mercat-de-nadal\/#primaryimage"},"thumbnailUrl":"https:\/\/www.copealcoy.es\/wp-content\/uploads\/2021\/12\/262738583_7253745677984887_4049088132060287399_n.jpg","datePublished":"2021-12-10T09:13:26+00:00","dateModified":"2021-12-10T20:33:42+00:00","author":{"@id":"https:\/\/www.copealcoy.es\/es\/#\/schema\/person\/e777c87fa024e57d40170af9df39882c"},"breadcrumb":{"@id":"https:\/\/www.copealcoy.es\/es\/mes-de-28-000-visitants-en-el-mercat-de-nadal\/#breadcrumb"},"inLanguage":"es","potentialAction":[{"@type":"ReadAction","target":["https:\/\/www.copealcoy.es\/es\/mes-de-28-000-visitants-en-el-mercat-de-nadal\/"]}]},{"@type":"ImageObject","inLanguage":"es","@id":"https:\/\/www.copealcoy.es\/es\/mes-de-28-000-visitants-en-el-mercat-de-nadal\/#primaryimage","url":"https:\/\/www.copealcoy.es\/wp-content\/uploads\/2021\/12\/262738583_7253745677984887_4049088132060287399_n.jpg","contentUrl":"https:\/\/www.copealcoy.es\/wp-content\/uploads\/2021\/12\/262738583_7253745677984887_4049088132060287399_n.jpg","width":2048,"height":1365},{"@type":"BreadcrumbList","@id":"https:\/\/www.copealcoy.es\/es\/mes-de-28-000-visitants-en-el-mercat-de-nadal\/#breadcrumb","itemListElement":[{"@type":"ListItem","position":1,"name":"Portada","item":"https:\/\/www.copealcoy.es\/es\/"},{"@type":"ListItem","position":2,"name":"M\u00e9s de 28.000 visitants en el &#8216;Mercat de Nadal&#8217;"}]},{"@type":"WebSite","@id":"https:\/\/www.copealcoy.es\/es\/#website","url":"https:\/\/www.copealcoy.es\/es\/","name":"COPE Alcoy","description":"Emisora COPE de radio local con emisi\u00f3n online. Pont de Sant Jordi 8-10 03803 Alcoy","potentialAction":[{"@type":"SearchAction","target":{"@type":"EntryPoint","urlTemplate":"https:\/\/www.copealcoy.es\/es\/?s={search_term_string}"},"query-input":{"@type":"PropertyValueSpecification","valueRequired":true,"valueName":"search_term_string"}}],"inLanguage":"es"},{"@type":"Person","@id":"https:\/\/www.copealcoy.es\/es\/#\/schema\/person\/e777c87fa024e57d40170af9df39882c","name":"Cope Alcoy","image":{"@type":"ImageObject","inLanguage":"es","@id":"https:\/\/secure.gravatar.com\/avatar\/bb65d0283347e303893ba14f0692005417c1e0e690a325a4c5d8bb2b3943ee14?s=96&d=mm&r=g","url":"https:\/\/secure.gravatar.com\/avatar\/bb65d0283347e303893ba14f0692005417c1e0e690a325a4c5d8bb2b3943ee14?s=96&d=mm&r=g","contentUrl":"https:\/\/secure.gravatar.com\/avatar\/bb65d0283347e303893ba14f0692005417c1e0e690a325a4c5d8bb2b3943ee14?s=96&d=mm&r=g","caption":"Cope Alcoy"}}]}},"_links":{"self":[{"href":"https:\/\/www.copealcoy.es\/es\/wp-json\/wp\/v2\/posts\/81129","targetHints":{"allow":["GET"]}}],"collection":[{"href":"https:\/\/www.copealcoy.es\/es\/wp-json\/wp\/v2\/posts"}],"about":[{"href":"https:\/\/www.copealcoy.es\/es\/wp-json\/wp\/v2\/types\/post"}],"author":[{"embeddable":true,"href":"https:\/\/www.copealcoy.es\/es\/wp-json\/wp\/v2\/users\/1"}],"replies":[{"embeddable":true,"href":"https:\/\/www.copealcoy.es\/es\/wp-json\/wp\/v2\/comments?post=81129"}],"version-history":[{"count":0,"href":"https:\/\/www.copealcoy.es\/es\/wp-json\/wp\/v2\/posts\/81129\/revisions"}],"wp:featuredmedia":[{"embeddable":true,"href":"https:\/\/www.copealcoy.es\/es\/wp-json\/wp\/v2\/media\/80991"}],"wp:attachment":[{"href":"https:\/\/www.copealcoy.es\/es\/wp-json\/wp\/v2\/media?parent=81129"}],"wp:term":[{"taxonomy":"category","embeddable":true,"href":"https:\/\/www.copealcoy.es\/es\/wp-json\/wp\/v2\/categories?post=81129"},{"taxonomy":"post_tag","embeddable":true,"href":"https:\/\/www.copealcoy.es\/es\/wp-json\/wp\/v2\/tags?post=81129"}],"curies":[{"name":"wp","href":"https:\/\/api.w.org\/{rel}","templated":true}]}}