{"id":81060,"date":"2021-12-09T08:14:54","date_gmt":"2021-12-09T07:14:54","guid":{"rendered":"https:\/\/www.copealcoy.es\/?p=81060"},"modified":"2021-12-09T08:14:54","modified_gmt":"2021-12-09T07:14:54","slug":"cope-logra-otro-egm-historico","status":"publish","type":"post","link":"https:\/\/www.copealcoy.es\/es\/cope-logra-otro-egm-historico\/","title":{"rendered":"COPE logra otro EGM hist\u00f3rico"},"content":{"rendered":"<p style=\"text-align: justify;\">COPE cierra el a\u00f1o con otro EGM hist\u00f3rico. La radio con los mejores comunicadores y la m\u00e1s amplia cobertura informativa registra hasta cuatro r\u00e9cords desde el inicio de la actual temporada. Seg\u00fan la III Ola de 2021 del Estudio General de Medios publicada este jueves, 9 de diciembre,\u00a0<strong>Carlos Herrera<\/strong>\u00a0vuelve a batir sus propias marcas hasta lograr el mejor dato de audiencia de sus 40 a\u00f1os de trayectoria radiof\u00f3nica. 2.639.000 personas toman cada ma\u00f1ana en<strong>\u00a0\u2018Herrera en COPE<\/strong>\u2019 el pulso de la actualidad. Esto supone que, solo en el \u00faltimo a\u00f1o, el periodista m\u00e1s influyente de las ondas espa\u00f1olas ha ganado 207.000 oyentes, un 9%, y ya es el l\u00edder durante cinco horas de su programa. Sin duda, la entrevista que Herrera realiz\u00f3 al papa Francisco este mes de septiembre ha marcado un hito a nivel internacional.<\/p>\n<p style=\"text-align: justify;\">El segundo r\u00e9cord lo aporta el deporte.\u00a0<strong>Paco Gonz\u00e1lez, Pepe Domingo Casta\u00f1o y Manolo Lama<\/strong>\u00a0son todav\u00eda m\u00e1s n\u00fameros 1 al ampliar su distancia con respecto a la competencia. 1.668.000 personas avalan el liderazgo de<strong>\u00a0\u2018Tiempo de Juego\u2019,<\/strong>\u00a0un incremento del 8% con respecto a la anterior Ola del EGM. El s\u00e1bado, son 1.611.000 los aficionados que disfrutan del sonido del gol, la pasi\u00f3n y la emoci\u00f3n vibrante del mejor show radiof\u00f3nico de la radio deportiva espa\u00f1ola, mientras que los domingos el techo se eleva hasta los 1.724.000 oyentes. Por su parte,\u00a0<strong>\u2018El Partidazo\u2019\u00a0<\/strong>cierra su mejor a\u00f1o y mantiene a Juanma Casta\u00f1o como referente de las noches deportivas, de lunes a viernes, de 23.30 a 01.30 horas.<\/p>\n<p style=\"text-align: justify;\">La gran demanda informativa fruto de la inestabilidad econ\u00f3mica y la emergencia sanitaria derivadas de la pandemia tambi\u00e9n impulsan a\u00a0<strong>\u00c1ngel Exp\u00f3sito. \u2018La Linterna\u2019,<\/strong>\u00a0de lunes a viernes de 19.00 a 23.30 horas, suma otro r\u00e9cord para COPE, al alcanzar 929.000 oyentes. Supone un incremento del 15% con respecto a hace un a\u00f1o.<\/p>\n<p style=\"text-align: justify;\">El cuarto r\u00e9cord lo marca\u00a0<strong>\u2018Mediod\u00eda COPE\u2019<\/strong>: sube un 37% su audiencia con respecto a la Ola anterior, hasta los 596.000 seguidores. El espacio, en su primera temporada con Pilar Garc\u00eda Mu\u00f1iz al frente y emitido de lunes a viernes de 13.00 a 16.00 horas, ha reforzado esta temporada su presencia en la parrilla con el objetivo de ofrecer una mayor oferta de informaci\u00f3n al oyente en tiempos de muchas preguntas y situaciones complejas que precisan de respuestas claras, rigurosas y contrastadas.<\/p>\n<p style=\"text-align: justify;\">A continuaci\u00f3n,<strong>\u00a0\u2018La Tarde\u2019<\/strong>\u00a0con Pilar Cisneros y Fernando de Haro ya es seguida cada d\u00eda entre las 16.00 y las 19.00 horas por 367.000 oyentes.\u00a0<strong>\u2018Fin de Semana\u2019,<\/strong>\u00a0con Cristina L\u00f3pez Schlichting, se mantiene como uno de los magacines favoritos de la audiencia y suma 640.000 oyentes.<\/p>\n<p style=\"text-align: justify;\">La radio musical espa\u00f1ola recupera fuerza, al mejorar su audiencia un 4% en un a\u00f1o, en buena medida gracias a<strong>\u00a0CADENA 100<\/strong>, que se dispara este oto\u00f1o y crece hasta un 14%, 235.000 nuevos seguidores. La cadena con la mejor variedad musical refuerza as\u00ed la segunda posici\u00f3n dentro de su sector y suma 1.902.000 oyentes. Su programa despertador,<strong>\u00a0\u2018\u00a1Buenos d\u00edas Javi y Mar!\u2019,\u00a0<\/strong>sigue su tendencia alcista y ya suma 1.208.000 oyentes, un 12% m\u00e1s que la anterior Ola. La mejor m\u00fasica y la diversi\u00f3n se mantienen los fines de semana con\u00a0<strong>\u2018De S\u00e1bado con Christian G\u00e1lvez\u2019,<\/strong>\u00a0que re\u00fane a 849.000 oyentes.<\/p>\n<p style=\"text-align: justify;\"><strong>RockFM\u00a0<\/strong>aporta otra importante cifra: 950.000 oyentes.<strong>\u00a0\u2018El Pirata y su banda\u2019,<\/strong>\u00a0que acaba de recibir la menci\u00f3n especial en la categor\u00eda de radio de los Premios Ondas, re\u00fane cada ma\u00f1ana a 439.000 personas \u00e1vidas de buen rock, positivismo y muchas risas desde primera hora. MegaStarFM, la m\u00e1s joven de las musicales, ofrece temazos para 141.000 marchosos.<\/p>\n<p style=\"text-align: justify;\">En total, m\u00e1s de 6.404.000 millones de personas se conectan a diario a las emisoras de COPE para disfrutar de la mejor radio, una cifra que las convierte en el grupo de radio comercial con mejor comportamiento en el \u00faltimo a\u00f1o al aportar 326.000 nuevos oyentes (+5%).<\/p>\n","protected":false},"excerpt":{"rendered":"<p>COPE cierra el a\u00f1o con otro EGM hist\u00f3rico. La radio con los mejores comunicadores y la m\u00e1s amplia cobertura informativa&#8230;<\/p>\n","protected":false},"author":1,"featured_media":81061,"comment_status":"open","ping_status":"open","sticky":false,"template":"","format":"standard","meta":{"footnotes":""},"categories":[6909,1577,75,125],"tags":[2967,178,1045,2451,4368,148],"class_list":["post-81060","post","type-post","status-publish","format-standard","has-post-thumbnail","hentry","category-actualidad","category-cope-alcoy","category-noticias","category-portada","tag-carlos-herrera","tag-cope","tag-cope-alcoy","tag-egm","tag-herrera-en-cope","tag-radio"],"yoast_head":"<!-- This site is optimized with the Yoast SEO plugin v27.3 - https:\/\/yoast.com\/product\/yoast-seo-wordpress\/ -->\n<title>COPE logra otro EGM hist\u00f3rico - COPE Alcoy<\/title>\n<meta name=\"robots\" content=\"index, follow, max-snippet:-1, max-image-preview:large, max-video-preview:-1\" \/>\n<link rel=\"canonical\" href=\"https:\/\/www.copealcoy.es\/es\/cope-logra-otro-egm-historico\/\" \/>\n<meta property=\"og:locale\" content=\"es_ES\" \/>\n<meta property=\"og:type\" content=\"article\" \/>\n<meta property=\"og:title\" content=\"COPE logra otro EGM hist\u00f3rico - COPE Alcoy\" \/>\n<meta property=\"og:description\" content=\"COPE cierra el a\u00f1o con otro EGM hist\u00f3rico. La radio con los mejores comunicadores y la m\u00e1s amplia cobertura informativa...\" \/>\n<meta property=\"og:url\" content=\"https:\/\/www.copealcoy.es\/es\/cope-logra-otro-egm-historico\/\" \/>\n<meta property=\"og:site_name\" content=\"COPE Alcoy\" \/>\n<meta property=\"article:published_time\" content=\"2021-12-09T07:14:54+00:00\" \/>\n<meta property=\"og:image\" content=\"https:\/\/www.copealcoy.es\/wp-content\/uploads\/2021\/12\/1639032956676.jpg\" \/>\n\t<meta property=\"og:image:width\" content=\"976\" \/>\n\t<meta property=\"og:image:height\" content=\"549\" \/>\n\t<meta property=\"og:image:type\" content=\"image\/jpeg\" \/>\n<meta name=\"author\" content=\"Cope Alcoy\" \/>\n<meta name=\"twitter:label1\" content=\"Escrito por\" \/>\n\t<meta name=\"twitter:data1\" content=\"Cope Alcoy\" \/>\n\t<meta name=\"twitter:label2\" content=\"Tiempo de lectura\" \/>\n\t<meta name=\"twitter:data2\" content=\"3 minutos\" \/>\n<script type=\"application\/ld+json\" class=\"yoast-schema-graph\">{\"@context\":\"https:\\\/\\\/schema.org\",\"@graph\":[{\"@type\":\"Article\",\"@id\":\"https:\\\/\\\/www.copealcoy.es\\\/es\\\/cope-logra-otro-egm-historico\\\/#article\",\"isPartOf\":{\"@id\":\"https:\\\/\\\/www.copealcoy.es\\\/es\\\/cope-logra-otro-egm-historico\\\/\"},\"author\":{\"name\":\"Cope Alcoy\",\"@id\":\"https:\\\/\\\/www.copealcoy.es\\\/es\\\/#\\\/schema\\\/person\\\/e777c87fa024e57d40170af9df39882c\"},\"headline\":\"COPE logra otro EGM hist\u00f3rico\",\"datePublished\":\"2021-12-09T07:14:54+00:00\",\"mainEntityOfPage\":{\"@id\":\"https:\\\/\\\/www.copealcoy.es\\\/es\\\/cope-logra-otro-egm-historico\\\/\"},\"wordCount\":668,\"commentCount\":0,\"image\":{\"@id\":\"https:\\\/\\\/www.copealcoy.es\\\/es\\\/cope-logra-otro-egm-historico\\\/#primaryimage\"},\"thumbnailUrl\":\"https:\\\/\\\/www.copealcoy.es\\\/wp-content\\\/uploads\\\/2021\\\/12\\\/1639032956676.jpg\",\"keywords\":[\"Carlos Herrera\",\"Cope\",\"Cope Alcoy\",\"EGM\",\"Herrera en Cope\",\"Radio\"],\"articleSection\":[\"Actualidad\",\"Cope Alcoy\",\"Noticias\",\"Portada\"],\"inLanguage\":\"es\"},{\"@type\":\"WebPage\",\"@id\":\"https:\\\/\\\/www.copealcoy.es\\\/es\\\/cope-logra-otro-egm-historico\\\/\",\"url\":\"https:\\\/\\\/www.copealcoy.es\\\/es\\\/cope-logra-otro-egm-historico\\\/\",\"name\":\"COPE logra otro EGM hist\u00f3rico - COPE Alcoy\",\"isPartOf\":{\"@id\":\"https:\\\/\\\/www.copealcoy.es\\\/es\\\/#website\"},\"primaryImageOfPage\":{\"@id\":\"https:\\\/\\\/www.copealcoy.es\\\/es\\\/cope-logra-otro-egm-historico\\\/#primaryimage\"},\"image\":{\"@id\":\"https:\\\/\\\/www.copealcoy.es\\\/es\\\/cope-logra-otro-egm-historico\\\/#primaryimage\"},\"thumbnailUrl\":\"https:\\\/\\\/www.copealcoy.es\\\/wp-content\\\/uploads\\\/2021\\\/12\\\/1639032956676.jpg\",\"datePublished\":\"2021-12-09T07:14:54+00:00\",\"author\":{\"@id\":\"https:\\\/\\\/www.copealcoy.es\\\/es\\\/#\\\/schema\\\/person\\\/e777c87fa024e57d40170af9df39882c\"},\"breadcrumb\":{\"@id\":\"https:\\\/\\\/www.copealcoy.es\\\/es\\\/cope-logra-otro-egm-historico\\\/#breadcrumb\"},\"inLanguage\":\"es\",\"potentialAction\":[{\"@type\":\"ReadAction\",\"target\":[\"https:\\\/\\\/www.copealcoy.es\\\/es\\\/cope-logra-otro-egm-historico\\\/\"]}]},{\"@type\":\"ImageObject\",\"inLanguage\":\"es\",\"@id\":\"https:\\\/\\\/www.copealcoy.es\\\/es\\\/cope-logra-otro-egm-historico\\\/#primaryimage\",\"url\":\"https:\\\/\\\/www.copealcoy.es\\\/wp-content\\\/uploads\\\/2021\\\/12\\\/1639032956676.jpg\",\"contentUrl\":\"https:\\\/\\\/www.copealcoy.es\\\/wp-content\\\/uploads\\\/2021\\\/12\\\/1639032956676.jpg\",\"width\":976,\"height\":549},{\"@type\":\"BreadcrumbList\",\"@id\":\"https:\\\/\\\/www.copealcoy.es\\\/es\\\/cope-logra-otro-egm-historico\\\/#breadcrumb\",\"itemListElement\":[{\"@type\":\"ListItem\",\"position\":1,\"name\":\"Portada\",\"item\":\"https:\\\/\\\/www.copealcoy.es\\\/es\\\/\"},{\"@type\":\"ListItem\",\"position\":2,\"name\":\"COPE logra otro EGM hist\u00f3rico\"}]},{\"@type\":\"WebSite\",\"@id\":\"https:\\\/\\\/www.copealcoy.es\\\/es\\\/#website\",\"url\":\"https:\\\/\\\/www.copealcoy.es\\\/es\\\/\",\"name\":\"COPE Alcoy\",\"description\":\"Emisora COPE de radio local con emisi\u00f3n online. Pont de Sant Jordi 8-10 03803 Alcoy\",\"potentialAction\":[{\"@type\":\"SearchAction\",\"target\":{\"@type\":\"EntryPoint\",\"urlTemplate\":\"https:\\\/\\\/www.copealcoy.es\\\/es\\\/?s={search_term_string}\"},\"query-input\":{\"@type\":\"PropertyValueSpecification\",\"valueRequired\":true,\"valueName\":\"search_term_string\"}}],\"inLanguage\":\"es\"},{\"@type\":\"Person\",\"@id\":\"https:\\\/\\\/www.copealcoy.es\\\/es\\\/#\\\/schema\\\/person\\\/e777c87fa024e57d40170af9df39882c\",\"name\":\"Cope Alcoy\",\"image\":{\"@type\":\"ImageObject\",\"inLanguage\":\"es\",\"@id\":\"https:\\\/\\\/secure.gravatar.com\\\/avatar\\\/bb65d0283347e303893ba14f0692005417c1e0e690a325a4c5d8bb2b3943ee14?s=96&d=mm&r=g\",\"url\":\"https:\\\/\\\/secure.gravatar.com\\\/avatar\\\/bb65d0283347e303893ba14f0692005417c1e0e690a325a4c5d8bb2b3943ee14?s=96&d=mm&r=g\",\"contentUrl\":\"https:\\\/\\\/secure.gravatar.com\\\/avatar\\\/bb65d0283347e303893ba14f0692005417c1e0e690a325a4c5d8bb2b3943ee14?s=96&d=mm&r=g\",\"caption\":\"Cope Alcoy\"}}]}<\/script>\n<!-- \/ Yoast SEO plugin. -->","yoast_head_json":{"title":"COPE logra otro EGM hist\u00f3rico - COPE Alcoy","robots":{"index":"index","follow":"follow","max-snippet":"max-snippet:-1","max-image-preview":"max-image-preview:large","max-video-preview":"max-video-preview:-1"},"canonical":"https:\/\/www.copealcoy.es\/es\/cope-logra-otro-egm-historico\/","og_locale":"es_ES","og_type":"article","og_title":"COPE logra otro EGM hist\u00f3rico - COPE Alcoy","og_description":"COPE cierra el a\u00f1o con otro EGM hist\u00f3rico. La radio con los mejores comunicadores y la m\u00e1s amplia cobertura informativa...","og_url":"https:\/\/www.copealcoy.es\/es\/cope-logra-otro-egm-historico\/","og_site_name":"COPE Alcoy","article_published_time":"2021-12-09T07:14:54+00:00","og_image":[{"width":976,"height":549,"url":"https:\/\/www.copealcoy.es\/wp-content\/uploads\/2021\/12\/1639032956676.jpg","type":"image\/jpeg"}],"author":"Cope Alcoy","twitter_misc":{"Escrito por":"Cope Alcoy","Tiempo de lectura":"3 minutos"},"schema":{"@context":"https:\/\/schema.org","@graph":[{"@type":"Article","@id":"https:\/\/www.copealcoy.es\/es\/cope-logra-otro-egm-historico\/#article","isPartOf":{"@id":"https:\/\/www.copealcoy.es\/es\/cope-logra-otro-egm-historico\/"},"author":{"name":"Cope Alcoy","@id":"https:\/\/www.copealcoy.es\/es\/#\/schema\/person\/e777c87fa024e57d40170af9df39882c"},"headline":"COPE logra otro EGM hist\u00f3rico","datePublished":"2021-12-09T07:14:54+00:00","mainEntityOfPage":{"@id":"https:\/\/www.copealcoy.es\/es\/cope-logra-otro-egm-historico\/"},"wordCount":668,"commentCount":0,"image":{"@id":"https:\/\/www.copealcoy.es\/es\/cope-logra-otro-egm-historico\/#primaryimage"},"thumbnailUrl":"https:\/\/www.copealcoy.es\/wp-content\/uploads\/2021\/12\/1639032956676.jpg","keywords":["Carlos Herrera","Cope","Cope Alcoy","EGM","Herrera en Cope","Radio"],"articleSection":["Actualidad","Cope Alcoy","Noticias","Portada"],"inLanguage":"es"},{"@type":"WebPage","@id":"https:\/\/www.copealcoy.es\/es\/cope-logra-otro-egm-historico\/","url":"https:\/\/www.copealcoy.es\/es\/cope-logra-otro-egm-historico\/","name":"COPE logra otro EGM hist\u00f3rico - COPE Alcoy","isPartOf":{"@id":"https:\/\/www.copealcoy.es\/es\/#website"},"primaryImageOfPage":{"@id":"https:\/\/www.copealcoy.es\/es\/cope-logra-otro-egm-historico\/#primaryimage"},"image":{"@id":"https:\/\/www.copealcoy.es\/es\/cope-logra-otro-egm-historico\/#primaryimage"},"thumbnailUrl":"https:\/\/www.copealcoy.es\/wp-content\/uploads\/2021\/12\/1639032956676.jpg","datePublished":"2021-12-09T07:14:54+00:00","author":{"@id":"https:\/\/www.copealcoy.es\/es\/#\/schema\/person\/e777c87fa024e57d40170af9df39882c"},"breadcrumb":{"@id":"https:\/\/www.copealcoy.es\/es\/cope-logra-otro-egm-historico\/#breadcrumb"},"inLanguage":"es","potentialAction":[{"@type":"ReadAction","target":["https:\/\/www.copealcoy.es\/es\/cope-logra-otro-egm-historico\/"]}]},{"@type":"ImageObject","inLanguage":"es","@id":"https:\/\/www.copealcoy.es\/es\/cope-logra-otro-egm-historico\/#primaryimage","url":"https:\/\/www.copealcoy.es\/wp-content\/uploads\/2021\/12\/1639032956676.jpg","contentUrl":"https:\/\/www.copealcoy.es\/wp-content\/uploads\/2021\/12\/1639032956676.jpg","width":976,"height":549},{"@type":"BreadcrumbList","@id":"https:\/\/www.copealcoy.es\/es\/cope-logra-otro-egm-historico\/#breadcrumb","itemListElement":[{"@type":"ListItem","position":1,"name":"Portada","item":"https:\/\/www.copealcoy.es\/es\/"},{"@type":"ListItem","position":2,"name":"COPE logra otro EGM hist\u00f3rico"}]},{"@type":"WebSite","@id":"https:\/\/www.copealcoy.es\/es\/#website","url":"https:\/\/www.copealcoy.es\/es\/","name":"COPE Alcoy","description":"Emisora COPE de radio local con emisi\u00f3n online. Pont de Sant Jordi 8-10 03803 Alcoy","potentialAction":[{"@type":"SearchAction","target":{"@type":"EntryPoint","urlTemplate":"https:\/\/www.copealcoy.es\/es\/?s={search_term_string}"},"query-input":{"@type":"PropertyValueSpecification","valueRequired":true,"valueName":"search_term_string"}}],"inLanguage":"es"},{"@type":"Person","@id":"https:\/\/www.copealcoy.es\/es\/#\/schema\/person\/e777c87fa024e57d40170af9df39882c","name":"Cope Alcoy","image":{"@type":"ImageObject","inLanguage":"es","@id":"https:\/\/secure.gravatar.com\/avatar\/bb65d0283347e303893ba14f0692005417c1e0e690a325a4c5d8bb2b3943ee14?s=96&d=mm&r=g","url":"https:\/\/secure.gravatar.com\/avatar\/bb65d0283347e303893ba14f0692005417c1e0e690a325a4c5d8bb2b3943ee14?s=96&d=mm&r=g","contentUrl":"https:\/\/secure.gravatar.com\/avatar\/bb65d0283347e303893ba14f0692005417c1e0e690a325a4c5d8bb2b3943ee14?s=96&d=mm&r=g","caption":"Cope Alcoy"}}]}},"_links":{"self":[{"href":"https:\/\/www.copealcoy.es\/es\/wp-json\/wp\/v2\/posts\/81060","targetHints":{"allow":["GET"]}}],"collection":[{"href":"https:\/\/www.copealcoy.es\/es\/wp-json\/wp\/v2\/posts"}],"about":[{"href":"https:\/\/www.copealcoy.es\/es\/wp-json\/wp\/v2\/types\/post"}],"author":[{"embeddable":true,"href":"https:\/\/www.copealcoy.es\/es\/wp-json\/wp\/v2\/users\/1"}],"replies":[{"embeddable":true,"href":"https:\/\/www.copealcoy.es\/es\/wp-json\/wp\/v2\/comments?post=81060"}],"version-history":[{"count":0,"href":"https:\/\/www.copealcoy.es\/es\/wp-json\/wp\/v2\/posts\/81060\/revisions"}],"wp:featuredmedia":[{"embeddable":true,"href":"https:\/\/www.copealcoy.es\/es\/wp-json\/wp\/v2\/media\/81061"}],"wp:attachment":[{"href":"https:\/\/www.copealcoy.es\/es\/wp-json\/wp\/v2\/media?parent=81060"}],"wp:term":[{"taxonomy":"category","embeddable":true,"href":"https:\/\/www.copealcoy.es\/es\/wp-json\/wp\/v2\/categories?post=81060"},{"taxonomy":"post_tag","embeddable":true,"href":"https:\/\/www.copealcoy.es\/es\/wp-json\/wp\/v2\/tags?post=81060"}],"curies":[{"name":"wp","href":"https:\/\/api.w.org\/{rel}","templated":true}]}}