{"id":80990,"date":"2021-12-07T23:36:11","date_gmt":"2021-12-07T22:36:11","guid":{"rendered":"https:\/\/www.copealcoy.es\/?p=80990"},"modified":"2021-12-07T23:44:52","modified_gmt":"2021-12-07T22:44:52","slug":"encara-pots-gaudir-del-mercat-de-nadal-dalcoi","status":"publish","type":"post","link":"https:\/\/www.copealcoy.es\/es\/encara-pots-gaudir-del-mercat-de-nadal-dalcoi\/","title":{"rendered":"Encara pots gaudir del &#8216;Mercat de Nadal&#8217; d&#8217;Alcoi"},"content":{"rendered":"<p style=\"text-align: justify;\">Aquest <strong>dimecres 8 de desembre<\/strong> \u00e9s<strong> jornada festiva en l&#8217;\u00e0mbit nacional<\/strong> i conclou aix\u00ed e<strong>l pont festiu<\/strong> del qual, molts, han gaudit durant les \u00faltimes jornades. Durant tot el dia d&#8217;avui <strong>podem seguir visitant el &#8216;Mercat de Nadal&#8217;<\/strong> que va obrir les portes a La Glorieta d&#8217;Alcoi el passat dissabte.<\/p>\n<p style=\"text-align: justify;\">En aquesta edici\u00f3 del \u2018Mercat de Nadal\u2019 <strong>participen m\u00e9s de trenta comer\u00e7os de la ciutat<\/strong> que ens ofereixen <strong>una ampla varietat de productes<\/strong> com per exemple decoraci\u00f3 per a aquestes festes que s\u2019acosten, productes t\u00edpics, gastronomia, dol\u00e7os i <strong>un ample ventall d\u2019articles artesanals<\/strong> amb els elements del \u2018Nadal Alcoi\u00e0\u2019 com a principals protagonistes. Tamb\u00e9 <strong>els m\u00e9s menuts tenen al seu abast tallers, atraccions, jocs o passejades en burreta i dromedari<\/strong>. De la mateixa manera, <strong>C\u00e0ritas Alcoi porta endavant una nova edici\u00f3 de la campanya\u00a0<span class=\"hiddenGrammarError\">&#8216;<\/span>Que\u00a0<span class=\"hiddenGreenError\">este<\/span>\u00a0<span class=\"hiddenSpellError\">invierno<\/span>\u00a0<span class=\"hiddenSpellError\">nadie<\/span>\u00a0<span class=\"hiddenSpellError\">pase<\/span>\u00a0<span class=\"hiddenSpellError\">fr\u00edo<\/span><span class=\"hiddenGrammarError\" style=\"padding-bottom: 2px; background-image: url('..\/..\/..\/..\/..\/images\/squiggle.png'); background-repeat: repeat-x; background-position: left bottom; vertical-align: text-top; cursor: default; color: #000000; font-family: Verdana, Arial, Helvetica, sans-serif; font-size: 12px; font-style: normal; font-variant-ligatures: normal; font-variant-caps: normal; letter-spacing: normal; orphans: 2; text-align: start; text-indent: 0px; text-transform: none; white-space: normal; widows: 2; word-spacing: 0px; -webkit-text-stroke-width: 0px; background-color: #f7f7f7; text-decoration-thickness: initial; text-decoration-style: initial; text-decoration-color: initial;\">\u2018<\/span><\/strong>.<\/p>\n<p style=\"text-align: justify;\">El &#8216;Mercat de Nadal&#8217; <strong>estar\u00e0 obert<\/strong> en horari durant tot aquest dia de &#8216;La Pur\u00edssima&#8217; fins a la nit. Podrem visitar-lo\u00a0<strong>de\u00a010:<span class=\"hiddenGrammarError\">30h<\/span>\u00a0a 14:<span class=\"hiddenGrammarError\">00h<\/span><\/strong>\u00a0als matins aix\u00ed com <strong>de 17:<span class=\"hiddenGrammarError\">00h<\/span>\u00a0a 20:<span class=\"hiddenGrammarError\">30h<\/span><\/strong> durant les vesprades.<\/p>\n","protected":false},"excerpt":{"rendered":"<p>Aquest dimecres 8 de desembre \u00e9s jornada festiva en l&#8217;\u00e0mbit nacional i conclou aix\u00ed el pont festiu del qual, molts,&#8230;<\/p>\n","protected":false},"author":1,"featured_media":80991,"comment_status":"open","ping_status":"open","sticky":false,"template":"","format":"standard","meta":{"footnotes":""},"categories":[97,78,75,125],"tags":[12159,160,1962,4970,1154],"class_list":["post-80990","post","type-post","status-publish","format-standard","has-post-thumbnail","hentry","category-alcoy","category-fiestaycultura","category-noticias","category-portada","tag-8-de-desembre","tag-alcoi","tag-glorieta","tag-mercat-de-nadal","tag-visita"],"yoast_head":"<!-- This site is optimized with the Yoast SEO plugin v27.3 - https:\/\/yoast.com\/product\/yoast-seo-wordpress\/ -->\n<title>Encara pots gaudir del &#039;Mercat de Nadal&#039; d&#039;Alcoi - COPE Alcoy<\/title>\n<meta name=\"robots\" content=\"index, follow, max-snippet:-1, max-image-preview:large, max-video-preview:-1\" \/>\n<link rel=\"canonical\" href=\"https:\/\/www.copealcoy.es\/es\/encara-pots-gaudir-del-mercat-de-nadal-dalcoi\/\" \/>\n<meta property=\"og:locale\" content=\"es_ES\" \/>\n<meta property=\"og:type\" content=\"article\" \/>\n<meta property=\"og:title\" content=\"Encara pots gaudir del &#039;Mercat de Nadal&#039; d&#039;Alcoi - COPE Alcoy\" \/>\n<meta property=\"og:description\" content=\"Aquest dimecres 8 de desembre \u00e9s jornada festiva en l&#8217;\u00e0mbit nacional i conclou aix\u00ed el pont festiu del qual, molts,...\" \/>\n<meta property=\"og:url\" content=\"https:\/\/www.copealcoy.es\/es\/encara-pots-gaudir-del-mercat-de-nadal-dalcoi\/\" \/>\n<meta property=\"og:site_name\" content=\"COPE Alcoy\" \/>\n<meta property=\"article:published_time\" content=\"2021-12-07T22:36:11+00:00\" \/>\n<meta property=\"article:modified_time\" content=\"2021-12-07T22:44:52+00:00\" \/>\n<meta property=\"og:image\" content=\"https:\/\/www.copealcoy.es\/wp-content\/uploads\/2021\/12\/262738583_7253745677984887_4049088132060287399_n.jpg\" \/>\n\t<meta property=\"og:image:width\" content=\"2048\" \/>\n\t<meta property=\"og:image:height\" content=\"1365\" \/>\n\t<meta property=\"og:image:type\" content=\"image\/jpeg\" \/>\n<meta name=\"author\" content=\"Cope Alcoy\" \/>\n<meta name=\"twitter:label1\" content=\"Escrito por\" \/>\n\t<meta name=\"twitter:data1\" content=\"Cope Alcoy\" \/>\n\t<meta name=\"twitter:label2\" content=\"Tiempo de lectura\" \/>\n\t<meta name=\"twitter:data2\" content=\"1 minuto\" \/>\n<script type=\"application\/ld+json\" class=\"yoast-schema-graph\">{\"@context\":\"https:\\\/\\\/schema.org\",\"@graph\":[{\"@type\":\"Article\",\"@id\":\"https:\\\/\\\/www.copealcoy.es\\\/es\\\/encara-pots-gaudir-del-mercat-de-nadal-dalcoi\\\/#article\",\"isPartOf\":{\"@id\":\"https:\\\/\\\/www.copealcoy.es\\\/es\\\/encara-pots-gaudir-del-mercat-de-nadal-dalcoi\\\/\"},\"author\":{\"name\":\"Cope Alcoy\",\"@id\":\"https:\\\/\\\/www.copealcoy.es\\\/es\\\/#\\\/schema\\\/person\\\/e777c87fa024e57d40170af9df39882c\"},\"headline\":\"Encara pots gaudir del &#8216;Mercat de Nadal&#8217; d&#8217;Alcoi\",\"datePublished\":\"2021-12-07T22:36:11+00:00\",\"dateModified\":\"2021-12-07T22:44:52+00:00\",\"mainEntityOfPage\":{\"@id\":\"https:\\\/\\\/www.copealcoy.es\\\/es\\\/encara-pots-gaudir-del-mercat-de-nadal-dalcoi\\\/\"},\"wordCount\":197,\"commentCount\":0,\"image\":{\"@id\":\"https:\\\/\\\/www.copealcoy.es\\\/es\\\/encara-pots-gaudir-del-mercat-de-nadal-dalcoi\\\/#primaryimage\"},\"thumbnailUrl\":\"https:\\\/\\\/www.copealcoy.es\\\/wp-content\\\/uploads\\\/2021\\\/12\\\/262738583_7253745677984887_4049088132060287399_n.jpg\",\"keywords\":[\"8 de desembre\",\"Alcoi\",\"Glorieta\",\"Mercat de Nadal\",\"Visita\"],\"articleSection\":[\"Alcoy\",\"Fiesta y Cultura\",\"Noticias\",\"Portada\"],\"inLanguage\":\"es\"},{\"@type\":\"WebPage\",\"@id\":\"https:\\\/\\\/www.copealcoy.es\\\/es\\\/encara-pots-gaudir-del-mercat-de-nadal-dalcoi\\\/\",\"url\":\"https:\\\/\\\/www.copealcoy.es\\\/es\\\/encara-pots-gaudir-del-mercat-de-nadal-dalcoi\\\/\",\"name\":\"Encara pots gaudir del 'Mercat de Nadal' d'Alcoi - COPE Alcoy\",\"isPartOf\":{\"@id\":\"https:\\\/\\\/www.copealcoy.es\\\/es\\\/#website\"},\"primaryImageOfPage\":{\"@id\":\"https:\\\/\\\/www.copealcoy.es\\\/es\\\/encara-pots-gaudir-del-mercat-de-nadal-dalcoi\\\/#primaryimage\"},\"image\":{\"@id\":\"https:\\\/\\\/www.copealcoy.es\\\/es\\\/encara-pots-gaudir-del-mercat-de-nadal-dalcoi\\\/#primaryimage\"},\"thumbnailUrl\":\"https:\\\/\\\/www.copealcoy.es\\\/wp-content\\\/uploads\\\/2021\\\/12\\\/262738583_7253745677984887_4049088132060287399_n.jpg\",\"datePublished\":\"2021-12-07T22:36:11+00:00\",\"dateModified\":\"2021-12-07T22:44:52+00:00\",\"author\":{\"@id\":\"https:\\\/\\\/www.copealcoy.es\\\/es\\\/#\\\/schema\\\/person\\\/e777c87fa024e57d40170af9df39882c\"},\"breadcrumb\":{\"@id\":\"https:\\\/\\\/www.copealcoy.es\\\/es\\\/encara-pots-gaudir-del-mercat-de-nadal-dalcoi\\\/#breadcrumb\"},\"inLanguage\":\"es\",\"potentialAction\":[{\"@type\":\"ReadAction\",\"target\":[\"https:\\\/\\\/www.copealcoy.es\\\/es\\\/encara-pots-gaudir-del-mercat-de-nadal-dalcoi\\\/\"]}]},{\"@type\":\"ImageObject\",\"inLanguage\":\"es\",\"@id\":\"https:\\\/\\\/www.copealcoy.es\\\/es\\\/encara-pots-gaudir-del-mercat-de-nadal-dalcoi\\\/#primaryimage\",\"url\":\"https:\\\/\\\/www.copealcoy.es\\\/wp-content\\\/uploads\\\/2021\\\/12\\\/262738583_7253745677984887_4049088132060287399_n.jpg\",\"contentUrl\":\"https:\\\/\\\/www.copealcoy.es\\\/wp-content\\\/uploads\\\/2021\\\/12\\\/262738583_7253745677984887_4049088132060287399_n.jpg\",\"width\":2048,\"height\":1365},{\"@type\":\"BreadcrumbList\",\"@id\":\"https:\\\/\\\/www.copealcoy.es\\\/es\\\/encara-pots-gaudir-del-mercat-de-nadal-dalcoi\\\/#breadcrumb\",\"itemListElement\":[{\"@type\":\"ListItem\",\"position\":1,\"name\":\"Portada\",\"item\":\"https:\\\/\\\/www.copealcoy.es\\\/es\\\/\"},{\"@type\":\"ListItem\",\"position\":2,\"name\":\"Encara pots gaudir del &#8216;Mercat de Nadal&#8217; d&#8217;Alcoi\"}]},{\"@type\":\"WebSite\",\"@id\":\"https:\\\/\\\/www.copealcoy.es\\\/es\\\/#website\",\"url\":\"https:\\\/\\\/www.copealcoy.es\\\/es\\\/\",\"name\":\"COPE Alcoy\",\"description\":\"Emisora COPE de radio local con emisi\u00f3n online. Pont de Sant Jordi 8-10 03803 Alcoy\",\"potentialAction\":[{\"@type\":\"SearchAction\",\"target\":{\"@type\":\"EntryPoint\",\"urlTemplate\":\"https:\\\/\\\/www.copealcoy.es\\\/es\\\/?s={search_term_string}\"},\"query-input\":{\"@type\":\"PropertyValueSpecification\",\"valueRequired\":true,\"valueName\":\"search_term_string\"}}],\"inLanguage\":\"es\"},{\"@type\":\"Person\",\"@id\":\"https:\\\/\\\/www.copealcoy.es\\\/es\\\/#\\\/schema\\\/person\\\/e777c87fa024e57d40170af9df39882c\",\"name\":\"Cope Alcoy\",\"image\":{\"@type\":\"ImageObject\",\"inLanguage\":\"es\",\"@id\":\"https:\\\/\\\/secure.gravatar.com\\\/avatar\\\/bb65d0283347e303893ba14f0692005417c1e0e690a325a4c5d8bb2b3943ee14?s=96&d=mm&r=g\",\"url\":\"https:\\\/\\\/secure.gravatar.com\\\/avatar\\\/bb65d0283347e303893ba14f0692005417c1e0e690a325a4c5d8bb2b3943ee14?s=96&d=mm&r=g\",\"contentUrl\":\"https:\\\/\\\/secure.gravatar.com\\\/avatar\\\/bb65d0283347e303893ba14f0692005417c1e0e690a325a4c5d8bb2b3943ee14?s=96&d=mm&r=g\",\"caption\":\"Cope Alcoy\"}}]}<\/script>\n<!-- \/ Yoast SEO plugin. -->","yoast_head_json":{"title":"Encara pots gaudir del 'Mercat de Nadal' d'Alcoi - COPE Alcoy","robots":{"index":"index","follow":"follow","max-snippet":"max-snippet:-1","max-image-preview":"max-image-preview:large","max-video-preview":"max-video-preview:-1"},"canonical":"https:\/\/www.copealcoy.es\/es\/encara-pots-gaudir-del-mercat-de-nadal-dalcoi\/","og_locale":"es_ES","og_type":"article","og_title":"Encara pots gaudir del 'Mercat de Nadal' d'Alcoi - COPE Alcoy","og_description":"Aquest dimecres 8 de desembre \u00e9s jornada festiva en l&#8217;\u00e0mbit nacional i conclou aix\u00ed el pont festiu del qual, molts,...","og_url":"https:\/\/www.copealcoy.es\/es\/encara-pots-gaudir-del-mercat-de-nadal-dalcoi\/","og_site_name":"COPE Alcoy","article_published_time":"2021-12-07T22:36:11+00:00","article_modified_time":"2021-12-07T22:44:52+00:00","og_image":[{"width":2048,"height":1365,"url":"https:\/\/www.copealcoy.es\/wp-content\/uploads\/2021\/12\/262738583_7253745677984887_4049088132060287399_n.jpg","type":"image\/jpeg"}],"author":"Cope Alcoy","twitter_misc":{"Escrito por":"Cope Alcoy","Tiempo de lectura":"1 minuto"},"schema":{"@context":"https:\/\/schema.org","@graph":[{"@type":"Article","@id":"https:\/\/www.copealcoy.es\/es\/encara-pots-gaudir-del-mercat-de-nadal-dalcoi\/#article","isPartOf":{"@id":"https:\/\/www.copealcoy.es\/es\/encara-pots-gaudir-del-mercat-de-nadal-dalcoi\/"},"author":{"name":"Cope Alcoy","@id":"https:\/\/www.copealcoy.es\/es\/#\/schema\/person\/e777c87fa024e57d40170af9df39882c"},"headline":"Encara pots gaudir del &#8216;Mercat de Nadal&#8217; d&#8217;Alcoi","datePublished":"2021-12-07T22:36:11+00:00","dateModified":"2021-12-07T22:44:52+00:00","mainEntityOfPage":{"@id":"https:\/\/www.copealcoy.es\/es\/encara-pots-gaudir-del-mercat-de-nadal-dalcoi\/"},"wordCount":197,"commentCount":0,"image":{"@id":"https:\/\/www.copealcoy.es\/es\/encara-pots-gaudir-del-mercat-de-nadal-dalcoi\/#primaryimage"},"thumbnailUrl":"https:\/\/www.copealcoy.es\/wp-content\/uploads\/2021\/12\/262738583_7253745677984887_4049088132060287399_n.jpg","keywords":["8 de desembre","Alcoi","Glorieta","Mercat de Nadal","Visita"],"articleSection":["Alcoy","Fiesta y Cultura","Noticias","Portada"],"inLanguage":"es"},{"@type":"WebPage","@id":"https:\/\/www.copealcoy.es\/es\/encara-pots-gaudir-del-mercat-de-nadal-dalcoi\/","url":"https:\/\/www.copealcoy.es\/es\/encara-pots-gaudir-del-mercat-de-nadal-dalcoi\/","name":"Encara pots gaudir del 'Mercat de Nadal' d'Alcoi - COPE Alcoy","isPartOf":{"@id":"https:\/\/www.copealcoy.es\/es\/#website"},"primaryImageOfPage":{"@id":"https:\/\/www.copealcoy.es\/es\/encara-pots-gaudir-del-mercat-de-nadal-dalcoi\/#primaryimage"},"image":{"@id":"https:\/\/www.copealcoy.es\/es\/encara-pots-gaudir-del-mercat-de-nadal-dalcoi\/#primaryimage"},"thumbnailUrl":"https:\/\/www.copealcoy.es\/wp-content\/uploads\/2021\/12\/262738583_7253745677984887_4049088132060287399_n.jpg","datePublished":"2021-12-07T22:36:11+00:00","dateModified":"2021-12-07T22:44:52+00:00","author":{"@id":"https:\/\/www.copealcoy.es\/es\/#\/schema\/person\/e777c87fa024e57d40170af9df39882c"},"breadcrumb":{"@id":"https:\/\/www.copealcoy.es\/es\/encara-pots-gaudir-del-mercat-de-nadal-dalcoi\/#breadcrumb"},"inLanguage":"es","potentialAction":[{"@type":"ReadAction","target":["https:\/\/www.copealcoy.es\/es\/encara-pots-gaudir-del-mercat-de-nadal-dalcoi\/"]}]},{"@type":"ImageObject","inLanguage":"es","@id":"https:\/\/www.copealcoy.es\/es\/encara-pots-gaudir-del-mercat-de-nadal-dalcoi\/#primaryimage","url":"https:\/\/www.copealcoy.es\/wp-content\/uploads\/2021\/12\/262738583_7253745677984887_4049088132060287399_n.jpg","contentUrl":"https:\/\/www.copealcoy.es\/wp-content\/uploads\/2021\/12\/262738583_7253745677984887_4049088132060287399_n.jpg","width":2048,"height":1365},{"@type":"BreadcrumbList","@id":"https:\/\/www.copealcoy.es\/es\/encara-pots-gaudir-del-mercat-de-nadal-dalcoi\/#breadcrumb","itemListElement":[{"@type":"ListItem","position":1,"name":"Portada","item":"https:\/\/www.copealcoy.es\/es\/"},{"@type":"ListItem","position":2,"name":"Encara pots gaudir del &#8216;Mercat de Nadal&#8217; d&#8217;Alcoi"}]},{"@type":"WebSite","@id":"https:\/\/www.copealcoy.es\/es\/#website","url":"https:\/\/www.copealcoy.es\/es\/","name":"COPE Alcoy","description":"Emisora COPE de radio local con emisi\u00f3n online. Pont de Sant Jordi 8-10 03803 Alcoy","potentialAction":[{"@type":"SearchAction","target":{"@type":"EntryPoint","urlTemplate":"https:\/\/www.copealcoy.es\/es\/?s={search_term_string}"},"query-input":{"@type":"PropertyValueSpecification","valueRequired":true,"valueName":"search_term_string"}}],"inLanguage":"es"},{"@type":"Person","@id":"https:\/\/www.copealcoy.es\/es\/#\/schema\/person\/e777c87fa024e57d40170af9df39882c","name":"Cope Alcoy","image":{"@type":"ImageObject","inLanguage":"es","@id":"https:\/\/secure.gravatar.com\/avatar\/bb65d0283347e303893ba14f0692005417c1e0e690a325a4c5d8bb2b3943ee14?s=96&d=mm&r=g","url":"https:\/\/secure.gravatar.com\/avatar\/bb65d0283347e303893ba14f0692005417c1e0e690a325a4c5d8bb2b3943ee14?s=96&d=mm&r=g","contentUrl":"https:\/\/secure.gravatar.com\/avatar\/bb65d0283347e303893ba14f0692005417c1e0e690a325a4c5d8bb2b3943ee14?s=96&d=mm&r=g","caption":"Cope Alcoy"}}]}},"_links":{"self":[{"href":"https:\/\/www.copealcoy.es\/es\/wp-json\/wp\/v2\/posts\/80990","targetHints":{"allow":["GET"]}}],"collection":[{"href":"https:\/\/www.copealcoy.es\/es\/wp-json\/wp\/v2\/posts"}],"about":[{"href":"https:\/\/www.copealcoy.es\/es\/wp-json\/wp\/v2\/types\/post"}],"author":[{"embeddable":true,"href":"https:\/\/www.copealcoy.es\/es\/wp-json\/wp\/v2\/users\/1"}],"replies":[{"embeddable":true,"href":"https:\/\/www.copealcoy.es\/es\/wp-json\/wp\/v2\/comments?post=80990"}],"version-history":[{"count":0,"href":"https:\/\/www.copealcoy.es\/es\/wp-json\/wp\/v2\/posts\/80990\/revisions"}],"wp:featuredmedia":[{"embeddable":true,"href":"https:\/\/www.copealcoy.es\/es\/wp-json\/wp\/v2\/media\/80991"}],"wp:attachment":[{"href":"https:\/\/www.copealcoy.es\/es\/wp-json\/wp\/v2\/media?parent=80990"}],"wp:term":[{"taxonomy":"category","embeddable":true,"href":"https:\/\/www.copealcoy.es\/es\/wp-json\/wp\/v2\/categories?post=80990"},{"taxonomy":"post_tag","embeddable":true,"href":"https:\/\/www.copealcoy.es\/es\/wp-json\/wp\/v2\/tags?post=80990"}],"curies":[{"name":"wp","href":"https:\/\/api.w.org\/{rel}","templated":true}]}}