{"id":80935,"date":"2021-12-04T23:23:58","date_gmt":"2021-12-04T22:23:58","guid":{"rendered":"https:\/\/www.copealcoy.es\/?p=80935"},"modified":"2021-12-04T23:45:29","modified_gmt":"2021-12-04T22:45:29","slug":"torna-el-mercat-de-nadal-a-la-glorieta","status":"publish","type":"post","link":"https:\/\/www.copealcoy.es\/es\/torna-el-mercat-de-nadal-a-la-glorieta\/","title":{"rendered":"Torna el &#8216;Mercat de Nadal&#8217; a La Glorieta"},"content":{"rendered":"<p style=\"text-align: justify;\">Aquest dissabte<strong> ha obert les portes l&#8217;edici\u00f3 2021 del &#8216;Mercat de Nadal&#8217;<\/strong> d&#8217;Alcoi. Podrem gaudir d&#8217;aquesta activitat <strong>durant tot el pont festiu<\/strong>, fins al dia 8 de desembre, en <strong>horari<\/strong> de 10:<span class=\"hiddenGrammarError\">30h<\/span>\u00a0a 14:<span class=\"hiddenGrammarError\">00h<\/span>\u00a0als matins aix\u00ed com de 17:<span class=\"hiddenGrammarError\">00h<\/span>\u00a0a 20:<span class=\"hiddenGrammarError\">30h<\/span>\u00a0durant les vesprades.<\/p>\n<p style=\"text-align: justify;\">En el &#8216;Mercat de Nadal&#8217; <strong>participen m\u00e9s de trenta comer\u00e7os de la ciutat<\/strong> que ens ofereixen una ampla varietat de productes com per exemple decoraci\u00f3 per a aquestes festes que s&#8217;acosten, productes t\u00edpics, gastronomia, dol\u00e7os i un ample ventall d&#8217;articles artesanals amb els elements del &#8216;Nadal Alcoi\u00e0&#8217; com a principals protagonistes. Tamb\u00e9 <strong>els m\u00e9s menuts<\/strong> tenen al seu abast tallers, atraccions, jocs o passejades en burreta i dromedari. De la mateixa manera, <strong>C\u00e0ritas Alcoi porta endavant una nova edici\u00f3 de la campanya\u00a0 &#8216;Que <span class=\"hiddenGreenError\">este<\/span>\u00a0<span class=\"hiddenSpellError\">invierno<\/span>\u00a0<span class=\"hiddenSpellError\">nadie<\/span>\u00a0<span class=\"hiddenSpellError\">pase<\/span>\u00a0<span class=\"hiddenSpellError\">fr\u00edo<\/span>&#8216;<\/strong>, l&#8217;Associaci\u00f3 Amics del Modernisme recapta fons per a lluita contra l&#8217;alzheimer i l&#8217;Associaci\u00f3 Cultural\u00a0<span class=\"hiddenSpellError\">Samarita<\/span>\u00a0ha estat venent entrades per tal de poder visitar el &#8216;Campament Reial&#8217; el 5 de gener &#8220;<em>animem a tota la gent a vindre a veure tot el que hi ha preparat per a enguany. Tenim cinc dies al davant per a fer una visita escalonada, sense cap mena d&#8217;aglomeraci\u00f3, i recordem que la gent haur\u00e0 de complir mesures com l&#8217;\u00fas obligatori de la mascareta<\/em>&#8220;, ha destacat la regidora de Comer\u00e7; <strong>Vanessa Molt\u00f3<\/strong>.<\/p>\n<p style=\"text-align: justify;\">L&#8217;acte inaugural ha comptat amb <strong>una cercavila a c\u00e0rrec del Grup de Dol\u00e7aines i Tabals &#8216;La Cordeta&#8217;<\/strong>. Per la seua banda la Corporaci\u00f3 Municipal, encap\u00e7alada per l&#8217;alcalde Toni Franc\u00e9s, <strong>ha fet un recorregut<\/strong> pel recinte visitant tamb\u00e9 als expositors presents.<\/p>\n","protected":false},"excerpt":{"rendered":"<p>Aquest dissabte ha obert les portes l&#8217;edici\u00f3 2021 del &#8216;Mercat de Nadal&#8217; d&#8217;Alcoi. Podrem gaudir d&#8217;aquesta activitat durant tot el&#8230;<\/p>\n","protected":false},"author":1,"featured_media":80929,"comment_status":"open","ping_status":"open","sticky":false,"template":"","format":"standard","meta":{"footnotes":""},"categories":[6909,97,78,75,125],"tags":[160,546,3882,4970],"class_list":["post-80935","post","type-post","status-publish","format-standard","has-post-thumbnail","hentry","category-actualidad","category-alcoy","category-fiestaycultura","category-noticias","category-portada","tag-alcoi","tag-fireta","tag-la-glorieta","tag-mercat-de-nadal"],"yoast_head":"<!-- This site is optimized with the Yoast SEO plugin v27.3 - https:\/\/yoast.com\/product\/yoast-seo-wordpress\/ -->\n<title>Torna el &#039;Mercat de Nadal&#039; a La Glorieta - COPE Alcoy<\/title>\n<meta name=\"robots\" content=\"index, follow, max-snippet:-1, max-image-preview:large, max-video-preview:-1\" \/>\n<link rel=\"canonical\" href=\"https:\/\/www.copealcoy.es\/es\/torna-el-mercat-de-nadal-a-la-glorieta\/\" \/>\n<meta property=\"og:locale\" content=\"es_ES\" \/>\n<meta property=\"og:type\" content=\"article\" \/>\n<meta property=\"og:title\" content=\"Torna el &#039;Mercat de Nadal&#039; a La Glorieta - COPE Alcoy\" \/>\n<meta property=\"og:description\" content=\"Aquest dissabte ha obert les portes l&#8217;edici\u00f3 2021 del &#8216;Mercat de Nadal&#8217; d&#8217;Alcoi. Podrem gaudir d&#8217;aquesta activitat durant tot el...\" \/>\n<meta property=\"og:url\" content=\"https:\/\/www.copealcoy.es\/es\/torna-el-mercat-de-nadal-a-la-glorieta\/\" \/>\n<meta property=\"og:site_name\" content=\"COPE Alcoy\" \/>\n<meta property=\"article:published_time\" content=\"2021-12-04T22:23:58+00:00\" \/>\n<meta property=\"article:modified_time\" content=\"2021-12-04T22:45:29+00:00\" \/>\n<meta property=\"og:image\" content=\"https:\/\/www.copealcoy.es\/wp-content\/uploads\/2021\/12\/unnamed-7-scaled-e1638656717759.jpg\" \/>\n\t<meta property=\"og:image:width\" content=\"2201\" \/>\n\t<meta property=\"og:image:height\" content=\"1267\" \/>\n\t<meta property=\"og:image:type\" content=\"image\/jpeg\" \/>\n<meta name=\"author\" content=\"Cope Alcoy\" \/>\n<meta name=\"twitter:label1\" content=\"Escrito por\" \/>\n\t<meta name=\"twitter:data1\" content=\"Cope Alcoy\" \/>\n\t<meta name=\"twitter:label2\" content=\"Tiempo de lectura\" \/>\n\t<meta name=\"twitter:data2\" content=\"2 minutos\" \/>\n<script type=\"application\/ld+json\" class=\"yoast-schema-graph\">{\"@context\":\"https:\\\/\\\/schema.org\",\"@graph\":[{\"@type\":\"Article\",\"@id\":\"https:\\\/\\\/www.copealcoy.es\\\/es\\\/torna-el-mercat-de-nadal-a-la-glorieta\\\/#article\",\"isPartOf\":{\"@id\":\"https:\\\/\\\/www.copealcoy.es\\\/es\\\/torna-el-mercat-de-nadal-a-la-glorieta\\\/\"},\"author\":{\"name\":\"Cope Alcoy\",\"@id\":\"https:\\\/\\\/www.copealcoy.es\\\/es\\\/#\\\/schema\\\/person\\\/e777c87fa024e57d40170af9df39882c\"},\"headline\":\"Torna el &#8216;Mercat de Nadal&#8217; a La Glorieta\",\"datePublished\":\"2021-12-04T22:23:58+00:00\",\"dateModified\":\"2021-12-04T22:45:29+00:00\",\"mainEntityOfPage\":{\"@id\":\"https:\\\/\\\/www.copealcoy.es\\\/es\\\/torna-el-mercat-de-nadal-a-la-glorieta\\\/\"},\"wordCount\":288,\"commentCount\":0,\"image\":{\"@id\":\"https:\\\/\\\/www.copealcoy.es\\\/es\\\/torna-el-mercat-de-nadal-a-la-glorieta\\\/#primaryimage\"},\"thumbnailUrl\":\"https:\\\/\\\/www.copealcoy.es\\\/wp-content\\\/uploads\\\/2021\\\/12\\\/unnamed-7-scaled-e1638656717759.jpg\",\"keywords\":[\"Alcoi\",\"Fireta\",\"La Glorieta\",\"Mercat de Nadal\"],\"articleSection\":[\"Actualidad\",\"Alcoy\",\"Fiesta y Cultura\",\"Noticias\",\"Portada\"],\"inLanguage\":\"es\"},{\"@type\":\"WebPage\",\"@id\":\"https:\\\/\\\/www.copealcoy.es\\\/es\\\/torna-el-mercat-de-nadal-a-la-glorieta\\\/\",\"url\":\"https:\\\/\\\/www.copealcoy.es\\\/es\\\/torna-el-mercat-de-nadal-a-la-glorieta\\\/\",\"name\":\"Torna el 'Mercat de Nadal' a La Glorieta - COPE Alcoy\",\"isPartOf\":{\"@id\":\"https:\\\/\\\/www.copealcoy.es\\\/es\\\/#website\"},\"primaryImageOfPage\":{\"@id\":\"https:\\\/\\\/www.copealcoy.es\\\/es\\\/torna-el-mercat-de-nadal-a-la-glorieta\\\/#primaryimage\"},\"image\":{\"@id\":\"https:\\\/\\\/www.copealcoy.es\\\/es\\\/torna-el-mercat-de-nadal-a-la-glorieta\\\/#primaryimage\"},\"thumbnailUrl\":\"https:\\\/\\\/www.copealcoy.es\\\/wp-content\\\/uploads\\\/2021\\\/12\\\/unnamed-7-scaled-e1638656717759.jpg\",\"datePublished\":\"2021-12-04T22:23:58+00:00\",\"dateModified\":\"2021-12-04T22:45:29+00:00\",\"author\":{\"@id\":\"https:\\\/\\\/www.copealcoy.es\\\/es\\\/#\\\/schema\\\/person\\\/e777c87fa024e57d40170af9df39882c\"},\"breadcrumb\":{\"@id\":\"https:\\\/\\\/www.copealcoy.es\\\/es\\\/torna-el-mercat-de-nadal-a-la-glorieta\\\/#breadcrumb\"},\"inLanguage\":\"es\",\"potentialAction\":[{\"@type\":\"ReadAction\",\"target\":[\"https:\\\/\\\/www.copealcoy.es\\\/es\\\/torna-el-mercat-de-nadal-a-la-glorieta\\\/\"]}]},{\"@type\":\"ImageObject\",\"inLanguage\":\"es\",\"@id\":\"https:\\\/\\\/www.copealcoy.es\\\/es\\\/torna-el-mercat-de-nadal-a-la-glorieta\\\/#primaryimage\",\"url\":\"https:\\\/\\\/www.copealcoy.es\\\/wp-content\\\/uploads\\\/2021\\\/12\\\/unnamed-7-scaled-e1638656717759.jpg\",\"contentUrl\":\"https:\\\/\\\/www.copealcoy.es\\\/wp-content\\\/uploads\\\/2021\\\/12\\\/unnamed-7-scaled-e1638656717759.jpg\",\"width\":2201,\"height\":1267},{\"@type\":\"BreadcrumbList\",\"@id\":\"https:\\\/\\\/www.copealcoy.es\\\/es\\\/torna-el-mercat-de-nadal-a-la-glorieta\\\/#breadcrumb\",\"itemListElement\":[{\"@type\":\"ListItem\",\"position\":1,\"name\":\"Portada\",\"item\":\"https:\\\/\\\/www.copealcoy.es\\\/es\\\/\"},{\"@type\":\"ListItem\",\"position\":2,\"name\":\"Torna el &#8216;Mercat de Nadal&#8217; a La Glorieta\"}]},{\"@type\":\"WebSite\",\"@id\":\"https:\\\/\\\/www.copealcoy.es\\\/es\\\/#website\",\"url\":\"https:\\\/\\\/www.copealcoy.es\\\/es\\\/\",\"name\":\"COPE Alcoy\",\"description\":\"Emisora COPE de radio local con emisi\u00f3n online. Pont de Sant Jordi 8-10 03803 Alcoy\",\"potentialAction\":[{\"@type\":\"SearchAction\",\"target\":{\"@type\":\"EntryPoint\",\"urlTemplate\":\"https:\\\/\\\/www.copealcoy.es\\\/es\\\/?s={search_term_string}\"},\"query-input\":{\"@type\":\"PropertyValueSpecification\",\"valueRequired\":true,\"valueName\":\"search_term_string\"}}],\"inLanguage\":\"es\"},{\"@type\":\"Person\",\"@id\":\"https:\\\/\\\/www.copealcoy.es\\\/es\\\/#\\\/schema\\\/person\\\/e777c87fa024e57d40170af9df39882c\",\"name\":\"Cope Alcoy\",\"image\":{\"@type\":\"ImageObject\",\"inLanguage\":\"es\",\"@id\":\"https:\\\/\\\/secure.gravatar.com\\\/avatar\\\/bb65d0283347e303893ba14f0692005417c1e0e690a325a4c5d8bb2b3943ee14?s=96&d=mm&r=g\",\"url\":\"https:\\\/\\\/secure.gravatar.com\\\/avatar\\\/bb65d0283347e303893ba14f0692005417c1e0e690a325a4c5d8bb2b3943ee14?s=96&d=mm&r=g\",\"contentUrl\":\"https:\\\/\\\/secure.gravatar.com\\\/avatar\\\/bb65d0283347e303893ba14f0692005417c1e0e690a325a4c5d8bb2b3943ee14?s=96&d=mm&r=g\",\"caption\":\"Cope Alcoy\"}}]}<\/script>\n<!-- \/ Yoast SEO plugin. -->","yoast_head_json":{"title":"Torna el 'Mercat de Nadal' a La Glorieta - COPE Alcoy","robots":{"index":"index","follow":"follow","max-snippet":"max-snippet:-1","max-image-preview":"max-image-preview:large","max-video-preview":"max-video-preview:-1"},"canonical":"https:\/\/www.copealcoy.es\/es\/torna-el-mercat-de-nadal-a-la-glorieta\/","og_locale":"es_ES","og_type":"article","og_title":"Torna el 'Mercat de Nadal' a La Glorieta - COPE Alcoy","og_description":"Aquest dissabte ha obert les portes l&#8217;edici\u00f3 2021 del &#8216;Mercat de Nadal&#8217; d&#8217;Alcoi. Podrem gaudir d&#8217;aquesta activitat durant tot el...","og_url":"https:\/\/www.copealcoy.es\/es\/torna-el-mercat-de-nadal-a-la-glorieta\/","og_site_name":"COPE Alcoy","article_published_time":"2021-12-04T22:23:58+00:00","article_modified_time":"2021-12-04T22:45:29+00:00","og_image":[{"width":2201,"height":1267,"url":"https:\/\/www.copealcoy.es\/wp-content\/uploads\/2021\/12\/unnamed-7-scaled-e1638656717759.jpg","type":"image\/jpeg"}],"author":"Cope Alcoy","twitter_misc":{"Escrito por":"Cope Alcoy","Tiempo de lectura":"2 minutos"},"schema":{"@context":"https:\/\/schema.org","@graph":[{"@type":"Article","@id":"https:\/\/www.copealcoy.es\/es\/torna-el-mercat-de-nadal-a-la-glorieta\/#article","isPartOf":{"@id":"https:\/\/www.copealcoy.es\/es\/torna-el-mercat-de-nadal-a-la-glorieta\/"},"author":{"name":"Cope Alcoy","@id":"https:\/\/www.copealcoy.es\/es\/#\/schema\/person\/e777c87fa024e57d40170af9df39882c"},"headline":"Torna el &#8216;Mercat de Nadal&#8217; a La Glorieta","datePublished":"2021-12-04T22:23:58+00:00","dateModified":"2021-12-04T22:45:29+00:00","mainEntityOfPage":{"@id":"https:\/\/www.copealcoy.es\/es\/torna-el-mercat-de-nadal-a-la-glorieta\/"},"wordCount":288,"commentCount":0,"image":{"@id":"https:\/\/www.copealcoy.es\/es\/torna-el-mercat-de-nadal-a-la-glorieta\/#primaryimage"},"thumbnailUrl":"https:\/\/www.copealcoy.es\/wp-content\/uploads\/2021\/12\/unnamed-7-scaled-e1638656717759.jpg","keywords":["Alcoi","Fireta","La Glorieta","Mercat de Nadal"],"articleSection":["Actualidad","Alcoy","Fiesta y Cultura","Noticias","Portada"],"inLanguage":"es"},{"@type":"WebPage","@id":"https:\/\/www.copealcoy.es\/es\/torna-el-mercat-de-nadal-a-la-glorieta\/","url":"https:\/\/www.copealcoy.es\/es\/torna-el-mercat-de-nadal-a-la-glorieta\/","name":"Torna el 'Mercat de Nadal' a La Glorieta - COPE Alcoy","isPartOf":{"@id":"https:\/\/www.copealcoy.es\/es\/#website"},"primaryImageOfPage":{"@id":"https:\/\/www.copealcoy.es\/es\/torna-el-mercat-de-nadal-a-la-glorieta\/#primaryimage"},"image":{"@id":"https:\/\/www.copealcoy.es\/es\/torna-el-mercat-de-nadal-a-la-glorieta\/#primaryimage"},"thumbnailUrl":"https:\/\/www.copealcoy.es\/wp-content\/uploads\/2021\/12\/unnamed-7-scaled-e1638656717759.jpg","datePublished":"2021-12-04T22:23:58+00:00","dateModified":"2021-12-04T22:45:29+00:00","author":{"@id":"https:\/\/www.copealcoy.es\/es\/#\/schema\/person\/e777c87fa024e57d40170af9df39882c"},"breadcrumb":{"@id":"https:\/\/www.copealcoy.es\/es\/torna-el-mercat-de-nadal-a-la-glorieta\/#breadcrumb"},"inLanguage":"es","potentialAction":[{"@type":"ReadAction","target":["https:\/\/www.copealcoy.es\/es\/torna-el-mercat-de-nadal-a-la-glorieta\/"]}]},{"@type":"ImageObject","inLanguage":"es","@id":"https:\/\/www.copealcoy.es\/es\/torna-el-mercat-de-nadal-a-la-glorieta\/#primaryimage","url":"https:\/\/www.copealcoy.es\/wp-content\/uploads\/2021\/12\/unnamed-7-scaled-e1638656717759.jpg","contentUrl":"https:\/\/www.copealcoy.es\/wp-content\/uploads\/2021\/12\/unnamed-7-scaled-e1638656717759.jpg","width":2201,"height":1267},{"@type":"BreadcrumbList","@id":"https:\/\/www.copealcoy.es\/es\/torna-el-mercat-de-nadal-a-la-glorieta\/#breadcrumb","itemListElement":[{"@type":"ListItem","position":1,"name":"Portada","item":"https:\/\/www.copealcoy.es\/es\/"},{"@type":"ListItem","position":2,"name":"Torna el &#8216;Mercat de Nadal&#8217; a La Glorieta"}]},{"@type":"WebSite","@id":"https:\/\/www.copealcoy.es\/es\/#website","url":"https:\/\/www.copealcoy.es\/es\/","name":"COPE Alcoy","description":"Emisora COPE de radio local con emisi\u00f3n online. Pont de Sant Jordi 8-10 03803 Alcoy","potentialAction":[{"@type":"SearchAction","target":{"@type":"EntryPoint","urlTemplate":"https:\/\/www.copealcoy.es\/es\/?s={search_term_string}"},"query-input":{"@type":"PropertyValueSpecification","valueRequired":true,"valueName":"search_term_string"}}],"inLanguage":"es"},{"@type":"Person","@id":"https:\/\/www.copealcoy.es\/es\/#\/schema\/person\/e777c87fa024e57d40170af9df39882c","name":"Cope Alcoy","image":{"@type":"ImageObject","inLanguage":"es","@id":"https:\/\/secure.gravatar.com\/avatar\/bb65d0283347e303893ba14f0692005417c1e0e690a325a4c5d8bb2b3943ee14?s=96&d=mm&r=g","url":"https:\/\/secure.gravatar.com\/avatar\/bb65d0283347e303893ba14f0692005417c1e0e690a325a4c5d8bb2b3943ee14?s=96&d=mm&r=g","contentUrl":"https:\/\/secure.gravatar.com\/avatar\/bb65d0283347e303893ba14f0692005417c1e0e690a325a4c5d8bb2b3943ee14?s=96&d=mm&r=g","caption":"Cope Alcoy"}}]}},"_links":{"self":[{"href":"https:\/\/www.copealcoy.es\/es\/wp-json\/wp\/v2\/posts\/80935","targetHints":{"allow":["GET"]}}],"collection":[{"href":"https:\/\/www.copealcoy.es\/es\/wp-json\/wp\/v2\/posts"}],"about":[{"href":"https:\/\/www.copealcoy.es\/es\/wp-json\/wp\/v2\/types\/post"}],"author":[{"embeddable":true,"href":"https:\/\/www.copealcoy.es\/es\/wp-json\/wp\/v2\/users\/1"}],"replies":[{"embeddable":true,"href":"https:\/\/www.copealcoy.es\/es\/wp-json\/wp\/v2\/comments?post=80935"}],"version-history":[{"count":0,"href":"https:\/\/www.copealcoy.es\/es\/wp-json\/wp\/v2\/posts\/80935\/revisions"}],"wp:featuredmedia":[{"embeddable":true,"href":"https:\/\/www.copealcoy.es\/es\/wp-json\/wp\/v2\/media\/80929"}],"wp:attachment":[{"href":"https:\/\/www.copealcoy.es\/es\/wp-json\/wp\/v2\/media?parent=80935"}],"wp:term":[{"taxonomy":"category","embeddable":true,"href":"https:\/\/www.copealcoy.es\/es\/wp-json\/wp\/v2\/categories?post=80935"},{"taxonomy":"post_tag","embeddable":true,"href":"https:\/\/www.copealcoy.es\/es\/wp-json\/wp\/v2\/tags?post=80935"}],"curies":[{"name":"wp","href":"https:\/\/api.w.org\/{rel}","templated":true}]}}