{"id":80910,"date":"2021-12-03T09:43:38","date_gmt":"2021-12-03T08:43:38","guid":{"rendered":"https:\/\/www.copealcoy.es\/?p=80910"},"modified":"2021-12-04T00:04:07","modified_gmt":"2021-12-03T23:04:07","slug":"carlos-gran-he-creado-un-cartel-que-apuesta-por-el-simbolismo","status":"publish","type":"post","link":"https:\/\/www.copealcoy.es\/es\/carlos-gran-he-creado-un-cartel-que-apuesta-por-el-simbolismo\/","title":{"rendered":"Carlos Gran: &#8220;he creado un cartel que apuesta por el simbolismo&#8221;"},"content":{"rendered":"<p style=\"text-align: justify;\">El alcoyano Carlos Gran ha sido el encargado de dise\u00f1ar el cartel que anuncia las Fiestas Patronales que la ciudad est\u00e1 celebrando estos d\u00edas en honor a San Mauro. Su dedicaci\u00f3n a la ilustraci\u00f3n y el dise\u00f1o le llev\u00f3 a presentarse al concurso convocado para tal fin por la Asociaci\u00f3n de San Mauro M\u00e1rtir, un certamen del cual result\u00f3 ganador.<\/p>\n<p style=\"text-align: justify;\">El autor ha estado en COPE ALCOY esta semana al mismo tiempo que nos ha contado lo que ha supuesto para \u00e9l dar forma a una obra que proclama unas fiestas que recuerdan los hechos que hace 401 a\u00f1os propiciaron la elecci\u00f3n de San Mauro como patr\u00f3n de Alcoy. Asimismo ha explicado que el cartel tiene una simbolog\u00eda especial &#8220;he querido resaltar la figura de San Mauro, como eje principal, y encontramos elementos como el &#8216;Barranc del Sinc&#8217; o la silueta de la Parroquia de San Mauro y San Francisco. Finalmente cobra especial importancia la luz ya que precisamente la elecci\u00f3n del Santo como patr\u00f3n, hace ahora cuatro siglos, ilumin\u00f3 a los alcoyanos ante los graves terremotos que padec\u00eda nuestra ciudad&#8221; dijo.<\/p>\n<p style=\"text-align: justify;\">La obra luce en la fachada de la mencionada iglesia de San Mauro y San Francisco desde el pasado 5 de noviembre. Ese d\u00eda, por la tarde, fue descubierto d\u00e1ndose as\u00ed por iniciados los actos de las Fiestas Patronales de San Mauro de este a\u00f1o.<\/p>\n","protected":false},"excerpt":{"rendered":"<p>El alcoyano Carlos Gran ha sido el encargado de dise\u00f1ar el cartel que anuncia las Fiestas Patronales que la ciudad&#8230;<\/p>\n","protected":false},"author":1,"featured_media":80911,"comment_status":"open","ping_status":"open","sticky":false,"template":"","format":"standard","meta":{"footnotes":""},"categories":[97,78,75],"tags":[1494,12027,908,127],"class_list":["post-80910","post","type-post","status-publish","format-standard","has-post-thumbnail","hentry","category-alcoy","category-fiestaycultura","category-noticias","tag-alcoy","tag-carlos-gran","tag-cartel","tag-san-mauro"],"yoast_head":"<!-- This site is optimized with the Yoast SEO plugin v27.3 - https:\/\/yoast.com\/product\/yoast-seo-wordpress\/ -->\n<title>Carlos Gran: &quot;he creado un cartel que apuesta por el simbolismo&quot; - COPE Alcoy<\/title>\n<meta name=\"robots\" content=\"index, follow, max-snippet:-1, max-image-preview:large, max-video-preview:-1\" \/>\n<link rel=\"canonical\" href=\"https:\/\/www.copealcoy.es\/es\/carlos-gran-he-creado-un-cartel-que-apuesta-por-el-simbolismo\/\" \/>\n<meta property=\"og:locale\" content=\"es_ES\" \/>\n<meta property=\"og:type\" content=\"article\" \/>\n<meta property=\"og:title\" content=\"Carlos Gran: &quot;he creado un cartel que apuesta por el simbolismo&quot; - COPE Alcoy\" \/>\n<meta property=\"og:description\" content=\"El alcoyano Carlos Gran ha sido el encargado de dise\u00f1ar el cartel que anuncia las Fiestas Patronales que la ciudad...\" \/>\n<meta property=\"og:url\" content=\"https:\/\/www.copealcoy.es\/es\/carlos-gran-he-creado-un-cartel-que-apuesta-por-el-simbolismo\/\" \/>\n<meta property=\"og:site_name\" content=\"COPE Alcoy\" \/>\n<meta property=\"article:published_time\" content=\"2021-12-03T08:43:38+00:00\" \/>\n<meta property=\"article:modified_time\" content=\"2021-12-03T23:04:07+00:00\" \/>\n<meta property=\"og:image\" content=\"https:\/\/www.copealcoy.es\/wp-content\/uploads\/2021\/12\/unnamed-2.jpg\" \/>\n\t<meta property=\"og:image:width\" content=\"1600\" \/>\n\t<meta property=\"og:image:height\" content=\"979\" \/>\n\t<meta property=\"og:image:type\" content=\"image\/jpeg\" \/>\n<meta name=\"author\" content=\"Cope Alcoy\" \/>\n<meta name=\"twitter:label1\" content=\"Escrito por\" \/>\n\t<meta name=\"twitter:data1\" content=\"Cope Alcoy\" \/>\n\t<meta name=\"twitter:label2\" content=\"Tiempo de lectura\" \/>\n\t<meta name=\"twitter:data2\" content=\"1 minuto\" \/>\n<script type=\"application\/ld+json\" class=\"yoast-schema-graph\">{\"@context\":\"https:\\\/\\\/schema.org\",\"@graph\":[{\"@type\":\"Article\",\"@id\":\"https:\\\/\\\/www.copealcoy.es\\\/es\\\/carlos-gran-he-creado-un-cartel-que-apuesta-por-el-simbolismo\\\/#article\",\"isPartOf\":{\"@id\":\"https:\\\/\\\/www.copealcoy.es\\\/es\\\/carlos-gran-he-creado-un-cartel-que-apuesta-por-el-simbolismo\\\/\"},\"author\":{\"name\":\"Cope Alcoy\",\"@id\":\"https:\\\/\\\/www.copealcoy.es\\\/es\\\/#\\\/schema\\\/person\\\/e777c87fa024e57d40170af9df39882c\"},\"headline\":\"Carlos Gran: &#8220;he creado un cartel que apuesta por el simbolismo&#8221;\",\"datePublished\":\"2021-12-03T08:43:38+00:00\",\"dateModified\":\"2021-12-03T23:04:07+00:00\",\"mainEntityOfPage\":{\"@id\":\"https:\\\/\\\/www.copealcoy.es\\\/es\\\/carlos-gran-he-creado-un-cartel-que-apuesta-por-el-simbolismo\\\/\"},\"wordCount\":253,\"commentCount\":0,\"image\":{\"@id\":\"https:\\\/\\\/www.copealcoy.es\\\/es\\\/carlos-gran-he-creado-un-cartel-que-apuesta-por-el-simbolismo\\\/#primaryimage\"},\"thumbnailUrl\":\"https:\\\/\\\/www.copealcoy.es\\\/wp-content\\\/uploads\\\/2021\\\/12\\\/unnamed-2.jpg\",\"keywords\":[\"Alcoy\",\"Carlos Gran\",\"Cartel\",\"San Mauro\"],\"articleSection\":[\"Alcoy\",\"Fiesta y Cultura\",\"Noticias\"],\"inLanguage\":\"es\"},{\"@type\":\"WebPage\",\"@id\":\"https:\\\/\\\/www.copealcoy.es\\\/es\\\/carlos-gran-he-creado-un-cartel-que-apuesta-por-el-simbolismo\\\/\",\"url\":\"https:\\\/\\\/www.copealcoy.es\\\/es\\\/carlos-gran-he-creado-un-cartel-que-apuesta-por-el-simbolismo\\\/\",\"name\":\"Carlos Gran: \\\"he creado un cartel que apuesta por el simbolismo\\\" - COPE Alcoy\",\"isPartOf\":{\"@id\":\"https:\\\/\\\/www.copealcoy.es\\\/es\\\/#website\"},\"primaryImageOfPage\":{\"@id\":\"https:\\\/\\\/www.copealcoy.es\\\/es\\\/carlos-gran-he-creado-un-cartel-que-apuesta-por-el-simbolismo\\\/#primaryimage\"},\"image\":{\"@id\":\"https:\\\/\\\/www.copealcoy.es\\\/es\\\/carlos-gran-he-creado-un-cartel-que-apuesta-por-el-simbolismo\\\/#primaryimage\"},\"thumbnailUrl\":\"https:\\\/\\\/www.copealcoy.es\\\/wp-content\\\/uploads\\\/2021\\\/12\\\/unnamed-2.jpg\",\"datePublished\":\"2021-12-03T08:43:38+00:00\",\"dateModified\":\"2021-12-03T23:04:07+00:00\",\"author\":{\"@id\":\"https:\\\/\\\/www.copealcoy.es\\\/es\\\/#\\\/schema\\\/person\\\/e777c87fa024e57d40170af9df39882c\"},\"breadcrumb\":{\"@id\":\"https:\\\/\\\/www.copealcoy.es\\\/es\\\/carlos-gran-he-creado-un-cartel-que-apuesta-por-el-simbolismo\\\/#breadcrumb\"},\"inLanguage\":\"es\",\"potentialAction\":[{\"@type\":\"ReadAction\",\"target\":[\"https:\\\/\\\/www.copealcoy.es\\\/es\\\/carlos-gran-he-creado-un-cartel-que-apuesta-por-el-simbolismo\\\/\"]}]},{\"@type\":\"ImageObject\",\"inLanguage\":\"es\",\"@id\":\"https:\\\/\\\/www.copealcoy.es\\\/es\\\/carlos-gran-he-creado-un-cartel-que-apuesta-por-el-simbolismo\\\/#primaryimage\",\"url\":\"https:\\\/\\\/www.copealcoy.es\\\/wp-content\\\/uploads\\\/2021\\\/12\\\/unnamed-2.jpg\",\"contentUrl\":\"https:\\\/\\\/www.copealcoy.es\\\/wp-content\\\/uploads\\\/2021\\\/12\\\/unnamed-2.jpg\",\"width\":1600,\"height\":979},{\"@type\":\"BreadcrumbList\",\"@id\":\"https:\\\/\\\/www.copealcoy.es\\\/es\\\/carlos-gran-he-creado-un-cartel-que-apuesta-por-el-simbolismo\\\/#breadcrumb\",\"itemListElement\":[{\"@type\":\"ListItem\",\"position\":1,\"name\":\"Portada\",\"item\":\"https:\\\/\\\/www.copealcoy.es\\\/es\\\/\"},{\"@type\":\"ListItem\",\"position\":2,\"name\":\"Carlos Gran: &#8220;he creado un cartel que apuesta por el simbolismo&#8221;\"}]},{\"@type\":\"WebSite\",\"@id\":\"https:\\\/\\\/www.copealcoy.es\\\/es\\\/#website\",\"url\":\"https:\\\/\\\/www.copealcoy.es\\\/es\\\/\",\"name\":\"COPE Alcoy\",\"description\":\"Emisora COPE de radio local con emisi\u00f3n online. Pont de Sant Jordi 8-10 03803 Alcoy\",\"potentialAction\":[{\"@type\":\"SearchAction\",\"target\":{\"@type\":\"EntryPoint\",\"urlTemplate\":\"https:\\\/\\\/www.copealcoy.es\\\/es\\\/?s={search_term_string}\"},\"query-input\":{\"@type\":\"PropertyValueSpecification\",\"valueRequired\":true,\"valueName\":\"search_term_string\"}}],\"inLanguage\":\"es\"},{\"@type\":\"Person\",\"@id\":\"https:\\\/\\\/www.copealcoy.es\\\/es\\\/#\\\/schema\\\/person\\\/e777c87fa024e57d40170af9df39882c\",\"name\":\"Cope Alcoy\",\"image\":{\"@type\":\"ImageObject\",\"inLanguage\":\"es\",\"@id\":\"https:\\\/\\\/secure.gravatar.com\\\/avatar\\\/bb65d0283347e303893ba14f0692005417c1e0e690a325a4c5d8bb2b3943ee14?s=96&d=mm&r=g\",\"url\":\"https:\\\/\\\/secure.gravatar.com\\\/avatar\\\/bb65d0283347e303893ba14f0692005417c1e0e690a325a4c5d8bb2b3943ee14?s=96&d=mm&r=g\",\"contentUrl\":\"https:\\\/\\\/secure.gravatar.com\\\/avatar\\\/bb65d0283347e303893ba14f0692005417c1e0e690a325a4c5d8bb2b3943ee14?s=96&d=mm&r=g\",\"caption\":\"Cope Alcoy\"}}]}<\/script>\n<!-- \/ Yoast SEO plugin. -->","yoast_head_json":{"title":"Carlos Gran: \"he creado un cartel que apuesta por el simbolismo\" - COPE Alcoy","robots":{"index":"index","follow":"follow","max-snippet":"max-snippet:-1","max-image-preview":"max-image-preview:large","max-video-preview":"max-video-preview:-1"},"canonical":"https:\/\/www.copealcoy.es\/es\/carlos-gran-he-creado-un-cartel-que-apuesta-por-el-simbolismo\/","og_locale":"es_ES","og_type":"article","og_title":"Carlos Gran: \"he creado un cartel que apuesta por el simbolismo\" - COPE Alcoy","og_description":"El alcoyano Carlos Gran ha sido el encargado de dise\u00f1ar el cartel que anuncia las Fiestas Patronales que la ciudad...","og_url":"https:\/\/www.copealcoy.es\/es\/carlos-gran-he-creado-un-cartel-que-apuesta-por-el-simbolismo\/","og_site_name":"COPE Alcoy","article_published_time":"2021-12-03T08:43:38+00:00","article_modified_time":"2021-12-03T23:04:07+00:00","og_image":[{"width":1600,"height":979,"url":"https:\/\/www.copealcoy.es\/wp-content\/uploads\/2021\/12\/unnamed-2.jpg","type":"image\/jpeg"}],"author":"Cope Alcoy","twitter_misc":{"Escrito por":"Cope Alcoy","Tiempo de lectura":"1 minuto"},"schema":{"@context":"https:\/\/schema.org","@graph":[{"@type":"Article","@id":"https:\/\/www.copealcoy.es\/es\/carlos-gran-he-creado-un-cartel-que-apuesta-por-el-simbolismo\/#article","isPartOf":{"@id":"https:\/\/www.copealcoy.es\/es\/carlos-gran-he-creado-un-cartel-que-apuesta-por-el-simbolismo\/"},"author":{"name":"Cope Alcoy","@id":"https:\/\/www.copealcoy.es\/es\/#\/schema\/person\/e777c87fa024e57d40170af9df39882c"},"headline":"Carlos Gran: &#8220;he creado un cartel que apuesta por el simbolismo&#8221;","datePublished":"2021-12-03T08:43:38+00:00","dateModified":"2021-12-03T23:04:07+00:00","mainEntityOfPage":{"@id":"https:\/\/www.copealcoy.es\/es\/carlos-gran-he-creado-un-cartel-que-apuesta-por-el-simbolismo\/"},"wordCount":253,"commentCount":0,"image":{"@id":"https:\/\/www.copealcoy.es\/es\/carlos-gran-he-creado-un-cartel-que-apuesta-por-el-simbolismo\/#primaryimage"},"thumbnailUrl":"https:\/\/www.copealcoy.es\/wp-content\/uploads\/2021\/12\/unnamed-2.jpg","keywords":["Alcoy","Carlos Gran","Cartel","San Mauro"],"articleSection":["Alcoy","Fiesta y Cultura","Noticias"],"inLanguage":"es"},{"@type":"WebPage","@id":"https:\/\/www.copealcoy.es\/es\/carlos-gran-he-creado-un-cartel-que-apuesta-por-el-simbolismo\/","url":"https:\/\/www.copealcoy.es\/es\/carlos-gran-he-creado-un-cartel-que-apuesta-por-el-simbolismo\/","name":"Carlos Gran: \"he creado un cartel que apuesta por el simbolismo\" - COPE Alcoy","isPartOf":{"@id":"https:\/\/www.copealcoy.es\/es\/#website"},"primaryImageOfPage":{"@id":"https:\/\/www.copealcoy.es\/es\/carlos-gran-he-creado-un-cartel-que-apuesta-por-el-simbolismo\/#primaryimage"},"image":{"@id":"https:\/\/www.copealcoy.es\/es\/carlos-gran-he-creado-un-cartel-que-apuesta-por-el-simbolismo\/#primaryimage"},"thumbnailUrl":"https:\/\/www.copealcoy.es\/wp-content\/uploads\/2021\/12\/unnamed-2.jpg","datePublished":"2021-12-03T08:43:38+00:00","dateModified":"2021-12-03T23:04:07+00:00","author":{"@id":"https:\/\/www.copealcoy.es\/es\/#\/schema\/person\/e777c87fa024e57d40170af9df39882c"},"breadcrumb":{"@id":"https:\/\/www.copealcoy.es\/es\/carlos-gran-he-creado-un-cartel-que-apuesta-por-el-simbolismo\/#breadcrumb"},"inLanguage":"es","potentialAction":[{"@type":"ReadAction","target":["https:\/\/www.copealcoy.es\/es\/carlos-gran-he-creado-un-cartel-que-apuesta-por-el-simbolismo\/"]}]},{"@type":"ImageObject","inLanguage":"es","@id":"https:\/\/www.copealcoy.es\/es\/carlos-gran-he-creado-un-cartel-que-apuesta-por-el-simbolismo\/#primaryimage","url":"https:\/\/www.copealcoy.es\/wp-content\/uploads\/2021\/12\/unnamed-2.jpg","contentUrl":"https:\/\/www.copealcoy.es\/wp-content\/uploads\/2021\/12\/unnamed-2.jpg","width":1600,"height":979},{"@type":"BreadcrumbList","@id":"https:\/\/www.copealcoy.es\/es\/carlos-gran-he-creado-un-cartel-que-apuesta-por-el-simbolismo\/#breadcrumb","itemListElement":[{"@type":"ListItem","position":1,"name":"Portada","item":"https:\/\/www.copealcoy.es\/es\/"},{"@type":"ListItem","position":2,"name":"Carlos Gran: &#8220;he creado un cartel que apuesta por el simbolismo&#8221;"}]},{"@type":"WebSite","@id":"https:\/\/www.copealcoy.es\/es\/#website","url":"https:\/\/www.copealcoy.es\/es\/","name":"COPE Alcoy","description":"Emisora COPE de radio local con emisi\u00f3n online. Pont de Sant Jordi 8-10 03803 Alcoy","potentialAction":[{"@type":"SearchAction","target":{"@type":"EntryPoint","urlTemplate":"https:\/\/www.copealcoy.es\/es\/?s={search_term_string}"},"query-input":{"@type":"PropertyValueSpecification","valueRequired":true,"valueName":"search_term_string"}}],"inLanguage":"es"},{"@type":"Person","@id":"https:\/\/www.copealcoy.es\/es\/#\/schema\/person\/e777c87fa024e57d40170af9df39882c","name":"Cope Alcoy","image":{"@type":"ImageObject","inLanguage":"es","@id":"https:\/\/secure.gravatar.com\/avatar\/bb65d0283347e303893ba14f0692005417c1e0e690a325a4c5d8bb2b3943ee14?s=96&d=mm&r=g","url":"https:\/\/secure.gravatar.com\/avatar\/bb65d0283347e303893ba14f0692005417c1e0e690a325a4c5d8bb2b3943ee14?s=96&d=mm&r=g","contentUrl":"https:\/\/secure.gravatar.com\/avatar\/bb65d0283347e303893ba14f0692005417c1e0e690a325a4c5d8bb2b3943ee14?s=96&d=mm&r=g","caption":"Cope Alcoy"}}]}},"_links":{"self":[{"href":"https:\/\/www.copealcoy.es\/es\/wp-json\/wp\/v2\/posts\/80910","targetHints":{"allow":["GET"]}}],"collection":[{"href":"https:\/\/www.copealcoy.es\/es\/wp-json\/wp\/v2\/posts"}],"about":[{"href":"https:\/\/www.copealcoy.es\/es\/wp-json\/wp\/v2\/types\/post"}],"author":[{"embeddable":true,"href":"https:\/\/www.copealcoy.es\/es\/wp-json\/wp\/v2\/users\/1"}],"replies":[{"embeddable":true,"href":"https:\/\/www.copealcoy.es\/es\/wp-json\/wp\/v2\/comments?post=80910"}],"version-history":[{"count":0,"href":"https:\/\/www.copealcoy.es\/es\/wp-json\/wp\/v2\/posts\/80910\/revisions"}],"wp:featuredmedia":[{"embeddable":true,"href":"https:\/\/www.copealcoy.es\/es\/wp-json\/wp\/v2\/media\/80911"}],"wp:attachment":[{"href":"https:\/\/www.copealcoy.es\/es\/wp-json\/wp\/v2\/media?parent=80910"}],"wp:term":[{"taxonomy":"category","embeddable":true,"href":"https:\/\/www.copealcoy.es\/es\/wp-json\/wp\/v2\/categories?post=80910"},{"taxonomy":"post_tag","embeddable":true,"href":"https:\/\/www.copealcoy.es\/es\/wp-json\/wp\/v2\/tags?post=80910"}],"curies":[{"name":"wp","href":"https:\/\/api.w.org\/{rel}","templated":true}]}}