{"id":80819,"date":"2021-12-02T23:24:56","date_gmt":"2021-12-02T22:24:56","guid":{"rendered":"https:\/\/www.copealcoy.es\/?p=80819"},"modified":"2021-12-02T23:43:13","modified_gmt":"2021-12-02T22:43:13","slug":"ja-pots-votar-en-els-pressupostos-participatius-dalcoi","status":"publish","type":"post","link":"https:\/\/www.copealcoy.es\/es\/ja-pots-votar-en-els-pressupostos-participatius-dalcoi\/","title":{"rendered":"Ja pots votar en els Pressupostos Participatius d&#8217;Alcoi"},"content":{"rendered":"<p style=\"text-align: justify;\">L&#8217;Ajuntament d&#8217;Alcoi <strong>ha iniciat ja el proc\u00e9s<\/strong>\u00a0perqu\u00e8\u00a0els ve\u00efns i les ve\u00efnes de la ciutat <strong>puguen votar en l&#8217;actual campanya dels Pressupostos Participatius<\/strong>. Ho podrem fer\u00a0<strong>fins al\u00a0dia 14 de desembre<\/strong> i en aquesta ocasi\u00f3 <strong>es podr\u00e0 votar un m\u00e0xim de 5 propostes<\/strong> i dins d&#8217;aquestes, <strong>com a m\u00e0xim 3 d&#8217;inversi\u00f3<\/strong>.<\/p>\n<p style=\"text-align: justify;\">Les <strong>votacions<\/strong> es poden fer en l\u00ednia al <span style=\"color: #0000ff;\"><strong><a style=\"color: #0000ff;\" href=\"http:\/\/alcoiparticipa.com\/es\/\">portal digital alcoiparticipa<\/a><\/strong><\/span>\u00a0<span class=\"hiddenSpellError\">\u00f3<\/span><strong>\u00a0en les urnes que estan situades per diferents punts de la nostra ciutat<\/strong>. Aquests <strong>els trobarem<\/strong> a les Biblioteques P\u00fabliques, el Servei d\u2019Informaci\u00f3 i Atenci\u00f3 al Ciutad\u00e0 (<span class=\"hiddenSpellError\">SIAC<\/span>), el Complex Esportiu\u00a0<span class=\"hiddenSpellError\">Eduardo<\/span>\u00a0Latorre i el Centre d\u2019Esports, el Conservatori de M\u00fasica i Dansa Joan Cant\u00f3, l&#8217;Edifici Or\u00f2sia Silvestre, el Centre Social de la Zona Nord, les seus del Departament de Benestar Social, el Centre Cervantes Jove i els Centres de Majors.<\/p>\n<p style=\"text-align: justify;\">En total\u00a0<strong>s\u00f3n\u00a030 propostes d\u2019inversi\u00f3 i 3 de despesa corrent<\/strong> les que han superat la valoraci\u00f3 per part dels t\u00e8cnics de diversos departaments municipals. A m\u00e9s <strong>la quantitat destinada per als Pressupostos Participatius per al 2022 \u00e9s de 400.000 euros<\/strong>, dels quals <strong>320.000 van destinats a propostes d&#8217;inversi\u00f3 i 80.000 a propostes de despesa corrent<\/strong> en b\u00e9ns i serveis &#8220;<em>aquesta iniciativa t\u00e9 com a objectiu principal la participaci\u00f3 directa de la ciutadania en aquest proc\u00e9s, amb la finalitat d&#8217;establir les seues demandes i preocupacions principals<\/em>&#8220;, remarca la regidora de Democr\u00e0cia Participativa; <strong>Tere\u00a0<span class=\"hiddenSpellError\">Sanjuan<\/span><\/strong>.<\/p>\n<p style=\"text-align: justify;\">Els <strong>resultats de les votacions<\/strong>, segons la informaci\u00f3 facilitada pel Consistori, els coneixerem abans del 31 de desembre.<\/p>\n","protected":false},"excerpt":{"rendered":"<p>L&#8217;Ajuntament d&#8217;Alcoi ha iniciat ja el proc\u00e9s\u00a0perqu\u00e8\u00a0els ve\u00efns i les ve\u00efnes de la ciutat puguen votar en l&#8217;actual campanya dels&#8230;<\/p>\n","protected":false},"author":1,"featured_media":76821,"comment_status":"open","ping_status":"open","sticky":false,"template":"","format":"standard","meta":{"footnotes":""},"categories":[6909,97,75,79],"tags":[1494,9669,6962,12143],"class_list":["post-80819","post","type-post","status-publish","format-standard","has-post-thumbnail","hentry","category-actualidad","category-alcoy","category-noticias","category-politicayeconomia","tag-alcoy","tag-pressupostos-participatius","tag-tere-sanjuan","tag-votacions"],"yoast_head":"<!-- This site is optimized with the Yoast SEO plugin v27.3 - https:\/\/yoast.com\/product\/yoast-seo-wordpress\/ -->\n<title>Ja pots votar en els Pressupostos Participatius d&#039;Alcoi - COPE Alcoy<\/title>\n<meta name=\"robots\" content=\"index, follow, max-snippet:-1, max-image-preview:large, max-video-preview:-1\" \/>\n<link rel=\"canonical\" href=\"https:\/\/www.copealcoy.es\/es\/ja-pots-votar-en-els-pressupostos-participatius-dalcoi\/\" \/>\n<meta property=\"og:locale\" content=\"es_ES\" \/>\n<meta property=\"og:type\" content=\"article\" \/>\n<meta property=\"og:title\" content=\"Ja pots votar en els Pressupostos Participatius d&#039;Alcoi - COPE Alcoy\" \/>\n<meta property=\"og:description\" content=\"L&#8217;Ajuntament d&#8217;Alcoi ha iniciat ja el proc\u00e9s\u00a0perqu\u00e8\u00a0els ve\u00efns i les ve\u00efnes de la ciutat puguen votar en l&#8217;actual campanya dels...\" \/>\n<meta property=\"og:url\" content=\"https:\/\/www.copealcoy.es\/es\/ja-pots-votar-en-els-pressupostos-participatius-dalcoi\/\" \/>\n<meta property=\"og:site_name\" content=\"COPE Alcoy\" \/>\n<meta property=\"article:published_time\" content=\"2021-12-02T22:24:56+00:00\" \/>\n<meta property=\"article:modified_time\" content=\"2021-12-02T22:43:13+00:00\" \/>\n<meta property=\"og:image\" content=\"https:\/\/www.copealcoy.es\/wp-content\/uploads\/2021\/08\/ajuntament-2-e1629909036832.jpg\" \/>\n\t<meta property=\"og:image:width\" content=\"960\" \/>\n\t<meta property=\"og:image:height\" content=\"532\" \/>\n\t<meta property=\"og:image:type\" content=\"image\/jpeg\" \/>\n<meta name=\"author\" content=\"Cope Alcoy\" \/>\n<meta name=\"twitter:label1\" content=\"Escrito por\" \/>\n\t<meta name=\"twitter:data1\" content=\"Cope Alcoy\" \/>\n\t<meta name=\"twitter:label2\" content=\"Tiempo de lectura\" \/>\n\t<meta name=\"twitter:data2\" content=\"2 minutos\" \/>\n<script type=\"application\/ld+json\" class=\"yoast-schema-graph\">{\"@context\":\"https:\\\/\\\/schema.org\",\"@graph\":[{\"@type\":\"Article\",\"@id\":\"https:\\\/\\\/www.copealcoy.es\\\/es\\\/ja-pots-votar-en-els-pressupostos-participatius-dalcoi\\\/#article\",\"isPartOf\":{\"@id\":\"https:\\\/\\\/www.copealcoy.es\\\/es\\\/ja-pots-votar-en-els-pressupostos-participatius-dalcoi\\\/\"},\"author\":{\"name\":\"Cope Alcoy\",\"@id\":\"https:\\\/\\\/www.copealcoy.es\\\/es\\\/#\\\/schema\\\/person\\\/e777c87fa024e57d40170af9df39882c\"},\"headline\":\"Ja pots votar en els Pressupostos Participatius d&#8217;Alcoi\",\"datePublished\":\"2021-12-02T22:24:56+00:00\",\"dateModified\":\"2021-12-02T22:43:13+00:00\",\"mainEntityOfPage\":{\"@id\":\"https:\\\/\\\/www.copealcoy.es\\\/es\\\/ja-pots-votar-en-els-pressupostos-participatius-dalcoi\\\/\"},\"wordCount\":272,\"commentCount\":0,\"image\":{\"@id\":\"https:\\\/\\\/www.copealcoy.es\\\/es\\\/ja-pots-votar-en-els-pressupostos-participatius-dalcoi\\\/#primaryimage\"},\"thumbnailUrl\":\"https:\\\/\\\/www.copealcoy.es\\\/wp-content\\\/uploads\\\/2021\\\/08\\\/ajuntament-2-e1629909036832.jpg\",\"keywords\":[\"Alcoy\",\"Pressupostos Participatius\",\"Tere Sanjuan\",\"votacions\"],\"articleSection\":[\"Actualidad\",\"Alcoy\",\"Noticias\",\"Pol\u00edtica y Econom\u00eda\"],\"inLanguage\":\"es\"},{\"@type\":\"WebPage\",\"@id\":\"https:\\\/\\\/www.copealcoy.es\\\/es\\\/ja-pots-votar-en-els-pressupostos-participatius-dalcoi\\\/\",\"url\":\"https:\\\/\\\/www.copealcoy.es\\\/es\\\/ja-pots-votar-en-els-pressupostos-participatius-dalcoi\\\/\",\"name\":\"Ja pots votar en els Pressupostos Participatius d'Alcoi - COPE Alcoy\",\"isPartOf\":{\"@id\":\"https:\\\/\\\/www.copealcoy.es\\\/es\\\/#website\"},\"primaryImageOfPage\":{\"@id\":\"https:\\\/\\\/www.copealcoy.es\\\/es\\\/ja-pots-votar-en-els-pressupostos-participatius-dalcoi\\\/#primaryimage\"},\"image\":{\"@id\":\"https:\\\/\\\/www.copealcoy.es\\\/es\\\/ja-pots-votar-en-els-pressupostos-participatius-dalcoi\\\/#primaryimage\"},\"thumbnailUrl\":\"https:\\\/\\\/www.copealcoy.es\\\/wp-content\\\/uploads\\\/2021\\\/08\\\/ajuntament-2-e1629909036832.jpg\",\"datePublished\":\"2021-12-02T22:24:56+00:00\",\"dateModified\":\"2021-12-02T22:43:13+00:00\",\"author\":{\"@id\":\"https:\\\/\\\/www.copealcoy.es\\\/es\\\/#\\\/schema\\\/person\\\/e777c87fa024e57d40170af9df39882c\"},\"breadcrumb\":{\"@id\":\"https:\\\/\\\/www.copealcoy.es\\\/es\\\/ja-pots-votar-en-els-pressupostos-participatius-dalcoi\\\/#breadcrumb\"},\"inLanguage\":\"es\",\"potentialAction\":[{\"@type\":\"ReadAction\",\"target\":[\"https:\\\/\\\/www.copealcoy.es\\\/es\\\/ja-pots-votar-en-els-pressupostos-participatius-dalcoi\\\/\"]}]},{\"@type\":\"ImageObject\",\"inLanguage\":\"es\",\"@id\":\"https:\\\/\\\/www.copealcoy.es\\\/es\\\/ja-pots-votar-en-els-pressupostos-participatius-dalcoi\\\/#primaryimage\",\"url\":\"https:\\\/\\\/www.copealcoy.es\\\/wp-content\\\/uploads\\\/2021\\\/08\\\/ajuntament-2-e1629909036832.jpg\",\"contentUrl\":\"https:\\\/\\\/www.copealcoy.es\\\/wp-content\\\/uploads\\\/2021\\\/08\\\/ajuntament-2-e1629909036832.jpg\",\"width\":960,\"height\":532},{\"@type\":\"BreadcrumbList\",\"@id\":\"https:\\\/\\\/www.copealcoy.es\\\/es\\\/ja-pots-votar-en-els-pressupostos-participatius-dalcoi\\\/#breadcrumb\",\"itemListElement\":[{\"@type\":\"ListItem\",\"position\":1,\"name\":\"Portada\",\"item\":\"https:\\\/\\\/www.copealcoy.es\\\/es\\\/\"},{\"@type\":\"ListItem\",\"position\":2,\"name\":\"Ja pots votar en els Pressupostos Participatius d&#8217;Alcoi\"}]},{\"@type\":\"WebSite\",\"@id\":\"https:\\\/\\\/www.copealcoy.es\\\/es\\\/#website\",\"url\":\"https:\\\/\\\/www.copealcoy.es\\\/es\\\/\",\"name\":\"COPE Alcoy\",\"description\":\"Emisora COPE de radio local con emisi\u00f3n online. Pont de Sant Jordi 8-10 03803 Alcoy\",\"potentialAction\":[{\"@type\":\"SearchAction\",\"target\":{\"@type\":\"EntryPoint\",\"urlTemplate\":\"https:\\\/\\\/www.copealcoy.es\\\/es\\\/?s={search_term_string}\"},\"query-input\":{\"@type\":\"PropertyValueSpecification\",\"valueRequired\":true,\"valueName\":\"search_term_string\"}}],\"inLanguage\":\"es\"},{\"@type\":\"Person\",\"@id\":\"https:\\\/\\\/www.copealcoy.es\\\/es\\\/#\\\/schema\\\/person\\\/e777c87fa024e57d40170af9df39882c\",\"name\":\"Cope Alcoy\",\"image\":{\"@type\":\"ImageObject\",\"inLanguage\":\"es\",\"@id\":\"https:\\\/\\\/secure.gravatar.com\\\/avatar\\\/bb65d0283347e303893ba14f0692005417c1e0e690a325a4c5d8bb2b3943ee14?s=96&d=mm&r=g\",\"url\":\"https:\\\/\\\/secure.gravatar.com\\\/avatar\\\/bb65d0283347e303893ba14f0692005417c1e0e690a325a4c5d8bb2b3943ee14?s=96&d=mm&r=g\",\"contentUrl\":\"https:\\\/\\\/secure.gravatar.com\\\/avatar\\\/bb65d0283347e303893ba14f0692005417c1e0e690a325a4c5d8bb2b3943ee14?s=96&d=mm&r=g\",\"caption\":\"Cope Alcoy\"}}]}<\/script>\n<!-- \/ Yoast SEO plugin. -->","yoast_head_json":{"title":"Ja pots votar en els Pressupostos Participatius d'Alcoi - COPE Alcoy","robots":{"index":"index","follow":"follow","max-snippet":"max-snippet:-1","max-image-preview":"max-image-preview:large","max-video-preview":"max-video-preview:-1"},"canonical":"https:\/\/www.copealcoy.es\/es\/ja-pots-votar-en-els-pressupostos-participatius-dalcoi\/","og_locale":"es_ES","og_type":"article","og_title":"Ja pots votar en els Pressupostos Participatius d'Alcoi - COPE Alcoy","og_description":"L&#8217;Ajuntament d&#8217;Alcoi ha iniciat ja el proc\u00e9s\u00a0perqu\u00e8\u00a0els ve\u00efns i les ve\u00efnes de la ciutat puguen votar en l&#8217;actual campanya dels...","og_url":"https:\/\/www.copealcoy.es\/es\/ja-pots-votar-en-els-pressupostos-participatius-dalcoi\/","og_site_name":"COPE Alcoy","article_published_time":"2021-12-02T22:24:56+00:00","article_modified_time":"2021-12-02T22:43:13+00:00","og_image":[{"width":960,"height":532,"url":"https:\/\/www.copealcoy.es\/wp-content\/uploads\/2021\/08\/ajuntament-2-e1629909036832.jpg","type":"image\/jpeg"}],"author":"Cope Alcoy","twitter_misc":{"Escrito por":"Cope Alcoy","Tiempo de lectura":"2 minutos"},"schema":{"@context":"https:\/\/schema.org","@graph":[{"@type":"Article","@id":"https:\/\/www.copealcoy.es\/es\/ja-pots-votar-en-els-pressupostos-participatius-dalcoi\/#article","isPartOf":{"@id":"https:\/\/www.copealcoy.es\/es\/ja-pots-votar-en-els-pressupostos-participatius-dalcoi\/"},"author":{"name":"Cope Alcoy","@id":"https:\/\/www.copealcoy.es\/es\/#\/schema\/person\/e777c87fa024e57d40170af9df39882c"},"headline":"Ja pots votar en els Pressupostos Participatius d&#8217;Alcoi","datePublished":"2021-12-02T22:24:56+00:00","dateModified":"2021-12-02T22:43:13+00:00","mainEntityOfPage":{"@id":"https:\/\/www.copealcoy.es\/es\/ja-pots-votar-en-els-pressupostos-participatius-dalcoi\/"},"wordCount":272,"commentCount":0,"image":{"@id":"https:\/\/www.copealcoy.es\/es\/ja-pots-votar-en-els-pressupostos-participatius-dalcoi\/#primaryimage"},"thumbnailUrl":"https:\/\/www.copealcoy.es\/wp-content\/uploads\/2021\/08\/ajuntament-2-e1629909036832.jpg","keywords":["Alcoy","Pressupostos Participatius","Tere Sanjuan","votacions"],"articleSection":["Actualidad","Alcoy","Noticias","Pol\u00edtica y Econom\u00eda"],"inLanguage":"es"},{"@type":"WebPage","@id":"https:\/\/www.copealcoy.es\/es\/ja-pots-votar-en-els-pressupostos-participatius-dalcoi\/","url":"https:\/\/www.copealcoy.es\/es\/ja-pots-votar-en-els-pressupostos-participatius-dalcoi\/","name":"Ja pots votar en els Pressupostos Participatius d'Alcoi - COPE Alcoy","isPartOf":{"@id":"https:\/\/www.copealcoy.es\/es\/#website"},"primaryImageOfPage":{"@id":"https:\/\/www.copealcoy.es\/es\/ja-pots-votar-en-els-pressupostos-participatius-dalcoi\/#primaryimage"},"image":{"@id":"https:\/\/www.copealcoy.es\/es\/ja-pots-votar-en-els-pressupostos-participatius-dalcoi\/#primaryimage"},"thumbnailUrl":"https:\/\/www.copealcoy.es\/wp-content\/uploads\/2021\/08\/ajuntament-2-e1629909036832.jpg","datePublished":"2021-12-02T22:24:56+00:00","dateModified":"2021-12-02T22:43:13+00:00","author":{"@id":"https:\/\/www.copealcoy.es\/es\/#\/schema\/person\/e777c87fa024e57d40170af9df39882c"},"breadcrumb":{"@id":"https:\/\/www.copealcoy.es\/es\/ja-pots-votar-en-els-pressupostos-participatius-dalcoi\/#breadcrumb"},"inLanguage":"es","potentialAction":[{"@type":"ReadAction","target":["https:\/\/www.copealcoy.es\/es\/ja-pots-votar-en-els-pressupostos-participatius-dalcoi\/"]}]},{"@type":"ImageObject","inLanguage":"es","@id":"https:\/\/www.copealcoy.es\/es\/ja-pots-votar-en-els-pressupostos-participatius-dalcoi\/#primaryimage","url":"https:\/\/www.copealcoy.es\/wp-content\/uploads\/2021\/08\/ajuntament-2-e1629909036832.jpg","contentUrl":"https:\/\/www.copealcoy.es\/wp-content\/uploads\/2021\/08\/ajuntament-2-e1629909036832.jpg","width":960,"height":532},{"@type":"BreadcrumbList","@id":"https:\/\/www.copealcoy.es\/es\/ja-pots-votar-en-els-pressupostos-participatius-dalcoi\/#breadcrumb","itemListElement":[{"@type":"ListItem","position":1,"name":"Portada","item":"https:\/\/www.copealcoy.es\/es\/"},{"@type":"ListItem","position":2,"name":"Ja pots votar en els Pressupostos Participatius d&#8217;Alcoi"}]},{"@type":"WebSite","@id":"https:\/\/www.copealcoy.es\/es\/#website","url":"https:\/\/www.copealcoy.es\/es\/","name":"COPE Alcoy","description":"Emisora COPE de radio local con emisi\u00f3n online. Pont de Sant Jordi 8-10 03803 Alcoy","potentialAction":[{"@type":"SearchAction","target":{"@type":"EntryPoint","urlTemplate":"https:\/\/www.copealcoy.es\/es\/?s={search_term_string}"},"query-input":{"@type":"PropertyValueSpecification","valueRequired":true,"valueName":"search_term_string"}}],"inLanguage":"es"},{"@type":"Person","@id":"https:\/\/www.copealcoy.es\/es\/#\/schema\/person\/e777c87fa024e57d40170af9df39882c","name":"Cope Alcoy","image":{"@type":"ImageObject","inLanguage":"es","@id":"https:\/\/secure.gravatar.com\/avatar\/bb65d0283347e303893ba14f0692005417c1e0e690a325a4c5d8bb2b3943ee14?s=96&d=mm&r=g","url":"https:\/\/secure.gravatar.com\/avatar\/bb65d0283347e303893ba14f0692005417c1e0e690a325a4c5d8bb2b3943ee14?s=96&d=mm&r=g","contentUrl":"https:\/\/secure.gravatar.com\/avatar\/bb65d0283347e303893ba14f0692005417c1e0e690a325a4c5d8bb2b3943ee14?s=96&d=mm&r=g","caption":"Cope Alcoy"}}]}},"_links":{"self":[{"href":"https:\/\/www.copealcoy.es\/es\/wp-json\/wp\/v2\/posts\/80819","targetHints":{"allow":["GET"]}}],"collection":[{"href":"https:\/\/www.copealcoy.es\/es\/wp-json\/wp\/v2\/posts"}],"about":[{"href":"https:\/\/www.copealcoy.es\/es\/wp-json\/wp\/v2\/types\/post"}],"author":[{"embeddable":true,"href":"https:\/\/www.copealcoy.es\/es\/wp-json\/wp\/v2\/users\/1"}],"replies":[{"embeddable":true,"href":"https:\/\/www.copealcoy.es\/es\/wp-json\/wp\/v2\/comments?post=80819"}],"version-history":[{"count":0,"href":"https:\/\/www.copealcoy.es\/es\/wp-json\/wp\/v2\/posts\/80819\/revisions"}],"wp:featuredmedia":[{"embeddable":true,"href":"https:\/\/www.copealcoy.es\/es\/wp-json\/wp\/v2\/media\/76821"}],"wp:attachment":[{"href":"https:\/\/www.copealcoy.es\/es\/wp-json\/wp\/v2\/media?parent=80819"}],"wp:term":[{"taxonomy":"category","embeddable":true,"href":"https:\/\/www.copealcoy.es\/es\/wp-json\/wp\/v2\/categories?post=80819"},{"taxonomy":"post_tag","embeddable":true,"href":"https:\/\/www.copealcoy.es\/es\/wp-json\/wp\/v2\/tags?post=80819"}],"curies":[{"name":"wp","href":"https:\/\/api.w.org\/{rel}","templated":true}]}}