{"id":80697,"date":"2021-11-29T12:05:18","date_gmt":"2021-11-29T11:05:18","guid":{"rendered":"https:\/\/www.copealcoy.es\/?p=80697"},"modified":"2021-11-28T19:10:05","modified_gmt":"2021-11-28T18:10:05","slug":"el-ii-aove-forum-fira-de-cocentaina-ja-te-guanyadors","status":"publish","type":"post","link":"https:\/\/www.copealcoy.es\/es\/el-ii-aove-forum-fira-de-cocentaina-ja-te-guanyadors\/","title":{"rendered":"El II Aove F\u00f2rum Fira de Cocentaina ja t\u00e9 guanyadors"},"content":{"rendered":"<p style=\"text-align: justify;\">El <strong>Centre Cultural El Teular de Cocentaina<\/strong> va acollir el passat dissabte<strong> l&#8217;entrega de premis del II\u00a0<span class=\"hiddenSpellError\">Aove<\/span>\u00a0F\u00f2rum Internacional Fira de Tots Sants<\/strong>. Aquesta segona edici\u00f3 ha comptat amb <strong>un increment del 20% de mostres d&#8217;oli presentades al concurs<\/strong>, unes propostes procedents de diferents enclavaments tant en l&#8217;\u00e0mbit nacional com internacional.<\/p>\n<p style=\"text-align: justify;\">En aquesta ocasi\u00f3 el jurat, <strong>format per\u00a0<span class=\"hiddenSpellError\">Keiko<\/span>\u00a0<span class=\"hiddenSpellError\">Tawaga<\/span>,\u00a0<span class=\"hiddenSpellError\">Susan<\/span>\u00a0<span class=\"hiddenSpellError\">Hoover<\/span>, Francisco Albert i Joan Clement<\/strong>, va destacar<strong> la diversitat de qualitats dels productes presentats<\/strong> que permeten aix\u00ed la seua diferenciaci\u00f3 i per tant els posicionen en un nivell d&#8217;alta qualitat i fan que l&#8217;oli d&#8217;oliva verge extra produ\u00eft a Espanya i sobretot a les comarques del Comtat siga reconegut. A m\u00e9s van decidir que <strong>l&#8217;oli &#8216;Marsala&#8217;, de la varietat Alfafarenca,<\/strong> guanyara <strong>el II <span class=\"hiddenSpellError\">Aove<\/span>\u00a0F\u00f2rum Internacional<\/strong> de la 675 edici\u00f3 de la Fira contestana. Per altre costat, en la categoria <strong>Monovarietal<\/strong> van resultar premiats la Cooperativa de Moixent i\u00a0<span class=\"hiddenSpellError\">Varona<\/span>\u00a0la Vella mentre que en la\u00a0<strong><span class=\"hiddenSpellError\">Coupage<\/span><\/strong>\u00a0va recaure en\u00a0<span class=\"hiddenSpellError\">MGOO<\/span>.\u00a0<span class=\"hiddenSpellError\">Aixi<\/span> mateix es va fer <strong>un reconeixement a\u00a0<span class=\"hiddenSpellError\">Ecotravadell<\/span>\u00a0i\u00a0<span class=\"hiddenSpellError\">Azienda<\/span>\u00a0Agr\u00edcola\u00a0<span class=\"hiddenSpellError\">Masseli<\/span>\u00a0com a millors olis ecol\u00f2gics<\/strong> &#8220;<em>estem molt contents de la gran acollida que ha tingut aquesta segona convocat\u00f2ria. Hem rebut propostes fins i tot de fora de les nostres fronteres i aix\u00f2 demostra el gran nivell que ha adquirit aquest concurs en els seus dos primers anys de vida. Ara anem a treballar a preparar ja la III edici\u00f3 per tal que\u00a0siga una realitat en la Fira de l&#8217;any que ve<\/em>&#8220;, van manifestar <strong>Rafael\u00a0<span class=\"hiddenSpellError\">Montava<\/span><\/strong> (President de la Cooperativa) aix\u00ed com <strong>Mireia Estepa<\/strong> (alcaldessa de Cocentaina) i <strong>Eug\u00e8nia <span class=\"hiddenSpellError\">Miguel<\/span>\u00a0<\/strong>(regidora de Fira).<\/p>\n<p style=\"text-align: justify;\">L&#8217;entrega de guardons <strong>va incloure un\u00a0<span class=\"hiddenSpellError\">showcooking<\/span><\/strong>, en el qual es van preparar<strong> sis receptes amb els olis guanyadors d&#8217;aquest esdeveniment<\/strong>, a c\u00e0rrec de la cuinera Cristina Manzanares. Tamb\u00e9 van estar presents en la cerim\u00f2nia el Conseller d&#8217;Economia Sostenible, <strong>Rafa Climen<\/strong>t, el Sotssecretari d\u2019Obres P\u00fabliques i Mobilitat,<strong> Rafael Briet <\/strong>i el Director General de Desenvolupament Rural, <strong>David Torres<\/strong>.<\/p>\n","protected":false},"excerpt":{"rendered":"<p>El Centre Cultural El Teular de Cocentaina va acollir el passat dissabte l&#8217;entrega de premis del II\u00a0Aove\u00a0F\u00f2rum Internacional Fira de&#8230;<\/p>\n","protected":false},"author":1,"featured_media":80698,"comment_status":"open","ping_status":"open","sticky":false,"template":"","format":"standard","meta":{"footnotes":""},"categories":[98,75],"tags":[10205,2491,132,12133,635,1857],"class_list":["post-80697","post","type-post","status-publish","format-standard","has-post-thumbnail","hentry","category-comarcas","category-noticias","tag-aove-forum","tag-centre-cultural-el-teular","tag-cocentaina","tag-cooperativa-agricola-catolica","tag-fira-de-tots-sants","tag-rafael-montava"],"yoast_head":"<!-- This site is optimized with the Yoast SEO plugin v27.3 - https:\/\/yoast.com\/product\/yoast-seo-wordpress\/ -->\n<title>El II Aove F\u00f2rum Fira de Cocentaina ja t\u00e9 guanyadors - COPE Alcoy<\/title>\n<meta name=\"robots\" content=\"index, follow, max-snippet:-1, max-image-preview:large, max-video-preview:-1\" \/>\n<link rel=\"canonical\" href=\"https:\/\/www.copealcoy.es\/es\/el-ii-aove-forum-fira-de-cocentaina-ja-te-guanyadors\/\" \/>\n<meta property=\"og:locale\" content=\"es_ES\" \/>\n<meta property=\"og:type\" content=\"article\" \/>\n<meta property=\"og:title\" content=\"El II Aove F\u00f2rum Fira de Cocentaina ja t\u00e9 guanyadors - COPE Alcoy\" \/>\n<meta property=\"og:description\" content=\"El Centre Cultural El Teular de Cocentaina va acollir el passat dissabte l&#8217;entrega de premis del II\u00a0Aove\u00a0F\u00f2rum Internacional Fira de...\" \/>\n<meta property=\"og:url\" content=\"https:\/\/www.copealcoy.es\/es\/el-ii-aove-forum-fira-de-cocentaina-ja-te-guanyadors\/\" \/>\n<meta property=\"og:site_name\" content=\"COPE Alcoy\" \/>\n<meta property=\"article:published_time\" content=\"2021-11-29T11:05:18+00:00\" \/>\n<meta property=\"og:image\" content=\"https:\/\/www.copealcoy.es\/wp-content\/uploads\/2021\/11\/260411658_2562875470522589_5361698499204371288_n-e1638120932637.jpg\" \/>\n\t<meta property=\"og:image:width\" content=\"1295\" \/>\n\t<meta property=\"og:image:height\" content=\"687\" \/>\n\t<meta property=\"og:image:type\" content=\"image\/jpeg\" \/>\n<meta name=\"author\" content=\"Cope Alcoy\" \/>\n<meta name=\"twitter:label1\" content=\"Escrito por\" \/>\n\t<meta name=\"twitter:data1\" content=\"Cope Alcoy\" \/>\n\t<meta name=\"twitter:label2\" content=\"Tiempo de lectura\" \/>\n\t<meta name=\"twitter:data2\" content=\"2 minutos\" \/>\n<script type=\"application\/ld+json\" class=\"yoast-schema-graph\">{\"@context\":\"https:\\\/\\\/schema.org\",\"@graph\":[{\"@type\":\"Article\",\"@id\":\"https:\\\/\\\/www.copealcoy.es\\\/es\\\/el-ii-aove-forum-fira-de-cocentaina-ja-te-guanyadors\\\/#article\",\"isPartOf\":{\"@id\":\"https:\\\/\\\/www.copealcoy.es\\\/es\\\/el-ii-aove-forum-fira-de-cocentaina-ja-te-guanyadors\\\/\"},\"author\":{\"name\":\"Cope Alcoy\",\"@id\":\"https:\\\/\\\/www.copealcoy.es\\\/es\\\/#\\\/schema\\\/person\\\/e777c87fa024e57d40170af9df39882c\"},\"headline\":\"El II Aove F\u00f2rum Fira de Cocentaina ja t\u00e9 guanyadors\",\"datePublished\":\"2021-11-29T11:05:18+00:00\",\"mainEntityOfPage\":{\"@id\":\"https:\\\/\\\/www.copealcoy.es\\\/es\\\/el-ii-aove-forum-fira-de-cocentaina-ja-te-guanyadors\\\/\"},\"wordCount\":360,\"commentCount\":0,\"image\":{\"@id\":\"https:\\\/\\\/www.copealcoy.es\\\/es\\\/el-ii-aove-forum-fira-de-cocentaina-ja-te-guanyadors\\\/#primaryimage\"},\"thumbnailUrl\":\"https:\\\/\\\/www.copealcoy.es\\\/wp-content\\\/uploads\\\/2021\\\/11\\\/260411658_2562875470522589_5361698499204371288_n-e1638120932637.jpg\",\"keywords\":[\"Aove Forum\",\"Centre Cultural El Teular\",\"Cocentaina\",\"Cooperativa Agr\u00edcola Cat\u00f2lica\",\"Fira de Tots Sants\",\"Rafael Montava\"],\"articleSection\":[\"Comarcas\",\"Noticias\"],\"inLanguage\":\"es\"},{\"@type\":\"WebPage\",\"@id\":\"https:\\\/\\\/www.copealcoy.es\\\/es\\\/el-ii-aove-forum-fira-de-cocentaina-ja-te-guanyadors\\\/\",\"url\":\"https:\\\/\\\/www.copealcoy.es\\\/es\\\/el-ii-aove-forum-fira-de-cocentaina-ja-te-guanyadors\\\/\",\"name\":\"El II Aove F\u00f2rum Fira de Cocentaina ja t\u00e9 guanyadors - COPE Alcoy\",\"isPartOf\":{\"@id\":\"https:\\\/\\\/www.copealcoy.es\\\/es\\\/#website\"},\"primaryImageOfPage\":{\"@id\":\"https:\\\/\\\/www.copealcoy.es\\\/es\\\/el-ii-aove-forum-fira-de-cocentaina-ja-te-guanyadors\\\/#primaryimage\"},\"image\":{\"@id\":\"https:\\\/\\\/www.copealcoy.es\\\/es\\\/el-ii-aove-forum-fira-de-cocentaina-ja-te-guanyadors\\\/#primaryimage\"},\"thumbnailUrl\":\"https:\\\/\\\/www.copealcoy.es\\\/wp-content\\\/uploads\\\/2021\\\/11\\\/260411658_2562875470522589_5361698499204371288_n-e1638120932637.jpg\",\"datePublished\":\"2021-11-29T11:05:18+00:00\",\"author\":{\"@id\":\"https:\\\/\\\/www.copealcoy.es\\\/es\\\/#\\\/schema\\\/person\\\/e777c87fa024e57d40170af9df39882c\"},\"breadcrumb\":{\"@id\":\"https:\\\/\\\/www.copealcoy.es\\\/es\\\/el-ii-aove-forum-fira-de-cocentaina-ja-te-guanyadors\\\/#breadcrumb\"},\"inLanguage\":\"es\",\"potentialAction\":[{\"@type\":\"ReadAction\",\"target\":[\"https:\\\/\\\/www.copealcoy.es\\\/es\\\/el-ii-aove-forum-fira-de-cocentaina-ja-te-guanyadors\\\/\"]}]},{\"@type\":\"ImageObject\",\"inLanguage\":\"es\",\"@id\":\"https:\\\/\\\/www.copealcoy.es\\\/es\\\/el-ii-aove-forum-fira-de-cocentaina-ja-te-guanyadors\\\/#primaryimage\",\"url\":\"https:\\\/\\\/www.copealcoy.es\\\/wp-content\\\/uploads\\\/2021\\\/11\\\/260411658_2562875470522589_5361698499204371288_n-e1638120932637.jpg\",\"contentUrl\":\"https:\\\/\\\/www.copealcoy.es\\\/wp-content\\\/uploads\\\/2021\\\/11\\\/260411658_2562875470522589_5361698499204371288_n-e1638120932637.jpg\",\"width\":1295,\"height\":687},{\"@type\":\"BreadcrumbList\",\"@id\":\"https:\\\/\\\/www.copealcoy.es\\\/es\\\/el-ii-aove-forum-fira-de-cocentaina-ja-te-guanyadors\\\/#breadcrumb\",\"itemListElement\":[{\"@type\":\"ListItem\",\"position\":1,\"name\":\"Portada\",\"item\":\"https:\\\/\\\/www.copealcoy.es\\\/es\\\/\"},{\"@type\":\"ListItem\",\"position\":2,\"name\":\"El II Aove F\u00f2rum Fira de Cocentaina ja t\u00e9 guanyadors\"}]},{\"@type\":\"WebSite\",\"@id\":\"https:\\\/\\\/www.copealcoy.es\\\/es\\\/#website\",\"url\":\"https:\\\/\\\/www.copealcoy.es\\\/es\\\/\",\"name\":\"COPE Alcoy\",\"description\":\"Emisora COPE de radio local con emisi\u00f3n online. Pont de Sant Jordi 8-10 03803 Alcoy\",\"potentialAction\":[{\"@type\":\"SearchAction\",\"target\":{\"@type\":\"EntryPoint\",\"urlTemplate\":\"https:\\\/\\\/www.copealcoy.es\\\/es\\\/?s={search_term_string}\"},\"query-input\":{\"@type\":\"PropertyValueSpecification\",\"valueRequired\":true,\"valueName\":\"search_term_string\"}}],\"inLanguage\":\"es\"},{\"@type\":\"Person\",\"@id\":\"https:\\\/\\\/www.copealcoy.es\\\/es\\\/#\\\/schema\\\/person\\\/e777c87fa024e57d40170af9df39882c\",\"name\":\"Cope Alcoy\",\"image\":{\"@type\":\"ImageObject\",\"inLanguage\":\"es\",\"@id\":\"https:\\\/\\\/secure.gravatar.com\\\/avatar\\\/bb65d0283347e303893ba14f0692005417c1e0e690a325a4c5d8bb2b3943ee14?s=96&d=mm&r=g\",\"url\":\"https:\\\/\\\/secure.gravatar.com\\\/avatar\\\/bb65d0283347e303893ba14f0692005417c1e0e690a325a4c5d8bb2b3943ee14?s=96&d=mm&r=g\",\"contentUrl\":\"https:\\\/\\\/secure.gravatar.com\\\/avatar\\\/bb65d0283347e303893ba14f0692005417c1e0e690a325a4c5d8bb2b3943ee14?s=96&d=mm&r=g\",\"caption\":\"Cope Alcoy\"}}]}<\/script>\n<!-- \/ Yoast SEO plugin. -->","yoast_head_json":{"title":"El II Aove F\u00f2rum Fira de Cocentaina ja t\u00e9 guanyadors - COPE Alcoy","robots":{"index":"index","follow":"follow","max-snippet":"max-snippet:-1","max-image-preview":"max-image-preview:large","max-video-preview":"max-video-preview:-1"},"canonical":"https:\/\/www.copealcoy.es\/es\/el-ii-aove-forum-fira-de-cocentaina-ja-te-guanyadors\/","og_locale":"es_ES","og_type":"article","og_title":"El II Aove F\u00f2rum Fira de Cocentaina ja t\u00e9 guanyadors - COPE Alcoy","og_description":"El Centre Cultural El Teular de Cocentaina va acollir el passat dissabte l&#8217;entrega de premis del II\u00a0Aove\u00a0F\u00f2rum Internacional Fira de...","og_url":"https:\/\/www.copealcoy.es\/es\/el-ii-aove-forum-fira-de-cocentaina-ja-te-guanyadors\/","og_site_name":"COPE Alcoy","article_published_time":"2021-11-29T11:05:18+00:00","og_image":[{"width":1295,"height":687,"url":"https:\/\/www.copealcoy.es\/wp-content\/uploads\/2021\/11\/260411658_2562875470522589_5361698499204371288_n-e1638120932637.jpg","type":"image\/jpeg"}],"author":"Cope Alcoy","twitter_misc":{"Escrito por":"Cope Alcoy","Tiempo de lectura":"2 minutos"},"schema":{"@context":"https:\/\/schema.org","@graph":[{"@type":"Article","@id":"https:\/\/www.copealcoy.es\/es\/el-ii-aove-forum-fira-de-cocentaina-ja-te-guanyadors\/#article","isPartOf":{"@id":"https:\/\/www.copealcoy.es\/es\/el-ii-aove-forum-fira-de-cocentaina-ja-te-guanyadors\/"},"author":{"name":"Cope Alcoy","@id":"https:\/\/www.copealcoy.es\/es\/#\/schema\/person\/e777c87fa024e57d40170af9df39882c"},"headline":"El II Aove F\u00f2rum Fira de Cocentaina ja t\u00e9 guanyadors","datePublished":"2021-11-29T11:05:18+00:00","mainEntityOfPage":{"@id":"https:\/\/www.copealcoy.es\/es\/el-ii-aove-forum-fira-de-cocentaina-ja-te-guanyadors\/"},"wordCount":360,"commentCount":0,"image":{"@id":"https:\/\/www.copealcoy.es\/es\/el-ii-aove-forum-fira-de-cocentaina-ja-te-guanyadors\/#primaryimage"},"thumbnailUrl":"https:\/\/www.copealcoy.es\/wp-content\/uploads\/2021\/11\/260411658_2562875470522589_5361698499204371288_n-e1638120932637.jpg","keywords":["Aove Forum","Centre Cultural El Teular","Cocentaina","Cooperativa Agr\u00edcola Cat\u00f2lica","Fira de Tots Sants","Rafael Montava"],"articleSection":["Comarcas","Noticias"],"inLanguage":"es"},{"@type":"WebPage","@id":"https:\/\/www.copealcoy.es\/es\/el-ii-aove-forum-fira-de-cocentaina-ja-te-guanyadors\/","url":"https:\/\/www.copealcoy.es\/es\/el-ii-aove-forum-fira-de-cocentaina-ja-te-guanyadors\/","name":"El II Aove F\u00f2rum Fira de Cocentaina ja t\u00e9 guanyadors - COPE Alcoy","isPartOf":{"@id":"https:\/\/www.copealcoy.es\/es\/#website"},"primaryImageOfPage":{"@id":"https:\/\/www.copealcoy.es\/es\/el-ii-aove-forum-fira-de-cocentaina-ja-te-guanyadors\/#primaryimage"},"image":{"@id":"https:\/\/www.copealcoy.es\/es\/el-ii-aove-forum-fira-de-cocentaina-ja-te-guanyadors\/#primaryimage"},"thumbnailUrl":"https:\/\/www.copealcoy.es\/wp-content\/uploads\/2021\/11\/260411658_2562875470522589_5361698499204371288_n-e1638120932637.jpg","datePublished":"2021-11-29T11:05:18+00:00","author":{"@id":"https:\/\/www.copealcoy.es\/es\/#\/schema\/person\/e777c87fa024e57d40170af9df39882c"},"breadcrumb":{"@id":"https:\/\/www.copealcoy.es\/es\/el-ii-aove-forum-fira-de-cocentaina-ja-te-guanyadors\/#breadcrumb"},"inLanguage":"es","potentialAction":[{"@type":"ReadAction","target":["https:\/\/www.copealcoy.es\/es\/el-ii-aove-forum-fira-de-cocentaina-ja-te-guanyadors\/"]}]},{"@type":"ImageObject","inLanguage":"es","@id":"https:\/\/www.copealcoy.es\/es\/el-ii-aove-forum-fira-de-cocentaina-ja-te-guanyadors\/#primaryimage","url":"https:\/\/www.copealcoy.es\/wp-content\/uploads\/2021\/11\/260411658_2562875470522589_5361698499204371288_n-e1638120932637.jpg","contentUrl":"https:\/\/www.copealcoy.es\/wp-content\/uploads\/2021\/11\/260411658_2562875470522589_5361698499204371288_n-e1638120932637.jpg","width":1295,"height":687},{"@type":"BreadcrumbList","@id":"https:\/\/www.copealcoy.es\/es\/el-ii-aove-forum-fira-de-cocentaina-ja-te-guanyadors\/#breadcrumb","itemListElement":[{"@type":"ListItem","position":1,"name":"Portada","item":"https:\/\/www.copealcoy.es\/es\/"},{"@type":"ListItem","position":2,"name":"El II Aove F\u00f2rum Fira de Cocentaina ja t\u00e9 guanyadors"}]},{"@type":"WebSite","@id":"https:\/\/www.copealcoy.es\/es\/#website","url":"https:\/\/www.copealcoy.es\/es\/","name":"COPE Alcoy","description":"Emisora COPE de radio local con emisi\u00f3n online. Pont de Sant Jordi 8-10 03803 Alcoy","potentialAction":[{"@type":"SearchAction","target":{"@type":"EntryPoint","urlTemplate":"https:\/\/www.copealcoy.es\/es\/?s={search_term_string}"},"query-input":{"@type":"PropertyValueSpecification","valueRequired":true,"valueName":"search_term_string"}}],"inLanguage":"es"},{"@type":"Person","@id":"https:\/\/www.copealcoy.es\/es\/#\/schema\/person\/e777c87fa024e57d40170af9df39882c","name":"Cope Alcoy","image":{"@type":"ImageObject","inLanguage":"es","@id":"https:\/\/secure.gravatar.com\/avatar\/bb65d0283347e303893ba14f0692005417c1e0e690a325a4c5d8bb2b3943ee14?s=96&d=mm&r=g","url":"https:\/\/secure.gravatar.com\/avatar\/bb65d0283347e303893ba14f0692005417c1e0e690a325a4c5d8bb2b3943ee14?s=96&d=mm&r=g","contentUrl":"https:\/\/secure.gravatar.com\/avatar\/bb65d0283347e303893ba14f0692005417c1e0e690a325a4c5d8bb2b3943ee14?s=96&d=mm&r=g","caption":"Cope Alcoy"}}]}},"_links":{"self":[{"href":"https:\/\/www.copealcoy.es\/es\/wp-json\/wp\/v2\/posts\/80697","targetHints":{"allow":["GET"]}}],"collection":[{"href":"https:\/\/www.copealcoy.es\/es\/wp-json\/wp\/v2\/posts"}],"about":[{"href":"https:\/\/www.copealcoy.es\/es\/wp-json\/wp\/v2\/types\/post"}],"author":[{"embeddable":true,"href":"https:\/\/www.copealcoy.es\/es\/wp-json\/wp\/v2\/users\/1"}],"replies":[{"embeddable":true,"href":"https:\/\/www.copealcoy.es\/es\/wp-json\/wp\/v2\/comments?post=80697"}],"version-history":[{"count":0,"href":"https:\/\/www.copealcoy.es\/es\/wp-json\/wp\/v2\/posts\/80697\/revisions"}],"wp:featuredmedia":[{"embeddable":true,"href":"https:\/\/www.copealcoy.es\/es\/wp-json\/wp\/v2\/media\/80698"}],"wp:attachment":[{"href":"https:\/\/www.copealcoy.es\/es\/wp-json\/wp\/v2\/media?parent=80697"}],"wp:term":[{"taxonomy":"category","embeddable":true,"href":"https:\/\/www.copealcoy.es\/es\/wp-json\/wp\/v2\/categories?post=80697"},{"taxonomy":"post_tag","embeddable":true,"href":"https:\/\/www.copealcoy.es\/es\/wp-json\/wp\/v2\/tags?post=80697"}],"curies":[{"name":"wp","href":"https:\/\/api.w.org\/{rel}","templated":true}]}}