{"id":80637,"date":"2021-11-26T10:50:07","date_gmt":"2021-11-26T09:50:07","guid":{"rendered":"https:\/\/www.copealcoy.es\/?p=80637"},"modified":"2021-11-26T10:54:58","modified_gmt":"2021-11-26T09:54:58","slug":"consells-per-a-un-consum-responsable-durant-el-black-friday","status":"publish","type":"post","link":"https:\/\/www.copealcoy.es\/es\/consells-per-a-un-consum-responsable-durant-el-black-friday\/","title":{"rendered":"Consells per a un consum responsable durant el Black Friday"},"content":{"rendered":"<p style=\"text-align: justify;\">Arriba el <strong>Black Friday<\/strong> i tamb\u00e9<strong> la temptaci\u00f3 de deixar-se endur per compres massives<\/strong> nom\u00e9s pel fet que xicotets i grans comer\u00e7os asseguren que <strong>oferixen grans descomptes i promocions<\/strong> un mes abans de Nadal. Aquesta cita comercial,<strong> importada dels Estats Units<\/strong>, comen\u00e7a <strong>avui divendres 27 de novembre<\/strong> i s\u2019est\u00e9n fins a dilluns, amb el <strong>Cyber Monday<\/strong>; una jornada que se centra exclusivament en <strong>les compres en l\u00ednia<\/strong>.<\/p>\n<p style=\"text-align: justify;\">Davant del previsible augment del consum durant el cap de setmana, <strong>la Uni\u00f3 de Consumidors de la Comunitat Valenciana ha recordat que \u00e9s important con\u00e9ixer de bestreta els preus dels productes<\/strong> per a saber <em>\u201crealment\u201d<\/em> quin \u00e9s el percentatge d\u2019estalvi i informar-se del proc\u00e9s de devoluci\u00f3.<\/p>\n<p style=\"text-align: justify;\">Aquestos s\u00f3n els <strong>consells de l\u2019organitzaci\u00f3<\/strong> per tal de fer <strong>un consum responsable<\/strong> durant el Black Friday 2021:<\/p>\n<ul class=\"listing ul\">\n<li>Evitar la compra impulsiva, tant presencial com en l\u00ednia, per molt temptadores que puguen resultar les ofertes.<\/li>\n<li>Fer una llista planificada de necessitats, tant personals com de regals a comprar.<\/li>\n<li>Limitar el pressupost de despesa i fixar-nos un l\u00edmit del que podem gastar.<\/li>\n<li>Analitzar i parar molta atenci\u00f3 tant a les ofertes com a la publicitat d&#8217;estes, perqu\u00e8 els enganys poden estar molt presents.<\/li>\n<li>No deixar-se portar nom\u00e9s pel percentatge de descompte dels productes. \u00c9s millor parar atenci\u00f3 al preu anterior del producte i al descompte en l&#8217;import.<\/li>\n<li>Tindre sempre present que en les compres en l\u00ednia el consumidor disposa de 14 dies per a desistir, penedir-se o retornar el producte comprat sense haver de donar cap explicaci\u00f3.<\/li>\n<li>Saber diferenciar entre veritables ofertes de productes i paranys de les empreses per a desfer-se dels estocs d&#8217;articles dels seus magatzems.<\/li>\n<li>En les compres en l\u00ednia optar millor per la targeta prepagament, targetes de cr\u00e8dit limitat o Paypal, i vigila la seguretat de les p\u00e0gines web.<\/li>\n<li>Les garanties dels productes s\u00f3n les mateixes de sempre i aix\u00ed hem d&#8217;exigir-les.<\/li>\n<\/ul>\n<p style=\"text-align: justify;\">Finalment recorden als consumidors <strong>la import\u00e0ncia<\/strong> de dur a terme un consum \u201c<em>responsable i sostenible<\/em>\u201d, i que, davant de qualsevol problema, <strong>cal acudir a les associacions de consumidors<\/strong> per a fer la corresponent reclamaci\u00f3.<\/p>\n","protected":false},"excerpt":{"rendered":"<p>Arriba el Black Friday i tamb\u00e9 la temptaci\u00f3 de deixar-se endur per compres massives nom\u00e9s pel fet que xicotets i&#8230;<\/p>\n","protected":false},"author":1,"featured_media":74792,"comment_status":"open","ping_status":"open","sticky":false,"template":"","format":"standard","meta":{"footnotes":""},"categories":[97,75,79],"tags":[1643,1977,12125,12123,12124],"class_list":["post-80637","post","type-post","status-publish","format-standard","has-post-thumbnail","hentry","category-alcoy","category-noticias","category-politicayeconomia","tag-black-friday","tag-comerc","tag-compres","tag-consells","tag-consum-reponsable"],"yoast_head":"<!-- This site is optimized with the Yoast SEO plugin v27.3 - https:\/\/yoast.com\/product\/yoast-seo-wordpress\/ -->\n<title>Consells per a un consum responsable durant el Black Friday - COPE Alcoy<\/title>\n<meta name=\"robots\" content=\"index, follow, max-snippet:-1, max-image-preview:large, max-video-preview:-1\" \/>\n<link rel=\"canonical\" href=\"https:\/\/www.copealcoy.es\/es\/consells-per-a-un-consum-responsable-durant-el-black-friday\/\" \/>\n<meta property=\"og:locale\" content=\"es_ES\" \/>\n<meta property=\"og:type\" content=\"article\" \/>\n<meta property=\"og:title\" content=\"Consells per a un consum responsable durant el Black Friday - COPE Alcoy\" \/>\n<meta property=\"og:description\" content=\"Arriba el Black Friday i tamb\u00e9 la temptaci\u00f3 de deixar-se endur per compres massives nom\u00e9s pel fet que xicotets i...\" \/>\n<meta property=\"og:url\" content=\"https:\/\/www.copealcoy.es\/es\/consells-per-a-un-consum-responsable-durant-el-black-friday\/\" \/>\n<meta property=\"og:site_name\" content=\"COPE Alcoy\" \/>\n<meta property=\"article:published_time\" content=\"2021-11-26T09:50:07+00:00\" \/>\n<meta property=\"article:modified_time\" content=\"2021-11-26T09:54:58+00:00\" \/>\n<meta property=\"og:image\" content=\"https:\/\/www.copealcoy.es\/wp-content\/uploads\/2021\/06\/1623759253164.jpg\" \/>\n\t<meta property=\"og:image:width\" content=\"976\" \/>\n\t<meta property=\"og:image:height\" content=\"512\" \/>\n\t<meta property=\"og:image:type\" content=\"image\/jpeg\" \/>\n<meta name=\"author\" content=\"Cope Alcoy\" \/>\n<meta name=\"twitter:label1\" content=\"Escrito por\" \/>\n\t<meta name=\"twitter:data1\" content=\"Cope Alcoy\" \/>\n\t<meta name=\"twitter:label2\" content=\"Tiempo de lectura\" \/>\n\t<meta name=\"twitter:data2\" content=\"2 minutos\" \/>\n<script type=\"application\/ld+json\" class=\"yoast-schema-graph\">{\"@context\":\"https:\\\/\\\/schema.org\",\"@graph\":[{\"@type\":\"Article\",\"@id\":\"https:\\\/\\\/www.copealcoy.es\\\/es\\\/consells-per-a-un-consum-responsable-durant-el-black-friday\\\/#article\",\"isPartOf\":{\"@id\":\"https:\\\/\\\/www.copealcoy.es\\\/es\\\/consells-per-a-un-consum-responsable-durant-el-black-friday\\\/\"},\"author\":{\"name\":\"Cope Alcoy\",\"@id\":\"https:\\\/\\\/www.copealcoy.es\\\/es\\\/#\\\/schema\\\/person\\\/e777c87fa024e57d40170af9df39882c\"},\"headline\":\"Consells per a un consum responsable durant el Black Friday\",\"datePublished\":\"2021-11-26T09:50:07+00:00\",\"dateModified\":\"2021-11-26T09:54:58+00:00\",\"mainEntityOfPage\":{\"@id\":\"https:\\\/\\\/www.copealcoy.es\\\/es\\\/consells-per-a-un-consum-responsable-durant-el-black-friday\\\/\"},\"wordCount\":373,\"commentCount\":0,\"image\":{\"@id\":\"https:\\\/\\\/www.copealcoy.es\\\/es\\\/consells-per-a-un-consum-responsable-durant-el-black-friday\\\/#primaryimage\"},\"thumbnailUrl\":\"https:\\\/\\\/www.copealcoy.es\\\/wp-content\\\/uploads\\\/2021\\\/06\\\/1623759253164.jpg\",\"keywords\":[\"Black Friday\",\"Comer\u00e7\",\"compres\",\"Consells\",\"consum reponsable\"],\"articleSection\":[\"Alcoy\",\"Noticias\",\"Pol\u00edtica y Econom\u00eda\"],\"inLanguage\":\"es\"},{\"@type\":\"WebPage\",\"@id\":\"https:\\\/\\\/www.copealcoy.es\\\/es\\\/consells-per-a-un-consum-responsable-durant-el-black-friday\\\/\",\"url\":\"https:\\\/\\\/www.copealcoy.es\\\/es\\\/consells-per-a-un-consum-responsable-durant-el-black-friday\\\/\",\"name\":\"Consells per a un consum responsable durant el Black Friday - COPE Alcoy\",\"isPartOf\":{\"@id\":\"https:\\\/\\\/www.copealcoy.es\\\/es\\\/#website\"},\"primaryImageOfPage\":{\"@id\":\"https:\\\/\\\/www.copealcoy.es\\\/es\\\/consells-per-a-un-consum-responsable-durant-el-black-friday\\\/#primaryimage\"},\"image\":{\"@id\":\"https:\\\/\\\/www.copealcoy.es\\\/es\\\/consells-per-a-un-consum-responsable-durant-el-black-friday\\\/#primaryimage\"},\"thumbnailUrl\":\"https:\\\/\\\/www.copealcoy.es\\\/wp-content\\\/uploads\\\/2021\\\/06\\\/1623759253164.jpg\",\"datePublished\":\"2021-11-26T09:50:07+00:00\",\"dateModified\":\"2021-11-26T09:54:58+00:00\",\"author\":{\"@id\":\"https:\\\/\\\/www.copealcoy.es\\\/es\\\/#\\\/schema\\\/person\\\/e777c87fa024e57d40170af9df39882c\"},\"breadcrumb\":{\"@id\":\"https:\\\/\\\/www.copealcoy.es\\\/es\\\/consells-per-a-un-consum-responsable-durant-el-black-friday\\\/#breadcrumb\"},\"inLanguage\":\"es\",\"potentialAction\":[{\"@type\":\"ReadAction\",\"target\":[\"https:\\\/\\\/www.copealcoy.es\\\/es\\\/consells-per-a-un-consum-responsable-durant-el-black-friday\\\/\"]}]},{\"@type\":\"ImageObject\",\"inLanguage\":\"es\",\"@id\":\"https:\\\/\\\/www.copealcoy.es\\\/es\\\/consells-per-a-un-consum-responsable-durant-el-black-friday\\\/#primaryimage\",\"url\":\"https:\\\/\\\/www.copealcoy.es\\\/wp-content\\\/uploads\\\/2021\\\/06\\\/1623759253164.jpg\",\"contentUrl\":\"https:\\\/\\\/www.copealcoy.es\\\/wp-content\\\/uploads\\\/2021\\\/06\\\/1623759253164.jpg\",\"width\":976,\"height\":512},{\"@type\":\"BreadcrumbList\",\"@id\":\"https:\\\/\\\/www.copealcoy.es\\\/es\\\/consells-per-a-un-consum-responsable-durant-el-black-friday\\\/#breadcrumb\",\"itemListElement\":[{\"@type\":\"ListItem\",\"position\":1,\"name\":\"Portada\",\"item\":\"https:\\\/\\\/www.copealcoy.es\\\/es\\\/\"},{\"@type\":\"ListItem\",\"position\":2,\"name\":\"Consells per a un consum responsable durant el Black Friday\"}]},{\"@type\":\"WebSite\",\"@id\":\"https:\\\/\\\/www.copealcoy.es\\\/es\\\/#website\",\"url\":\"https:\\\/\\\/www.copealcoy.es\\\/es\\\/\",\"name\":\"COPE Alcoy\",\"description\":\"Emisora COPE de radio local con emisi\u00f3n online. Pont de Sant Jordi 8-10 03803 Alcoy\",\"potentialAction\":[{\"@type\":\"SearchAction\",\"target\":{\"@type\":\"EntryPoint\",\"urlTemplate\":\"https:\\\/\\\/www.copealcoy.es\\\/es\\\/?s={search_term_string}\"},\"query-input\":{\"@type\":\"PropertyValueSpecification\",\"valueRequired\":true,\"valueName\":\"search_term_string\"}}],\"inLanguage\":\"es\"},{\"@type\":\"Person\",\"@id\":\"https:\\\/\\\/www.copealcoy.es\\\/es\\\/#\\\/schema\\\/person\\\/e777c87fa024e57d40170af9df39882c\",\"name\":\"Cope Alcoy\",\"image\":{\"@type\":\"ImageObject\",\"inLanguage\":\"es\",\"@id\":\"https:\\\/\\\/secure.gravatar.com\\\/avatar\\\/bb65d0283347e303893ba14f0692005417c1e0e690a325a4c5d8bb2b3943ee14?s=96&d=mm&r=g\",\"url\":\"https:\\\/\\\/secure.gravatar.com\\\/avatar\\\/bb65d0283347e303893ba14f0692005417c1e0e690a325a4c5d8bb2b3943ee14?s=96&d=mm&r=g\",\"contentUrl\":\"https:\\\/\\\/secure.gravatar.com\\\/avatar\\\/bb65d0283347e303893ba14f0692005417c1e0e690a325a4c5d8bb2b3943ee14?s=96&d=mm&r=g\",\"caption\":\"Cope Alcoy\"}}]}<\/script>\n<!-- \/ Yoast SEO plugin. -->","yoast_head_json":{"title":"Consells per a un consum responsable durant el Black Friday - COPE Alcoy","robots":{"index":"index","follow":"follow","max-snippet":"max-snippet:-1","max-image-preview":"max-image-preview:large","max-video-preview":"max-video-preview:-1"},"canonical":"https:\/\/www.copealcoy.es\/es\/consells-per-a-un-consum-responsable-durant-el-black-friday\/","og_locale":"es_ES","og_type":"article","og_title":"Consells per a un consum responsable durant el Black Friday - COPE Alcoy","og_description":"Arriba el Black Friday i tamb\u00e9 la temptaci\u00f3 de deixar-se endur per compres massives nom\u00e9s pel fet que xicotets i...","og_url":"https:\/\/www.copealcoy.es\/es\/consells-per-a-un-consum-responsable-durant-el-black-friday\/","og_site_name":"COPE Alcoy","article_published_time":"2021-11-26T09:50:07+00:00","article_modified_time":"2021-11-26T09:54:58+00:00","og_image":[{"width":976,"height":512,"url":"https:\/\/www.copealcoy.es\/wp-content\/uploads\/2021\/06\/1623759253164.jpg","type":"image\/jpeg"}],"author":"Cope Alcoy","twitter_misc":{"Escrito por":"Cope Alcoy","Tiempo de lectura":"2 minutos"},"schema":{"@context":"https:\/\/schema.org","@graph":[{"@type":"Article","@id":"https:\/\/www.copealcoy.es\/es\/consells-per-a-un-consum-responsable-durant-el-black-friday\/#article","isPartOf":{"@id":"https:\/\/www.copealcoy.es\/es\/consells-per-a-un-consum-responsable-durant-el-black-friday\/"},"author":{"name":"Cope Alcoy","@id":"https:\/\/www.copealcoy.es\/es\/#\/schema\/person\/e777c87fa024e57d40170af9df39882c"},"headline":"Consells per a un consum responsable durant el Black Friday","datePublished":"2021-11-26T09:50:07+00:00","dateModified":"2021-11-26T09:54:58+00:00","mainEntityOfPage":{"@id":"https:\/\/www.copealcoy.es\/es\/consells-per-a-un-consum-responsable-durant-el-black-friday\/"},"wordCount":373,"commentCount":0,"image":{"@id":"https:\/\/www.copealcoy.es\/es\/consells-per-a-un-consum-responsable-durant-el-black-friday\/#primaryimage"},"thumbnailUrl":"https:\/\/www.copealcoy.es\/wp-content\/uploads\/2021\/06\/1623759253164.jpg","keywords":["Black Friday","Comer\u00e7","compres","Consells","consum reponsable"],"articleSection":["Alcoy","Noticias","Pol\u00edtica y Econom\u00eda"],"inLanguage":"es"},{"@type":"WebPage","@id":"https:\/\/www.copealcoy.es\/es\/consells-per-a-un-consum-responsable-durant-el-black-friday\/","url":"https:\/\/www.copealcoy.es\/es\/consells-per-a-un-consum-responsable-durant-el-black-friday\/","name":"Consells per a un consum responsable durant el Black Friday - COPE Alcoy","isPartOf":{"@id":"https:\/\/www.copealcoy.es\/es\/#website"},"primaryImageOfPage":{"@id":"https:\/\/www.copealcoy.es\/es\/consells-per-a-un-consum-responsable-durant-el-black-friday\/#primaryimage"},"image":{"@id":"https:\/\/www.copealcoy.es\/es\/consells-per-a-un-consum-responsable-durant-el-black-friday\/#primaryimage"},"thumbnailUrl":"https:\/\/www.copealcoy.es\/wp-content\/uploads\/2021\/06\/1623759253164.jpg","datePublished":"2021-11-26T09:50:07+00:00","dateModified":"2021-11-26T09:54:58+00:00","author":{"@id":"https:\/\/www.copealcoy.es\/es\/#\/schema\/person\/e777c87fa024e57d40170af9df39882c"},"breadcrumb":{"@id":"https:\/\/www.copealcoy.es\/es\/consells-per-a-un-consum-responsable-durant-el-black-friday\/#breadcrumb"},"inLanguage":"es","potentialAction":[{"@type":"ReadAction","target":["https:\/\/www.copealcoy.es\/es\/consells-per-a-un-consum-responsable-durant-el-black-friday\/"]}]},{"@type":"ImageObject","inLanguage":"es","@id":"https:\/\/www.copealcoy.es\/es\/consells-per-a-un-consum-responsable-durant-el-black-friday\/#primaryimage","url":"https:\/\/www.copealcoy.es\/wp-content\/uploads\/2021\/06\/1623759253164.jpg","contentUrl":"https:\/\/www.copealcoy.es\/wp-content\/uploads\/2021\/06\/1623759253164.jpg","width":976,"height":512},{"@type":"BreadcrumbList","@id":"https:\/\/www.copealcoy.es\/es\/consells-per-a-un-consum-responsable-durant-el-black-friday\/#breadcrumb","itemListElement":[{"@type":"ListItem","position":1,"name":"Portada","item":"https:\/\/www.copealcoy.es\/es\/"},{"@type":"ListItem","position":2,"name":"Consells per a un consum responsable durant el Black Friday"}]},{"@type":"WebSite","@id":"https:\/\/www.copealcoy.es\/es\/#website","url":"https:\/\/www.copealcoy.es\/es\/","name":"COPE Alcoy","description":"Emisora COPE de radio local con emisi\u00f3n online. Pont de Sant Jordi 8-10 03803 Alcoy","potentialAction":[{"@type":"SearchAction","target":{"@type":"EntryPoint","urlTemplate":"https:\/\/www.copealcoy.es\/es\/?s={search_term_string}"},"query-input":{"@type":"PropertyValueSpecification","valueRequired":true,"valueName":"search_term_string"}}],"inLanguage":"es"},{"@type":"Person","@id":"https:\/\/www.copealcoy.es\/es\/#\/schema\/person\/e777c87fa024e57d40170af9df39882c","name":"Cope Alcoy","image":{"@type":"ImageObject","inLanguage":"es","@id":"https:\/\/secure.gravatar.com\/avatar\/bb65d0283347e303893ba14f0692005417c1e0e690a325a4c5d8bb2b3943ee14?s=96&d=mm&r=g","url":"https:\/\/secure.gravatar.com\/avatar\/bb65d0283347e303893ba14f0692005417c1e0e690a325a4c5d8bb2b3943ee14?s=96&d=mm&r=g","contentUrl":"https:\/\/secure.gravatar.com\/avatar\/bb65d0283347e303893ba14f0692005417c1e0e690a325a4c5d8bb2b3943ee14?s=96&d=mm&r=g","caption":"Cope Alcoy"}}]}},"_links":{"self":[{"href":"https:\/\/www.copealcoy.es\/es\/wp-json\/wp\/v2\/posts\/80637","targetHints":{"allow":["GET"]}}],"collection":[{"href":"https:\/\/www.copealcoy.es\/es\/wp-json\/wp\/v2\/posts"}],"about":[{"href":"https:\/\/www.copealcoy.es\/es\/wp-json\/wp\/v2\/types\/post"}],"author":[{"embeddable":true,"href":"https:\/\/www.copealcoy.es\/es\/wp-json\/wp\/v2\/users\/1"}],"replies":[{"embeddable":true,"href":"https:\/\/www.copealcoy.es\/es\/wp-json\/wp\/v2\/comments?post=80637"}],"version-history":[{"count":0,"href":"https:\/\/www.copealcoy.es\/es\/wp-json\/wp\/v2\/posts\/80637\/revisions"}],"wp:featuredmedia":[{"embeddable":true,"href":"https:\/\/www.copealcoy.es\/es\/wp-json\/wp\/v2\/media\/74792"}],"wp:attachment":[{"href":"https:\/\/www.copealcoy.es\/es\/wp-json\/wp\/v2\/media?parent=80637"}],"wp:term":[{"taxonomy":"category","embeddable":true,"href":"https:\/\/www.copealcoy.es\/es\/wp-json\/wp\/v2\/categories?post=80637"},{"taxonomy":"post_tag","embeddable":true,"href":"https:\/\/www.copealcoy.es\/es\/wp-json\/wp\/v2\/tags?post=80637"}],"curies":[{"name":"wp","href":"https:\/\/api.w.org\/{rel}","templated":true}]}}