{"id":80559,"date":"2021-11-24T12:04:06","date_gmt":"2021-11-24T11:04:06","guid":{"rendered":"https:\/\/www.copealcoy.es\/?p=80559"},"modified":"2021-11-24T18:53:52","modified_gmt":"2021-11-24T17:53:52","slug":"crea360-participa-en-un-importante-encuentro-internacional-erasmus","status":"publish","type":"post","link":"https:\/\/www.copealcoy.es\/es\/crea360-participa-en-un-importante-encuentro-internacional-erasmus\/","title":{"rendered":"Crea360 participa en un importante encuentro internacional Erasmus"},"content":{"rendered":"<p class=\"selectionShareable\" style=\"text-align: justify;\">La Sede Universitaria de la UA en Alicante acogi\u00f3 la pasada semana un encuentro internacional Erasmus sobre estrategias de pensamiento visual en la Educaci\u00f3n. Esta cita formaba parte del proyecto de cooperaci\u00f3n #<strong>LookingToUnderstand (Mirando para entender) <\/strong>financiado por el programa Erasmus Plus.<\/p>\n<p class=\"selectionShareable\" style=\"text-align: justify;\">Desde <strong>la consultora contestana Crea360<\/strong>, socio espa\u00f1ol de esta iniciativa, explicaron al respecto que este proyecto europeo <strong>est\u00e1 liderado por el Ayuntamiento de Dubl\u00edn<\/strong> (Irlanda) y detallaron que el encuentro realizado en Alicante <strong>supuso el inicio de un proceso de trabajo, formaci\u00f3n e intercambio de buenas pr\u00e1cticas<\/strong> que durar\u00e1 24 meses. El citado proyecto se centra en <strong>la educaci\u00f3n escolar y el trabajo con ni\u00f1os en riesgo de exclusi\u00f3n social<\/strong> y trabajar\u00e1 con <strong>la metodolog\u00eda #VisualThinkingStrategies<\/strong> (Estrategias de Pensamiento Visual) importada desde Estados Unidos. Asimismo Crea360 cont\u00f3 en estas actividades <strong>con el apoyo <\/strong>del IES Fray Ignacio Barrachina en Ibi, IES Bellaguarda en Altea, el Museo Nacional de Arte de Catalu\u00f1a en Barcelona y la Asociaci\u00f3n VTS Espa\u00f1a.<\/p>\n<p class=\"selectionShareable\" style=\"text-align: justify;\">Cabe mencionar que el proyecto europeo <strong>Looking to Understand<\/strong> cuenta con la participaci\u00f3n de <strong>otras 4 entidades europeas<\/strong> que cooperar\u00e1n con la Concejal\u00eda de Cultura de la Ciudad de Dubl\u00edn. Se trata de la asociaci\u00f3n Visual Thinking Strategies Netherlands (Holanda), el Museo Nacional de Fotograf\u00eda de Finlandia (Finlandia), Muserum (Dinamarca) y <strong>la misma consultora de Cocentaina Crea360 (Espa\u00f1a)<\/strong>. Todas ellas vuelven a cooperar durante los pr\u00f3ximos 24 meses, continuando de esta forma <strong>el trabajo iniciado en 2018 con el proyecto europeo denominado \u2018Permission to Wonder\u2019<\/strong>.<\/p>\n<p style=\"text-align: justify;\">Finalmente apuntar que la reuni\u00f3n internacional celebrada la pasada semana en Alicante incluy\u00f3 <strong>diferentes talleres y actividades de coordinaci\u00f3n entre los socios<\/strong> y <strong>un curso sobre la metodolog\u00eda<\/strong> que cont\u00f3 con representantes del Visual Thinking Strategies de Estados Unidos. Adem\u00e1s, durante algunas tardes, <strong>los participantes internacionales visitaron el MUBAG y el MACA<\/strong> para poner en pr\u00e1ctica la metodolog\u00eda con las obras de arte que dichos museos exponen.<\/p>\n","protected":false},"excerpt":{"rendered":"<p>La Sede Universitaria de la UA en Alicante acogi\u00f3 la pasada semana un encuentro internacional Erasmus sobre estrategias de pensamiento&#8230;<\/p>\n","protected":false},"author":1,"featured_media":80560,"comment_status":"open","ping_status":"open","sticky":false,"template":"","format":"standard","meta":{"footnotes":""},"categories":[98,75],"tags":[269,12019,12112,4183],"class_list":["post-80559","post","type-post","status-publish","format-standard","has-post-thumbnail","hentry","category-comarcas","category-noticias","tag-alicante","tag-crea360","tag-encuentro-internacional","tag-erasmus"],"yoast_head":"<!-- This site is optimized with the Yoast SEO plugin v27.3 - https:\/\/yoast.com\/product\/yoast-seo-wordpress\/ -->\n<title>Crea360 participa en un importante encuentro internacional Erasmus - COPE Alcoy<\/title>\n<meta name=\"robots\" content=\"index, follow, max-snippet:-1, max-image-preview:large, max-video-preview:-1\" \/>\n<link rel=\"canonical\" href=\"https:\/\/www.copealcoy.es\/es\/crea360-participa-en-un-importante-encuentro-internacional-erasmus\/\" \/>\n<meta property=\"og:locale\" content=\"es_ES\" \/>\n<meta property=\"og:type\" content=\"article\" \/>\n<meta property=\"og:title\" content=\"Crea360 participa en un importante encuentro internacional Erasmus - COPE Alcoy\" \/>\n<meta property=\"og:description\" content=\"La Sede Universitaria de la UA en Alicante acogi\u00f3 la pasada semana un encuentro internacional Erasmus sobre estrategias de pensamiento...\" \/>\n<meta property=\"og:url\" content=\"https:\/\/www.copealcoy.es\/es\/crea360-participa-en-un-importante-encuentro-internacional-erasmus\/\" \/>\n<meta property=\"og:site_name\" content=\"COPE Alcoy\" \/>\n<meta property=\"article:published_time\" content=\"2021-11-24T11:04:06+00:00\" \/>\n<meta property=\"article:modified_time\" content=\"2021-11-24T17:53:52+00:00\" \/>\n<meta property=\"og:image\" content=\"https:\/\/www.copealcoy.es\/wp-content\/uploads\/2021\/11\/259983322_1699351916933707_1491547956830095458_n.jpg\" \/>\n\t<meta property=\"og:image:width\" content=\"1440\" \/>\n\t<meta property=\"og:image:height\" content=\"1080\" \/>\n\t<meta property=\"og:image:type\" content=\"image\/jpeg\" \/>\n<meta name=\"author\" content=\"Cope Alcoy\" \/>\n<meta name=\"twitter:label1\" content=\"Escrito por\" \/>\n\t<meta name=\"twitter:data1\" content=\"Cope Alcoy\" \/>\n\t<meta name=\"twitter:label2\" content=\"Tiempo de lectura\" \/>\n\t<meta name=\"twitter:data2\" content=\"2 minutos\" \/>\n<script type=\"application\/ld+json\" class=\"yoast-schema-graph\">{\"@context\":\"https:\\\/\\\/schema.org\",\"@graph\":[{\"@type\":\"Article\",\"@id\":\"https:\\\/\\\/www.copealcoy.es\\\/es\\\/crea360-participa-en-un-importante-encuentro-internacional-erasmus\\\/#article\",\"isPartOf\":{\"@id\":\"https:\\\/\\\/www.copealcoy.es\\\/es\\\/crea360-participa-en-un-importante-encuentro-internacional-erasmus\\\/\"},\"author\":{\"name\":\"Cope Alcoy\",\"@id\":\"https:\\\/\\\/www.copealcoy.es\\\/es\\\/#\\\/schema\\\/person\\\/e777c87fa024e57d40170af9df39882c\"},\"headline\":\"Crea360 participa en un importante encuentro internacional Erasmus\",\"datePublished\":\"2021-11-24T11:04:06+00:00\",\"dateModified\":\"2021-11-24T17:53:52+00:00\",\"mainEntityOfPage\":{\"@id\":\"https:\\\/\\\/www.copealcoy.es\\\/es\\\/crea360-participa-en-un-importante-encuentro-internacional-erasmus\\\/\"},\"wordCount\":343,\"commentCount\":0,\"image\":{\"@id\":\"https:\\\/\\\/www.copealcoy.es\\\/es\\\/crea360-participa-en-un-importante-encuentro-internacional-erasmus\\\/#primaryimage\"},\"thumbnailUrl\":\"https:\\\/\\\/www.copealcoy.es\\\/wp-content\\\/uploads\\\/2021\\\/11\\\/259983322_1699351916933707_1491547956830095458_n.jpg\",\"keywords\":[\"Alicante\",\"Crea360\",\"encuentro internacional\",\"Erasmus\"],\"articleSection\":[\"Comarcas\",\"Noticias\"],\"inLanguage\":\"es\"},{\"@type\":\"WebPage\",\"@id\":\"https:\\\/\\\/www.copealcoy.es\\\/es\\\/crea360-participa-en-un-importante-encuentro-internacional-erasmus\\\/\",\"url\":\"https:\\\/\\\/www.copealcoy.es\\\/es\\\/crea360-participa-en-un-importante-encuentro-internacional-erasmus\\\/\",\"name\":\"Crea360 participa en un importante encuentro internacional Erasmus - COPE Alcoy\",\"isPartOf\":{\"@id\":\"https:\\\/\\\/www.copealcoy.es\\\/es\\\/#website\"},\"primaryImageOfPage\":{\"@id\":\"https:\\\/\\\/www.copealcoy.es\\\/es\\\/crea360-participa-en-un-importante-encuentro-internacional-erasmus\\\/#primaryimage\"},\"image\":{\"@id\":\"https:\\\/\\\/www.copealcoy.es\\\/es\\\/crea360-participa-en-un-importante-encuentro-internacional-erasmus\\\/#primaryimage\"},\"thumbnailUrl\":\"https:\\\/\\\/www.copealcoy.es\\\/wp-content\\\/uploads\\\/2021\\\/11\\\/259983322_1699351916933707_1491547956830095458_n.jpg\",\"datePublished\":\"2021-11-24T11:04:06+00:00\",\"dateModified\":\"2021-11-24T17:53:52+00:00\",\"author\":{\"@id\":\"https:\\\/\\\/www.copealcoy.es\\\/es\\\/#\\\/schema\\\/person\\\/e777c87fa024e57d40170af9df39882c\"},\"breadcrumb\":{\"@id\":\"https:\\\/\\\/www.copealcoy.es\\\/es\\\/crea360-participa-en-un-importante-encuentro-internacional-erasmus\\\/#breadcrumb\"},\"inLanguage\":\"es\",\"potentialAction\":[{\"@type\":\"ReadAction\",\"target\":[\"https:\\\/\\\/www.copealcoy.es\\\/es\\\/crea360-participa-en-un-importante-encuentro-internacional-erasmus\\\/\"]}]},{\"@type\":\"ImageObject\",\"inLanguage\":\"es\",\"@id\":\"https:\\\/\\\/www.copealcoy.es\\\/es\\\/crea360-participa-en-un-importante-encuentro-internacional-erasmus\\\/#primaryimage\",\"url\":\"https:\\\/\\\/www.copealcoy.es\\\/wp-content\\\/uploads\\\/2021\\\/11\\\/259983322_1699351916933707_1491547956830095458_n.jpg\",\"contentUrl\":\"https:\\\/\\\/www.copealcoy.es\\\/wp-content\\\/uploads\\\/2021\\\/11\\\/259983322_1699351916933707_1491547956830095458_n.jpg\",\"width\":1440,\"height\":1080},{\"@type\":\"BreadcrumbList\",\"@id\":\"https:\\\/\\\/www.copealcoy.es\\\/es\\\/crea360-participa-en-un-importante-encuentro-internacional-erasmus\\\/#breadcrumb\",\"itemListElement\":[{\"@type\":\"ListItem\",\"position\":1,\"name\":\"Portada\",\"item\":\"https:\\\/\\\/www.copealcoy.es\\\/es\\\/\"},{\"@type\":\"ListItem\",\"position\":2,\"name\":\"Crea360 participa en un importante encuentro internacional Erasmus\"}]},{\"@type\":\"WebSite\",\"@id\":\"https:\\\/\\\/www.copealcoy.es\\\/es\\\/#website\",\"url\":\"https:\\\/\\\/www.copealcoy.es\\\/es\\\/\",\"name\":\"COPE Alcoy\",\"description\":\"Emisora COPE de radio local con emisi\u00f3n online. Pont de Sant Jordi 8-10 03803 Alcoy\",\"potentialAction\":[{\"@type\":\"SearchAction\",\"target\":{\"@type\":\"EntryPoint\",\"urlTemplate\":\"https:\\\/\\\/www.copealcoy.es\\\/es\\\/?s={search_term_string}\"},\"query-input\":{\"@type\":\"PropertyValueSpecification\",\"valueRequired\":true,\"valueName\":\"search_term_string\"}}],\"inLanguage\":\"es\"},{\"@type\":\"Person\",\"@id\":\"https:\\\/\\\/www.copealcoy.es\\\/es\\\/#\\\/schema\\\/person\\\/e777c87fa024e57d40170af9df39882c\",\"name\":\"Cope Alcoy\",\"image\":{\"@type\":\"ImageObject\",\"inLanguage\":\"es\",\"@id\":\"https:\\\/\\\/secure.gravatar.com\\\/avatar\\\/bb65d0283347e303893ba14f0692005417c1e0e690a325a4c5d8bb2b3943ee14?s=96&d=mm&r=g\",\"url\":\"https:\\\/\\\/secure.gravatar.com\\\/avatar\\\/bb65d0283347e303893ba14f0692005417c1e0e690a325a4c5d8bb2b3943ee14?s=96&d=mm&r=g\",\"contentUrl\":\"https:\\\/\\\/secure.gravatar.com\\\/avatar\\\/bb65d0283347e303893ba14f0692005417c1e0e690a325a4c5d8bb2b3943ee14?s=96&d=mm&r=g\",\"caption\":\"Cope Alcoy\"}}]}<\/script>\n<!-- \/ Yoast SEO plugin. -->","yoast_head_json":{"title":"Crea360 participa en un importante encuentro internacional Erasmus - COPE Alcoy","robots":{"index":"index","follow":"follow","max-snippet":"max-snippet:-1","max-image-preview":"max-image-preview:large","max-video-preview":"max-video-preview:-1"},"canonical":"https:\/\/www.copealcoy.es\/es\/crea360-participa-en-un-importante-encuentro-internacional-erasmus\/","og_locale":"es_ES","og_type":"article","og_title":"Crea360 participa en un importante encuentro internacional Erasmus - COPE Alcoy","og_description":"La Sede Universitaria de la UA en Alicante acogi\u00f3 la pasada semana un encuentro internacional Erasmus sobre estrategias de pensamiento...","og_url":"https:\/\/www.copealcoy.es\/es\/crea360-participa-en-un-importante-encuentro-internacional-erasmus\/","og_site_name":"COPE Alcoy","article_published_time":"2021-11-24T11:04:06+00:00","article_modified_time":"2021-11-24T17:53:52+00:00","og_image":[{"width":1440,"height":1080,"url":"https:\/\/www.copealcoy.es\/wp-content\/uploads\/2021\/11\/259983322_1699351916933707_1491547956830095458_n.jpg","type":"image\/jpeg"}],"author":"Cope Alcoy","twitter_misc":{"Escrito por":"Cope Alcoy","Tiempo de lectura":"2 minutos"},"schema":{"@context":"https:\/\/schema.org","@graph":[{"@type":"Article","@id":"https:\/\/www.copealcoy.es\/es\/crea360-participa-en-un-importante-encuentro-internacional-erasmus\/#article","isPartOf":{"@id":"https:\/\/www.copealcoy.es\/es\/crea360-participa-en-un-importante-encuentro-internacional-erasmus\/"},"author":{"name":"Cope Alcoy","@id":"https:\/\/www.copealcoy.es\/es\/#\/schema\/person\/e777c87fa024e57d40170af9df39882c"},"headline":"Crea360 participa en un importante encuentro internacional Erasmus","datePublished":"2021-11-24T11:04:06+00:00","dateModified":"2021-11-24T17:53:52+00:00","mainEntityOfPage":{"@id":"https:\/\/www.copealcoy.es\/es\/crea360-participa-en-un-importante-encuentro-internacional-erasmus\/"},"wordCount":343,"commentCount":0,"image":{"@id":"https:\/\/www.copealcoy.es\/es\/crea360-participa-en-un-importante-encuentro-internacional-erasmus\/#primaryimage"},"thumbnailUrl":"https:\/\/www.copealcoy.es\/wp-content\/uploads\/2021\/11\/259983322_1699351916933707_1491547956830095458_n.jpg","keywords":["Alicante","Crea360","encuentro internacional","Erasmus"],"articleSection":["Comarcas","Noticias"],"inLanguage":"es"},{"@type":"WebPage","@id":"https:\/\/www.copealcoy.es\/es\/crea360-participa-en-un-importante-encuentro-internacional-erasmus\/","url":"https:\/\/www.copealcoy.es\/es\/crea360-participa-en-un-importante-encuentro-internacional-erasmus\/","name":"Crea360 participa en un importante encuentro internacional Erasmus - COPE Alcoy","isPartOf":{"@id":"https:\/\/www.copealcoy.es\/es\/#website"},"primaryImageOfPage":{"@id":"https:\/\/www.copealcoy.es\/es\/crea360-participa-en-un-importante-encuentro-internacional-erasmus\/#primaryimage"},"image":{"@id":"https:\/\/www.copealcoy.es\/es\/crea360-participa-en-un-importante-encuentro-internacional-erasmus\/#primaryimage"},"thumbnailUrl":"https:\/\/www.copealcoy.es\/wp-content\/uploads\/2021\/11\/259983322_1699351916933707_1491547956830095458_n.jpg","datePublished":"2021-11-24T11:04:06+00:00","dateModified":"2021-11-24T17:53:52+00:00","author":{"@id":"https:\/\/www.copealcoy.es\/es\/#\/schema\/person\/e777c87fa024e57d40170af9df39882c"},"breadcrumb":{"@id":"https:\/\/www.copealcoy.es\/es\/crea360-participa-en-un-importante-encuentro-internacional-erasmus\/#breadcrumb"},"inLanguage":"es","potentialAction":[{"@type":"ReadAction","target":["https:\/\/www.copealcoy.es\/es\/crea360-participa-en-un-importante-encuentro-internacional-erasmus\/"]}]},{"@type":"ImageObject","inLanguage":"es","@id":"https:\/\/www.copealcoy.es\/es\/crea360-participa-en-un-importante-encuentro-internacional-erasmus\/#primaryimage","url":"https:\/\/www.copealcoy.es\/wp-content\/uploads\/2021\/11\/259983322_1699351916933707_1491547956830095458_n.jpg","contentUrl":"https:\/\/www.copealcoy.es\/wp-content\/uploads\/2021\/11\/259983322_1699351916933707_1491547956830095458_n.jpg","width":1440,"height":1080},{"@type":"BreadcrumbList","@id":"https:\/\/www.copealcoy.es\/es\/crea360-participa-en-un-importante-encuentro-internacional-erasmus\/#breadcrumb","itemListElement":[{"@type":"ListItem","position":1,"name":"Portada","item":"https:\/\/www.copealcoy.es\/es\/"},{"@type":"ListItem","position":2,"name":"Crea360 participa en un importante encuentro internacional Erasmus"}]},{"@type":"WebSite","@id":"https:\/\/www.copealcoy.es\/es\/#website","url":"https:\/\/www.copealcoy.es\/es\/","name":"COPE Alcoy","description":"Emisora COPE de radio local con emisi\u00f3n online. Pont de Sant Jordi 8-10 03803 Alcoy","potentialAction":[{"@type":"SearchAction","target":{"@type":"EntryPoint","urlTemplate":"https:\/\/www.copealcoy.es\/es\/?s={search_term_string}"},"query-input":{"@type":"PropertyValueSpecification","valueRequired":true,"valueName":"search_term_string"}}],"inLanguage":"es"},{"@type":"Person","@id":"https:\/\/www.copealcoy.es\/es\/#\/schema\/person\/e777c87fa024e57d40170af9df39882c","name":"Cope Alcoy","image":{"@type":"ImageObject","inLanguage":"es","@id":"https:\/\/secure.gravatar.com\/avatar\/bb65d0283347e303893ba14f0692005417c1e0e690a325a4c5d8bb2b3943ee14?s=96&d=mm&r=g","url":"https:\/\/secure.gravatar.com\/avatar\/bb65d0283347e303893ba14f0692005417c1e0e690a325a4c5d8bb2b3943ee14?s=96&d=mm&r=g","contentUrl":"https:\/\/secure.gravatar.com\/avatar\/bb65d0283347e303893ba14f0692005417c1e0e690a325a4c5d8bb2b3943ee14?s=96&d=mm&r=g","caption":"Cope Alcoy"}}]}},"_links":{"self":[{"href":"https:\/\/www.copealcoy.es\/es\/wp-json\/wp\/v2\/posts\/80559","targetHints":{"allow":["GET"]}}],"collection":[{"href":"https:\/\/www.copealcoy.es\/es\/wp-json\/wp\/v2\/posts"}],"about":[{"href":"https:\/\/www.copealcoy.es\/es\/wp-json\/wp\/v2\/types\/post"}],"author":[{"embeddable":true,"href":"https:\/\/www.copealcoy.es\/es\/wp-json\/wp\/v2\/users\/1"}],"replies":[{"embeddable":true,"href":"https:\/\/www.copealcoy.es\/es\/wp-json\/wp\/v2\/comments?post=80559"}],"version-history":[{"count":0,"href":"https:\/\/www.copealcoy.es\/es\/wp-json\/wp\/v2\/posts\/80559\/revisions"}],"wp:featuredmedia":[{"embeddable":true,"href":"https:\/\/www.copealcoy.es\/es\/wp-json\/wp\/v2\/media\/80560"}],"wp:attachment":[{"href":"https:\/\/www.copealcoy.es\/es\/wp-json\/wp\/v2\/media?parent=80559"}],"wp:term":[{"taxonomy":"category","embeddable":true,"href":"https:\/\/www.copealcoy.es\/es\/wp-json\/wp\/v2\/categories?post=80559"},{"taxonomy":"post_tag","embeddable":true,"href":"https:\/\/www.copealcoy.es\/es\/wp-json\/wp\/v2\/tags?post=80559"}],"curies":[{"name":"wp","href":"https:\/\/api.w.org\/{rel}","templated":true}]}}