{"id":80532,"date":"2021-11-23T11:09:47","date_gmt":"2021-11-23T10:09:47","guid":{"rendered":"https:\/\/www.copealcoy.es\/?p=80532"},"modified":"2021-11-26T18:27:47","modified_gmt":"2021-11-26T17:27:47","slug":"nova-imatge-per-al-parc-de-les-fontanelletes-de-muro","status":"publish","type":"post","link":"https:\/\/www.copealcoy.es\/es\/nova-imatge-per-al-parc-de-les-fontanelletes-de-muro\/","title":{"rendered":"Nova imatge per al parc de Les Fontanelletes de Muro"},"content":{"rendered":"<p class=\"kvgmc6g5 cxmmr5t8 oygrvhab hcukyx3x c1et5uql ii04i59q\" style=\"text-align: justify;\">Les <strong>obres de renovaci\u00f3 del parc infantil de Les Fontanelletes de Muro<\/strong> ja han finalitzat segons han informat des del Consistori. Els treballs\u00a0han consistit en<strong> la col\u00b7locaci\u00f3 de nous joguets i un nou s\u00f2l de cautx\u00fa, <\/strong>una intervenci\u00f3 que les ha dotat d\u2019un caire m\u00e9s modern i actual.<\/p>\n<p class=\"kvgmc6g5 cxmmr5t8 oygrvhab hcukyx3x c1et5uql ii04i59q\" style=\"text-align: justify;\">El cost de la reforma executada durant les \u00faltimes setmanes <strong>ha sigut de 48.300 euros<\/strong>. Aiximateix s\u2019emmarca dins de <strong>la pol\u00edtica de millora i renovaci\u00f3 d\u2019espais p\u00fablics del govern municipal<\/strong> <strong>murer<\/strong> &#8220;<em>des de l\u2019Ajuntament esperem i desitgem que aquest renovat espai siga del gust dels nostres xiquets, i que contribu\u00efsca a la realitzaci\u00f3 de l\u2019exercici f\u00edsic tan vital per a tots<\/em>&#8220;, afirma el regidor; <strong>Kike Pascual<\/strong>.<\/p>\n<p style=\"text-align: justify;\">El <strong>Parc de les Fontanelletes<\/strong> <span style=\"color: #0000ff;\"><strong>fou inaugurat en desembre de 2014<\/strong><\/span> i en aquell moment va suposar una inversi\u00f3 pr\u00f3xima als 50.000 euros.<\/p>\n","protected":false},"excerpt":{"rendered":"<p>Les obres de renovaci\u00f3 del parc infantil de Les Fontanelletes de Muro ja han finalitzat segons han informat des del&#8230;<\/p>\n","protected":false},"author":1,"featured_media":80533,"comment_status":"open","ping_status":"open","sticky":false,"template":"","format":"standard","meta":{"footnotes":""},"categories":[98,75],"tags":[9937,135,11219,12130],"class_list":["post-80532","post","type-post","status-publish","format-standard","has-post-thumbnail","hentry","category-comarcas","category-noticias","tag-aparcament","tag-muro","tag-nova-imatge","tag-parc-fontanelletes"],"yoast_head":"<!-- This site is optimized with the Yoast SEO plugin v27.3 - https:\/\/yoast.com\/product\/yoast-seo-wordpress\/ -->\n<title>Nova imatge per al parc de Les Fontanelletes de Muro - COPE Alcoy<\/title>\n<meta name=\"robots\" content=\"index, follow, max-snippet:-1, max-image-preview:large, max-video-preview:-1\" \/>\n<link rel=\"canonical\" href=\"https:\/\/www.copealcoy.es\/es\/nova-imatge-per-al-parc-de-les-fontanelletes-de-muro\/\" \/>\n<meta property=\"og:locale\" content=\"es_ES\" \/>\n<meta property=\"og:type\" content=\"article\" \/>\n<meta property=\"og:title\" content=\"Nova imatge per al parc de Les Fontanelletes de Muro - COPE Alcoy\" \/>\n<meta property=\"og:description\" content=\"Les obres de renovaci\u00f3 del parc infantil de Les Fontanelletes de Muro ja han finalitzat segons han informat des del...\" \/>\n<meta property=\"og:url\" content=\"https:\/\/www.copealcoy.es\/es\/nova-imatge-per-al-parc-de-les-fontanelletes-de-muro\/\" \/>\n<meta property=\"og:site_name\" content=\"COPE Alcoy\" \/>\n<meta property=\"article:published_time\" content=\"2021-11-23T10:09:47+00:00\" \/>\n<meta property=\"article:modified_time\" content=\"2021-11-26T17:27:47+00:00\" \/>\n<meta property=\"og:image\" content=\"https:\/\/www.copealcoy.es\/wp-content\/uploads\/2021\/11\/258233390_1848601668674817_3757694839207075503_n.jpg\" \/>\n\t<meta property=\"og:image:width\" content=\"2048\" \/>\n\t<meta property=\"og:image:height\" content=\"1152\" \/>\n\t<meta property=\"og:image:type\" content=\"image\/jpeg\" \/>\n<meta name=\"author\" content=\"Cope Alcoy\" \/>\n<meta name=\"twitter:label1\" content=\"Escrito por\" \/>\n\t<meta name=\"twitter:data1\" content=\"Cope Alcoy\" \/>\n\t<meta name=\"twitter:label2\" content=\"Tiempo de lectura\" \/>\n\t<meta name=\"twitter:data2\" content=\"1 minuto\" \/>\n<script type=\"application\/ld+json\" class=\"yoast-schema-graph\">{\"@context\":\"https:\\\/\\\/schema.org\",\"@graph\":[{\"@type\":\"Article\",\"@id\":\"https:\\\/\\\/www.copealcoy.es\\\/es\\\/nova-imatge-per-al-parc-de-les-fontanelletes-de-muro\\\/#article\",\"isPartOf\":{\"@id\":\"https:\\\/\\\/www.copealcoy.es\\\/es\\\/nova-imatge-per-al-parc-de-les-fontanelletes-de-muro\\\/\"},\"author\":{\"name\":\"Cope Alcoy\",\"@id\":\"https:\\\/\\\/www.copealcoy.es\\\/es\\\/#\\\/schema\\\/person\\\/e777c87fa024e57d40170af9df39882c\"},\"headline\":\"Nova imatge per al parc de Les Fontanelletes de Muro\",\"datePublished\":\"2021-11-23T10:09:47+00:00\",\"dateModified\":\"2021-11-26T17:27:47+00:00\",\"mainEntityOfPage\":{\"@id\":\"https:\\\/\\\/www.copealcoy.es\\\/es\\\/nova-imatge-per-al-parc-de-les-fontanelletes-de-muro\\\/\"},\"wordCount\":158,\"commentCount\":0,\"image\":{\"@id\":\"https:\\\/\\\/www.copealcoy.es\\\/es\\\/nova-imatge-per-al-parc-de-les-fontanelletes-de-muro\\\/#primaryimage\"},\"thumbnailUrl\":\"https:\\\/\\\/www.copealcoy.es\\\/wp-content\\\/uploads\\\/2021\\\/11\\\/258233390_1848601668674817_3757694839207075503_n.jpg\",\"keywords\":[\"aparcament\",\"Muro\",\"nova imatge\",\"Parc Fontanelletes\"],\"articleSection\":[\"Comarcas\",\"Noticias\"],\"inLanguage\":\"es\"},{\"@type\":\"WebPage\",\"@id\":\"https:\\\/\\\/www.copealcoy.es\\\/es\\\/nova-imatge-per-al-parc-de-les-fontanelletes-de-muro\\\/\",\"url\":\"https:\\\/\\\/www.copealcoy.es\\\/es\\\/nova-imatge-per-al-parc-de-les-fontanelletes-de-muro\\\/\",\"name\":\"Nova imatge per al parc de Les Fontanelletes de Muro - COPE Alcoy\",\"isPartOf\":{\"@id\":\"https:\\\/\\\/www.copealcoy.es\\\/es\\\/#website\"},\"primaryImageOfPage\":{\"@id\":\"https:\\\/\\\/www.copealcoy.es\\\/es\\\/nova-imatge-per-al-parc-de-les-fontanelletes-de-muro\\\/#primaryimage\"},\"image\":{\"@id\":\"https:\\\/\\\/www.copealcoy.es\\\/es\\\/nova-imatge-per-al-parc-de-les-fontanelletes-de-muro\\\/#primaryimage\"},\"thumbnailUrl\":\"https:\\\/\\\/www.copealcoy.es\\\/wp-content\\\/uploads\\\/2021\\\/11\\\/258233390_1848601668674817_3757694839207075503_n.jpg\",\"datePublished\":\"2021-11-23T10:09:47+00:00\",\"dateModified\":\"2021-11-26T17:27:47+00:00\",\"author\":{\"@id\":\"https:\\\/\\\/www.copealcoy.es\\\/es\\\/#\\\/schema\\\/person\\\/e777c87fa024e57d40170af9df39882c\"},\"breadcrumb\":{\"@id\":\"https:\\\/\\\/www.copealcoy.es\\\/es\\\/nova-imatge-per-al-parc-de-les-fontanelletes-de-muro\\\/#breadcrumb\"},\"inLanguage\":\"es\",\"potentialAction\":[{\"@type\":\"ReadAction\",\"target\":[\"https:\\\/\\\/www.copealcoy.es\\\/es\\\/nova-imatge-per-al-parc-de-les-fontanelletes-de-muro\\\/\"]}]},{\"@type\":\"ImageObject\",\"inLanguage\":\"es\",\"@id\":\"https:\\\/\\\/www.copealcoy.es\\\/es\\\/nova-imatge-per-al-parc-de-les-fontanelletes-de-muro\\\/#primaryimage\",\"url\":\"https:\\\/\\\/www.copealcoy.es\\\/wp-content\\\/uploads\\\/2021\\\/11\\\/258233390_1848601668674817_3757694839207075503_n.jpg\",\"contentUrl\":\"https:\\\/\\\/www.copealcoy.es\\\/wp-content\\\/uploads\\\/2021\\\/11\\\/258233390_1848601668674817_3757694839207075503_n.jpg\",\"width\":2048,\"height\":1152},{\"@type\":\"BreadcrumbList\",\"@id\":\"https:\\\/\\\/www.copealcoy.es\\\/es\\\/nova-imatge-per-al-parc-de-les-fontanelletes-de-muro\\\/#breadcrumb\",\"itemListElement\":[{\"@type\":\"ListItem\",\"position\":1,\"name\":\"Portada\",\"item\":\"https:\\\/\\\/www.copealcoy.es\\\/es\\\/\"},{\"@type\":\"ListItem\",\"position\":2,\"name\":\"Nova imatge per al parc de Les Fontanelletes de Muro\"}]},{\"@type\":\"WebSite\",\"@id\":\"https:\\\/\\\/www.copealcoy.es\\\/es\\\/#website\",\"url\":\"https:\\\/\\\/www.copealcoy.es\\\/es\\\/\",\"name\":\"COPE Alcoy\",\"description\":\"Emisora COPE de radio local con emisi\u00f3n online. Pont de Sant Jordi 8-10 03803 Alcoy\",\"potentialAction\":[{\"@type\":\"SearchAction\",\"target\":{\"@type\":\"EntryPoint\",\"urlTemplate\":\"https:\\\/\\\/www.copealcoy.es\\\/es\\\/?s={search_term_string}\"},\"query-input\":{\"@type\":\"PropertyValueSpecification\",\"valueRequired\":true,\"valueName\":\"search_term_string\"}}],\"inLanguage\":\"es\"},{\"@type\":\"Person\",\"@id\":\"https:\\\/\\\/www.copealcoy.es\\\/es\\\/#\\\/schema\\\/person\\\/e777c87fa024e57d40170af9df39882c\",\"name\":\"Cope Alcoy\",\"image\":{\"@type\":\"ImageObject\",\"inLanguage\":\"es\",\"@id\":\"https:\\\/\\\/secure.gravatar.com\\\/avatar\\\/bb65d0283347e303893ba14f0692005417c1e0e690a325a4c5d8bb2b3943ee14?s=96&d=mm&r=g\",\"url\":\"https:\\\/\\\/secure.gravatar.com\\\/avatar\\\/bb65d0283347e303893ba14f0692005417c1e0e690a325a4c5d8bb2b3943ee14?s=96&d=mm&r=g\",\"contentUrl\":\"https:\\\/\\\/secure.gravatar.com\\\/avatar\\\/bb65d0283347e303893ba14f0692005417c1e0e690a325a4c5d8bb2b3943ee14?s=96&d=mm&r=g\",\"caption\":\"Cope Alcoy\"}}]}<\/script>\n<!-- \/ Yoast SEO plugin. -->","yoast_head_json":{"title":"Nova imatge per al parc de Les Fontanelletes de Muro - COPE Alcoy","robots":{"index":"index","follow":"follow","max-snippet":"max-snippet:-1","max-image-preview":"max-image-preview:large","max-video-preview":"max-video-preview:-1"},"canonical":"https:\/\/www.copealcoy.es\/es\/nova-imatge-per-al-parc-de-les-fontanelletes-de-muro\/","og_locale":"es_ES","og_type":"article","og_title":"Nova imatge per al parc de Les Fontanelletes de Muro - COPE Alcoy","og_description":"Les obres de renovaci\u00f3 del parc infantil de Les Fontanelletes de Muro ja han finalitzat segons han informat des del...","og_url":"https:\/\/www.copealcoy.es\/es\/nova-imatge-per-al-parc-de-les-fontanelletes-de-muro\/","og_site_name":"COPE Alcoy","article_published_time":"2021-11-23T10:09:47+00:00","article_modified_time":"2021-11-26T17:27:47+00:00","og_image":[{"width":2048,"height":1152,"url":"https:\/\/www.copealcoy.es\/wp-content\/uploads\/2021\/11\/258233390_1848601668674817_3757694839207075503_n.jpg","type":"image\/jpeg"}],"author":"Cope Alcoy","twitter_misc":{"Escrito por":"Cope Alcoy","Tiempo de lectura":"1 minuto"},"schema":{"@context":"https:\/\/schema.org","@graph":[{"@type":"Article","@id":"https:\/\/www.copealcoy.es\/es\/nova-imatge-per-al-parc-de-les-fontanelletes-de-muro\/#article","isPartOf":{"@id":"https:\/\/www.copealcoy.es\/es\/nova-imatge-per-al-parc-de-les-fontanelletes-de-muro\/"},"author":{"name":"Cope Alcoy","@id":"https:\/\/www.copealcoy.es\/es\/#\/schema\/person\/e777c87fa024e57d40170af9df39882c"},"headline":"Nova imatge per al parc de Les Fontanelletes de Muro","datePublished":"2021-11-23T10:09:47+00:00","dateModified":"2021-11-26T17:27:47+00:00","mainEntityOfPage":{"@id":"https:\/\/www.copealcoy.es\/es\/nova-imatge-per-al-parc-de-les-fontanelletes-de-muro\/"},"wordCount":158,"commentCount":0,"image":{"@id":"https:\/\/www.copealcoy.es\/es\/nova-imatge-per-al-parc-de-les-fontanelletes-de-muro\/#primaryimage"},"thumbnailUrl":"https:\/\/www.copealcoy.es\/wp-content\/uploads\/2021\/11\/258233390_1848601668674817_3757694839207075503_n.jpg","keywords":["aparcament","Muro","nova imatge","Parc Fontanelletes"],"articleSection":["Comarcas","Noticias"],"inLanguage":"es"},{"@type":"WebPage","@id":"https:\/\/www.copealcoy.es\/es\/nova-imatge-per-al-parc-de-les-fontanelletes-de-muro\/","url":"https:\/\/www.copealcoy.es\/es\/nova-imatge-per-al-parc-de-les-fontanelletes-de-muro\/","name":"Nova imatge per al parc de Les Fontanelletes de Muro - COPE Alcoy","isPartOf":{"@id":"https:\/\/www.copealcoy.es\/es\/#website"},"primaryImageOfPage":{"@id":"https:\/\/www.copealcoy.es\/es\/nova-imatge-per-al-parc-de-les-fontanelletes-de-muro\/#primaryimage"},"image":{"@id":"https:\/\/www.copealcoy.es\/es\/nova-imatge-per-al-parc-de-les-fontanelletes-de-muro\/#primaryimage"},"thumbnailUrl":"https:\/\/www.copealcoy.es\/wp-content\/uploads\/2021\/11\/258233390_1848601668674817_3757694839207075503_n.jpg","datePublished":"2021-11-23T10:09:47+00:00","dateModified":"2021-11-26T17:27:47+00:00","author":{"@id":"https:\/\/www.copealcoy.es\/es\/#\/schema\/person\/e777c87fa024e57d40170af9df39882c"},"breadcrumb":{"@id":"https:\/\/www.copealcoy.es\/es\/nova-imatge-per-al-parc-de-les-fontanelletes-de-muro\/#breadcrumb"},"inLanguage":"es","potentialAction":[{"@type":"ReadAction","target":["https:\/\/www.copealcoy.es\/es\/nova-imatge-per-al-parc-de-les-fontanelletes-de-muro\/"]}]},{"@type":"ImageObject","inLanguage":"es","@id":"https:\/\/www.copealcoy.es\/es\/nova-imatge-per-al-parc-de-les-fontanelletes-de-muro\/#primaryimage","url":"https:\/\/www.copealcoy.es\/wp-content\/uploads\/2021\/11\/258233390_1848601668674817_3757694839207075503_n.jpg","contentUrl":"https:\/\/www.copealcoy.es\/wp-content\/uploads\/2021\/11\/258233390_1848601668674817_3757694839207075503_n.jpg","width":2048,"height":1152},{"@type":"BreadcrumbList","@id":"https:\/\/www.copealcoy.es\/es\/nova-imatge-per-al-parc-de-les-fontanelletes-de-muro\/#breadcrumb","itemListElement":[{"@type":"ListItem","position":1,"name":"Portada","item":"https:\/\/www.copealcoy.es\/es\/"},{"@type":"ListItem","position":2,"name":"Nova imatge per al parc de Les Fontanelletes de Muro"}]},{"@type":"WebSite","@id":"https:\/\/www.copealcoy.es\/es\/#website","url":"https:\/\/www.copealcoy.es\/es\/","name":"COPE Alcoy","description":"Emisora COPE de radio local con emisi\u00f3n online. Pont de Sant Jordi 8-10 03803 Alcoy","potentialAction":[{"@type":"SearchAction","target":{"@type":"EntryPoint","urlTemplate":"https:\/\/www.copealcoy.es\/es\/?s={search_term_string}"},"query-input":{"@type":"PropertyValueSpecification","valueRequired":true,"valueName":"search_term_string"}}],"inLanguage":"es"},{"@type":"Person","@id":"https:\/\/www.copealcoy.es\/es\/#\/schema\/person\/e777c87fa024e57d40170af9df39882c","name":"Cope Alcoy","image":{"@type":"ImageObject","inLanguage":"es","@id":"https:\/\/secure.gravatar.com\/avatar\/bb65d0283347e303893ba14f0692005417c1e0e690a325a4c5d8bb2b3943ee14?s=96&d=mm&r=g","url":"https:\/\/secure.gravatar.com\/avatar\/bb65d0283347e303893ba14f0692005417c1e0e690a325a4c5d8bb2b3943ee14?s=96&d=mm&r=g","contentUrl":"https:\/\/secure.gravatar.com\/avatar\/bb65d0283347e303893ba14f0692005417c1e0e690a325a4c5d8bb2b3943ee14?s=96&d=mm&r=g","caption":"Cope Alcoy"}}]}},"_links":{"self":[{"href":"https:\/\/www.copealcoy.es\/es\/wp-json\/wp\/v2\/posts\/80532","targetHints":{"allow":["GET"]}}],"collection":[{"href":"https:\/\/www.copealcoy.es\/es\/wp-json\/wp\/v2\/posts"}],"about":[{"href":"https:\/\/www.copealcoy.es\/es\/wp-json\/wp\/v2\/types\/post"}],"author":[{"embeddable":true,"href":"https:\/\/www.copealcoy.es\/es\/wp-json\/wp\/v2\/users\/1"}],"replies":[{"embeddable":true,"href":"https:\/\/www.copealcoy.es\/es\/wp-json\/wp\/v2\/comments?post=80532"}],"version-history":[{"count":0,"href":"https:\/\/www.copealcoy.es\/es\/wp-json\/wp\/v2\/posts\/80532\/revisions"}],"wp:featuredmedia":[{"embeddable":true,"href":"https:\/\/www.copealcoy.es\/es\/wp-json\/wp\/v2\/media\/80533"}],"wp:attachment":[{"href":"https:\/\/www.copealcoy.es\/es\/wp-json\/wp\/v2\/media?parent=80532"}],"wp:term":[{"taxonomy":"category","embeddable":true,"href":"https:\/\/www.copealcoy.es\/es\/wp-json\/wp\/v2\/categories?post=80532"},{"taxonomy":"post_tag","embeddable":true,"href":"https:\/\/www.copealcoy.es\/es\/wp-json\/wp\/v2\/tags?post=80532"}],"curies":[{"name":"wp","href":"https:\/\/api.w.org\/{rel}","templated":true}]}}