{"id":80498,"date":"2021-11-23T12:02:49","date_gmt":"2021-11-23T11:02:49","guid":{"rendered":"https:\/\/www.copealcoy.es\/?p=80498"},"modified":"2021-11-23T12:19:56","modified_gmt":"2021-11-23T11:19:56","slug":"habra-una-nueva-funcion-de-vivir-asi-es-morir-de-amor","status":"publish","type":"post","link":"https:\/\/www.copealcoy.es\/es\/habra-una-nueva-funcion-de-vivir-asi-es-morir-de-amor\/","title":{"rendered":"Habr\u00e1 una nueva funci\u00f3n de &#8216;Vivir As\u00ed es Morir de Amor&#8217;"},"content":{"rendered":"<p style=\"text-align: justify;\">La <strong>gran acogida<\/strong> que est\u00e1 teniendo <strong>el estreno en Alcoy del musical &#8216;Vivir as\u00ed es morir de amor&#8217;<\/strong>, que <strong>rinde homenaje a nuestro a\u00f1orado Camilo Sesto<\/strong>, ha llevado a la organizaci\u00f3n del evento a <strong>programar una funci\u00f3n<\/strong> <strong>m\u00e1s<\/strong> entre las que ya estaban previstas en el calendario. La misma <strong>tendr\u00e1 lugar el s\u00e1bado 18 de diciembre a partir de las cinco de la tarde<\/strong> y con esta nueva entrega se pretende atender <strong>la elevada demanda de petici\u00f3n de entradas<\/strong> que se est\u00e1 dando desde ya hace semanas de cara a poder ver el montaje.<\/p>\n<p style=\"text-align: justify;\">Hay que recordar que el esperado y ansiado estreno tendr\u00e1 lugar en el emblem\u00e1tico <strong>Teatro Calder\u00f3n de Alcoy<\/strong>, <strong>del 15 al 19 de diciembre<\/strong>. Este espacio cultural alcoyano ya fue testigo en 2016 del acto en el que se le entreg\u00f3 a nuestro cantante m\u00e1s internacional la <strong>Medalla de Oro<\/strong> de la ciudad al mismo tiempo que se le nombr\u00f3 <strong>Hijo Predilecto<\/strong> de la Misma.<\/p>\n<p style=\"text-align: justify;\">En este musical, que despu\u00e9s recorrer\u00e1 las principales ciudades de Espa\u00f1a, participar\u00e1n <strong>artistas internacionales <\/strong>y<strong>\u00a0m\u00fasicos <\/strong><strong>que formaron parte de la banda original de Camilo.<\/strong> Entre ellos destacan <strong>Pino Rovereto, <\/strong>baterista y director musical durante sus numerosas giras por Latinoam\u00e9rica hasta el fin de sus d\u00edas.<\/p>\n<p style=\"text-align: justify;\">Los asistentes <strong>podr\u00e1n disfrutar y emocionarse con las canciones m\u00e1s emblem\u00e1ticas <\/strong>de nuestro artista m\u00e1s internacional. Todo ello <strong>englobado en una impresionante puesta en escena<\/strong> que incluir\u00e1 un escenario en diferentes alturas &#8220;t<em>en\u00edamos claro que hab\u00eda que hacer el estreno de esta superproducci\u00f3n en Alcoy, la ciudad de Camilo Sesto. La acogida ha sido absolutamente abrumadora<\/em>\u201d, asevera <strong>Juan Fran Senabre<\/strong>, director de Moon World y productor del espect\u00e1culo.<\/p>\n<p style=\"text-align: justify;\">Finalmente desde la organizaci\u00f3n confirman que <strong>durante la pr\u00f3xima semana dar\u00e1n comienzo los ensayos generales en Madrid<\/strong>. Ocho d\u00edas antes del estreno <strong>toda la compa\u00f1\u00eda se trasladar\u00e1 al Teatro Calder\u00f3n de Alcoy<\/strong> para continuar los ensayos, convivir y respirar la esencia de Camilo hasta el d\u00eda que suban al tel\u00f3n.<\/p>\n<p style=\"text-align: justify;\">Las entradas se pueden adquirir en la web oficial <strong><span style=\"color: #0000ff;\"><a style=\"color: #0000ff;\" href=\"http:\/\/www.vivirasiesmorirdeamor.com\">www.vivirasiesmorirdeamor.com, en ticketalcoi.com<\/a><\/span><\/strong> y en <strong>la taquilla del Teatro Calder\u00f3n<\/strong>.<\/p>\n","protected":false},"excerpt":{"rendered":"<p>La gran acogida que est\u00e1 teniendo el estreno en Alcoy del musical &#8216;Vivir as\u00ed es morir de amor&#8217;, que rinde&#8230;<\/p>\n","protected":false},"author":1,"featured_media":80504,"comment_status":"open","ping_status":"open","sticky":false,"template":"","format":"standard","meta":{"footnotes":""},"categories":[97,78,75],"tags":[11330,2559,8637,12105,1763],"class_list":["post-80498","post","type-post","status-publish","format-standard","has-post-thumbnail","hentry","category-alcoy","category-fiestaycultura","category-noticias","tag-vivir-asi-es-morir-de-amor","tag-camilo-sesto","tag-musical","tag-nuevas-funciones","tag-teatro-calderon"],"yoast_head":"<!-- This site is optimized with the Yoast SEO plugin v27.3 - https:\/\/yoast.com\/product\/yoast-seo-wordpress\/ -->\n<title>Habr\u00e1 una nueva funci\u00f3n de &#039;Vivir As\u00ed es Morir de Amor&#039; - COPE Alcoy<\/title>\n<meta name=\"robots\" content=\"index, follow, max-snippet:-1, max-image-preview:large, max-video-preview:-1\" \/>\n<link rel=\"canonical\" href=\"https:\/\/www.copealcoy.es\/es\/habra-una-nueva-funcion-de-vivir-asi-es-morir-de-amor\/\" \/>\n<meta property=\"og:locale\" content=\"es_ES\" \/>\n<meta property=\"og:type\" content=\"article\" \/>\n<meta property=\"og:title\" content=\"Habr\u00e1 una nueva funci\u00f3n de &#039;Vivir As\u00ed es Morir de Amor&#039; - COPE Alcoy\" \/>\n<meta property=\"og:description\" content=\"La gran acogida que est\u00e1 teniendo el estreno en Alcoy del musical &#8216;Vivir as\u00ed es morir de amor&#8217;, que rinde...\" \/>\n<meta property=\"og:url\" content=\"https:\/\/www.copealcoy.es\/es\/habra-una-nueva-funcion-de-vivir-asi-es-morir-de-amor\/\" \/>\n<meta property=\"og:site_name\" content=\"COPE Alcoy\" \/>\n<meta property=\"article:published_time\" content=\"2021-11-23T11:02:49+00:00\" \/>\n<meta property=\"article:modified_time\" content=\"2021-11-23T11:19:56+00:00\" \/>\n<meta property=\"og:image\" content=\"https:\/\/www.copealcoy.es\/wp-content\/uploads\/2021\/11\/18_vivir_asi.jpg\" \/>\n\t<meta property=\"og:image:width\" content=\"800\" \/>\n\t<meta property=\"og:image:height\" content=\"571\" \/>\n\t<meta property=\"og:image:type\" content=\"image\/jpeg\" \/>\n<meta name=\"author\" content=\"Cope Alcoy\" \/>\n<meta name=\"twitter:label1\" content=\"Escrito por\" \/>\n\t<meta name=\"twitter:data1\" content=\"Cope Alcoy\" \/>\n\t<meta name=\"twitter:label2\" content=\"Tiempo de lectura\" \/>\n\t<meta name=\"twitter:data2\" content=\"2 minutos\" \/>\n<script type=\"application\/ld+json\" class=\"yoast-schema-graph\">{\"@context\":\"https:\\\/\\\/schema.org\",\"@graph\":[{\"@type\":\"Article\",\"@id\":\"https:\\\/\\\/www.copealcoy.es\\\/es\\\/habra-una-nueva-funcion-de-vivir-asi-es-morir-de-amor\\\/#article\",\"isPartOf\":{\"@id\":\"https:\\\/\\\/www.copealcoy.es\\\/es\\\/habra-una-nueva-funcion-de-vivir-asi-es-morir-de-amor\\\/\"},\"author\":{\"name\":\"Cope Alcoy\",\"@id\":\"https:\\\/\\\/www.copealcoy.es\\\/es\\\/#\\\/schema\\\/person\\\/e777c87fa024e57d40170af9df39882c\"},\"headline\":\"Habr\u00e1 una nueva funci\u00f3n de &#8216;Vivir As\u00ed es Morir de Amor&#8217;\",\"datePublished\":\"2021-11-23T11:02:49+00:00\",\"dateModified\":\"2021-11-23T11:19:56+00:00\",\"mainEntityOfPage\":{\"@id\":\"https:\\\/\\\/www.copealcoy.es\\\/es\\\/habra-una-nueva-funcion-de-vivir-asi-es-morir-de-amor\\\/\"},\"wordCount\":385,\"commentCount\":0,\"image\":{\"@id\":\"https:\\\/\\\/www.copealcoy.es\\\/es\\\/habra-una-nueva-funcion-de-vivir-asi-es-morir-de-amor\\\/#primaryimage\"},\"thumbnailUrl\":\"https:\\\/\\\/www.copealcoy.es\\\/wp-content\\\/uploads\\\/2021\\\/11\\\/18_vivir_asi.jpg\",\"keywords\":[\"'Vivir as\u00ed es morir de amor'\",\"Camilo Sesto\",\"musical\",\"nuevas funciones\",\"Teatro Calder\u00f3n\"],\"articleSection\":[\"Alcoy\",\"Fiesta y Cultura\",\"Noticias\"],\"inLanguage\":\"es\"},{\"@type\":\"WebPage\",\"@id\":\"https:\\\/\\\/www.copealcoy.es\\\/es\\\/habra-una-nueva-funcion-de-vivir-asi-es-morir-de-amor\\\/\",\"url\":\"https:\\\/\\\/www.copealcoy.es\\\/es\\\/habra-una-nueva-funcion-de-vivir-asi-es-morir-de-amor\\\/\",\"name\":\"Habr\u00e1 una nueva funci\u00f3n de 'Vivir As\u00ed es Morir de Amor' - COPE Alcoy\",\"isPartOf\":{\"@id\":\"https:\\\/\\\/www.copealcoy.es\\\/es\\\/#website\"},\"primaryImageOfPage\":{\"@id\":\"https:\\\/\\\/www.copealcoy.es\\\/es\\\/habra-una-nueva-funcion-de-vivir-asi-es-morir-de-amor\\\/#primaryimage\"},\"image\":{\"@id\":\"https:\\\/\\\/www.copealcoy.es\\\/es\\\/habra-una-nueva-funcion-de-vivir-asi-es-morir-de-amor\\\/#primaryimage\"},\"thumbnailUrl\":\"https:\\\/\\\/www.copealcoy.es\\\/wp-content\\\/uploads\\\/2021\\\/11\\\/18_vivir_asi.jpg\",\"datePublished\":\"2021-11-23T11:02:49+00:00\",\"dateModified\":\"2021-11-23T11:19:56+00:00\",\"author\":{\"@id\":\"https:\\\/\\\/www.copealcoy.es\\\/es\\\/#\\\/schema\\\/person\\\/e777c87fa024e57d40170af9df39882c\"},\"breadcrumb\":{\"@id\":\"https:\\\/\\\/www.copealcoy.es\\\/es\\\/habra-una-nueva-funcion-de-vivir-asi-es-morir-de-amor\\\/#breadcrumb\"},\"inLanguage\":\"es\",\"potentialAction\":[{\"@type\":\"ReadAction\",\"target\":[\"https:\\\/\\\/www.copealcoy.es\\\/es\\\/habra-una-nueva-funcion-de-vivir-asi-es-morir-de-amor\\\/\"]}]},{\"@type\":\"ImageObject\",\"inLanguage\":\"es\",\"@id\":\"https:\\\/\\\/www.copealcoy.es\\\/es\\\/habra-una-nueva-funcion-de-vivir-asi-es-morir-de-amor\\\/#primaryimage\",\"url\":\"https:\\\/\\\/www.copealcoy.es\\\/wp-content\\\/uploads\\\/2021\\\/11\\\/18_vivir_asi.jpg\",\"contentUrl\":\"https:\\\/\\\/www.copealcoy.es\\\/wp-content\\\/uploads\\\/2021\\\/11\\\/18_vivir_asi.jpg\",\"width\":800,\"height\":571},{\"@type\":\"BreadcrumbList\",\"@id\":\"https:\\\/\\\/www.copealcoy.es\\\/es\\\/habra-una-nueva-funcion-de-vivir-asi-es-morir-de-amor\\\/#breadcrumb\",\"itemListElement\":[{\"@type\":\"ListItem\",\"position\":1,\"name\":\"Portada\",\"item\":\"https:\\\/\\\/www.copealcoy.es\\\/es\\\/\"},{\"@type\":\"ListItem\",\"position\":2,\"name\":\"Habr\u00e1 una nueva funci\u00f3n de &#8216;Vivir As\u00ed es Morir de Amor&#8217;\"}]},{\"@type\":\"WebSite\",\"@id\":\"https:\\\/\\\/www.copealcoy.es\\\/es\\\/#website\",\"url\":\"https:\\\/\\\/www.copealcoy.es\\\/es\\\/\",\"name\":\"COPE Alcoy\",\"description\":\"Emisora COPE de radio local con emisi\u00f3n online. Pont de Sant Jordi 8-10 03803 Alcoy\",\"potentialAction\":[{\"@type\":\"SearchAction\",\"target\":{\"@type\":\"EntryPoint\",\"urlTemplate\":\"https:\\\/\\\/www.copealcoy.es\\\/es\\\/?s={search_term_string}\"},\"query-input\":{\"@type\":\"PropertyValueSpecification\",\"valueRequired\":true,\"valueName\":\"search_term_string\"}}],\"inLanguage\":\"es\"},{\"@type\":\"Person\",\"@id\":\"https:\\\/\\\/www.copealcoy.es\\\/es\\\/#\\\/schema\\\/person\\\/e777c87fa024e57d40170af9df39882c\",\"name\":\"Cope Alcoy\",\"image\":{\"@type\":\"ImageObject\",\"inLanguage\":\"es\",\"@id\":\"https:\\\/\\\/secure.gravatar.com\\\/avatar\\\/bb65d0283347e303893ba14f0692005417c1e0e690a325a4c5d8bb2b3943ee14?s=96&d=mm&r=g\",\"url\":\"https:\\\/\\\/secure.gravatar.com\\\/avatar\\\/bb65d0283347e303893ba14f0692005417c1e0e690a325a4c5d8bb2b3943ee14?s=96&d=mm&r=g\",\"contentUrl\":\"https:\\\/\\\/secure.gravatar.com\\\/avatar\\\/bb65d0283347e303893ba14f0692005417c1e0e690a325a4c5d8bb2b3943ee14?s=96&d=mm&r=g\",\"caption\":\"Cope Alcoy\"}}]}<\/script>\n<!-- \/ Yoast SEO plugin. -->","yoast_head_json":{"title":"Habr\u00e1 una nueva funci\u00f3n de 'Vivir As\u00ed es Morir de Amor' - COPE Alcoy","robots":{"index":"index","follow":"follow","max-snippet":"max-snippet:-1","max-image-preview":"max-image-preview:large","max-video-preview":"max-video-preview:-1"},"canonical":"https:\/\/www.copealcoy.es\/es\/habra-una-nueva-funcion-de-vivir-asi-es-morir-de-amor\/","og_locale":"es_ES","og_type":"article","og_title":"Habr\u00e1 una nueva funci\u00f3n de 'Vivir As\u00ed es Morir de Amor' - COPE Alcoy","og_description":"La gran acogida que est\u00e1 teniendo el estreno en Alcoy del musical &#8216;Vivir as\u00ed es morir de amor&#8217;, que rinde...","og_url":"https:\/\/www.copealcoy.es\/es\/habra-una-nueva-funcion-de-vivir-asi-es-morir-de-amor\/","og_site_name":"COPE Alcoy","article_published_time":"2021-11-23T11:02:49+00:00","article_modified_time":"2021-11-23T11:19:56+00:00","og_image":[{"width":800,"height":571,"url":"https:\/\/www.copealcoy.es\/wp-content\/uploads\/2021\/11\/18_vivir_asi.jpg","type":"image\/jpeg"}],"author":"Cope Alcoy","twitter_misc":{"Escrito por":"Cope Alcoy","Tiempo de lectura":"2 minutos"},"schema":{"@context":"https:\/\/schema.org","@graph":[{"@type":"Article","@id":"https:\/\/www.copealcoy.es\/es\/habra-una-nueva-funcion-de-vivir-asi-es-morir-de-amor\/#article","isPartOf":{"@id":"https:\/\/www.copealcoy.es\/es\/habra-una-nueva-funcion-de-vivir-asi-es-morir-de-amor\/"},"author":{"name":"Cope Alcoy","@id":"https:\/\/www.copealcoy.es\/es\/#\/schema\/person\/e777c87fa024e57d40170af9df39882c"},"headline":"Habr\u00e1 una nueva funci\u00f3n de &#8216;Vivir As\u00ed es Morir de Amor&#8217;","datePublished":"2021-11-23T11:02:49+00:00","dateModified":"2021-11-23T11:19:56+00:00","mainEntityOfPage":{"@id":"https:\/\/www.copealcoy.es\/es\/habra-una-nueva-funcion-de-vivir-asi-es-morir-de-amor\/"},"wordCount":385,"commentCount":0,"image":{"@id":"https:\/\/www.copealcoy.es\/es\/habra-una-nueva-funcion-de-vivir-asi-es-morir-de-amor\/#primaryimage"},"thumbnailUrl":"https:\/\/www.copealcoy.es\/wp-content\/uploads\/2021\/11\/18_vivir_asi.jpg","keywords":["'Vivir as\u00ed es morir de amor'","Camilo Sesto","musical","nuevas funciones","Teatro Calder\u00f3n"],"articleSection":["Alcoy","Fiesta y Cultura","Noticias"],"inLanguage":"es"},{"@type":"WebPage","@id":"https:\/\/www.copealcoy.es\/es\/habra-una-nueva-funcion-de-vivir-asi-es-morir-de-amor\/","url":"https:\/\/www.copealcoy.es\/es\/habra-una-nueva-funcion-de-vivir-asi-es-morir-de-amor\/","name":"Habr\u00e1 una nueva funci\u00f3n de 'Vivir As\u00ed es Morir de Amor' - COPE Alcoy","isPartOf":{"@id":"https:\/\/www.copealcoy.es\/es\/#website"},"primaryImageOfPage":{"@id":"https:\/\/www.copealcoy.es\/es\/habra-una-nueva-funcion-de-vivir-asi-es-morir-de-amor\/#primaryimage"},"image":{"@id":"https:\/\/www.copealcoy.es\/es\/habra-una-nueva-funcion-de-vivir-asi-es-morir-de-amor\/#primaryimage"},"thumbnailUrl":"https:\/\/www.copealcoy.es\/wp-content\/uploads\/2021\/11\/18_vivir_asi.jpg","datePublished":"2021-11-23T11:02:49+00:00","dateModified":"2021-11-23T11:19:56+00:00","author":{"@id":"https:\/\/www.copealcoy.es\/es\/#\/schema\/person\/e777c87fa024e57d40170af9df39882c"},"breadcrumb":{"@id":"https:\/\/www.copealcoy.es\/es\/habra-una-nueva-funcion-de-vivir-asi-es-morir-de-amor\/#breadcrumb"},"inLanguage":"es","potentialAction":[{"@type":"ReadAction","target":["https:\/\/www.copealcoy.es\/es\/habra-una-nueva-funcion-de-vivir-asi-es-morir-de-amor\/"]}]},{"@type":"ImageObject","inLanguage":"es","@id":"https:\/\/www.copealcoy.es\/es\/habra-una-nueva-funcion-de-vivir-asi-es-morir-de-amor\/#primaryimage","url":"https:\/\/www.copealcoy.es\/wp-content\/uploads\/2021\/11\/18_vivir_asi.jpg","contentUrl":"https:\/\/www.copealcoy.es\/wp-content\/uploads\/2021\/11\/18_vivir_asi.jpg","width":800,"height":571},{"@type":"BreadcrumbList","@id":"https:\/\/www.copealcoy.es\/es\/habra-una-nueva-funcion-de-vivir-asi-es-morir-de-amor\/#breadcrumb","itemListElement":[{"@type":"ListItem","position":1,"name":"Portada","item":"https:\/\/www.copealcoy.es\/es\/"},{"@type":"ListItem","position":2,"name":"Habr\u00e1 una nueva funci\u00f3n de &#8216;Vivir As\u00ed es Morir de Amor&#8217;"}]},{"@type":"WebSite","@id":"https:\/\/www.copealcoy.es\/es\/#website","url":"https:\/\/www.copealcoy.es\/es\/","name":"COPE Alcoy","description":"Emisora COPE de radio local con emisi\u00f3n online. Pont de Sant Jordi 8-10 03803 Alcoy","potentialAction":[{"@type":"SearchAction","target":{"@type":"EntryPoint","urlTemplate":"https:\/\/www.copealcoy.es\/es\/?s={search_term_string}"},"query-input":{"@type":"PropertyValueSpecification","valueRequired":true,"valueName":"search_term_string"}}],"inLanguage":"es"},{"@type":"Person","@id":"https:\/\/www.copealcoy.es\/es\/#\/schema\/person\/e777c87fa024e57d40170af9df39882c","name":"Cope Alcoy","image":{"@type":"ImageObject","inLanguage":"es","@id":"https:\/\/secure.gravatar.com\/avatar\/bb65d0283347e303893ba14f0692005417c1e0e690a325a4c5d8bb2b3943ee14?s=96&d=mm&r=g","url":"https:\/\/secure.gravatar.com\/avatar\/bb65d0283347e303893ba14f0692005417c1e0e690a325a4c5d8bb2b3943ee14?s=96&d=mm&r=g","contentUrl":"https:\/\/secure.gravatar.com\/avatar\/bb65d0283347e303893ba14f0692005417c1e0e690a325a4c5d8bb2b3943ee14?s=96&d=mm&r=g","caption":"Cope Alcoy"}}]}},"_links":{"self":[{"href":"https:\/\/www.copealcoy.es\/es\/wp-json\/wp\/v2\/posts\/80498","targetHints":{"allow":["GET"]}}],"collection":[{"href":"https:\/\/www.copealcoy.es\/es\/wp-json\/wp\/v2\/posts"}],"about":[{"href":"https:\/\/www.copealcoy.es\/es\/wp-json\/wp\/v2\/types\/post"}],"author":[{"embeddable":true,"href":"https:\/\/www.copealcoy.es\/es\/wp-json\/wp\/v2\/users\/1"}],"replies":[{"embeddable":true,"href":"https:\/\/www.copealcoy.es\/es\/wp-json\/wp\/v2\/comments?post=80498"}],"version-history":[{"count":0,"href":"https:\/\/www.copealcoy.es\/es\/wp-json\/wp\/v2\/posts\/80498\/revisions"}],"wp:featuredmedia":[{"embeddable":true,"href":"https:\/\/www.copealcoy.es\/es\/wp-json\/wp\/v2\/media\/80504"}],"wp:attachment":[{"href":"https:\/\/www.copealcoy.es\/es\/wp-json\/wp\/v2\/media?parent=80498"}],"wp:term":[{"taxonomy":"category","embeddable":true,"href":"https:\/\/www.copealcoy.es\/es\/wp-json\/wp\/v2\/categories?post=80498"},{"taxonomy":"post_tag","embeddable":true,"href":"https:\/\/www.copealcoy.es\/es\/wp-json\/wp\/v2\/tags?post=80498"}],"curies":[{"name":"wp","href":"https:\/\/api.w.org\/{rel}","templated":true}]}}