{"id":80482,"date":"2021-11-22T16:53:14","date_gmt":"2021-11-22T15:53:14","guid":{"rendered":"https:\/\/www.copealcoy.es\/?p=80482"},"modified":"2021-11-22T17:17:43","modified_gmt":"2021-11-22T16:17:43","slug":"eneas-gonzalez-en-el-ad-espanol-somos-una-familia","status":"publish","type":"post","link":"https:\/\/www.copealcoy.es\/es\/eneas-gonzalez-en-el-ad-espanol-somos-una-familia\/","title":{"rendered":"Eneas Gonz\u00e1lez: &#8220;en el AD Espa\u00f1ol somos una familia&#8221;"},"content":{"rendered":"<p style=\"text-align: justify;\">La <strong>Agrupaci\u00f3n Deportiva Espa\u00f1ol de Alcoy<\/strong> est\u00e1 celebrando<strong> su 75 aniversario<\/strong> y en #Mediod\u00edaCope <strong>hemos recordado los or\u00edgenes<\/strong> de una instituci\u00f3n que ha conseguido <strong>importantes hitos<\/strong> a lo largo de su trayectoria. Entre las actividades que se est\u00e1n llevando a cabo destaca <strong>una interesante exposici\u00f3n<\/strong>, que se ubica en el Centro Comercial Alzamora, y en la que podemos descubrir <strong>la historia de la entidad as\u00ed como objetos curiosos<\/strong> relacionados con la misma.<\/p>\n<p style=\"text-align: justify;\">Al margen de esto, el pasado s\u00e1bado llevaron a cabo <strong>una jornada repleta de momentos emotivos<\/strong> que arranc\u00f3 en la Plaza de Espa\u00f1a con <strong>una gran foto de familia <\/strong>en la que estuvieron presentes los que actualmente forman parte del AD Espa\u00f1ol y aquellos que en alg\u00fan momento estuvieron vinculados al club. Seguidamente <strong>hubo un almuerzo<\/strong> en el que<strong> se entregaron varios reconocimientos<\/strong> al mismo tiempo que <strong>se hizo un homenaje a figuras veteranas de la entidad<\/strong> como por ejemplo <strong>Antonio Gisbert Pi\u00f1ol \u201cDix\u201d<\/strong>. Este \u00faltimo ha formado parte del Espa\u00f1ol desde su fundaci\u00f3n en 1946 <em>&#8220;en el Espa\u00f1ol somos una gran familia y mantenemos una estrecha amistad que sobrepasa el \u00e1mbito deportivo. Cualquier integrante que tiene un problema o necesidad la comparte con el resto y siempre nos ayudamos entre todos<\/em>&#8220;, ha destacado en COPE ALCOY en este mismo lunes <strong>Eneas Gonz\u00e1lez<\/strong>; miembro del AD Espa\u00f1ol y de la Comisi\u00f3n del 75 Aniversario.<\/p>\n<p style=\"text-align: justify;\">El Espa\u00f1ol, <strong>que en 2021 se adjudic\u00f3 la liga y el Trofeo Rel\u00e1mpago<\/strong>, realiz\u00f3 en septiembre <strong>otras actividades<\/strong> con ocasi\u00f3n de sus 75 a\u00f1os como la celebraci\u00f3n de un torneo conmemorativo y un homenaje al f\u00fatbol local. Todo ello <strong>se sumar\u00e1 a otras propuestas<\/strong> que se dar\u00e1n a conocer pr\u00f3ximamente.<\/p>\n<p>Escucha <strong>la entrevista al AD Espa\u00f1ol<\/strong> a partir del minuto 27:00:<\/p>\n<p><iframe loading=\"lazy\" title=\"Mediod\u00eda Cope Alcoy Lunes 22 De Noviembre 2021 (12:50h)\" width=\"100%\" height=\"120\" src=\"https:\/\/www.mixcloud.com\/widget\/iframe\/?feed=https%3A%2F%2Fwww.mixcloud.com%2FCOPEAlcoy%2Fmediod%25C3%25ADa-cope-alcoy-lunes-22-de-noviembre-2021-1250h%2F&amp;hide_cover=1\" frameborder=\"0\"><\/iframe><\/p>\n","protected":false},"excerpt":{"rendered":"<p>La Agrupaci\u00f3n Deportiva Espa\u00f1ol de Alcoy est\u00e1 celebrando su 75 aniversario y en #Mediod\u00edaCope hemos recordado los or\u00edgenes de una&#8230;<\/p>\n","protected":false},"author":1,"featured_media":80483,"comment_status":"open","ping_status":"open","sticky":false,"template":"","format":"standard","meta":{"footnotes":""},"categories":[97,92,75],"tags":[2640,12103,1494,12102],"class_list":["post-80482","post","type-post","status-publish","format-standard","has-post-thumbnail","hentry","category-alcoy","category-deportes","category-noticias","tag-75-aniversario","tag-ad-espanol","tag-alcoy","tag-eneas-gonzalez"],"yoast_head":"<!-- This site is optimized with the Yoast SEO plugin v27.3 - https:\/\/yoast.com\/product\/yoast-seo-wordpress\/ -->\n<title>Eneas Gonz\u00e1lez: &quot;en el AD Espa\u00f1ol somos una familia&quot; - COPE Alcoy<\/title>\n<meta name=\"robots\" content=\"index, follow, max-snippet:-1, max-image-preview:large, max-video-preview:-1\" \/>\n<link rel=\"canonical\" href=\"https:\/\/www.copealcoy.es\/es\/eneas-gonzalez-en-el-ad-espanol-somos-una-familia\/\" \/>\n<meta property=\"og:locale\" content=\"es_ES\" \/>\n<meta property=\"og:type\" content=\"article\" \/>\n<meta property=\"og:title\" content=\"Eneas Gonz\u00e1lez: &quot;en el AD Espa\u00f1ol somos una familia&quot; - COPE Alcoy\" \/>\n<meta property=\"og:description\" content=\"La Agrupaci\u00f3n Deportiva Espa\u00f1ol de Alcoy est\u00e1 celebrando su 75 aniversario y en #Mediod\u00edaCope hemos recordado los or\u00edgenes de una...\" \/>\n<meta property=\"og:url\" content=\"https:\/\/www.copealcoy.es\/es\/eneas-gonzalez-en-el-ad-espanol-somos-una-familia\/\" \/>\n<meta property=\"og:site_name\" content=\"COPE Alcoy\" \/>\n<meta property=\"article:published_time\" content=\"2021-11-22T15:53:14+00:00\" \/>\n<meta property=\"article:modified_time\" content=\"2021-11-22T16:17:43+00:00\" \/>\n<meta property=\"og:image\" content=\"https:\/\/www.copealcoy.es\/wp-content\/uploads\/2021\/11\/259808692_10226105013001886_5143629420991782619_n.jpg\" \/>\n\t<meta property=\"og:image:width\" content=\"960\" \/>\n\t<meta property=\"og:image:height\" content=\"540\" \/>\n\t<meta property=\"og:image:type\" content=\"image\/jpeg\" \/>\n<meta name=\"author\" content=\"Cope Alcoy\" \/>\n<meta name=\"twitter:label1\" content=\"Escrito por\" \/>\n\t<meta name=\"twitter:data1\" content=\"Cope Alcoy\" \/>\n\t<meta name=\"twitter:label2\" content=\"Tiempo de lectura\" \/>\n\t<meta name=\"twitter:data2\" content=\"2 minutos\" \/>\n<script type=\"application\/ld+json\" class=\"yoast-schema-graph\">{\"@context\":\"https:\\\/\\\/schema.org\",\"@graph\":[{\"@type\":\"Article\",\"@id\":\"https:\\\/\\\/www.copealcoy.es\\\/es\\\/eneas-gonzalez-en-el-ad-espanol-somos-una-familia\\\/#article\",\"isPartOf\":{\"@id\":\"https:\\\/\\\/www.copealcoy.es\\\/es\\\/eneas-gonzalez-en-el-ad-espanol-somos-una-familia\\\/\"},\"author\":{\"name\":\"Cope Alcoy\",\"@id\":\"https:\\\/\\\/www.copealcoy.es\\\/es\\\/#\\\/schema\\\/person\\\/e777c87fa024e57d40170af9df39882c\"},\"headline\":\"Eneas Gonz\u00e1lez: &#8220;en el AD Espa\u00f1ol somos una familia&#8221;\",\"datePublished\":\"2021-11-22T15:53:14+00:00\",\"dateModified\":\"2021-11-22T16:17:43+00:00\",\"mainEntityOfPage\":{\"@id\":\"https:\\\/\\\/www.copealcoy.es\\\/es\\\/eneas-gonzalez-en-el-ad-espanol-somos-una-familia\\\/\"},\"wordCount\":329,\"commentCount\":0,\"image\":{\"@id\":\"https:\\\/\\\/www.copealcoy.es\\\/es\\\/eneas-gonzalez-en-el-ad-espanol-somos-una-familia\\\/#primaryimage\"},\"thumbnailUrl\":\"https:\\\/\\\/www.copealcoy.es\\\/wp-content\\\/uploads\\\/2021\\\/11\\\/259808692_10226105013001886_5143629420991782619_n.jpg\",\"keywords\":[\"75 aniversario\",\"AD Espa\u00f1ol\",\"Alcoy\",\"Eneas Gonz\u00e1lez\"],\"articleSection\":[\"Alcoy\",\"Deportes\",\"Noticias\"],\"inLanguage\":\"es\"},{\"@type\":\"WebPage\",\"@id\":\"https:\\\/\\\/www.copealcoy.es\\\/es\\\/eneas-gonzalez-en-el-ad-espanol-somos-una-familia\\\/\",\"url\":\"https:\\\/\\\/www.copealcoy.es\\\/es\\\/eneas-gonzalez-en-el-ad-espanol-somos-una-familia\\\/\",\"name\":\"Eneas Gonz\u00e1lez: \\\"en el AD Espa\u00f1ol somos una familia\\\" - COPE Alcoy\",\"isPartOf\":{\"@id\":\"https:\\\/\\\/www.copealcoy.es\\\/es\\\/#website\"},\"primaryImageOfPage\":{\"@id\":\"https:\\\/\\\/www.copealcoy.es\\\/es\\\/eneas-gonzalez-en-el-ad-espanol-somos-una-familia\\\/#primaryimage\"},\"image\":{\"@id\":\"https:\\\/\\\/www.copealcoy.es\\\/es\\\/eneas-gonzalez-en-el-ad-espanol-somos-una-familia\\\/#primaryimage\"},\"thumbnailUrl\":\"https:\\\/\\\/www.copealcoy.es\\\/wp-content\\\/uploads\\\/2021\\\/11\\\/259808692_10226105013001886_5143629420991782619_n.jpg\",\"datePublished\":\"2021-11-22T15:53:14+00:00\",\"dateModified\":\"2021-11-22T16:17:43+00:00\",\"author\":{\"@id\":\"https:\\\/\\\/www.copealcoy.es\\\/es\\\/#\\\/schema\\\/person\\\/e777c87fa024e57d40170af9df39882c\"},\"breadcrumb\":{\"@id\":\"https:\\\/\\\/www.copealcoy.es\\\/es\\\/eneas-gonzalez-en-el-ad-espanol-somos-una-familia\\\/#breadcrumb\"},\"inLanguage\":\"es\",\"potentialAction\":[{\"@type\":\"ReadAction\",\"target\":[\"https:\\\/\\\/www.copealcoy.es\\\/es\\\/eneas-gonzalez-en-el-ad-espanol-somos-una-familia\\\/\"]}]},{\"@type\":\"ImageObject\",\"inLanguage\":\"es\",\"@id\":\"https:\\\/\\\/www.copealcoy.es\\\/es\\\/eneas-gonzalez-en-el-ad-espanol-somos-una-familia\\\/#primaryimage\",\"url\":\"https:\\\/\\\/www.copealcoy.es\\\/wp-content\\\/uploads\\\/2021\\\/11\\\/259808692_10226105013001886_5143629420991782619_n.jpg\",\"contentUrl\":\"https:\\\/\\\/www.copealcoy.es\\\/wp-content\\\/uploads\\\/2021\\\/11\\\/259808692_10226105013001886_5143629420991782619_n.jpg\",\"width\":960,\"height\":540},{\"@type\":\"BreadcrumbList\",\"@id\":\"https:\\\/\\\/www.copealcoy.es\\\/es\\\/eneas-gonzalez-en-el-ad-espanol-somos-una-familia\\\/#breadcrumb\",\"itemListElement\":[{\"@type\":\"ListItem\",\"position\":1,\"name\":\"Portada\",\"item\":\"https:\\\/\\\/www.copealcoy.es\\\/es\\\/\"},{\"@type\":\"ListItem\",\"position\":2,\"name\":\"Eneas Gonz\u00e1lez: &#8220;en el AD Espa\u00f1ol somos una familia&#8221;\"}]},{\"@type\":\"WebSite\",\"@id\":\"https:\\\/\\\/www.copealcoy.es\\\/es\\\/#website\",\"url\":\"https:\\\/\\\/www.copealcoy.es\\\/es\\\/\",\"name\":\"COPE Alcoy\",\"description\":\"Emisora COPE de radio local con emisi\u00f3n online. Pont de Sant Jordi 8-10 03803 Alcoy\",\"potentialAction\":[{\"@type\":\"SearchAction\",\"target\":{\"@type\":\"EntryPoint\",\"urlTemplate\":\"https:\\\/\\\/www.copealcoy.es\\\/es\\\/?s={search_term_string}\"},\"query-input\":{\"@type\":\"PropertyValueSpecification\",\"valueRequired\":true,\"valueName\":\"search_term_string\"}}],\"inLanguage\":\"es\"},{\"@type\":\"Person\",\"@id\":\"https:\\\/\\\/www.copealcoy.es\\\/es\\\/#\\\/schema\\\/person\\\/e777c87fa024e57d40170af9df39882c\",\"name\":\"Cope Alcoy\",\"image\":{\"@type\":\"ImageObject\",\"inLanguage\":\"es\",\"@id\":\"https:\\\/\\\/secure.gravatar.com\\\/avatar\\\/bb65d0283347e303893ba14f0692005417c1e0e690a325a4c5d8bb2b3943ee14?s=96&d=mm&r=g\",\"url\":\"https:\\\/\\\/secure.gravatar.com\\\/avatar\\\/bb65d0283347e303893ba14f0692005417c1e0e690a325a4c5d8bb2b3943ee14?s=96&d=mm&r=g\",\"contentUrl\":\"https:\\\/\\\/secure.gravatar.com\\\/avatar\\\/bb65d0283347e303893ba14f0692005417c1e0e690a325a4c5d8bb2b3943ee14?s=96&d=mm&r=g\",\"caption\":\"Cope Alcoy\"}}]}<\/script>\n<!-- \/ Yoast SEO plugin. -->","yoast_head_json":{"title":"Eneas Gonz\u00e1lez: \"en el AD Espa\u00f1ol somos una familia\" - COPE Alcoy","robots":{"index":"index","follow":"follow","max-snippet":"max-snippet:-1","max-image-preview":"max-image-preview:large","max-video-preview":"max-video-preview:-1"},"canonical":"https:\/\/www.copealcoy.es\/es\/eneas-gonzalez-en-el-ad-espanol-somos-una-familia\/","og_locale":"es_ES","og_type":"article","og_title":"Eneas Gonz\u00e1lez: \"en el AD Espa\u00f1ol somos una familia\" - COPE Alcoy","og_description":"La Agrupaci\u00f3n Deportiva Espa\u00f1ol de Alcoy est\u00e1 celebrando su 75 aniversario y en #Mediod\u00edaCope hemos recordado los or\u00edgenes de una...","og_url":"https:\/\/www.copealcoy.es\/es\/eneas-gonzalez-en-el-ad-espanol-somos-una-familia\/","og_site_name":"COPE Alcoy","article_published_time":"2021-11-22T15:53:14+00:00","article_modified_time":"2021-11-22T16:17:43+00:00","og_image":[{"width":960,"height":540,"url":"https:\/\/www.copealcoy.es\/wp-content\/uploads\/2021\/11\/259808692_10226105013001886_5143629420991782619_n.jpg","type":"image\/jpeg"}],"author":"Cope Alcoy","twitter_misc":{"Escrito por":"Cope Alcoy","Tiempo de lectura":"2 minutos"},"schema":{"@context":"https:\/\/schema.org","@graph":[{"@type":"Article","@id":"https:\/\/www.copealcoy.es\/es\/eneas-gonzalez-en-el-ad-espanol-somos-una-familia\/#article","isPartOf":{"@id":"https:\/\/www.copealcoy.es\/es\/eneas-gonzalez-en-el-ad-espanol-somos-una-familia\/"},"author":{"name":"Cope Alcoy","@id":"https:\/\/www.copealcoy.es\/es\/#\/schema\/person\/e777c87fa024e57d40170af9df39882c"},"headline":"Eneas Gonz\u00e1lez: &#8220;en el AD Espa\u00f1ol somos una familia&#8221;","datePublished":"2021-11-22T15:53:14+00:00","dateModified":"2021-11-22T16:17:43+00:00","mainEntityOfPage":{"@id":"https:\/\/www.copealcoy.es\/es\/eneas-gonzalez-en-el-ad-espanol-somos-una-familia\/"},"wordCount":329,"commentCount":0,"image":{"@id":"https:\/\/www.copealcoy.es\/es\/eneas-gonzalez-en-el-ad-espanol-somos-una-familia\/#primaryimage"},"thumbnailUrl":"https:\/\/www.copealcoy.es\/wp-content\/uploads\/2021\/11\/259808692_10226105013001886_5143629420991782619_n.jpg","keywords":["75 aniversario","AD Espa\u00f1ol","Alcoy","Eneas Gonz\u00e1lez"],"articleSection":["Alcoy","Deportes","Noticias"],"inLanguage":"es"},{"@type":"WebPage","@id":"https:\/\/www.copealcoy.es\/es\/eneas-gonzalez-en-el-ad-espanol-somos-una-familia\/","url":"https:\/\/www.copealcoy.es\/es\/eneas-gonzalez-en-el-ad-espanol-somos-una-familia\/","name":"Eneas Gonz\u00e1lez: \"en el AD Espa\u00f1ol somos una familia\" - COPE Alcoy","isPartOf":{"@id":"https:\/\/www.copealcoy.es\/es\/#website"},"primaryImageOfPage":{"@id":"https:\/\/www.copealcoy.es\/es\/eneas-gonzalez-en-el-ad-espanol-somos-una-familia\/#primaryimage"},"image":{"@id":"https:\/\/www.copealcoy.es\/es\/eneas-gonzalez-en-el-ad-espanol-somos-una-familia\/#primaryimage"},"thumbnailUrl":"https:\/\/www.copealcoy.es\/wp-content\/uploads\/2021\/11\/259808692_10226105013001886_5143629420991782619_n.jpg","datePublished":"2021-11-22T15:53:14+00:00","dateModified":"2021-11-22T16:17:43+00:00","author":{"@id":"https:\/\/www.copealcoy.es\/es\/#\/schema\/person\/e777c87fa024e57d40170af9df39882c"},"breadcrumb":{"@id":"https:\/\/www.copealcoy.es\/es\/eneas-gonzalez-en-el-ad-espanol-somos-una-familia\/#breadcrumb"},"inLanguage":"es","potentialAction":[{"@type":"ReadAction","target":["https:\/\/www.copealcoy.es\/es\/eneas-gonzalez-en-el-ad-espanol-somos-una-familia\/"]}]},{"@type":"ImageObject","inLanguage":"es","@id":"https:\/\/www.copealcoy.es\/es\/eneas-gonzalez-en-el-ad-espanol-somos-una-familia\/#primaryimage","url":"https:\/\/www.copealcoy.es\/wp-content\/uploads\/2021\/11\/259808692_10226105013001886_5143629420991782619_n.jpg","contentUrl":"https:\/\/www.copealcoy.es\/wp-content\/uploads\/2021\/11\/259808692_10226105013001886_5143629420991782619_n.jpg","width":960,"height":540},{"@type":"BreadcrumbList","@id":"https:\/\/www.copealcoy.es\/es\/eneas-gonzalez-en-el-ad-espanol-somos-una-familia\/#breadcrumb","itemListElement":[{"@type":"ListItem","position":1,"name":"Portada","item":"https:\/\/www.copealcoy.es\/es\/"},{"@type":"ListItem","position":2,"name":"Eneas Gonz\u00e1lez: &#8220;en el AD Espa\u00f1ol somos una familia&#8221;"}]},{"@type":"WebSite","@id":"https:\/\/www.copealcoy.es\/es\/#website","url":"https:\/\/www.copealcoy.es\/es\/","name":"COPE Alcoy","description":"Emisora COPE de radio local con emisi\u00f3n online. Pont de Sant Jordi 8-10 03803 Alcoy","potentialAction":[{"@type":"SearchAction","target":{"@type":"EntryPoint","urlTemplate":"https:\/\/www.copealcoy.es\/es\/?s={search_term_string}"},"query-input":{"@type":"PropertyValueSpecification","valueRequired":true,"valueName":"search_term_string"}}],"inLanguage":"es"},{"@type":"Person","@id":"https:\/\/www.copealcoy.es\/es\/#\/schema\/person\/e777c87fa024e57d40170af9df39882c","name":"Cope Alcoy","image":{"@type":"ImageObject","inLanguage":"es","@id":"https:\/\/secure.gravatar.com\/avatar\/bb65d0283347e303893ba14f0692005417c1e0e690a325a4c5d8bb2b3943ee14?s=96&d=mm&r=g","url":"https:\/\/secure.gravatar.com\/avatar\/bb65d0283347e303893ba14f0692005417c1e0e690a325a4c5d8bb2b3943ee14?s=96&d=mm&r=g","contentUrl":"https:\/\/secure.gravatar.com\/avatar\/bb65d0283347e303893ba14f0692005417c1e0e690a325a4c5d8bb2b3943ee14?s=96&d=mm&r=g","caption":"Cope Alcoy"}}]}},"_links":{"self":[{"href":"https:\/\/www.copealcoy.es\/es\/wp-json\/wp\/v2\/posts\/80482","targetHints":{"allow":["GET"]}}],"collection":[{"href":"https:\/\/www.copealcoy.es\/es\/wp-json\/wp\/v2\/posts"}],"about":[{"href":"https:\/\/www.copealcoy.es\/es\/wp-json\/wp\/v2\/types\/post"}],"author":[{"embeddable":true,"href":"https:\/\/www.copealcoy.es\/es\/wp-json\/wp\/v2\/users\/1"}],"replies":[{"embeddable":true,"href":"https:\/\/www.copealcoy.es\/es\/wp-json\/wp\/v2\/comments?post=80482"}],"version-history":[{"count":0,"href":"https:\/\/www.copealcoy.es\/es\/wp-json\/wp\/v2\/posts\/80482\/revisions"}],"wp:featuredmedia":[{"embeddable":true,"href":"https:\/\/www.copealcoy.es\/es\/wp-json\/wp\/v2\/media\/80483"}],"wp:attachment":[{"href":"https:\/\/www.copealcoy.es\/es\/wp-json\/wp\/v2\/media?parent=80482"}],"wp:term":[{"taxonomy":"category","embeddable":true,"href":"https:\/\/www.copealcoy.es\/es\/wp-json\/wp\/v2\/categories?post=80482"},{"taxonomy":"post_tag","embeddable":true,"href":"https:\/\/www.copealcoy.es\/es\/wp-json\/wp\/v2\/tags?post=80482"}],"curies":[{"name":"wp","href":"https:\/\/api.w.org\/{rel}","templated":true}]}}