{"id":80432,"date":"2021-11-22T12:01:17","date_gmt":"2021-11-22T11:01:17","guid":{"rendered":"https:\/\/www.copealcoy.es\/?p=80432"},"modified":"2021-11-21T17:53:06","modified_gmt":"2021-11-21T16:53:06","slug":"paquito-el-chocolatero-de-cocentaina-a-tota-la-terra-valenciana","status":"publish","type":"post","link":"https:\/\/www.copealcoy.es\/es\/paquito-el-chocolatero-de-cocentaina-a-tota-la-terra-valenciana\/","title":{"rendered":"&#8216;Paquito el Chocolatero&#8217;, de Cocentaina a tota la terra valenciana"},"content":{"rendered":"<p style=\"text-align: justify;\">La Generalitat Valenciana i la Federaci\u00f3 de Societats Musicals de la Comunitat Valenciana (FSMCV) <strong>van organitzar ahir el concert &#8216;Gran\u00a0<span class=\"hiddenSpellError\">Paquito<\/span>&#8216;<\/strong>. La cita va tindre lloc a<strong> la ciutat de Val\u00e8ncia<\/strong> i en la mateixa <strong>van participar un miler de m\u00fasics de trenta bandes<\/strong> de la nostra regi\u00f3.<\/p>\n<p style=\"text-align: justify;\">L&#8217;audici\u00f3 <strong>es va celebrar a la Ciutat de les Arts i les Ci\u00e8ncies<\/strong> coincidint amb la festivitat de la patrona dels m\u00fasics, Santa Cec\u00edlia, que t\u00e9 lloc el 22 de novembre i una data <strong>en qu\u00e8 cada any es programen concerts, cercaviles i activitats a les tres prov\u00edncies valencianes<\/strong>. En el concert <strong>es van interpretar diferents peces musicals<\/strong> i entre elles va destacar <strong>el pasdoble valenci\u00e0 m\u00e9s internacional<\/strong>, <strong>&#8216;<span class=\"hiddenSpellError\">Paquito<\/span>\u00a0el\u00a0<span class=\"hiddenSpellError\">Chocolatero<\/span>&#8216;<\/strong>, com a pe\u00e7a principal del recital. Es tracta de <strong>la composici\u00f3 que m\u00e9s vegades s&#8217;ha interpretat en directe en tot Espanya<\/strong>, aix\u00ed com <strong>l&#8217;obra que m\u00e9s drets d&#8217;autor ha generat<\/strong> amb aportacions procedents de m\u00e9s de quaranta pa\u00efsos dels cinc continents. La mateixa, com hem contat tantes vegades en COPE\u00a0<span class=\"hiddenSpellError\">ALCOY<\/span>, <strong>fou creada en Cocentaina per\u00a0<span class=\"hiddenSpellError\">Gustavo<\/span>\u00a0<span class=\"hiddenSpellError\">Pascual<\/span>\u00a0Falc\u00f3, l&#8217;any 1937<\/strong>, i est\u00e0 dedicada al seu cunyat <strong>Francisco P\u00e9rez Molina<\/strong>.<\/p>\n<p style=\"text-align: justify;\">La iniciativa <strong>es va\u00a0emmarcar dins el projecte Terra de M\u00fasica<\/strong>, impulsada per la Generalitat i la FSMCV, que t\u00e9 com a objectiu que <strong>es valoren les societats musicals<\/strong> i donar suport a la seua candidatura per a <strong>ser reconegudes com a Patrimoni Immaterial de la UNESCO<\/strong>.<\/p>\n","protected":false},"excerpt":{"rendered":"<p>La Generalitat Valenciana i la Federaci\u00f3 de Societats Musicals de la Comunitat Valenciana (FSMCV) van organitzar ahir el concert &#8216;Gran\u00a0Paquito&#8216;&#8230;.<\/p>\n","protected":false},"author":1,"featured_media":80433,"comment_status":"open","ping_status":"open","sticky":false,"template":"","format":"standard","meta":{"footnotes":""},"categories":[98,75],"tags":[132,1768,3138,12095,1628],"class_list":["post-80432","post","type-post","status-publish","format-standard","has-post-thumbnail","hentry","category-comarcas","category-noticias","tag-cocentaina","tag-comunitat-valenciana","tag-paquito-el-chocolatero","tag-patrona-dels-musics","tag-santa-cecilia"],"yoast_head":"<!-- This site is optimized with the Yoast SEO plugin v27.3 - https:\/\/yoast.com\/product\/yoast-seo-wordpress\/ -->\n<title>&#039;Paquito el Chocolatero&#039;, de Cocentaina a tota la terra valenciana - COPE Alcoy<\/title>\n<meta name=\"robots\" content=\"index, follow, max-snippet:-1, max-image-preview:large, max-video-preview:-1\" \/>\n<link rel=\"canonical\" href=\"https:\/\/www.copealcoy.es\/es\/paquito-el-chocolatero-de-cocentaina-a-tota-la-terra-valenciana\/\" \/>\n<meta property=\"og:locale\" content=\"es_ES\" \/>\n<meta property=\"og:type\" content=\"article\" \/>\n<meta property=\"og:title\" content=\"&#039;Paquito el Chocolatero&#039;, de Cocentaina a tota la terra valenciana - COPE Alcoy\" \/>\n<meta property=\"og:description\" content=\"La Generalitat Valenciana i la Federaci\u00f3 de Societats Musicals de la Comunitat Valenciana (FSMCV) van organitzar ahir el concert &#8216;Gran\u00a0Paquito&#8216;....\" \/>\n<meta property=\"og:url\" content=\"https:\/\/www.copealcoy.es\/es\/paquito-el-chocolatero-de-cocentaina-a-tota-la-terra-valenciana\/\" \/>\n<meta property=\"og:site_name\" content=\"COPE Alcoy\" \/>\n<meta property=\"article:published_time\" content=\"2021-11-22T11:01:17+00:00\" \/>\n<meta property=\"og:image\" content=\"https:\/\/www.copealcoy.es\/wp-content\/uploads\/2021\/11\/259536741_10158449192466186_8471504946082019526_n.jpg\" \/>\n\t<meta property=\"og:image:width\" content=\"1409\" \/>\n\t<meta property=\"og:image:height\" content=\"942\" \/>\n\t<meta property=\"og:image:type\" content=\"image\/jpeg\" \/>\n<meta name=\"author\" content=\"Cope Alcoy\" \/>\n<meta name=\"twitter:label1\" content=\"Escrito por\" \/>\n\t<meta name=\"twitter:data1\" content=\"Cope Alcoy\" \/>\n\t<meta name=\"twitter:label2\" content=\"Tiempo de lectura\" \/>\n\t<meta name=\"twitter:data2\" content=\"2 minutos\" \/>\n<script type=\"application\/ld+json\" class=\"yoast-schema-graph\">{\"@context\":\"https:\\\/\\\/schema.org\",\"@graph\":[{\"@type\":\"Article\",\"@id\":\"https:\\\/\\\/www.copealcoy.es\\\/es\\\/paquito-el-chocolatero-de-cocentaina-a-tota-la-terra-valenciana\\\/#article\",\"isPartOf\":{\"@id\":\"https:\\\/\\\/www.copealcoy.es\\\/es\\\/paquito-el-chocolatero-de-cocentaina-a-tota-la-terra-valenciana\\\/\"},\"author\":{\"name\":\"Cope Alcoy\",\"@id\":\"https:\\\/\\\/www.copealcoy.es\\\/es\\\/#\\\/schema\\\/person\\\/e777c87fa024e57d40170af9df39882c\"},\"headline\":\"&#8216;Paquito el Chocolatero&#8217;, de Cocentaina a tota la terra valenciana\",\"datePublished\":\"2021-11-22T11:01:17+00:00\",\"mainEntityOfPage\":{\"@id\":\"https:\\\/\\\/www.copealcoy.es\\\/es\\\/paquito-el-chocolatero-de-cocentaina-a-tota-la-terra-valenciana\\\/\"},\"wordCount\":263,\"commentCount\":0,\"image\":{\"@id\":\"https:\\\/\\\/www.copealcoy.es\\\/es\\\/paquito-el-chocolatero-de-cocentaina-a-tota-la-terra-valenciana\\\/#primaryimage\"},\"thumbnailUrl\":\"https:\\\/\\\/www.copealcoy.es\\\/wp-content\\\/uploads\\\/2021\\\/11\\\/259536741_10158449192466186_8471504946082019526_n.jpg\",\"keywords\":[\"Cocentaina\",\"Comunitat Valenciana\",\"Paquito El Chocolatero\",\"patrona dels m\u00fasics\",\"Santa Cecilia\"],\"articleSection\":[\"Comarcas\",\"Noticias\"],\"inLanguage\":\"es\"},{\"@type\":\"WebPage\",\"@id\":\"https:\\\/\\\/www.copealcoy.es\\\/es\\\/paquito-el-chocolatero-de-cocentaina-a-tota-la-terra-valenciana\\\/\",\"url\":\"https:\\\/\\\/www.copealcoy.es\\\/es\\\/paquito-el-chocolatero-de-cocentaina-a-tota-la-terra-valenciana\\\/\",\"name\":\"'Paquito el Chocolatero', de Cocentaina a tota la terra valenciana - COPE Alcoy\",\"isPartOf\":{\"@id\":\"https:\\\/\\\/www.copealcoy.es\\\/es\\\/#website\"},\"primaryImageOfPage\":{\"@id\":\"https:\\\/\\\/www.copealcoy.es\\\/es\\\/paquito-el-chocolatero-de-cocentaina-a-tota-la-terra-valenciana\\\/#primaryimage\"},\"image\":{\"@id\":\"https:\\\/\\\/www.copealcoy.es\\\/es\\\/paquito-el-chocolatero-de-cocentaina-a-tota-la-terra-valenciana\\\/#primaryimage\"},\"thumbnailUrl\":\"https:\\\/\\\/www.copealcoy.es\\\/wp-content\\\/uploads\\\/2021\\\/11\\\/259536741_10158449192466186_8471504946082019526_n.jpg\",\"datePublished\":\"2021-11-22T11:01:17+00:00\",\"author\":{\"@id\":\"https:\\\/\\\/www.copealcoy.es\\\/es\\\/#\\\/schema\\\/person\\\/e777c87fa024e57d40170af9df39882c\"},\"breadcrumb\":{\"@id\":\"https:\\\/\\\/www.copealcoy.es\\\/es\\\/paquito-el-chocolatero-de-cocentaina-a-tota-la-terra-valenciana\\\/#breadcrumb\"},\"inLanguage\":\"es\",\"potentialAction\":[{\"@type\":\"ReadAction\",\"target\":[\"https:\\\/\\\/www.copealcoy.es\\\/es\\\/paquito-el-chocolatero-de-cocentaina-a-tota-la-terra-valenciana\\\/\"]}]},{\"@type\":\"ImageObject\",\"inLanguage\":\"es\",\"@id\":\"https:\\\/\\\/www.copealcoy.es\\\/es\\\/paquito-el-chocolatero-de-cocentaina-a-tota-la-terra-valenciana\\\/#primaryimage\",\"url\":\"https:\\\/\\\/www.copealcoy.es\\\/wp-content\\\/uploads\\\/2021\\\/11\\\/259536741_10158449192466186_8471504946082019526_n.jpg\",\"contentUrl\":\"https:\\\/\\\/www.copealcoy.es\\\/wp-content\\\/uploads\\\/2021\\\/11\\\/259536741_10158449192466186_8471504946082019526_n.jpg\",\"width\":1409,\"height\":942},{\"@type\":\"BreadcrumbList\",\"@id\":\"https:\\\/\\\/www.copealcoy.es\\\/es\\\/paquito-el-chocolatero-de-cocentaina-a-tota-la-terra-valenciana\\\/#breadcrumb\",\"itemListElement\":[{\"@type\":\"ListItem\",\"position\":1,\"name\":\"Portada\",\"item\":\"https:\\\/\\\/www.copealcoy.es\\\/es\\\/\"},{\"@type\":\"ListItem\",\"position\":2,\"name\":\"&#8216;Paquito el Chocolatero&#8217;, de Cocentaina a tota la terra valenciana\"}]},{\"@type\":\"WebSite\",\"@id\":\"https:\\\/\\\/www.copealcoy.es\\\/es\\\/#website\",\"url\":\"https:\\\/\\\/www.copealcoy.es\\\/es\\\/\",\"name\":\"COPE Alcoy\",\"description\":\"Emisora COPE de radio local con emisi\u00f3n online. Pont de Sant Jordi 8-10 03803 Alcoy\",\"potentialAction\":[{\"@type\":\"SearchAction\",\"target\":{\"@type\":\"EntryPoint\",\"urlTemplate\":\"https:\\\/\\\/www.copealcoy.es\\\/es\\\/?s={search_term_string}\"},\"query-input\":{\"@type\":\"PropertyValueSpecification\",\"valueRequired\":true,\"valueName\":\"search_term_string\"}}],\"inLanguage\":\"es\"},{\"@type\":\"Person\",\"@id\":\"https:\\\/\\\/www.copealcoy.es\\\/es\\\/#\\\/schema\\\/person\\\/e777c87fa024e57d40170af9df39882c\",\"name\":\"Cope Alcoy\",\"image\":{\"@type\":\"ImageObject\",\"inLanguage\":\"es\",\"@id\":\"https:\\\/\\\/secure.gravatar.com\\\/avatar\\\/bb65d0283347e303893ba14f0692005417c1e0e690a325a4c5d8bb2b3943ee14?s=96&d=mm&r=g\",\"url\":\"https:\\\/\\\/secure.gravatar.com\\\/avatar\\\/bb65d0283347e303893ba14f0692005417c1e0e690a325a4c5d8bb2b3943ee14?s=96&d=mm&r=g\",\"contentUrl\":\"https:\\\/\\\/secure.gravatar.com\\\/avatar\\\/bb65d0283347e303893ba14f0692005417c1e0e690a325a4c5d8bb2b3943ee14?s=96&d=mm&r=g\",\"caption\":\"Cope Alcoy\"}}]}<\/script>\n<!-- \/ Yoast SEO plugin. -->","yoast_head_json":{"title":"'Paquito el Chocolatero', de Cocentaina a tota la terra valenciana - COPE Alcoy","robots":{"index":"index","follow":"follow","max-snippet":"max-snippet:-1","max-image-preview":"max-image-preview:large","max-video-preview":"max-video-preview:-1"},"canonical":"https:\/\/www.copealcoy.es\/es\/paquito-el-chocolatero-de-cocentaina-a-tota-la-terra-valenciana\/","og_locale":"es_ES","og_type":"article","og_title":"'Paquito el Chocolatero', de Cocentaina a tota la terra valenciana - COPE Alcoy","og_description":"La Generalitat Valenciana i la Federaci\u00f3 de Societats Musicals de la Comunitat Valenciana (FSMCV) van organitzar ahir el concert &#8216;Gran\u00a0Paquito&#8216;....","og_url":"https:\/\/www.copealcoy.es\/es\/paquito-el-chocolatero-de-cocentaina-a-tota-la-terra-valenciana\/","og_site_name":"COPE Alcoy","article_published_time":"2021-11-22T11:01:17+00:00","og_image":[{"width":1409,"height":942,"url":"https:\/\/www.copealcoy.es\/wp-content\/uploads\/2021\/11\/259536741_10158449192466186_8471504946082019526_n.jpg","type":"image\/jpeg"}],"author":"Cope Alcoy","twitter_misc":{"Escrito por":"Cope Alcoy","Tiempo de lectura":"2 minutos"},"schema":{"@context":"https:\/\/schema.org","@graph":[{"@type":"Article","@id":"https:\/\/www.copealcoy.es\/es\/paquito-el-chocolatero-de-cocentaina-a-tota-la-terra-valenciana\/#article","isPartOf":{"@id":"https:\/\/www.copealcoy.es\/es\/paquito-el-chocolatero-de-cocentaina-a-tota-la-terra-valenciana\/"},"author":{"name":"Cope Alcoy","@id":"https:\/\/www.copealcoy.es\/es\/#\/schema\/person\/e777c87fa024e57d40170af9df39882c"},"headline":"&#8216;Paquito el Chocolatero&#8217;, de Cocentaina a tota la terra valenciana","datePublished":"2021-11-22T11:01:17+00:00","mainEntityOfPage":{"@id":"https:\/\/www.copealcoy.es\/es\/paquito-el-chocolatero-de-cocentaina-a-tota-la-terra-valenciana\/"},"wordCount":263,"commentCount":0,"image":{"@id":"https:\/\/www.copealcoy.es\/es\/paquito-el-chocolatero-de-cocentaina-a-tota-la-terra-valenciana\/#primaryimage"},"thumbnailUrl":"https:\/\/www.copealcoy.es\/wp-content\/uploads\/2021\/11\/259536741_10158449192466186_8471504946082019526_n.jpg","keywords":["Cocentaina","Comunitat Valenciana","Paquito El Chocolatero","patrona dels m\u00fasics","Santa Cecilia"],"articleSection":["Comarcas","Noticias"],"inLanguage":"es"},{"@type":"WebPage","@id":"https:\/\/www.copealcoy.es\/es\/paquito-el-chocolatero-de-cocentaina-a-tota-la-terra-valenciana\/","url":"https:\/\/www.copealcoy.es\/es\/paquito-el-chocolatero-de-cocentaina-a-tota-la-terra-valenciana\/","name":"'Paquito el Chocolatero', de Cocentaina a tota la terra valenciana - COPE Alcoy","isPartOf":{"@id":"https:\/\/www.copealcoy.es\/es\/#website"},"primaryImageOfPage":{"@id":"https:\/\/www.copealcoy.es\/es\/paquito-el-chocolatero-de-cocentaina-a-tota-la-terra-valenciana\/#primaryimage"},"image":{"@id":"https:\/\/www.copealcoy.es\/es\/paquito-el-chocolatero-de-cocentaina-a-tota-la-terra-valenciana\/#primaryimage"},"thumbnailUrl":"https:\/\/www.copealcoy.es\/wp-content\/uploads\/2021\/11\/259536741_10158449192466186_8471504946082019526_n.jpg","datePublished":"2021-11-22T11:01:17+00:00","author":{"@id":"https:\/\/www.copealcoy.es\/es\/#\/schema\/person\/e777c87fa024e57d40170af9df39882c"},"breadcrumb":{"@id":"https:\/\/www.copealcoy.es\/es\/paquito-el-chocolatero-de-cocentaina-a-tota-la-terra-valenciana\/#breadcrumb"},"inLanguage":"es","potentialAction":[{"@type":"ReadAction","target":["https:\/\/www.copealcoy.es\/es\/paquito-el-chocolatero-de-cocentaina-a-tota-la-terra-valenciana\/"]}]},{"@type":"ImageObject","inLanguage":"es","@id":"https:\/\/www.copealcoy.es\/es\/paquito-el-chocolatero-de-cocentaina-a-tota-la-terra-valenciana\/#primaryimage","url":"https:\/\/www.copealcoy.es\/wp-content\/uploads\/2021\/11\/259536741_10158449192466186_8471504946082019526_n.jpg","contentUrl":"https:\/\/www.copealcoy.es\/wp-content\/uploads\/2021\/11\/259536741_10158449192466186_8471504946082019526_n.jpg","width":1409,"height":942},{"@type":"BreadcrumbList","@id":"https:\/\/www.copealcoy.es\/es\/paquito-el-chocolatero-de-cocentaina-a-tota-la-terra-valenciana\/#breadcrumb","itemListElement":[{"@type":"ListItem","position":1,"name":"Portada","item":"https:\/\/www.copealcoy.es\/es\/"},{"@type":"ListItem","position":2,"name":"&#8216;Paquito el Chocolatero&#8217;, de Cocentaina a tota la terra valenciana"}]},{"@type":"WebSite","@id":"https:\/\/www.copealcoy.es\/es\/#website","url":"https:\/\/www.copealcoy.es\/es\/","name":"COPE Alcoy","description":"Emisora COPE de radio local con emisi\u00f3n online. Pont de Sant Jordi 8-10 03803 Alcoy","potentialAction":[{"@type":"SearchAction","target":{"@type":"EntryPoint","urlTemplate":"https:\/\/www.copealcoy.es\/es\/?s={search_term_string}"},"query-input":{"@type":"PropertyValueSpecification","valueRequired":true,"valueName":"search_term_string"}}],"inLanguage":"es"},{"@type":"Person","@id":"https:\/\/www.copealcoy.es\/es\/#\/schema\/person\/e777c87fa024e57d40170af9df39882c","name":"Cope Alcoy","image":{"@type":"ImageObject","inLanguage":"es","@id":"https:\/\/secure.gravatar.com\/avatar\/bb65d0283347e303893ba14f0692005417c1e0e690a325a4c5d8bb2b3943ee14?s=96&d=mm&r=g","url":"https:\/\/secure.gravatar.com\/avatar\/bb65d0283347e303893ba14f0692005417c1e0e690a325a4c5d8bb2b3943ee14?s=96&d=mm&r=g","contentUrl":"https:\/\/secure.gravatar.com\/avatar\/bb65d0283347e303893ba14f0692005417c1e0e690a325a4c5d8bb2b3943ee14?s=96&d=mm&r=g","caption":"Cope Alcoy"}}]}},"_links":{"self":[{"href":"https:\/\/www.copealcoy.es\/es\/wp-json\/wp\/v2\/posts\/80432","targetHints":{"allow":["GET"]}}],"collection":[{"href":"https:\/\/www.copealcoy.es\/es\/wp-json\/wp\/v2\/posts"}],"about":[{"href":"https:\/\/www.copealcoy.es\/es\/wp-json\/wp\/v2\/types\/post"}],"author":[{"embeddable":true,"href":"https:\/\/www.copealcoy.es\/es\/wp-json\/wp\/v2\/users\/1"}],"replies":[{"embeddable":true,"href":"https:\/\/www.copealcoy.es\/es\/wp-json\/wp\/v2\/comments?post=80432"}],"version-history":[{"count":0,"href":"https:\/\/www.copealcoy.es\/es\/wp-json\/wp\/v2\/posts\/80432\/revisions"}],"wp:featuredmedia":[{"embeddable":true,"href":"https:\/\/www.copealcoy.es\/es\/wp-json\/wp\/v2\/media\/80433"}],"wp:attachment":[{"href":"https:\/\/www.copealcoy.es\/es\/wp-json\/wp\/v2\/media?parent=80432"}],"wp:term":[{"taxonomy":"category","embeddable":true,"href":"https:\/\/www.copealcoy.es\/es\/wp-json\/wp\/v2\/categories?post=80432"},{"taxonomy":"post_tag","embeddable":true,"href":"https:\/\/www.copealcoy.es\/es\/wp-json\/wp\/v2\/tags?post=80432"}],"curies":[{"name":"wp","href":"https:\/\/api.w.org\/{rel}","templated":true}]}}