{"id":80326,"date":"2021-11-19T11:24:06","date_gmt":"2021-11-19T10:24:06","guid":{"rendered":"https:\/\/www.copealcoy.es\/?p=80326"},"modified":"2021-11-22T16:34:42","modified_gmt":"2021-11-22T15:34:42","slug":"una-comarca-que-tambe-es-terra-de-musics","status":"publish","type":"post","link":"https:\/\/www.copealcoy.es\/es\/una-comarca-que-tambe-es-terra-de-musics\/","title":{"rendered":"Una comarca que tamb\u00e9 \u00e9s terra de m\u00fasics"},"content":{"rendered":"<p style=\"text-align: justify;\">Les <strong>comarques de l&#8217;Alcoi\u00e0 i el Comtat<\/strong> s\u00f3n tamb\u00e9 <strong>una terra on la m\u00fasica \u00e9s la protagonista<\/strong> dins de l&#8217;ample ventall de m\u00fasics amb el que compta la Comunitat Valenciana. Avui <strong>\u00e9s el seu dia<\/strong>, ja que <strong>se celebra la festivitat de Santa Cec\u00edlia<\/strong>, patrona de les Societats Musicals i tots aquells que es dediquen a aquesta meravellosa professi\u00f3.<\/p>\n<p style=\"text-align: justify;\">En <strong>Alcoi<\/strong> s&#8217;han preparat activitats que inclouen diferents<strong> concerts i iniciatives<\/strong>. Aquestes van arrancar el diumenge 14 al <span class=\"hiddenSpellError\">C\u00edrculo<\/span>\u00a0Industrial amb \u2018Les Danses en les festes dels pobles\u2019 a c\u00e0rrec del Grup de Danses Sant Jordi i van seguir amb diversos concerts al Teatre Calder\u00f3n el 20 de novembre (Societat Musical Nova i Banda Juvenil de la Corporaci\u00f3 Musical Primitiva) i 21 de novembre (Societat Uni\u00f3 Musical d\u2019Alcoi i l\u2019Agrupaci\u00f3 Musical Serpis). Tamb\u00e9 ahir el\u00a0<span class=\"hiddenSpellError\">C\u00edrculo<\/span>\u00a0Industrial fou la seu del V Aplec de Danses Santa Cec\u00edlia \u2018Compartint Tradicions fem germans\u2019 amb la participaci\u00f3 del Grup de Danses Carrascal d\u2019Alcoi i el Grup de Danses Realenc de Picanya.<\/p>\n<p style=\"text-align: justify;\">Les iniciatives seguiran el pr\u00f2xim dissabte 27 de novembre i en aquesta jornada destaca<strong> la Missa de Santa Cec\u00edlia<\/strong> amb l&#8217;Orquestra Simf\u00f2nica d\u2019Alcoi i Cantores\u00a0<span class=\"hiddenGrammarError\">de Alcoy<\/span>\u00a0a les 19 hores en la Parr\u00f2quia de Sant Maure i Sant Francesc. Seguidament tindr\u00e0 lloc una cercavila que comen\u00e7ar\u00e0 a les 20 hores,\u00a0des de la Pla\u00e7a Ram\u00f3n y Cajal fins al Parterre, i en la qual participaran\u00a0els Grup\u00a0de Dol\u00e7ainers i Tabaleters La Cordeta, Barxell, Rebuig i La Degoll\u00e0. Tancar\u00e0 la programaci\u00f3 l\u2019Orquestra de Pols i Pua i Harm\u00f2nica Alcoiana, el diumenge 28 de novembre, amb un concert a les 12 hores en el\u00a0<span class=\"hiddenSpellError\">C\u00edrculo<\/span>\u00a0Industrial.<\/p>\n<p style=\"text-align: justify;\"><strong><span style=\"color: #0000ff;\">La comarca tamb\u00e9 celebra Santa Cec\u00edlia<\/span><\/strong><\/p>\n<p style=\"text-align: justify;\">En la comarca tamb\u00e9 s&#8217;han preparat diverses iniciatives i, per exemple,<strong> l&#8217;Ateneu Musical de Cocentaina<\/strong> va celebrar\u00a0ac\u00ed\u00a0la tradicional missa de Santa Cec\u00edlia al Convent dels Pares Franciscans seguida de l&#8217;arreplegada dels m\u00fasics pels carrers del poble. La <strong>Uni\u00f3 Musical Contestana i la Uni\u00f3 Musical de Muro<\/strong> tamb\u00e9 faran la seua\u00a0pr\u00f2pia\u00a0festa dels m\u00fasics en els\u00a0pr\u00f2xims\u00a0dies\u00a0igual que\u00a0<strong>la resta de societats musicals<\/strong> de l&#8217;Alcoi\u00e0 i el Comtat.<\/p>\n","protected":false},"excerpt":{"rendered":"<p>Les comarques de l&#8217;Alcoi\u00e0 i el Comtat s\u00f3n tamb\u00e9 una terra on la m\u00fasica \u00e9s la protagonista dins de l&#8217;ample&#8230;<\/p>\n","protected":false},"author":1,"featured_media":80327,"comment_status":"open","ping_status":"open","sticky":false,"template":"","format":"standard","meta":{"footnotes":""},"categories":[6909,78,75],"tags":[160,482,237,12082,1628,12081],"class_list":["post-80326","post","type-post","status-publish","format-standard","has-post-thumbnail","hentry","category-actualidad","category-fiestaycultura","category-noticias","tag-alcoi","tag-alcoia","tag-comtat","tag-patrona-de-la-musica","tag-santa-cecilia","tag-terra-de-musics"],"yoast_head":"<!-- This site is optimized with the Yoast SEO plugin v27.3 - https:\/\/yoast.com\/product\/yoast-seo-wordpress\/ -->\n<title>Una comarca que tamb\u00e9 \u00e9s terra de m\u00fasics - COPE Alcoy<\/title>\n<meta name=\"robots\" content=\"index, follow, max-snippet:-1, max-image-preview:large, max-video-preview:-1\" \/>\n<link rel=\"canonical\" href=\"https:\/\/www.copealcoy.es\/es\/una-comarca-que-tambe-es-terra-de-musics\/\" \/>\n<meta property=\"og:locale\" content=\"es_ES\" \/>\n<meta property=\"og:type\" content=\"article\" \/>\n<meta property=\"og:title\" content=\"Una comarca que tamb\u00e9 \u00e9s terra de m\u00fasics - COPE Alcoy\" \/>\n<meta property=\"og:description\" content=\"Les comarques de l&#8217;Alcoi\u00e0 i el Comtat s\u00f3n tamb\u00e9 una terra on la m\u00fasica \u00e9s la protagonista dins de l&#8217;ample...\" \/>\n<meta property=\"og:url\" content=\"https:\/\/www.copealcoy.es\/es\/una-comarca-que-tambe-es-terra-de-musics\/\" \/>\n<meta property=\"og:site_name\" content=\"COPE Alcoy\" \/>\n<meta property=\"article:published_time\" content=\"2021-11-19T10:24:06+00:00\" \/>\n<meta property=\"article:modified_time\" content=\"2021-11-22T15:34:42+00:00\" \/>\n<meta property=\"og:image\" content=\"https:\/\/www.copealcoy.es\/wp-content\/uploads\/2021\/11\/Concert-de-lOrquesta-Simfonica-dAlcoi.jpg\" \/>\n\t<meta property=\"og:image:width\" content=\"1188\" \/>\n\t<meta property=\"og:image:height\" content=\"854\" \/>\n\t<meta property=\"og:image:type\" content=\"image\/jpeg\" \/>\n<meta name=\"author\" content=\"Cope Alcoy\" \/>\n<meta name=\"twitter:label1\" content=\"Escrito por\" \/>\n\t<meta name=\"twitter:data1\" content=\"Cope Alcoy\" \/>\n\t<meta name=\"twitter:label2\" content=\"Tiempo de lectura\" \/>\n\t<meta name=\"twitter:data2\" content=\"2 minutos\" \/>\n<script type=\"application\/ld+json\" class=\"yoast-schema-graph\">{\"@context\":\"https:\\\/\\\/schema.org\",\"@graph\":[{\"@type\":\"Article\",\"@id\":\"https:\\\/\\\/www.copealcoy.es\\\/es\\\/una-comarca-que-tambe-es-terra-de-musics\\\/#article\",\"isPartOf\":{\"@id\":\"https:\\\/\\\/www.copealcoy.es\\\/es\\\/una-comarca-que-tambe-es-terra-de-musics\\\/\"},\"author\":{\"name\":\"Cope Alcoy\",\"@id\":\"https:\\\/\\\/www.copealcoy.es\\\/es\\\/#\\\/schema\\\/person\\\/e777c87fa024e57d40170af9df39882c\"},\"headline\":\"Una comarca que tamb\u00e9 \u00e9s terra de m\u00fasics\",\"datePublished\":\"2021-11-19T10:24:06+00:00\",\"dateModified\":\"2021-11-22T15:34:42+00:00\",\"mainEntityOfPage\":{\"@id\":\"https:\\\/\\\/www.copealcoy.es\\\/es\\\/una-comarca-que-tambe-es-terra-de-musics\\\/\"},\"wordCount\":390,\"commentCount\":0,\"image\":{\"@id\":\"https:\\\/\\\/www.copealcoy.es\\\/es\\\/una-comarca-que-tambe-es-terra-de-musics\\\/#primaryimage\"},\"thumbnailUrl\":\"https:\\\/\\\/www.copealcoy.es\\\/wp-content\\\/uploads\\\/2021\\\/11\\\/Concert-de-lOrquesta-Simfonica-dAlcoi.jpg\",\"keywords\":[\"Alcoi\",\"Alcoi\u00e0\",\"Comtat\",\"patrona de la m\u00fasica\",\"Santa Cecilia\",\"terra de m\u00fasics\"],\"articleSection\":[\"Actualidad\",\"Fiesta y Cultura\",\"Noticias\"],\"inLanguage\":\"es\"},{\"@type\":\"WebPage\",\"@id\":\"https:\\\/\\\/www.copealcoy.es\\\/es\\\/una-comarca-que-tambe-es-terra-de-musics\\\/\",\"url\":\"https:\\\/\\\/www.copealcoy.es\\\/es\\\/una-comarca-que-tambe-es-terra-de-musics\\\/\",\"name\":\"Una comarca que tamb\u00e9 \u00e9s terra de m\u00fasics - COPE Alcoy\",\"isPartOf\":{\"@id\":\"https:\\\/\\\/www.copealcoy.es\\\/es\\\/#website\"},\"primaryImageOfPage\":{\"@id\":\"https:\\\/\\\/www.copealcoy.es\\\/es\\\/una-comarca-que-tambe-es-terra-de-musics\\\/#primaryimage\"},\"image\":{\"@id\":\"https:\\\/\\\/www.copealcoy.es\\\/es\\\/una-comarca-que-tambe-es-terra-de-musics\\\/#primaryimage\"},\"thumbnailUrl\":\"https:\\\/\\\/www.copealcoy.es\\\/wp-content\\\/uploads\\\/2021\\\/11\\\/Concert-de-lOrquesta-Simfonica-dAlcoi.jpg\",\"datePublished\":\"2021-11-19T10:24:06+00:00\",\"dateModified\":\"2021-11-22T15:34:42+00:00\",\"author\":{\"@id\":\"https:\\\/\\\/www.copealcoy.es\\\/es\\\/#\\\/schema\\\/person\\\/e777c87fa024e57d40170af9df39882c\"},\"breadcrumb\":{\"@id\":\"https:\\\/\\\/www.copealcoy.es\\\/es\\\/una-comarca-que-tambe-es-terra-de-musics\\\/#breadcrumb\"},\"inLanguage\":\"es\",\"potentialAction\":[{\"@type\":\"ReadAction\",\"target\":[\"https:\\\/\\\/www.copealcoy.es\\\/es\\\/una-comarca-que-tambe-es-terra-de-musics\\\/\"]}]},{\"@type\":\"ImageObject\",\"inLanguage\":\"es\",\"@id\":\"https:\\\/\\\/www.copealcoy.es\\\/es\\\/una-comarca-que-tambe-es-terra-de-musics\\\/#primaryimage\",\"url\":\"https:\\\/\\\/www.copealcoy.es\\\/wp-content\\\/uploads\\\/2021\\\/11\\\/Concert-de-lOrquesta-Simfonica-dAlcoi.jpg\",\"contentUrl\":\"https:\\\/\\\/www.copealcoy.es\\\/wp-content\\\/uploads\\\/2021\\\/11\\\/Concert-de-lOrquesta-Simfonica-dAlcoi.jpg\",\"width\":1188,\"height\":854},{\"@type\":\"BreadcrumbList\",\"@id\":\"https:\\\/\\\/www.copealcoy.es\\\/es\\\/una-comarca-que-tambe-es-terra-de-musics\\\/#breadcrumb\",\"itemListElement\":[{\"@type\":\"ListItem\",\"position\":1,\"name\":\"Portada\",\"item\":\"https:\\\/\\\/www.copealcoy.es\\\/es\\\/\"},{\"@type\":\"ListItem\",\"position\":2,\"name\":\"Una comarca que tamb\u00e9 \u00e9s terra de m\u00fasics\"}]},{\"@type\":\"WebSite\",\"@id\":\"https:\\\/\\\/www.copealcoy.es\\\/es\\\/#website\",\"url\":\"https:\\\/\\\/www.copealcoy.es\\\/es\\\/\",\"name\":\"COPE Alcoy\",\"description\":\"Emisora COPE de radio local con emisi\u00f3n online. Pont de Sant Jordi 8-10 03803 Alcoy\",\"potentialAction\":[{\"@type\":\"SearchAction\",\"target\":{\"@type\":\"EntryPoint\",\"urlTemplate\":\"https:\\\/\\\/www.copealcoy.es\\\/es\\\/?s={search_term_string}\"},\"query-input\":{\"@type\":\"PropertyValueSpecification\",\"valueRequired\":true,\"valueName\":\"search_term_string\"}}],\"inLanguage\":\"es\"},{\"@type\":\"Person\",\"@id\":\"https:\\\/\\\/www.copealcoy.es\\\/es\\\/#\\\/schema\\\/person\\\/e777c87fa024e57d40170af9df39882c\",\"name\":\"Cope Alcoy\",\"image\":{\"@type\":\"ImageObject\",\"inLanguage\":\"es\",\"@id\":\"https:\\\/\\\/secure.gravatar.com\\\/avatar\\\/bb65d0283347e303893ba14f0692005417c1e0e690a325a4c5d8bb2b3943ee14?s=96&d=mm&r=g\",\"url\":\"https:\\\/\\\/secure.gravatar.com\\\/avatar\\\/bb65d0283347e303893ba14f0692005417c1e0e690a325a4c5d8bb2b3943ee14?s=96&d=mm&r=g\",\"contentUrl\":\"https:\\\/\\\/secure.gravatar.com\\\/avatar\\\/bb65d0283347e303893ba14f0692005417c1e0e690a325a4c5d8bb2b3943ee14?s=96&d=mm&r=g\",\"caption\":\"Cope Alcoy\"}}]}<\/script>\n<!-- \/ Yoast SEO plugin. -->","yoast_head_json":{"title":"Una comarca que tamb\u00e9 \u00e9s terra de m\u00fasics - COPE Alcoy","robots":{"index":"index","follow":"follow","max-snippet":"max-snippet:-1","max-image-preview":"max-image-preview:large","max-video-preview":"max-video-preview:-1"},"canonical":"https:\/\/www.copealcoy.es\/es\/una-comarca-que-tambe-es-terra-de-musics\/","og_locale":"es_ES","og_type":"article","og_title":"Una comarca que tamb\u00e9 \u00e9s terra de m\u00fasics - COPE Alcoy","og_description":"Les comarques de l&#8217;Alcoi\u00e0 i el Comtat s\u00f3n tamb\u00e9 una terra on la m\u00fasica \u00e9s la protagonista dins de l&#8217;ample...","og_url":"https:\/\/www.copealcoy.es\/es\/una-comarca-que-tambe-es-terra-de-musics\/","og_site_name":"COPE Alcoy","article_published_time":"2021-11-19T10:24:06+00:00","article_modified_time":"2021-11-22T15:34:42+00:00","og_image":[{"width":1188,"height":854,"url":"https:\/\/www.copealcoy.es\/wp-content\/uploads\/2021\/11\/Concert-de-lOrquesta-Simfonica-dAlcoi.jpg","type":"image\/jpeg"}],"author":"Cope Alcoy","twitter_misc":{"Escrito por":"Cope Alcoy","Tiempo de lectura":"2 minutos"},"schema":{"@context":"https:\/\/schema.org","@graph":[{"@type":"Article","@id":"https:\/\/www.copealcoy.es\/es\/una-comarca-que-tambe-es-terra-de-musics\/#article","isPartOf":{"@id":"https:\/\/www.copealcoy.es\/es\/una-comarca-que-tambe-es-terra-de-musics\/"},"author":{"name":"Cope Alcoy","@id":"https:\/\/www.copealcoy.es\/es\/#\/schema\/person\/e777c87fa024e57d40170af9df39882c"},"headline":"Una comarca que tamb\u00e9 \u00e9s terra de m\u00fasics","datePublished":"2021-11-19T10:24:06+00:00","dateModified":"2021-11-22T15:34:42+00:00","mainEntityOfPage":{"@id":"https:\/\/www.copealcoy.es\/es\/una-comarca-que-tambe-es-terra-de-musics\/"},"wordCount":390,"commentCount":0,"image":{"@id":"https:\/\/www.copealcoy.es\/es\/una-comarca-que-tambe-es-terra-de-musics\/#primaryimage"},"thumbnailUrl":"https:\/\/www.copealcoy.es\/wp-content\/uploads\/2021\/11\/Concert-de-lOrquesta-Simfonica-dAlcoi.jpg","keywords":["Alcoi","Alcoi\u00e0","Comtat","patrona de la m\u00fasica","Santa Cecilia","terra de m\u00fasics"],"articleSection":["Actualidad","Fiesta y Cultura","Noticias"],"inLanguage":"es"},{"@type":"WebPage","@id":"https:\/\/www.copealcoy.es\/es\/una-comarca-que-tambe-es-terra-de-musics\/","url":"https:\/\/www.copealcoy.es\/es\/una-comarca-que-tambe-es-terra-de-musics\/","name":"Una comarca que tamb\u00e9 \u00e9s terra de m\u00fasics - COPE Alcoy","isPartOf":{"@id":"https:\/\/www.copealcoy.es\/es\/#website"},"primaryImageOfPage":{"@id":"https:\/\/www.copealcoy.es\/es\/una-comarca-que-tambe-es-terra-de-musics\/#primaryimage"},"image":{"@id":"https:\/\/www.copealcoy.es\/es\/una-comarca-que-tambe-es-terra-de-musics\/#primaryimage"},"thumbnailUrl":"https:\/\/www.copealcoy.es\/wp-content\/uploads\/2021\/11\/Concert-de-lOrquesta-Simfonica-dAlcoi.jpg","datePublished":"2021-11-19T10:24:06+00:00","dateModified":"2021-11-22T15:34:42+00:00","author":{"@id":"https:\/\/www.copealcoy.es\/es\/#\/schema\/person\/e777c87fa024e57d40170af9df39882c"},"breadcrumb":{"@id":"https:\/\/www.copealcoy.es\/es\/una-comarca-que-tambe-es-terra-de-musics\/#breadcrumb"},"inLanguage":"es","potentialAction":[{"@type":"ReadAction","target":["https:\/\/www.copealcoy.es\/es\/una-comarca-que-tambe-es-terra-de-musics\/"]}]},{"@type":"ImageObject","inLanguage":"es","@id":"https:\/\/www.copealcoy.es\/es\/una-comarca-que-tambe-es-terra-de-musics\/#primaryimage","url":"https:\/\/www.copealcoy.es\/wp-content\/uploads\/2021\/11\/Concert-de-lOrquesta-Simfonica-dAlcoi.jpg","contentUrl":"https:\/\/www.copealcoy.es\/wp-content\/uploads\/2021\/11\/Concert-de-lOrquesta-Simfonica-dAlcoi.jpg","width":1188,"height":854},{"@type":"BreadcrumbList","@id":"https:\/\/www.copealcoy.es\/es\/una-comarca-que-tambe-es-terra-de-musics\/#breadcrumb","itemListElement":[{"@type":"ListItem","position":1,"name":"Portada","item":"https:\/\/www.copealcoy.es\/es\/"},{"@type":"ListItem","position":2,"name":"Una comarca que tamb\u00e9 \u00e9s terra de m\u00fasics"}]},{"@type":"WebSite","@id":"https:\/\/www.copealcoy.es\/es\/#website","url":"https:\/\/www.copealcoy.es\/es\/","name":"COPE Alcoy","description":"Emisora COPE de radio local con emisi\u00f3n online. Pont de Sant Jordi 8-10 03803 Alcoy","potentialAction":[{"@type":"SearchAction","target":{"@type":"EntryPoint","urlTemplate":"https:\/\/www.copealcoy.es\/es\/?s={search_term_string}"},"query-input":{"@type":"PropertyValueSpecification","valueRequired":true,"valueName":"search_term_string"}}],"inLanguage":"es"},{"@type":"Person","@id":"https:\/\/www.copealcoy.es\/es\/#\/schema\/person\/e777c87fa024e57d40170af9df39882c","name":"Cope Alcoy","image":{"@type":"ImageObject","inLanguage":"es","@id":"https:\/\/secure.gravatar.com\/avatar\/bb65d0283347e303893ba14f0692005417c1e0e690a325a4c5d8bb2b3943ee14?s=96&d=mm&r=g","url":"https:\/\/secure.gravatar.com\/avatar\/bb65d0283347e303893ba14f0692005417c1e0e690a325a4c5d8bb2b3943ee14?s=96&d=mm&r=g","contentUrl":"https:\/\/secure.gravatar.com\/avatar\/bb65d0283347e303893ba14f0692005417c1e0e690a325a4c5d8bb2b3943ee14?s=96&d=mm&r=g","caption":"Cope Alcoy"}}]}},"_links":{"self":[{"href":"https:\/\/www.copealcoy.es\/es\/wp-json\/wp\/v2\/posts\/80326","targetHints":{"allow":["GET"]}}],"collection":[{"href":"https:\/\/www.copealcoy.es\/es\/wp-json\/wp\/v2\/posts"}],"about":[{"href":"https:\/\/www.copealcoy.es\/es\/wp-json\/wp\/v2\/types\/post"}],"author":[{"embeddable":true,"href":"https:\/\/www.copealcoy.es\/es\/wp-json\/wp\/v2\/users\/1"}],"replies":[{"embeddable":true,"href":"https:\/\/www.copealcoy.es\/es\/wp-json\/wp\/v2\/comments?post=80326"}],"version-history":[{"count":0,"href":"https:\/\/www.copealcoy.es\/es\/wp-json\/wp\/v2\/posts\/80326\/revisions"}],"wp:featuredmedia":[{"embeddable":true,"href":"https:\/\/www.copealcoy.es\/es\/wp-json\/wp\/v2\/media\/80327"}],"wp:attachment":[{"href":"https:\/\/www.copealcoy.es\/es\/wp-json\/wp\/v2\/media?parent=80326"}],"wp:term":[{"taxonomy":"category","embeddable":true,"href":"https:\/\/www.copealcoy.es\/es\/wp-json\/wp\/v2\/categories?post=80326"},{"taxonomy":"post_tag","embeddable":true,"href":"https:\/\/www.copealcoy.es\/es\/wp-json\/wp\/v2\/tags?post=80326"}],"curies":[{"name":"wp","href":"https:\/\/api.w.org\/{rel}","templated":true}]}}