{"id":80255,"date":"2021-11-17T13:29:53","date_gmt":"2021-11-17T12:29:53","guid":{"rendered":"https:\/\/www.copealcoy.es\/?p=80255"},"modified":"2021-11-17T13:52:52","modified_gmt":"2021-11-17T12:52:52","slug":"acif-union-ciclista-alcoy-i-la-fila-navarros-acompanyaran-a-ses-majestats","status":"publish","type":"post","link":"https:\/\/www.copealcoy.es\/es\/acif-union-ciclista-alcoy-i-la-fila-navarros-acompanyaran-a-ses-majestats\/","title":{"rendered":"ACIF, Uni\u00f3n Ciclista Alcoy i la Fil\u00e0 Navarros acompanyaran a Ses Majestats"},"content":{"rendered":"<p style=\"text-align: justify;\">L&#8217;<strong>Ajuntament d&#8217;Alcoi<\/strong> ha donat a con\u00e9ixer <strong>les tres entitats que acompanyaran als Reis Mags de l&#8217;Orient<\/strong> durant la seua vinguda a la ciutat el pr\u00f2xim 5 de gener. Des del Consistori <strong>es t\u00e9<\/strong> <strong>la intenci\u00f3 avui dia de celebrar la Cavalcada en el seu format habitual<\/strong> sense deixar de banda <strong>la possibilitat de contemplar altres opcions<\/strong> en el cas que l&#8217;evoluci\u00f3 de la pand\u00e8mia canvie de tend\u00e8ncia en les pr\u00f2ximes setmanes.<\/p>\n<p style=\"text-align: justify;\">Enguany, les entitats que acompanyaran i ajudaran a Melcior, Gaspar i Baltasar seran\u00a0<strong><span class=\"hiddenSpellError\">ACIF<\/span>\u00a0Alcoi, la\u00a0<span class=\"hiddenSpellError\">Uni\u00f3n<\/span>\u00a0<span class=\"hiddenSpellError\">Cliclista<\/span>\u00a0<span class=\"hiddenSpellError\">Alcoy<\/span>\u00a0i la Fil\u00e0\u00a0<span class=\"hiddenSpellError\">Navarros<\/span><\/strong>. Els primers <strong>han complit trenta anys en la lluita i prevenci\u00f3 contra els incendis forestals<\/strong> mentre que han rebut la Medalla al M\u00e8rit de la Protecci\u00f3 Civil per part del Ministeri de l&#8217;Interior. Els segons <strong>celebren en 2021 el seu seixanta aniversari<\/strong> i durant la seua llarga traject\u00f2ria abanderant el ciclisme local han assolit importants reptes com l&#8217;organitzaci\u00f3 del Trofeu Sant Jordi de Ciclisme; una de les carreres m\u00e9s antigues d&#8217;Espanya i la m\u00e9s antiga de la Comunitat Valenciana. Finalment <strong>els tercers formen part de l&#8217;engranatge de les nostres Festes de Moros i Cristians des de 1870 i en 2020 van complir\u00a0<span class=\"hiddenGreenError\">150<\/span>\u00a0anys<\/strong> &#8220;<em>enguany tindrem una cavalcada molt desitjada per tots, ja que l&#8217;any passat a causa de la pand\u00e8mia els Reis Mags ens van visitar, per\u00f2 no van poder desfilar. La Covid-19 segueix amb nosaltres, per aix\u00f2 seguirem amb mesures i els Reis Mags no besaran a la inf\u00e0ncia<\/em>&#8220;, detalla la regidora de Festes; <strong>Carol Ortiz<\/strong>.<\/p>\n<p style=\"text-align: justify;\">Aquestes tres associacions <strong>se sumen a altres noms propis\u00a0<span class=\"hiddenGreenError\">del Nadal<\/span>\u00a0Alcoi\u00e0<\/strong> que hem anat coneixent durant els \u00faltims dies. Cal recordar que <strong>Anna Belda \u00e9s l&#8217;autora del Cartell<\/strong> de la Cavalcada mentre que <strong>Merc\u00e9 Climent<\/strong> redactar\u00e0 el Ban Reial\u00a0i <strong>Rub\u00e9n Cervera<\/strong> li posar\u00e0 veu.<\/p>\n","protected":false},"excerpt":{"rendered":"<p>L&#8217;Ajuntament d&#8217;Alcoi ha donat a con\u00e9ixer les tres entitats que acompanyaran als Reis Mags de l&#8217;Orient durant la seua vinguda&#8230;<\/p>\n","protected":false},"author":1,"featured_media":58565,"comment_status":"open","ping_status":"open","sticky":false,"template":"","format":"standard","meta":{"footnotes":""},"categories":[97,78,75,125],"tags":[2467,10551,2448,10136,11878],"class_list":["post-80255","post","type-post","status-publish","format-standard","has-post-thumbnail","hentry","category-alcoy","category-fiestaycultura","category-noticias","category-portada","tag-acif","tag-cavalcada","tag-fila-navarros","tag-reis-mags","tag-union-ciclista-alcoy"],"yoast_head":"<!-- This site is optimized with the Yoast SEO plugin v27.3 - https:\/\/yoast.com\/product\/yoast-seo-wordpress\/ -->\n<title>ACIF, Uni\u00f3n Ciclista Alcoy i la Fil\u00e0 Navarros acompanyaran a Ses Majestats - COPE Alcoy<\/title>\n<meta name=\"robots\" content=\"index, follow, max-snippet:-1, max-image-preview:large, max-video-preview:-1\" \/>\n<link rel=\"canonical\" href=\"https:\/\/www.copealcoy.es\/es\/acif-union-ciclista-alcoy-i-la-fila-navarros-acompanyaran-a-ses-majestats\/\" \/>\n<meta property=\"og:locale\" content=\"es_ES\" \/>\n<meta property=\"og:type\" content=\"article\" \/>\n<meta property=\"og:title\" content=\"ACIF, Uni\u00f3n Ciclista Alcoy i la Fil\u00e0 Navarros acompanyaran a Ses Majestats - COPE Alcoy\" \/>\n<meta property=\"og:description\" content=\"L&#8217;Ajuntament d&#8217;Alcoi ha donat a con\u00e9ixer les tres entitats que acompanyaran als Reis Mags de l&#8217;Orient durant la seua vinguda...\" \/>\n<meta property=\"og:url\" content=\"https:\/\/www.copealcoy.es\/es\/acif-union-ciclista-alcoy-i-la-fila-navarros-acompanyaran-a-ses-majestats\/\" \/>\n<meta property=\"og:site_name\" content=\"COPE Alcoy\" \/>\n<meta property=\"article:published_time\" content=\"2021-11-17T12:29:53+00:00\" \/>\n<meta property=\"article:modified_time\" content=\"2021-11-17T12:52:52+00:00\" \/>\n<meta property=\"og:image\" content=\"https:\/\/www.copealcoy.es\/wp-content\/uploads\/2020\/01\/81641135_3928991913793630_9146479623901544448_o-1.jpg\" \/>\n\t<meta property=\"og:image:width\" content=\"960\" \/>\n\t<meta property=\"og:image:height\" content=\"635\" \/>\n\t<meta property=\"og:image:type\" content=\"image\/jpeg\" \/>\n<meta name=\"author\" content=\"Cope Alcoy\" \/>\n<meta name=\"twitter:label1\" content=\"Escrito por\" \/>\n\t<meta name=\"twitter:data1\" content=\"Cope Alcoy\" \/>\n\t<meta name=\"twitter:label2\" content=\"Tiempo de lectura\" \/>\n\t<meta name=\"twitter:data2\" content=\"2 minutos\" \/>\n<script type=\"application\/ld+json\" class=\"yoast-schema-graph\">{\"@context\":\"https:\\\/\\\/schema.org\",\"@graph\":[{\"@type\":\"Article\",\"@id\":\"https:\\\/\\\/www.copealcoy.es\\\/es\\\/acif-union-ciclista-alcoy-i-la-fila-navarros-acompanyaran-a-ses-majestats\\\/#article\",\"isPartOf\":{\"@id\":\"https:\\\/\\\/www.copealcoy.es\\\/es\\\/acif-union-ciclista-alcoy-i-la-fila-navarros-acompanyaran-a-ses-majestats\\\/\"},\"author\":{\"name\":\"Cope Alcoy\",\"@id\":\"https:\\\/\\\/www.copealcoy.es\\\/es\\\/#\\\/schema\\\/person\\\/e777c87fa024e57d40170af9df39882c\"},\"headline\":\"ACIF, Uni\u00f3n Ciclista Alcoy i la Fil\u00e0 Navarros acompanyaran a Ses Majestats\",\"datePublished\":\"2021-11-17T12:29:53+00:00\",\"dateModified\":\"2021-11-17T12:52:52+00:00\",\"mainEntityOfPage\":{\"@id\":\"https:\\\/\\\/www.copealcoy.es\\\/es\\\/acif-union-ciclista-alcoy-i-la-fila-navarros-acompanyaran-a-ses-majestats\\\/\"},\"wordCount\":329,\"commentCount\":0,\"image\":{\"@id\":\"https:\\\/\\\/www.copealcoy.es\\\/es\\\/acif-union-ciclista-alcoy-i-la-fila-navarros-acompanyaran-a-ses-majestats\\\/#primaryimage\"},\"thumbnailUrl\":\"https:\\\/\\\/www.copealcoy.es\\\/wp-content\\\/uploads\\\/2020\\\/01\\\/81641135_3928991913793630_9146479623901544448_o-1.jpg\",\"keywords\":[\"ACIF\",\"Cavalcada\",\"fil\u00e0 navarros\",\"Reis Mags\",\"Uni\u00f3n Ciclista Alcoy\"],\"articleSection\":[\"Alcoy\",\"Fiesta y Cultura\",\"Noticias\",\"Portada\"],\"inLanguage\":\"es\"},{\"@type\":\"WebPage\",\"@id\":\"https:\\\/\\\/www.copealcoy.es\\\/es\\\/acif-union-ciclista-alcoy-i-la-fila-navarros-acompanyaran-a-ses-majestats\\\/\",\"url\":\"https:\\\/\\\/www.copealcoy.es\\\/es\\\/acif-union-ciclista-alcoy-i-la-fila-navarros-acompanyaran-a-ses-majestats\\\/\",\"name\":\"ACIF, Uni\u00f3n Ciclista Alcoy i la Fil\u00e0 Navarros acompanyaran a Ses Majestats - COPE Alcoy\",\"isPartOf\":{\"@id\":\"https:\\\/\\\/www.copealcoy.es\\\/es\\\/#website\"},\"primaryImageOfPage\":{\"@id\":\"https:\\\/\\\/www.copealcoy.es\\\/es\\\/acif-union-ciclista-alcoy-i-la-fila-navarros-acompanyaran-a-ses-majestats\\\/#primaryimage\"},\"image\":{\"@id\":\"https:\\\/\\\/www.copealcoy.es\\\/es\\\/acif-union-ciclista-alcoy-i-la-fila-navarros-acompanyaran-a-ses-majestats\\\/#primaryimage\"},\"thumbnailUrl\":\"https:\\\/\\\/www.copealcoy.es\\\/wp-content\\\/uploads\\\/2020\\\/01\\\/81641135_3928991913793630_9146479623901544448_o-1.jpg\",\"datePublished\":\"2021-11-17T12:29:53+00:00\",\"dateModified\":\"2021-11-17T12:52:52+00:00\",\"author\":{\"@id\":\"https:\\\/\\\/www.copealcoy.es\\\/es\\\/#\\\/schema\\\/person\\\/e777c87fa024e57d40170af9df39882c\"},\"breadcrumb\":{\"@id\":\"https:\\\/\\\/www.copealcoy.es\\\/es\\\/acif-union-ciclista-alcoy-i-la-fila-navarros-acompanyaran-a-ses-majestats\\\/#breadcrumb\"},\"inLanguage\":\"es\",\"potentialAction\":[{\"@type\":\"ReadAction\",\"target\":[\"https:\\\/\\\/www.copealcoy.es\\\/es\\\/acif-union-ciclista-alcoy-i-la-fila-navarros-acompanyaran-a-ses-majestats\\\/\"]}]},{\"@type\":\"ImageObject\",\"inLanguage\":\"es\",\"@id\":\"https:\\\/\\\/www.copealcoy.es\\\/es\\\/acif-union-ciclista-alcoy-i-la-fila-navarros-acompanyaran-a-ses-majestats\\\/#primaryimage\",\"url\":\"https:\\\/\\\/www.copealcoy.es\\\/wp-content\\\/uploads\\\/2020\\\/01\\\/81641135_3928991913793630_9146479623901544448_o-1.jpg\",\"contentUrl\":\"https:\\\/\\\/www.copealcoy.es\\\/wp-content\\\/uploads\\\/2020\\\/01\\\/81641135_3928991913793630_9146479623901544448_o-1.jpg\",\"width\":960,\"height\":635,\"caption\":\"Los Reyes Magos durante el instante de la Adoraci\u00f3n \\\/ Foto: Ajuntament d'Alcoi\"},{\"@type\":\"BreadcrumbList\",\"@id\":\"https:\\\/\\\/www.copealcoy.es\\\/es\\\/acif-union-ciclista-alcoy-i-la-fila-navarros-acompanyaran-a-ses-majestats\\\/#breadcrumb\",\"itemListElement\":[{\"@type\":\"ListItem\",\"position\":1,\"name\":\"Portada\",\"item\":\"https:\\\/\\\/www.copealcoy.es\\\/es\\\/\"},{\"@type\":\"ListItem\",\"position\":2,\"name\":\"ACIF, Uni\u00f3n Ciclista Alcoy i la Fil\u00e0 Navarros acompanyaran a Ses Majestats\"}]},{\"@type\":\"WebSite\",\"@id\":\"https:\\\/\\\/www.copealcoy.es\\\/es\\\/#website\",\"url\":\"https:\\\/\\\/www.copealcoy.es\\\/es\\\/\",\"name\":\"COPE Alcoy\",\"description\":\"Emisora COPE de radio local con emisi\u00f3n online. Pont de Sant Jordi 8-10 03803 Alcoy\",\"potentialAction\":[{\"@type\":\"SearchAction\",\"target\":{\"@type\":\"EntryPoint\",\"urlTemplate\":\"https:\\\/\\\/www.copealcoy.es\\\/es\\\/?s={search_term_string}\"},\"query-input\":{\"@type\":\"PropertyValueSpecification\",\"valueRequired\":true,\"valueName\":\"search_term_string\"}}],\"inLanguage\":\"es\"},{\"@type\":\"Person\",\"@id\":\"https:\\\/\\\/www.copealcoy.es\\\/es\\\/#\\\/schema\\\/person\\\/e777c87fa024e57d40170af9df39882c\",\"name\":\"Cope Alcoy\",\"image\":{\"@type\":\"ImageObject\",\"inLanguage\":\"es\",\"@id\":\"https:\\\/\\\/secure.gravatar.com\\\/avatar\\\/bb65d0283347e303893ba14f0692005417c1e0e690a325a4c5d8bb2b3943ee14?s=96&d=mm&r=g\",\"url\":\"https:\\\/\\\/secure.gravatar.com\\\/avatar\\\/bb65d0283347e303893ba14f0692005417c1e0e690a325a4c5d8bb2b3943ee14?s=96&d=mm&r=g\",\"contentUrl\":\"https:\\\/\\\/secure.gravatar.com\\\/avatar\\\/bb65d0283347e303893ba14f0692005417c1e0e690a325a4c5d8bb2b3943ee14?s=96&d=mm&r=g\",\"caption\":\"Cope Alcoy\"}}]}<\/script>\n<!-- \/ Yoast SEO plugin. -->","yoast_head_json":{"title":"ACIF, Uni\u00f3n Ciclista Alcoy i la Fil\u00e0 Navarros acompanyaran a Ses Majestats - COPE Alcoy","robots":{"index":"index","follow":"follow","max-snippet":"max-snippet:-1","max-image-preview":"max-image-preview:large","max-video-preview":"max-video-preview:-1"},"canonical":"https:\/\/www.copealcoy.es\/es\/acif-union-ciclista-alcoy-i-la-fila-navarros-acompanyaran-a-ses-majestats\/","og_locale":"es_ES","og_type":"article","og_title":"ACIF, Uni\u00f3n Ciclista Alcoy i la Fil\u00e0 Navarros acompanyaran a Ses Majestats - COPE Alcoy","og_description":"L&#8217;Ajuntament d&#8217;Alcoi ha donat a con\u00e9ixer les tres entitats que acompanyaran als Reis Mags de l&#8217;Orient durant la seua vinguda...","og_url":"https:\/\/www.copealcoy.es\/es\/acif-union-ciclista-alcoy-i-la-fila-navarros-acompanyaran-a-ses-majestats\/","og_site_name":"COPE Alcoy","article_published_time":"2021-11-17T12:29:53+00:00","article_modified_time":"2021-11-17T12:52:52+00:00","og_image":[{"width":960,"height":635,"url":"https:\/\/www.copealcoy.es\/wp-content\/uploads\/2020\/01\/81641135_3928991913793630_9146479623901544448_o-1.jpg","type":"image\/jpeg"}],"author":"Cope Alcoy","twitter_misc":{"Escrito por":"Cope Alcoy","Tiempo de lectura":"2 minutos"},"schema":{"@context":"https:\/\/schema.org","@graph":[{"@type":"Article","@id":"https:\/\/www.copealcoy.es\/es\/acif-union-ciclista-alcoy-i-la-fila-navarros-acompanyaran-a-ses-majestats\/#article","isPartOf":{"@id":"https:\/\/www.copealcoy.es\/es\/acif-union-ciclista-alcoy-i-la-fila-navarros-acompanyaran-a-ses-majestats\/"},"author":{"name":"Cope Alcoy","@id":"https:\/\/www.copealcoy.es\/es\/#\/schema\/person\/e777c87fa024e57d40170af9df39882c"},"headline":"ACIF, Uni\u00f3n Ciclista Alcoy i la Fil\u00e0 Navarros acompanyaran a Ses Majestats","datePublished":"2021-11-17T12:29:53+00:00","dateModified":"2021-11-17T12:52:52+00:00","mainEntityOfPage":{"@id":"https:\/\/www.copealcoy.es\/es\/acif-union-ciclista-alcoy-i-la-fila-navarros-acompanyaran-a-ses-majestats\/"},"wordCount":329,"commentCount":0,"image":{"@id":"https:\/\/www.copealcoy.es\/es\/acif-union-ciclista-alcoy-i-la-fila-navarros-acompanyaran-a-ses-majestats\/#primaryimage"},"thumbnailUrl":"https:\/\/www.copealcoy.es\/wp-content\/uploads\/2020\/01\/81641135_3928991913793630_9146479623901544448_o-1.jpg","keywords":["ACIF","Cavalcada","fil\u00e0 navarros","Reis Mags","Uni\u00f3n Ciclista Alcoy"],"articleSection":["Alcoy","Fiesta y Cultura","Noticias","Portada"],"inLanguage":"es"},{"@type":"WebPage","@id":"https:\/\/www.copealcoy.es\/es\/acif-union-ciclista-alcoy-i-la-fila-navarros-acompanyaran-a-ses-majestats\/","url":"https:\/\/www.copealcoy.es\/es\/acif-union-ciclista-alcoy-i-la-fila-navarros-acompanyaran-a-ses-majestats\/","name":"ACIF, Uni\u00f3n Ciclista Alcoy i la Fil\u00e0 Navarros acompanyaran a Ses Majestats - COPE Alcoy","isPartOf":{"@id":"https:\/\/www.copealcoy.es\/es\/#website"},"primaryImageOfPage":{"@id":"https:\/\/www.copealcoy.es\/es\/acif-union-ciclista-alcoy-i-la-fila-navarros-acompanyaran-a-ses-majestats\/#primaryimage"},"image":{"@id":"https:\/\/www.copealcoy.es\/es\/acif-union-ciclista-alcoy-i-la-fila-navarros-acompanyaran-a-ses-majestats\/#primaryimage"},"thumbnailUrl":"https:\/\/www.copealcoy.es\/wp-content\/uploads\/2020\/01\/81641135_3928991913793630_9146479623901544448_o-1.jpg","datePublished":"2021-11-17T12:29:53+00:00","dateModified":"2021-11-17T12:52:52+00:00","author":{"@id":"https:\/\/www.copealcoy.es\/es\/#\/schema\/person\/e777c87fa024e57d40170af9df39882c"},"breadcrumb":{"@id":"https:\/\/www.copealcoy.es\/es\/acif-union-ciclista-alcoy-i-la-fila-navarros-acompanyaran-a-ses-majestats\/#breadcrumb"},"inLanguage":"es","potentialAction":[{"@type":"ReadAction","target":["https:\/\/www.copealcoy.es\/es\/acif-union-ciclista-alcoy-i-la-fila-navarros-acompanyaran-a-ses-majestats\/"]}]},{"@type":"ImageObject","inLanguage":"es","@id":"https:\/\/www.copealcoy.es\/es\/acif-union-ciclista-alcoy-i-la-fila-navarros-acompanyaran-a-ses-majestats\/#primaryimage","url":"https:\/\/www.copealcoy.es\/wp-content\/uploads\/2020\/01\/81641135_3928991913793630_9146479623901544448_o-1.jpg","contentUrl":"https:\/\/www.copealcoy.es\/wp-content\/uploads\/2020\/01\/81641135_3928991913793630_9146479623901544448_o-1.jpg","width":960,"height":635,"caption":"Los Reyes Magos durante el instante de la Adoraci\u00f3n \/ Foto: Ajuntament d'Alcoi"},{"@type":"BreadcrumbList","@id":"https:\/\/www.copealcoy.es\/es\/acif-union-ciclista-alcoy-i-la-fila-navarros-acompanyaran-a-ses-majestats\/#breadcrumb","itemListElement":[{"@type":"ListItem","position":1,"name":"Portada","item":"https:\/\/www.copealcoy.es\/es\/"},{"@type":"ListItem","position":2,"name":"ACIF, Uni\u00f3n Ciclista Alcoy i la Fil\u00e0 Navarros acompanyaran a Ses Majestats"}]},{"@type":"WebSite","@id":"https:\/\/www.copealcoy.es\/es\/#website","url":"https:\/\/www.copealcoy.es\/es\/","name":"COPE Alcoy","description":"Emisora COPE de radio local con emisi\u00f3n online. Pont de Sant Jordi 8-10 03803 Alcoy","potentialAction":[{"@type":"SearchAction","target":{"@type":"EntryPoint","urlTemplate":"https:\/\/www.copealcoy.es\/es\/?s={search_term_string}"},"query-input":{"@type":"PropertyValueSpecification","valueRequired":true,"valueName":"search_term_string"}}],"inLanguage":"es"},{"@type":"Person","@id":"https:\/\/www.copealcoy.es\/es\/#\/schema\/person\/e777c87fa024e57d40170af9df39882c","name":"Cope Alcoy","image":{"@type":"ImageObject","inLanguage":"es","@id":"https:\/\/secure.gravatar.com\/avatar\/bb65d0283347e303893ba14f0692005417c1e0e690a325a4c5d8bb2b3943ee14?s=96&d=mm&r=g","url":"https:\/\/secure.gravatar.com\/avatar\/bb65d0283347e303893ba14f0692005417c1e0e690a325a4c5d8bb2b3943ee14?s=96&d=mm&r=g","contentUrl":"https:\/\/secure.gravatar.com\/avatar\/bb65d0283347e303893ba14f0692005417c1e0e690a325a4c5d8bb2b3943ee14?s=96&d=mm&r=g","caption":"Cope Alcoy"}}]}},"_links":{"self":[{"href":"https:\/\/www.copealcoy.es\/es\/wp-json\/wp\/v2\/posts\/80255","targetHints":{"allow":["GET"]}}],"collection":[{"href":"https:\/\/www.copealcoy.es\/es\/wp-json\/wp\/v2\/posts"}],"about":[{"href":"https:\/\/www.copealcoy.es\/es\/wp-json\/wp\/v2\/types\/post"}],"author":[{"embeddable":true,"href":"https:\/\/www.copealcoy.es\/es\/wp-json\/wp\/v2\/users\/1"}],"replies":[{"embeddable":true,"href":"https:\/\/www.copealcoy.es\/es\/wp-json\/wp\/v2\/comments?post=80255"}],"version-history":[{"count":0,"href":"https:\/\/www.copealcoy.es\/es\/wp-json\/wp\/v2\/posts\/80255\/revisions"}],"wp:featuredmedia":[{"embeddable":true,"href":"https:\/\/www.copealcoy.es\/es\/wp-json\/wp\/v2\/media\/58565"}],"wp:attachment":[{"href":"https:\/\/www.copealcoy.es\/es\/wp-json\/wp\/v2\/media?parent=80255"}],"wp:term":[{"taxonomy":"category","embeddable":true,"href":"https:\/\/www.copealcoy.es\/es\/wp-json\/wp\/v2\/categories?post=80255"},{"taxonomy":"post_tag","embeddable":true,"href":"https:\/\/www.copealcoy.es\/es\/wp-json\/wp\/v2\/tags?post=80255"}],"curies":[{"name":"wp","href":"https:\/\/api.w.org\/{rel}","templated":true}]}}