{"id":80233,"date":"2021-11-17T10:30:44","date_gmt":"2021-11-17T09:30:44","guid":{"rendered":"https:\/\/www.copealcoy.es\/?p=80233"},"modified":"2021-11-17T11:14:56","modified_gmt":"2021-11-17T10:14:56","slug":"cocentaina-enceta-nova-campanya-de-pressupostos-participatius","status":"publish","type":"post","link":"https:\/\/www.copealcoy.es\/es\/cocentaina-enceta-nova-campanya-de-pressupostos-participatius\/","title":{"rendered":"Cocentaina enceta nova campanya de pressupostos participatius"},"content":{"rendered":"<p style=\"text-align: justify;\">L\u2019<strong>Ajuntament de Cocentaina<\/strong> ha posat en marxa <strong>una nova campanya dels Pressupostos Participatius<\/strong> amb <strong>l&#8217;inici de la fase de presentaci\u00f3 de propostes<\/strong>. Aquest proc\u00e9s comen\u00e7a enguany abans per a que aix\u00ed <strong>els t\u00e8cnics municipals disposen de major temps<\/strong> de cara a analitzar la viabilitat de les iniciatives presentades.<\/p>\n<p style=\"text-align: justify;\">Com a novetat, <strong>enguany es demana que s\u2019adjunte a la sol\u00b7licitud un full en el qual s\u2019explique qu\u00e8 es vol fer, a quin lloc es vol fer i el pressupost aproximat, si \u00e9s possible, de la proposta<\/strong>. Una vegada tancat el termini per a presentar les propostes, <strong>passaran a la fase d\u2019estudi de la viabilitat<\/strong> per part del personal t\u00e8cnic municipal, que<strong> ha d\u2019emetre els informes abans que s\u2019acabe el mes de gener de 2022. <\/strong>En aquest moment es faran p\u00fabliques les propostes amb la finalitat que la gent les conega i les valore, ja que la votaci\u00f3 est\u00e0 previst que tinga lloc a finals del mes de febrer &#8220;<em>animem a les persones que no n\u2019han presentat mai a fer-ho i a confiar en l\u2019ajuda que se\u2019ls pot oferir per part del personal t\u00e8cnic municipal en cas que tinguen dubtes o b\u00e9 que no tinguen clar el proc\u00e9s que cal seguir per a presentar les proposte<\/em>s&#8221; afirma la regidora de Participaci\u00f3 Ciutadana, <strong>Maite Valls<\/strong>.<\/p>\n<p style=\"text-align: justify;\">El <strong>per\u00edode per a presentar les propostes<\/strong> s\u2019acaba el <strong>pr\u00f2xim 15 de desembre<\/strong> a les 23:59h. La presentaci\u00f3 de propostes <strong>es pot fer per dues vies<\/strong>: de manera presencial, al Servei d\u2019Informaci\u00f3 a la Ciutadania (SIC), ubicat a la planta baixa de l\u2019Ajuntament, a trav\u00e9s d\u2019una inst\u00e0ncia general en paper; o b\u00e9 telem\u00e0ticament, l\u2019opci\u00f3 m\u00e9s recomanable a hores d\u2019ara, mitjan\u00e7ant la Seu Electr\u00f2nica en<strong><span style=\"color: #0000ff;\"> <a style=\"color: #0000ff;\" href=\"http:\/\/www.cocentaina.es.sedeelectronica.es\/\">cocentaina.sedeelectronica.es<\/a><\/span><\/strong>.<\/p>\n","protected":false},"excerpt":{"rendered":"<p>L\u2019Ajuntament de Cocentaina ha posat en marxa una nova campanya dels Pressupostos Participatius amb l&#8217;inici de la fase de presentaci\u00f3&#8230;<\/p>\n","protected":false},"author":1,"featured_media":18561,"comment_status":"open","ping_status":"open","sticky":false,"template":"","format":"standard","meta":{"footnotes":""},"categories":[98,75],"tags":[9579,132,10920,9669],"class_list":["post-80233","post","type-post","status-publish","format-standard","has-post-thumbnail","hentry","category-comarcas","category-noticias","tag-campanya","tag-cocentaina","tag-maite-valls","tag-pressupostos-participatius"],"yoast_head":"<!-- This site is optimized with the Yoast SEO plugin v27.3 - https:\/\/yoast.com\/product\/yoast-seo-wordpress\/ -->\n<title>Cocentaina enceta nova campanya de pressupostos participatius - COPE Alcoy<\/title>\n<meta name=\"robots\" content=\"index, follow, max-snippet:-1, max-image-preview:large, max-video-preview:-1\" \/>\n<link rel=\"canonical\" href=\"https:\/\/www.copealcoy.es\/es\/cocentaina-enceta-nova-campanya-de-pressupostos-participatius\/\" \/>\n<meta property=\"og:locale\" content=\"es_ES\" \/>\n<meta property=\"og:type\" content=\"article\" \/>\n<meta property=\"og:title\" content=\"Cocentaina enceta nova campanya de pressupostos participatius - COPE Alcoy\" \/>\n<meta property=\"og:description\" content=\"L\u2019Ajuntament de Cocentaina ha posat en marxa una nova campanya dels Pressupostos Participatius amb l&#8217;inici de la fase de presentaci\u00f3...\" \/>\n<meta property=\"og:url\" content=\"https:\/\/www.copealcoy.es\/es\/cocentaina-enceta-nova-campanya-de-pressupostos-participatius\/\" \/>\n<meta property=\"og:site_name\" content=\"COPE Alcoy\" \/>\n<meta property=\"article:published_time\" content=\"2021-11-17T09:30:44+00:00\" \/>\n<meta property=\"article:modified_time\" content=\"2021-11-17T10:14:56+00:00\" \/>\n<meta property=\"og:image\" content=\"https:\/\/www.copealcoy.es\/wp-content\/uploads\/2016\/02\/Ajuntament-Cocentaina-2.jpg\" \/>\n\t<meta property=\"og:image:width\" content=\"2400\" \/>\n\t<meta property=\"og:image:height\" content=\"1679\" \/>\n\t<meta property=\"og:image:type\" content=\"image\/jpeg\" \/>\n<meta name=\"author\" content=\"Cope Alcoy\" \/>\n<meta name=\"twitter:label1\" content=\"Escrito por\" \/>\n\t<meta name=\"twitter:data1\" content=\"Cope Alcoy\" \/>\n\t<meta name=\"twitter:label2\" content=\"Tiempo de lectura\" \/>\n\t<meta name=\"twitter:data2\" content=\"2 minutos\" \/>\n<script type=\"application\/ld+json\" class=\"yoast-schema-graph\">{\"@context\":\"https:\\\/\\\/schema.org\",\"@graph\":[{\"@type\":\"Article\",\"@id\":\"https:\\\/\\\/www.copealcoy.es\\\/es\\\/cocentaina-enceta-nova-campanya-de-pressupostos-participatius\\\/#article\",\"isPartOf\":{\"@id\":\"https:\\\/\\\/www.copealcoy.es\\\/es\\\/cocentaina-enceta-nova-campanya-de-pressupostos-participatius\\\/\"},\"author\":{\"name\":\"Cope Alcoy\",\"@id\":\"https:\\\/\\\/www.copealcoy.es\\\/es\\\/#\\\/schema\\\/person\\\/e777c87fa024e57d40170af9df39882c\"},\"headline\":\"Cocentaina enceta nova campanya de pressupostos participatius\",\"datePublished\":\"2021-11-17T09:30:44+00:00\",\"dateModified\":\"2021-11-17T10:14:56+00:00\",\"mainEntityOfPage\":{\"@id\":\"https:\\\/\\\/www.copealcoy.es\\\/es\\\/cocentaina-enceta-nova-campanya-de-pressupostos-participatius\\\/\"},\"wordCount\":316,\"commentCount\":0,\"image\":{\"@id\":\"https:\\\/\\\/www.copealcoy.es\\\/es\\\/cocentaina-enceta-nova-campanya-de-pressupostos-participatius\\\/#primaryimage\"},\"thumbnailUrl\":\"https:\\\/\\\/www.copealcoy.es\\\/wp-content\\\/uploads\\\/2016\\\/02\\\/Ajuntament-Cocentaina-2.jpg\",\"keywords\":[\"campanya\",\"Cocentaina\",\"Maite Valls\",\"Pressupostos Participatius\"],\"articleSection\":[\"Comarcas\",\"Noticias\"],\"inLanguage\":\"es\"},{\"@type\":\"WebPage\",\"@id\":\"https:\\\/\\\/www.copealcoy.es\\\/es\\\/cocentaina-enceta-nova-campanya-de-pressupostos-participatius\\\/\",\"url\":\"https:\\\/\\\/www.copealcoy.es\\\/es\\\/cocentaina-enceta-nova-campanya-de-pressupostos-participatius\\\/\",\"name\":\"Cocentaina enceta nova campanya de pressupostos participatius - COPE Alcoy\",\"isPartOf\":{\"@id\":\"https:\\\/\\\/www.copealcoy.es\\\/es\\\/#website\"},\"primaryImageOfPage\":{\"@id\":\"https:\\\/\\\/www.copealcoy.es\\\/es\\\/cocentaina-enceta-nova-campanya-de-pressupostos-participatius\\\/#primaryimage\"},\"image\":{\"@id\":\"https:\\\/\\\/www.copealcoy.es\\\/es\\\/cocentaina-enceta-nova-campanya-de-pressupostos-participatius\\\/#primaryimage\"},\"thumbnailUrl\":\"https:\\\/\\\/www.copealcoy.es\\\/wp-content\\\/uploads\\\/2016\\\/02\\\/Ajuntament-Cocentaina-2.jpg\",\"datePublished\":\"2021-11-17T09:30:44+00:00\",\"dateModified\":\"2021-11-17T10:14:56+00:00\",\"author\":{\"@id\":\"https:\\\/\\\/www.copealcoy.es\\\/es\\\/#\\\/schema\\\/person\\\/e777c87fa024e57d40170af9df39882c\"},\"breadcrumb\":{\"@id\":\"https:\\\/\\\/www.copealcoy.es\\\/es\\\/cocentaina-enceta-nova-campanya-de-pressupostos-participatius\\\/#breadcrumb\"},\"inLanguage\":\"es\",\"potentialAction\":[{\"@type\":\"ReadAction\",\"target\":[\"https:\\\/\\\/www.copealcoy.es\\\/es\\\/cocentaina-enceta-nova-campanya-de-pressupostos-participatius\\\/\"]}]},{\"@type\":\"ImageObject\",\"inLanguage\":\"es\",\"@id\":\"https:\\\/\\\/www.copealcoy.es\\\/es\\\/cocentaina-enceta-nova-campanya-de-pressupostos-participatius\\\/#primaryimage\",\"url\":\"https:\\\/\\\/www.copealcoy.es\\\/wp-content\\\/uploads\\\/2016\\\/02\\\/Ajuntament-Cocentaina-2.jpg\",\"contentUrl\":\"https:\\\/\\\/www.copealcoy.es\\\/wp-content\\\/uploads\\\/2016\\\/02\\\/Ajuntament-Cocentaina-2.jpg\",\"width\":2400,\"height\":1679,\"caption\":\"Ayuntamiento de Cocentaina \\\/ Foto: G. Pascual\"},{\"@type\":\"BreadcrumbList\",\"@id\":\"https:\\\/\\\/www.copealcoy.es\\\/es\\\/cocentaina-enceta-nova-campanya-de-pressupostos-participatius\\\/#breadcrumb\",\"itemListElement\":[{\"@type\":\"ListItem\",\"position\":1,\"name\":\"Portada\",\"item\":\"https:\\\/\\\/www.copealcoy.es\\\/es\\\/\"},{\"@type\":\"ListItem\",\"position\":2,\"name\":\"Cocentaina enceta nova campanya de pressupostos participatius\"}]},{\"@type\":\"WebSite\",\"@id\":\"https:\\\/\\\/www.copealcoy.es\\\/es\\\/#website\",\"url\":\"https:\\\/\\\/www.copealcoy.es\\\/es\\\/\",\"name\":\"COPE Alcoy\",\"description\":\"Emisora COPE de radio local con emisi\u00f3n online. Pont de Sant Jordi 8-10 03803 Alcoy\",\"potentialAction\":[{\"@type\":\"SearchAction\",\"target\":{\"@type\":\"EntryPoint\",\"urlTemplate\":\"https:\\\/\\\/www.copealcoy.es\\\/es\\\/?s={search_term_string}\"},\"query-input\":{\"@type\":\"PropertyValueSpecification\",\"valueRequired\":true,\"valueName\":\"search_term_string\"}}],\"inLanguage\":\"es\"},{\"@type\":\"Person\",\"@id\":\"https:\\\/\\\/www.copealcoy.es\\\/es\\\/#\\\/schema\\\/person\\\/e777c87fa024e57d40170af9df39882c\",\"name\":\"Cope Alcoy\",\"image\":{\"@type\":\"ImageObject\",\"inLanguage\":\"es\",\"@id\":\"https:\\\/\\\/secure.gravatar.com\\\/avatar\\\/bb65d0283347e303893ba14f0692005417c1e0e690a325a4c5d8bb2b3943ee14?s=96&d=mm&r=g\",\"url\":\"https:\\\/\\\/secure.gravatar.com\\\/avatar\\\/bb65d0283347e303893ba14f0692005417c1e0e690a325a4c5d8bb2b3943ee14?s=96&d=mm&r=g\",\"contentUrl\":\"https:\\\/\\\/secure.gravatar.com\\\/avatar\\\/bb65d0283347e303893ba14f0692005417c1e0e690a325a4c5d8bb2b3943ee14?s=96&d=mm&r=g\",\"caption\":\"Cope Alcoy\"}}]}<\/script>\n<!-- \/ Yoast SEO plugin. -->","yoast_head_json":{"title":"Cocentaina enceta nova campanya de pressupostos participatius - COPE Alcoy","robots":{"index":"index","follow":"follow","max-snippet":"max-snippet:-1","max-image-preview":"max-image-preview:large","max-video-preview":"max-video-preview:-1"},"canonical":"https:\/\/www.copealcoy.es\/es\/cocentaina-enceta-nova-campanya-de-pressupostos-participatius\/","og_locale":"es_ES","og_type":"article","og_title":"Cocentaina enceta nova campanya de pressupostos participatius - COPE Alcoy","og_description":"L\u2019Ajuntament de Cocentaina ha posat en marxa una nova campanya dels Pressupostos Participatius amb l&#8217;inici de la fase de presentaci\u00f3...","og_url":"https:\/\/www.copealcoy.es\/es\/cocentaina-enceta-nova-campanya-de-pressupostos-participatius\/","og_site_name":"COPE Alcoy","article_published_time":"2021-11-17T09:30:44+00:00","article_modified_time":"2021-11-17T10:14:56+00:00","og_image":[{"width":2400,"height":1679,"url":"https:\/\/www.copealcoy.es\/wp-content\/uploads\/2016\/02\/Ajuntament-Cocentaina-2.jpg","type":"image\/jpeg"}],"author":"Cope Alcoy","twitter_misc":{"Escrito por":"Cope Alcoy","Tiempo de lectura":"2 minutos"},"schema":{"@context":"https:\/\/schema.org","@graph":[{"@type":"Article","@id":"https:\/\/www.copealcoy.es\/es\/cocentaina-enceta-nova-campanya-de-pressupostos-participatius\/#article","isPartOf":{"@id":"https:\/\/www.copealcoy.es\/es\/cocentaina-enceta-nova-campanya-de-pressupostos-participatius\/"},"author":{"name":"Cope Alcoy","@id":"https:\/\/www.copealcoy.es\/es\/#\/schema\/person\/e777c87fa024e57d40170af9df39882c"},"headline":"Cocentaina enceta nova campanya de pressupostos participatius","datePublished":"2021-11-17T09:30:44+00:00","dateModified":"2021-11-17T10:14:56+00:00","mainEntityOfPage":{"@id":"https:\/\/www.copealcoy.es\/es\/cocentaina-enceta-nova-campanya-de-pressupostos-participatius\/"},"wordCount":316,"commentCount":0,"image":{"@id":"https:\/\/www.copealcoy.es\/es\/cocentaina-enceta-nova-campanya-de-pressupostos-participatius\/#primaryimage"},"thumbnailUrl":"https:\/\/www.copealcoy.es\/wp-content\/uploads\/2016\/02\/Ajuntament-Cocentaina-2.jpg","keywords":["campanya","Cocentaina","Maite Valls","Pressupostos Participatius"],"articleSection":["Comarcas","Noticias"],"inLanguage":"es"},{"@type":"WebPage","@id":"https:\/\/www.copealcoy.es\/es\/cocentaina-enceta-nova-campanya-de-pressupostos-participatius\/","url":"https:\/\/www.copealcoy.es\/es\/cocentaina-enceta-nova-campanya-de-pressupostos-participatius\/","name":"Cocentaina enceta nova campanya de pressupostos participatius - COPE Alcoy","isPartOf":{"@id":"https:\/\/www.copealcoy.es\/es\/#website"},"primaryImageOfPage":{"@id":"https:\/\/www.copealcoy.es\/es\/cocentaina-enceta-nova-campanya-de-pressupostos-participatius\/#primaryimage"},"image":{"@id":"https:\/\/www.copealcoy.es\/es\/cocentaina-enceta-nova-campanya-de-pressupostos-participatius\/#primaryimage"},"thumbnailUrl":"https:\/\/www.copealcoy.es\/wp-content\/uploads\/2016\/02\/Ajuntament-Cocentaina-2.jpg","datePublished":"2021-11-17T09:30:44+00:00","dateModified":"2021-11-17T10:14:56+00:00","author":{"@id":"https:\/\/www.copealcoy.es\/es\/#\/schema\/person\/e777c87fa024e57d40170af9df39882c"},"breadcrumb":{"@id":"https:\/\/www.copealcoy.es\/es\/cocentaina-enceta-nova-campanya-de-pressupostos-participatius\/#breadcrumb"},"inLanguage":"es","potentialAction":[{"@type":"ReadAction","target":["https:\/\/www.copealcoy.es\/es\/cocentaina-enceta-nova-campanya-de-pressupostos-participatius\/"]}]},{"@type":"ImageObject","inLanguage":"es","@id":"https:\/\/www.copealcoy.es\/es\/cocentaina-enceta-nova-campanya-de-pressupostos-participatius\/#primaryimage","url":"https:\/\/www.copealcoy.es\/wp-content\/uploads\/2016\/02\/Ajuntament-Cocentaina-2.jpg","contentUrl":"https:\/\/www.copealcoy.es\/wp-content\/uploads\/2016\/02\/Ajuntament-Cocentaina-2.jpg","width":2400,"height":1679,"caption":"Ayuntamiento de Cocentaina \/ Foto: G. Pascual"},{"@type":"BreadcrumbList","@id":"https:\/\/www.copealcoy.es\/es\/cocentaina-enceta-nova-campanya-de-pressupostos-participatius\/#breadcrumb","itemListElement":[{"@type":"ListItem","position":1,"name":"Portada","item":"https:\/\/www.copealcoy.es\/es\/"},{"@type":"ListItem","position":2,"name":"Cocentaina enceta nova campanya de pressupostos participatius"}]},{"@type":"WebSite","@id":"https:\/\/www.copealcoy.es\/es\/#website","url":"https:\/\/www.copealcoy.es\/es\/","name":"COPE Alcoy","description":"Emisora COPE de radio local con emisi\u00f3n online. Pont de Sant Jordi 8-10 03803 Alcoy","potentialAction":[{"@type":"SearchAction","target":{"@type":"EntryPoint","urlTemplate":"https:\/\/www.copealcoy.es\/es\/?s={search_term_string}"},"query-input":{"@type":"PropertyValueSpecification","valueRequired":true,"valueName":"search_term_string"}}],"inLanguage":"es"},{"@type":"Person","@id":"https:\/\/www.copealcoy.es\/es\/#\/schema\/person\/e777c87fa024e57d40170af9df39882c","name":"Cope Alcoy","image":{"@type":"ImageObject","inLanguage":"es","@id":"https:\/\/secure.gravatar.com\/avatar\/bb65d0283347e303893ba14f0692005417c1e0e690a325a4c5d8bb2b3943ee14?s=96&d=mm&r=g","url":"https:\/\/secure.gravatar.com\/avatar\/bb65d0283347e303893ba14f0692005417c1e0e690a325a4c5d8bb2b3943ee14?s=96&d=mm&r=g","contentUrl":"https:\/\/secure.gravatar.com\/avatar\/bb65d0283347e303893ba14f0692005417c1e0e690a325a4c5d8bb2b3943ee14?s=96&d=mm&r=g","caption":"Cope Alcoy"}}]}},"_links":{"self":[{"href":"https:\/\/www.copealcoy.es\/es\/wp-json\/wp\/v2\/posts\/80233","targetHints":{"allow":["GET"]}}],"collection":[{"href":"https:\/\/www.copealcoy.es\/es\/wp-json\/wp\/v2\/posts"}],"about":[{"href":"https:\/\/www.copealcoy.es\/es\/wp-json\/wp\/v2\/types\/post"}],"author":[{"embeddable":true,"href":"https:\/\/www.copealcoy.es\/es\/wp-json\/wp\/v2\/users\/1"}],"replies":[{"embeddable":true,"href":"https:\/\/www.copealcoy.es\/es\/wp-json\/wp\/v2\/comments?post=80233"}],"version-history":[{"count":0,"href":"https:\/\/www.copealcoy.es\/es\/wp-json\/wp\/v2\/posts\/80233\/revisions"}],"wp:featuredmedia":[{"embeddable":true,"href":"https:\/\/www.copealcoy.es\/es\/wp-json\/wp\/v2\/media\/18561"}],"wp:attachment":[{"href":"https:\/\/www.copealcoy.es\/es\/wp-json\/wp\/v2\/media?parent=80233"}],"wp:term":[{"taxonomy":"category","embeddable":true,"href":"https:\/\/www.copealcoy.es\/es\/wp-json\/wp\/v2\/categories?post=80233"},{"taxonomy":"post_tag","embeddable":true,"href":"https:\/\/www.copealcoy.es\/es\/wp-json\/wp\/v2\/tags?post=80233"}],"curies":[{"name":"wp","href":"https:\/\/api.w.org\/{rel}","templated":true}]}}