{"id":80069,"date":"2021-11-12T10:59:02","date_gmt":"2021-11-12T09:59:02","guid":{"rendered":"https:\/\/www.copealcoy.es\/?p=80069"},"modified":"2021-11-12T11:02:24","modified_gmt":"2021-11-12T10:02:24","slug":"el-ipc-se-dispara-en-la-comunitat-valenciana","status":"publish","type":"post","link":"https:\/\/www.copealcoy.es\/es\/el-ipc-se-dispara-en-la-comunitat-valenciana\/","title":{"rendered":"El IPC se dispara en la Comunitat Valenciana"},"content":{"rendered":"<p style=\"text-align: justify;\">El<strong> \u00cdndice de Precios al Consumo (IPC) ha subido en la Comunidad Valenciana un 5,6%\u00a0<\/strong>respecto a los datos del mismo mes del a\u00f1o anterior. En relaci\u00f3n con octubre de 2020, all\u00e1\u00a0<strong>donde se observa el aumento m\u00e1s notable es en la secci\u00f3n de vivienda<\/strong>, que ha incrementado un 23,9% a ra\u00edz del aumento de precios de la electricidad, y tambi\u00e9n, aunque de manera no tan destacada, del gas y del gas\u00f3leo. A la vivienda\u00a0<strong>le ha seguido el sector de transporte, con un aumento de 12,5%<\/strong>, a consecuencia de la subida de los carburantes y lubricantes. Adem\u00e1s, seg\u00fan informa el Instituto Nacional de Estad\u00edstica (INE), <strong>el IPC ha subido dos d\u00e9cimas m\u00e1s que los datos nacionales (5,4%) y un 1,9% en relaci\u00f3n al mes de septiembre<\/strong>.<\/p>\n<p style=\"text-align: justify;\">Entre otros sectores, <strong>los precios de hoteles, caf\u00e9 y restaurantes<\/strong> tambi\u00e9n se han incrementado aunque no en tan gran medida. Se trata de <strong>una subida del 1,7%<\/strong>. El mismo aumento <strong>experimentan los precios de los alimentos y las bebidas no alcoh\u00f3licas<\/strong>; los de menaje un 1,6%; los de las bebidas alcoh\u00f3licas y tabaco un 1,5%; los del vestido y calzado y ense\u00f1anza (1,1), y los del ocio y cultura (1,8%); y los de la medicina un 1%.<\/p>\n<p style=\"text-align: justify;\">Por lo que hace a la comparaci\u00f3n con septiembre, <strong>los precios en la Comunitat Valenciana subieron impulsados principalmente por el vestido y calzado (11,7%)<\/strong>, que responde al comportamiento de los precios relativos a la nueva temporada de invierno; la vivienda (4,5%), por el incremento de la electricidad y, en menor medida, del gas\u00f3leo para calefacci\u00f3n y el gas; y el transporte (1,9%), fundamentalmente, por la subida de los carburantes y lubricantes para el transporte personal.<\/p>\n<p style=\"text-align: justify;\">En<strong> perspectiva nacional, el IPC subi\u00f3 un 1,8% en relaci\u00f3n al mes anterior<\/strong>, lo que hizo <strong>aumentar su tasa interanual hasta el 5,4%, casi 1,5 puntos por encima de la tasa de septiembre<\/strong> y lo que supone <strong>su nivel m\u00e1s alto en 29 a\u00f1os<\/strong>, debido, nuevamente, al encarecimiento de la electricidad y de las gasolinas.<\/p>\n","protected":false},"excerpt":{"rendered":"<p>El \u00cdndice de Precios al Consumo (IPC) ha subido en la Comunidad Valenciana un 5,6%\u00a0respecto a los datos del mismo&#8230;<\/p>\n","protected":false},"author":1,"featured_media":74792,"comment_status":"open","ping_status":"open","sticky":false,"template":"","format":"standard","meta":{"footnotes":""},"categories":[6909,97,75,79],"tags":[1768,390,5114,12045,9469],"class_list":["post-80069","post","type-post","status-publish","format-standard","has-post-thumbnail","hentry","category-actualidad","category-alcoy","category-noticias","category-politicayeconomia","tag-comunitat-valenciana","tag-economia","tag-incremento","tag-ipc","tag-precios"],"yoast_head":"<!-- This site is optimized with the Yoast SEO plugin v27.3 - https:\/\/yoast.com\/product\/yoast-seo-wordpress\/ -->\n<title>El IPC se dispara en la Comunitat Valenciana - COPE Alcoy<\/title>\n<meta name=\"robots\" content=\"index, follow, max-snippet:-1, max-image-preview:large, max-video-preview:-1\" \/>\n<link rel=\"canonical\" href=\"https:\/\/www.copealcoy.es\/es\/el-ipc-se-dispara-en-la-comunitat-valenciana\/\" \/>\n<meta property=\"og:locale\" content=\"es_ES\" \/>\n<meta property=\"og:type\" content=\"article\" \/>\n<meta property=\"og:title\" content=\"El IPC se dispara en la Comunitat Valenciana - COPE Alcoy\" \/>\n<meta property=\"og:description\" content=\"El \u00cdndice de Precios al Consumo (IPC) ha subido en la Comunidad Valenciana un 5,6%\u00a0respecto a los datos del mismo...\" \/>\n<meta property=\"og:url\" content=\"https:\/\/www.copealcoy.es\/es\/el-ipc-se-dispara-en-la-comunitat-valenciana\/\" \/>\n<meta property=\"og:site_name\" content=\"COPE Alcoy\" \/>\n<meta property=\"article:published_time\" content=\"2021-11-12T09:59:02+00:00\" \/>\n<meta property=\"article:modified_time\" content=\"2021-11-12T10:02:24+00:00\" \/>\n<meta property=\"og:image\" content=\"https:\/\/www.copealcoy.es\/wp-content\/uploads\/2021\/06\/1623759253164.jpg\" \/>\n\t<meta property=\"og:image:width\" content=\"976\" \/>\n\t<meta property=\"og:image:height\" content=\"512\" \/>\n\t<meta property=\"og:image:type\" content=\"image\/jpeg\" \/>\n<meta name=\"author\" content=\"Cope Alcoy\" \/>\n<meta name=\"twitter:label1\" content=\"Escrito por\" \/>\n\t<meta name=\"twitter:data1\" content=\"Cope Alcoy\" \/>\n\t<meta name=\"twitter:label2\" content=\"Tiempo de lectura\" \/>\n\t<meta name=\"twitter:data2\" content=\"2 minutos\" \/>\n<script type=\"application\/ld+json\" class=\"yoast-schema-graph\">{\"@context\":\"https:\\\/\\\/schema.org\",\"@graph\":[{\"@type\":\"Article\",\"@id\":\"https:\\\/\\\/www.copealcoy.es\\\/es\\\/el-ipc-se-dispara-en-la-comunitat-valenciana\\\/#article\",\"isPartOf\":{\"@id\":\"https:\\\/\\\/www.copealcoy.es\\\/es\\\/el-ipc-se-dispara-en-la-comunitat-valenciana\\\/\"},\"author\":{\"name\":\"Cope Alcoy\",\"@id\":\"https:\\\/\\\/www.copealcoy.es\\\/es\\\/#\\\/schema\\\/person\\\/e777c87fa024e57d40170af9df39882c\"},\"headline\":\"El IPC se dispara en la Comunitat Valenciana\",\"datePublished\":\"2021-11-12T09:59:02+00:00\",\"dateModified\":\"2021-11-12T10:02:24+00:00\",\"mainEntityOfPage\":{\"@id\":\"https:\\\/\\\/www.copealcoy.es\\\/es\\\/el-ipc-se-dispara-en-la-comunitat-valenciana\\\/\"},\"wordCount\":346,\"commentCount\":0,\"image\":{\"@id\":\"https:\\\/\\\/www.copealcoy.es\\\/es\\\/el-ipc-se-dispara-en-la-comunitat-valenciana\\\/#primaryimage\"},\"thumbnailUrl\":\"https:\\\/\\\/www.copealcoy.es\\\/wp-content\\\/uploads\\\/2021\\\/06\\\/1623759253164.jpg\",\"keywords\":[\"Comunitat Valenciana\",\"Econom\u00eda\",\"incremento\",\"IPC\",\"precios\"],\"articleSection\":[\"Actualidad\",\"Alcoy\",\"Noticias\",\"Pol\u00edtica y Econom\u00eda\"],\"inLanguage\":\"es\"},{\"@type\":\"WebPage\",\"@id\":\"https:\\\/\\\/www.copealcoy.es\\\/es\\\/el-ipc-se-dispara-en-la-comunitat-valenciana\\\/\",\"url\":\"https:\\\/\\\/www.copealcoy.es\\\/es\\\/el-ipc-se-dispara-en-la-comunitat-valenciana\\\/\",\"name\":\"El IPC se dispara en la Comunitat Valenciana - COPE Alcoy\",\"isPartOf\":{\"@id\":\"https:\\\/\\\/www.copealcoy.es\\\/es\\\/#website\"},\"primaryImageOfPage\":{\"@id\":\"https:\\\/\\\/www.copealcoy.es\\\/es\\\/el-ipc-se-dispara-en-la-comunitat-valenciana\\\/#primaryimage\"},\"image\":{\"@id\":\"https:\\\/\\\/www.copealcoy.es\\\/es\\\/el-ipc-se-dispara-en-la-comunitat-valenciana\\\/#primaryimage\"},\"thumbnailUrl\":\"https:\\\/\\\/www.copealcoy.es\\\/wp-content\\\/uploads\\\/2021\\\/06\\\/1623759253164.jpg\",\"datePublished\":\"2021-11-12T09:59:02+00:00\",\"dateModified\":\"2021-11-12T10:02:24+00:00\",\"author\":{\"@id\":\"https:\\\/\\\/www.copealcoy.es\\\/es\\\/#\\\/schema\\\/person\\\/e777c87fa024e57d40170af9df39882c\"},\"breadcrumb\":{\"@id\":\"https:\\\/\\\/www.copealcoy.es\\\/es\\\/el-ipc-se-dispara-en-la-comunitat-valenciana\\\/#breadcrumb\"},\"inLanguage\":\"es\",\"potentialAction\":[{\"@type\":\"ReadAction\",\"target\":[\"https:\\\/\\\/www.copealcoy.es\\\/es\\\/el-ipc-se-dispara-en-la-comunitat-valenciana\\\/\"]}]},{\"@type\":\"ImageObject\",\"inLanguage\":\"es\",\"@id\":\"https:\\\/\\\/www.copealcoy.es\\\/es\\\/el-ipc-se-dispara-en-la-comunitat-valenciana\\\/#primaryimage\",\"url\":\"https:\\\/\\\/www.copealcoy.es\\\/wp-content\\\/uploads\\\/2021\\\/06\\\/1623759253164.jpg\",\"contentUrl\":\"https:\\\/\\\/www.copealcoy.es\\\/wp-content\\\/uploads\\\/2021\\\/06\\\/1623759253164.jpg\",\"width\":976,\"height\":512},{\"@type\":\"BreadcrumbList\",\"@id\":\"https:\\\/\\\/www.copealcoy.es\\\/es\\\/el-ipc-se-dispara-en-la-comunitat-valenciana\\\/#breadcrumb\",\"itemListElement\":[{\"@type\":\"ListItem\",\"position\":1,\"name\":\"Portada\",\"item\":\"https:\\\/\\\/www.copealcoy.es\\\/es\\\/\"},{\"@type\":\"ListItem\",\"position\":2,\"name\":\"El IPC se dispara en la Comunitat Valenciana\"}]},{\"@type\":\"WebSite\",\"@id\":\"https:\\\/\\\/www.copealcoy.es\\\/es\\\/#website\",\"url\":\"https:\\\/\\\/www.copealcoy.es\\\/es\\\/\",\"name\":\"COPE Alcoy\",\"description\":\"Emisora COPE de radio local con emisi\u00f3n online. Pont de Sant Jordi 8-10 03803 Alcoy\",\"potentialAction\":[{\"@type\":\"SearchAction\",\"target\":{\"@type\":\"EntryPoint\",\"urlTemplate\":\"https:\\\/\\\/www.copealcoy.es\\\/es\\\/?s={search_term_string}\"},\"query-input\":{\"@type\":\"PropertyValueSpecification\",\"valueRequired\":true,\"valueName\":\"search_term_string\"}}],\"inLanguage\":\"es\"},{\"@type\":\"Person\",\"@id\":\"https:\\\/\\\/www.copealcoy.es\\\/es\\\/#\\\/schema\\\/person\\\/e777c87fa024e57d40170af9df39882c\",\"name\":\"Cope Alcoy\",\"image\":{\"@type\":\"ImageObject\",\"inLanguage\":\"es\",\"@id\":\"https:\\\/\\\/secure.gravatar.com\\\/avatar\\\/bb65d0283347e303893ba14f0692005417c1e0e690a325a4c5d8bb2b3943ee14?s=96&d=mm&r=g\",\"url\":\"https:\\\/\\\/secure.gravatar.com\\\/avatar\\\/bb65d0283347e303893ba14f0692005417c1e0e690a325a4c5d8bb2b3943ee14?s=96&d=mm&r=g\",\"contentUrl\":\"https:\\\/\\\/secure.gravatar.com\\\/avatar\\\/bb65d0283347e303893ba14f0692005417c1e0e690a325a4c5d8bb2b3943ee14?s=96&d=mm&r=g\",\"caption\":\"Cope Alcoy\"}}]}<\/script>\n<!-- \/ Yoast SEO plugin. -->","yoast_head_json":{"title":"El IPC se dispara en la Comunitat Valenciana - COPE Alcoy","robots":{"index":"index","follow":"follow","max-snippet":"max-snippet:-1","max-image-preview":"max-image-preview:large","max-video-preview":"max-video-preview:-1"},"canonical":"https:\/\/www.copealcoy.es\/es\/el-ipc-se-dispara-en-la-comunitat-valenciana\/","og_locale":"es_ES","og_type":"article","og_title":"El IPC se dispara en la Comunitat Valenciana - COPE Alcoy","og_description":"El \u00cdndice de Precios al Consumo (IPC) ha subido en la Comunidad Valenciana un 5,6%\u00a0respecto a los datos del mismo...","og_url":"https:\/\/www.copealcoy.es\/es\/el-ipc-se-dispara-en-la-comunitat-valenciana\/","og_site_name":"COPE Alcoy","article_published_time":"2021-11-12T09:59:02+00:00","article_modified_time":"2021-11-12T10:02:24+00:00","og_image":[{"width":976,"height":512,"url":"https:\/\/www.copealcoy.es\/wp-content\/uploads\/2021\/06\/1623759253164.jpg","type":"image\/jpeg"}],"author":"Cope Alcoy","twitter_misc":{"Escrito por":"Cope Alcoy","Tiempo de lectura":"2 minutos"},"schema":{"@context":"https:\/\/schema.org","@graph":[{"@type":"Article","@id":"https:\/\/www.copealcoy.es\/es\/el-ipc-se-dispara-en-la-comunitat-valenciana\/#article","isPartOf":{"@id":"https:\/\/www.copealcoy.es\/es\/el-ipc-se-dispara-en-la-comunitat-valenciana\/"},"author":{"name":"Cope Alcoy","@id":"https:\/\/www.copealcoy.es\/es\/#\/schema\/person\/e777c87fa024e57d40170af9df39882c"},"headline":"El IPC se dispara en la Comunitat Valenciana","datePublished":"2021-11-12T09:59:02+00:00","dateModified":"2021-11-12T10:02:24+00:00","mainEntityOfPage":{"@id":"https:\/\/www.copealcoy.es\/es\/el-ipc-se-dispara-en-la-comunitat-valenciana\/"},"wordCount":346,"commentCount":0,"image":{"@id":"https:\/\/www.copealcoy.es\/es\/el-ipc-se-dispara-en-la-comunitat-valenciana\/#primaryimage"},"thumbnailUrl":"https:\/\/www.copealcoy.es\/wp-content\/uploads\/2021\/06\/1623759253164.jpg","keywords":["Comunitat Valenciana","Econom\u00eda","incremento","IPC","precios"],"articleSection":["Actualidad","Alcoy","Noticias","Pol\u00edtica y Econom\u00eda"],"inLanguage":"es"},{"@type":"WebPage","@id":"https:\/\/www.copealcoy.es\/es\/el-ipc-se-dispara-en-la-comunitat-valenciana\/","url":"https:\/\/www.copealcoy.es\/es\/el-ipc-se-dispara-en-la-comunitat-valenciana\/","name":"El IPC se dispara en la Comunitat Valenciana - COPE Alcoy","isPartOf":{"@id":"https:\/\/www.copealcoy.es\/es\/#website"},"primaryImageOfPage":{"@id":"https:\/\/www.copealcoy.es\/es\/el-ipc-se-dispara-en-la-comunitat-valenciana\/#primaryimage"},"image":{"@id":"https:\/\/www.copealcoy.es\/es\/el-ipc-se-dispara-en-la-comunitat-valenciana\/#primaryimage"},"thumbnailUrl":"https:\/\/www.copealcoy.es\/wp-content\/uploads\/2021\/06\/1623759253164.jpg","datePublished":"2021-11-12T09:59:02+00:00","dateModified":"2021-11-12T10:02:24+00:00","author":{"@id":"https:\/\/www.copealcoy.es\/es\/#\/schema\/person\/e777c87fa024e57d40170af9df39882c"},"breadcrumb":{"@id":"https:\/\/www.copealcoy.es\/es\/el-ipc-se-dispara-en-la-comunitat-valenciana\/#breadcrumb"},"inLanguage":"es","potentialAction":[{"@type":"ReadAction","target":["https:\/\/www.copealcoy.es\/es\/el-ipc-se-dispara-en-la-comunitat-valenciana\/"]}]},{"@type":"ImageObject","inLanguage":"es","@id":"https:\/\/www.copealcoy.es\/es\/el-ipc-se-dispara-en-la-comunitat-valenciana\/#primaryimage","url":"https:\/\/www.copealcoy.es\/wp-content\/uploads\/2021\/06\/1623759253164.jpg","contentUrl":"https:\/\/www.copealcoy.es\/wp-content\/uploads\/2021\/06\/1623759253164.jpg","width":976,"height":512},{"@type":"BreadcrumbList","@id":"https:\/\/www.copealcoy.es\/es\/el-ipc-se-dispara-en-la-comunitat-valenciana\/#breadcrumb","itemListElement":[{"@type":"ListItem","position":1,"name":"Portada","item":"https:\/\/www.copealcoy.es\/es\/"},{"@type":"ListItem","position":2,"name":"El IPC se dispara en la Comunitat Valenciana"}]},{"@type":"WebSite","@id":"https:\/\/www.copealcoy.es\/es\/#website","url":"https:\/\/www.copealcoy.es\/es\/","name":"COPE Alcoy","description":"Emisora COPE de radio local con emisi\u00f3n online. Pont de Sant Jordi 8-10 03803 Alcoy","potentialAction":[{"@type":"SearchAction","target":{"@type":"EntryPoint","urlTemplate":"https:\/\/www.copealcoy.es\/es\/?s={search_term_string}"},"query-input":{"@type":"PropertyValueSpecification","valueRequired":true,"valueName":"search_term_string"}}],"inLanguage":"es"},{"@type":"Person","@id":"https:\/\/www.copealcoy.es\/es\/#\/schema\/person\/e777c87fa024e57d40170af9df39882c","name":"Cope Alcoy","image":{"@type":"ImageObject","inLanguage":"es","@id":"https:\/\/secure.gravatar.com\/avatar\/bb65d0283347e303893ba14f0692005417c1e0e690a325a4c5d8bb2b3943ee14?s=96&d=mm&r=g","url":"https:\/\/secure.gravatar.com\/avatar\/bb65d0283347e303893ba14f0692005417c1e0e690a325a4c5d8bb2b3943ee14?s=96&d=mm&r=g","contentUrl":"https:\/\/secure.gravatar.com\/avatar\/bb65d0283347e303893ba14f0692005417c1e0e690a325a4c5d8bb2b3943ee14?s=96&d=mm&r=g","caption":"Cope Alcoy"}}]}},"_links":{"self":[{"href":"https:\/\/www.copealcoy.es\/es\/wp-json\/wp\/v2\/posts\/80069","targetHints":{"allow":["GET"]}}],"collection":[{"href":"https:\/\/www.copealcoy.es\/es\/wp-json\/wp\/v2\/posts"}],"about":[{"href":"https:\/\/www.copealcoy.es\/es\/wp-json\/wp\/v2\/types\/post"}],"author":[{"embeddable":true,"href":"https:\/\/www.copealcoy.es\/es\/wp-json\/wp\/v2\/users\/1"}],"replies":[{"embeddable":true,"href":"https:\/\/www.copealcoy.es\/es\/wp-json\/wp\/v2\/comments?post=80069"}],"version-history":[{"count":0,"href":"https:\/\/www.copealcoy.es\/es\/wp-json\/wp\/v2\/posts\/80069\/revisions"}],"wp:featuredmedia":[{"embeddable":true,"href":"https:\/\/www.copealcoy.es\/es\/wp-json\/wp\/v2\/media\/74792"}],"wp:attachment":[{"href":"https:\/\/www.copealcoy.es\/es\/wp-json\/wp\/v2\/media?parent=80069"}],"wp:term":[{"taxonomy":"category","embeddable":true,"href":"https:\/\/www.copealcoy.es\/es\/wp-json\/wp\/v2\/categories?post=80069"},{"taxonomy":"post_tag","embeddable":true,"href":"https:\/\/www.copealcoy.es\/es\/wp-json\/wp\/v2\/tags?post=80069"}],"curies":[{"name":"wp","href":"https:\/\/api.w.org\/{rel}","templated":true}]}}