{"id":80055,"date":"2021-11-12T10:23:22","date_gmt":"2021-11-12T09:23:22","guid":{"rendered":"https:\/\/www.copealcoy.es\/?p=80055"},"modified":"2021-11-12T10:43:56","modified_gmt":"2021-11-12T09:43:56","slug":"fallece-el-sacerdote-don-antonio-santonja","status":"publish","type":"post","link":"https:\/\/www.copealcoy.es\/es\/fallece-el-sacerdote-don-antonio-santonja\/","title":{"rendered":"Fallece el sacerdote Don Antonio Santonja"},"content":{"rendered":"<p style=\"text-align: justify;\">Ayer jueves por la tarde se conoci\u00f3 <strong>la noticia del fallecimiento del sacerdote Don Antonio Santonja<\/strong>, natural de <strong>Cocentaina<\/strong> y persona que ha estado<strong> muy vinculada<\/strong> desde hace a\u00f1os a la comunidad cristiana de Alcoy. Fue <strong>vicario de la iglesia de San Mauro y San Francisco<\/strong> as\u00ed como <strong>titular de la Parroquia del Divino Maestro<\/strong> en el Viaducto.<\/p>\n<p style=\"text-align: justify;\">Durante sus a\u00f1os en Alcoy, Don Antonio Santonja<strong> tambi\u00e9n asisti\u00f3 la Residencia de Mayores de Pintor Sala<\/strong> y era en un asiduo en <strong>las celebraciones religiosas<\/strong> en honor a San Jorge, la Virgen de los Lirios, San Mauro M\u00e1rtir o el Jesuset del Miracle. Adem\u00e1s <strong>era ferviente devoto de la Mare de D\u00e9u del Miracle y de San Hip\u00f3lito M\u00e1rtir<\/strong>, patronos de su localidad natal, al mismo tiempo que <strong>sol\u00eda participar con la Cofrad\u00eda del Crist dels Llauradors de la Villa Condal en la Procesi\u00f3n de Viernes Santo<\/strong> &#8220;<em>era una persona muy entra\u00f1able, de la que todos guardamos un recuerdo muy especial, y que siempre ha dedicado enormes esfuerzos a nuestra Comunidad Cristiana. En la Parroquia del Divino Mestro dej\u00f3 un gran legado con todas las obras que se hicieron as\u00ed como a la hora de dinamizar la actividad parroquial<\/em>&#8220;, ha explicado en COPE ALCOY<strong> Don Jos\u00e9 Lu\u00eds Llopis<\/strong>, titular de las Parroquias del Centro de nuestra ciudad.<\/p>\n<p style=\"text-align: justify;\">El funeral <strong>tendr\u00e1 lugar este s\u00e1bado 13 de noviembre<\/strong>, a partir de las 10:00h de la ma\u00f1ana, en la mencionada <strong>Parroquia de San Mauro y San Francisco<\/strong> y estar\u00e1 presidido por el Cardenal Arzobispo de Valencia; <strong>Don Antonio Ca\u00f1izares<\/strong>. Sus restos mortales s<strong>er\u00e1n trasladados despu\u00e9s al Cementerio Municipal de Cocentaina<\/strong>. Descanse en paz.<\/p>\n","protected":false},"excerpt":{"rendered":"<p>Ayer jueves por la tarde se conoci\u00f3 la noticia del fallecimiento del sacerdote Don Antonio Santonja, natural de Cocentaina y&#8230;<\/p>\n","protected":false},"author":1,"featured_media":80056,"comment_status":"open","ping_status":"open","sticky":false,"template":"","format":"standard","meta":{"footnotes":""},"categories":[97,78,75],"tags":[12044,253,1937,10639],"class_list":["post-80055","post","type-post","status-publish","format-standard","has-post-thumbnail","hentry","category-alcoy","category-fiestaycultura","category-noticias","tag-don-antonio-santonja","tag-fallecimiento","tag-funeral","tag-parroquia-de-san-mauro-y-san-francisco"],"yoast_head":"<!-- This site is optimized with the Yoast SEO plugin v27.3 - https:\/\/yoast.com\/product\/yoast-seo-wordpress\/ -->\n<title>Fallece el sacerdote Don Antonio Santonja - COPE Alcoy<\/title>\n<meta name=\"robots\" content=\"index, follow, max-snippet:-1, max-image-preview:large, max-video-preview:-1\" \/>\n<link rel=\"canonical\" href=\"https:\/\/www.copealcoy.es\/es\/fallece-el-sacerdote-don-antonio-santonja\/\" \/>\n<meta property=\"og:locale\" content=\"es_ES\" \/>\n<meta property=\"og:type\" content=\"article\" \/>\n<meta property=\"og:title\" content=\"Fallece el sacerdote Don Antonio Santonja - COPE Alcoy\" \/>\n<meta property=\"og:description\" content=\"Ayer jueves por la tarde se conoci\u00f3 la noticia del fallecimiento del sacerdote Don Antonio Santonja, natural de Cocentaina y...\" \/>\n<meta property=\"og:url\" content=\"https:\/\/www.copealcoy.es\/es\/fallece-el-sacerdote-don-antonio-santonja\/\" \/>\n<meta property=\"og:site_name\" content=\"COPE Alcoy\" \/>\n<meta property=\"article:published_time\" content=\"2021-11-12T09:23:22+00:00\" \/>\n<meta property=\"article:modified_time\" content=\"2021-11-12T09:43:56+00:00\" \/>\n<meta property=\"og:image\" content=\"https:\/\/www.copealcoy.es\/wp-content\/uploads\/2021\/11\/255221063_3132632960341219_5345128541175126011_n.jpg\" \/>\n\t<meta property=\"og:image:width\" content=\"533\" \/>\n\t<meta property=\"og:image:height\" content=\"960\" \/>\n\t<meta property=\"og:image:type\" content=\"image\/jpeg\" \/>\n<meta name=\"author\" content=\"Cope Alcoy\" \/>\n<meta name=\"twitter:label1\" content=\"Escrito por\" \/>\n\t<meta name=\"twitter:data1\" content=\"Cope Alcoy\" \/>\n\t<meta name=\"twitter:label2\" content=\"Tiempo de lectura\" \/>\n\t<meta name=\"twitter:data2\" content=\"2 minutos\" \/>\n<script type=\"application\/ld+json\" class=\"yoast-schema-graph\">{\"@context\":\"https:\\\/\\\/schema.org\",\"@graph\":[{\"@type\":\"Article\",\"@id\":\"https:\\\/\\\/www.copealcoy.es\\\/es\\\/fallece-el-sacerdote-don-antonio-santonja\\\/#article\",\"isPartOf\":{\"@id\":\"https:\\\/\\\/www.copealcoy.es\\\/es\\\/fallece-el-sacerdote-don-antonio-santonja\\\/\"},\"author\":{\"name\":\"Cope Alcoy\",\"@id\":\"https:\\\/\\\/www.copealcoy.es\\\/es\\\/#\\\/schema\\\/person\\\/e777c87fa024e57d40170af9df39882c\"},\"headline\":\"Fallece el sacerdote Don Antonio Santonja\",\"datePublished\":\"2021-11-12T09:23:22+00:00\",\"dateModified\":\"2021-11-12T09:43:56+00:00\",\"mainEntityOfPage\":{\"@id\":\"https:\\\/\\\/www.copealcoy.es\\\/es\\\/fallece-el-sacerdote-don-antonio-santonja\\\/\"},\"wordCount\":292,\"commentCount\":0,\"image\":{\"@id\":\"https:\\\/\\\/www.copealcoy.es\\\/es\\\/fallece-el-sacerdote-don-antonio-santonja\\\/#primaryimage\"},\"thumbnailUrl\":\"https:\\\/\\\/www.copealcoy.es\\\/wp-content\\\/uploads\\\/2021\\\/11\\\/255221063_3132632960341219_5345128541175126011_n.jpg\",\"keywords\":[\"Don Antonio Santonja\",\"Fallecimiento\",\"Funeral\",\"Parroquia de San Mauro y San Francisco\"],\"articleSection\":[\"Alcoy\",\"Fiesta y Cultura\",\"Noticias\"],\"inLanguage\":\"es\"},{\"@type\":\"WebPage\",\"@id\":\"https:\\\/\\\/www.copealcoy.es\\\/es\\\/fallece-el-sacerdote-don-antonio-santonja\\\/\",\"url\":\"https:\\\/\\\/www.copealcoy.es\\\/es\\\/fallece-el-sacerdote-don-antonio-santonja\\\/\",\"name\":\"Fallece el sacerdote Don Antonio Santonja - COPE Alcoy\",\"isPartOf\":{\"@id\":\"https:\\\/\\\/www.copealcoy.es\\\/es\\\/#website\"},\"primaryImageOfPage\":{\"@id\":\"https:\\\/\\\/www.copealcoy.es\\\/es\\\/fallece-el-sacerdote-don-antonio-santonja\\\/#primaryimage\"},\"image\":{\"@id\":\"https:\\\/\\\/www.copealcoy.es\\\/es\\\/fallece-el-sacerdote-don-antonio-santonja\\\/#primaryimage\"},\"thumbnailUrl\":\"https:\\\/\\\/www.copealcoy.es\\\/wp-content\\\/uploads\\\/2021\\\/11\\\/255221063_3132632960341219_5345128541175126011_n.jpg\",\"datePublished\":\"2021-11-12T09:23:22+00:00\",\"dateModified\":\"2021-11-12T09:43:56+00:00\",\"author\":{\"@id\":\"https:\\\/\\\/www.copealcoy.es\\\/es\\\/#\\\/schema\\\/person\\\/e777c87fa024e57d40170af9df39882c\"},\"breadcrumb\":{\"@id\":\"https:\\\/\\\/www.copealcoy.es\\\/es\\\/fallece-el-sacerdote-don-antonio-santonja\\\/#breadcrumb\"},\"inLanguage\":\"es\",\"potentialAction\":[{\"@type\":\"ReadAction\",\"target\":[\"https:\\\/\\\/www.copealcoy.es\\\/es\\\/fallece-el-sacerdote-don-antonio-santonja\\\/\"]}]},{\"@type\":\"ImageObject\",\"inLanguage\":\"es\",\"@id\":\"https:\\\/\\\/www.copealcoy.es\\\/es\\\/fallece-el-sacerdote-don-antonio-santonja\\\/#primaryimage\",\"url\":\"https:\\\/\\\/www.copealcoy.es\\\/wp-content\\\/uploads\\\/2021\\\/11\\\/255221063_3132632960341219_5345128541175126011_n.jpg\",\"contentUrl\":\"https:\\\/\\\/www.copealcoy.es\\\/wp-content\\\/uploads\\\/2021\\\/11\\\/255221063_3132632960341219_5345128541175126011_n.jpg\",\"width\":533,\"height\":960},{\"@type\":\"BreadcrumbList\",\"@id\":\"https:\\\/\\\/www.copealcoy.es\\\/es\\\/fallece-el-sacerdote-don-antonio-santonja\\\/#breadcrumb\",\"itemListElement\":[{\"@type\":\"ListItem\",\"position\":1,\"name\":\"Portada\",\"item\":\"https:\\\/\\\/www.copealcoy.es\\\/es\\\/\"},{\"@type\":\"ListItem\",\"position\":2,\"name\":\"Fallece el sacerdote Don Antonio Santonja\"}]},{\"@type\":\"WebSite\",\"@id\":\"https:\\\/\\\/www.copealcoy.es\\\/es\\\/#website\",\"url\":\"https:\\\/\\\/www.copealcoy.es\\\/es\\\/\",\"name\":\"COPE Alcoy\",\"description\":\"Emisora COPE de radio local con emisi\u00f3n online. Pont de Sant Jordi 8-10 03803 Alcoy\",\"potentialAction\":[{\"@type\":\"SearchAction\",\"target\":{\"@type\":\"EntryPoint\",\"urlTemplate\":\"https:\\\/\\\/www.copealcoy.es\\\/es\\\/?s={search_term_string}\"},\"query-input\":{\"@type\":\"PropertyValueSpecification\",\"valueRequired\":true,\"valueName\":\"search_term_string\"}}],\"inLanguage\":\"es\"},{\"@type\":\"Person\",\"@id\":\"https:\\\/\\\/www.copealcoy.es\\\/es\\\/#\\\/schema\\\/person\\\/e777c87fa024e57d40170af9df39882c\",\"name\":\"Cope Alcoy\",\"image\":{\"@type\":\"ImageObject\",\"inLanguage\":\"es\",\"@id\":\"https:\\\/\\\/secure.gravatar.com\\\/avatar\\\/bb65d0283347e303893ba14f0692005417c1e0e690a325a4c5d8bb2b3943ee14?s=96&d=mm&r=g\",\"url\":\"https:\\\/\\\/secure.gravatar.com\\\/avatar\\\/bb65d0283347e303893ba14f0692005417c1e0e690a325a4c5d8bb2b3943ee14?s=96&d=mm&r=g\",\"contentUrl\":\"https:\\\/\\\/secure.gravatar.com\\\/avatar\\\/bb65d0283347e303893ba14f0692005417c1e0e690a325a4c5d8bb2b3943ee14?s=96&d=mm&r=g\",\"caption\":\"Cope Alcoy\"}}]}<\/script>\n<!-- \/ Yoast SEO plugin. -->","yoast_head_json":{"title":"Fallece el sacerdote Don Antonio Santonja - COPE Alcoy","robots":{"index":"index","follow":"follow","max-snippet":"max-snippet:-1","max-image-preview":"max-image-preview:large","max-video-preview":"max-video-preview:-1"},"canonical":"https:\/\/www.copealcoy.es\/es\/fallece-el-sacerdote-don-antonio-santonja\/","og_locale":"es_ES","og_type":"article","og_title":"Fallece el sacerdote Don Antonio Santonja - COPE Alcoy","og_description":"Ayer jueves por la tarde se conoci\u00f3 la noticia del fallecimiento del sacerdote Don Antonio Santonja, natural de Cocentaina y...","og_url":"https:\/\/www.copealcoy.es\/es\/fallece-el-sacerdote-don-antonio-santonja\/","og_site_name":"COPE Alcoy","article_published_time":"2021-11-12T09:23:22+00:00","article_modified_time":"2021-11-12T09:43:56+00:00","og_image":[{"width":533,"height":960,"url":"https:\/\/www.copealcoy.es\/wp-content\/uploads\/2021\/11\/255221063_3132632960341219_5345128541175126011_n.jpg","type":"image\/jpeg"}],"author":"Cope Alcoy","twitter_misc":{"Escrito por":"Cope Alcoy","Tiempo de lectura":"2 minutos"},"schema":{"@context":"https:\/\/schema.org","@graph":[{"@type":"Article","@id":"https:\/\/www.copealcoy.es\/es\/fallece-el-sacerdote-don-antonio-santonja\/#article","isPartOf":{"@id":"https:\/\/www.copealcoy.es\/es\/fallece-el-sacerdote-don-antonio-santonja\/"},"author":{"name":"Cope Alcoy","@id":"https:\/\/www.copealcoy.es\/es\/#\/schema\/person\/e777c87fa024e57d40170af9df39882c"},"headline":"Fallece el sacerdote Don Antonio Santonja","datePublished":"2021-11-12T09:23:22+00:00","dateModified":"2021-11-12T09:43:56+00:00","mainEntityOfPage":{"@id":"https:\/\/www.copealcoy.es\/es\/fallece-el-sacerdote-don-antonio-santonja\/"},"wordCount":292,"commentCount":0,"image":{"@id":"https:\/\/www.copealcoy.es\/es\/fallece-el-sacerdote-don-antonio-santonja\/#primaryimage"},"thumbnailUrl":"https:\/\/www.copealcoy.es\/wp-content\/uploads\/2021\/11\/255221063_3132632960341219_5345128541175126011_n.jpg","keywords":["Don Antonio Santonja","Fallecimiento","Funeral","Parroquia de San Mauro y San Francisco"],"articleSection":["Alcoy","Fiesta y Cultura","Noticias"],"inLanguage":"es"},{"@type":"WebPage","@id":"https:\/\/www.copealcoy.es\/es\/fallece-el-sacerdote-don-antonio-santonja\/","url":"https:\/\/www.copealcoy.es\/es\/fallece-el-sacerdote-don-antonio-santonja\/","name":"Fallece el sacerdote Don Antonio Santonja - COPE Alcoy","isPartOf":{"@id":"https:\/\/www.copealcoy.es\/es\/#website"},"primaryImageOfPage":{"@id":"https:\/\/www.copealcoy.es\/es\/fallece-el-sacerdote-don-antonio-santonja\/#primaryimage"},"image":{"@id":"https:\/\/www.copealcoy.es\/es\/fallece-el-sacerdote-don-antonio-santonja\/#primaryimage"},"thumbnailUrl":"https:\/\/www.copealcoy.es\/wp-content\/uploads\/2021\/11\/255221063_3132632960341219_5345128541175126011_n.jpg","datePublished":"2021-11-12T09:23:22+00:00","dateModified":"2021-11-12T09:43:56+00:00","author":{"@id":"https:\/\/www.copealcoy.es\/es\/#\/schema\/person\/e777c87fa024e57d40170af9df39882c"},"breadcrumb":{"@id":"https:\/\/www.copealcoy.es\/es\/fallece-el-sacerdote-don-antonio-santonja\/#breadcrumb"},"inLanguage":"es","potentialAction":[{"@type":"ReadAction","target":["https:\/\/www.copealcoy.es\/es\/fallece-el-sacerdote-don-antonio-santonja\/"]}]},{"@type":"ImageObject","inLanguage":"es","@id":"https:\/\/www.copealcoy.es\/es\/fallece-el-sacerdote-don-antonio-santonja\/#primaryimage","url":"https:\/\/www.copealcoy.es\/wp-content\/uploads\/2021\/11\/255221063_3132632960341219_5345128541175126011_n.jpg","contentUrl":"https:\/\/www.copealcoy.es\/wp-content\/uploads\/2021\/11\/255221063_3132632960341219_5345128541175126011_n.jpg","width":533,"height":960},{"@type":"BreadcrumbList","@id":"https:\/\/www.copealcoy.es\/es\/fallece-el-sacerdote-don-antonio-santonja\/#breadcrumb","itemListElement":[{"@type":"ListItem","position":1,"name":"Portada","item":"https:\/\/www.copealcoy.es\/es\/"},{"@type":"ListItem","position":2,"name":"Fallece el sacerdote Don Antonio Santonja"}]},{"@type":"WebSite","@id":"https:\/\/www.copealcoy.es\/es\/#website","url":"https:\/\/www.copealcoy.es\/es\/","name":"COPE Alcoy","description":"Emisora COPE de radio local con emisi\u00f3n online. Pont de Sant Jordi 8-10 03803 Alcoy","potentialAction":[{"@type":"SearchAction","target":{"@type":"EntryPoint","urlTemplate":"https:\/\/www.copealcoy.es\/es\/?s={search_term_string}"},"query-input":{"@type":"PropertyValueSpecification","valueRequired":true,"valueName":"search_term_string"}}],"inLanguage":"es"},{"@type":"Person","@id":"https:\/\/www.copealcoy.es\/es\/#\/schema\/person\/e777c87fa024e57d40170af9df39882c","name":"Cope Alcoy","image":{"@type":"ImageObject","inLanguage":"es","@id":"https:\/\/secure.gravatar.com\/avatar\/bb65d0283347e303893ba14f0692005417c1e0e690a325a4c5d8bb2b3943ee14?s=96&d=mm&r=g","url":"https:\/\/secure.gravatar.com\/avatar\/bb65d0283347e303893ba14f0692005417c1e0e690a325a4c5d8bb2b3943ee14?s=96&d=mm&r=g","contentUrl":"https:\/\/secure.gravatar.com\/avatar\/bb65d0283347e303893ba14f0692005417c1e0e690a325a4c5d8bb2b3943ee14?s=96&d=mm&r=g","caption":"Cope Alcoy"}}]}},"_links":{"self":[{"href":"https:\/\/www.copealcoy.es\/es\/wp-json\/wp\/v2\/posts\/80055","targetHints":{"allow":["GET"]}}],"collection":[{"href":"https:\/\/www.copealcoy.es\/es\/wp-json\/wp\/v2\/posts"}],"about":[{"href":"https:\/\/www.copealcoy.es\/es\/wp-json\/wp\/v2\/types\/post"}],"author":[{"embeddable":true,"href":"https:\/\/www.copealcoy.es\/es\/wp-json\/wp\/v2\/users\/1"}],"replies":[{"embeddable":true,"href":"https:\/\/www.copealcoy.es\/es\/wp-json\/wp\/v2\/comments?post=80055"}],"version-history":[{"count":0,"href":"https:\/\/www.copealcoy.es\/es\/wp-json\/wp\/v2\/posts\/80055\/revisions"}],"wp:featuredmedia":[{"embeddable":true,"href":"https:\/\/www.copealcoy.es\/es\/wp-json\/wp\/v2\/media\/80056"}],"wp:attachment":[{"href":"https:\/\/www.copealcoy.es\/es\/wp-json\/wp\/v2\/media?parent=80055"}],"wp:term":[{"taxonomy":"category","embeddable":true,"href":"https:\/\/www.copealcoy.es\/es\/wp-json\/wp\/v2\/categories?post=80055"},{"taxonomy":"post_tag","embeddable":true,"href":"https:\/\/www.copealcoy.es\/es\/wp-json\/wp\/v2\/tags?post=80055"}],"curies":[{"name":"wp","href":"https:\/\/api.w.org\/{rel}","templated":true}]}}